{"id":86998,"date":"2021-09-27T16:40:21","date_gmt":"2021-09-27T19:40:21","guid":{"rendered":"http:\/\/infoecos.com.ar\/?p=86998"},"modified":"2021-09-30T15:47:20","modified_gmt":"2021-09-30T18:47:20","slug":"vecinos-autoconvocados-de-rivadavia-y-general-villegas-reclamaron-el-domingo-por-el-estado-de-la-ruta-33","status":"publish","type":"post","link":"https:\/\/infoecos.com.ar\/index.php\/vecinos-autoconvocados-de-rivadavia-y-general-villegas-reclamaron-el-domingo-por-el-estado-de-la-ruta-33\/","title":{"rendered":"Vecinos autoconvocados de Rivadavia y General Villegas reclamaron el domingo por el estado de la Ruta 33"},"content":{"rendered":"\n<p>Protesta de vecinos autoconvocados de Rivadavia en reclamo por el estado de la Ruta 33. Se desarroll\u00f3 este domingo. <\/p>\n\n\n\n<p>Los organizadores repartieron volantes a los automovilistas que pasaban por las cercan\u00edas del acceso Lito Rodr\u00edguez.<\/p>\n\n\n\n<div class=\"wp-block-image\"><figure class=\"aligncenter size-medium\"><img loading=\"lazy\" decoding=\"async\" width=\"460\" height=\"236\" src=\"http:\/\/infoecos.com.ar\/wp-content\/uploads\/2021\/09\/autoconvocados_ruta33_rivadavia-1-460x236.jpg\" alt=\"\" class=\"wp-image-86999\" srcset=\"https:\/\/infoecos.com.ar\/wp-content\/uploads\/2021\/09\/autoconvocados_ruta33_rivadavia-1-460x236.jpg 460w, https:\/\/infoecos.com.ar\/wp-content\/uploads\/2021\/09\/autoconvocados_ruta33_rivadavia-1-768x393.jpg 768w, https:\/\/infoecos.com.ar\/wp-content\/uploads\/2021\/09\/autoconvocados_ruta33_rivadavia-1.jpg 787w\" sizes=\"(max-width: 460px) 100vw, 460px\" \/><figcaption>Rivadavia &#8211; Autoconvocados &#8211; Foto: tiempodeloeste.com<\/figcaption><\/figure><\/div>\n\n\n\n<p>Hab\u00eda integrantes de las sociedades rurales de Rivadavia y General Villegas. Tambi\u00e9n estuvo representada la C\u00e1mara de Transportistas.<\/p>\n\n\n\n<p>Se hab\u00eda se\u00f1alado que Patricio Garc\u00eda, Gerente de Regiones de Vialidad Nacional, los iba a recibir el d\u00eda s\u00e1bado en Ameghino. Es evidente que el encuentro no se concret\u00f3. Incluso en los sitios informativos de esa zona y en la cuenta del funcionario nacional no se hace menci\u00f3n a ninguna reuni\u00f3n destinada a conversar sobre este tema.<\/p>\n\n\n\n<p>Cabe recordar que el Ministerio de Obras P\u00fablicas, a trav\u00e9s de Vialidad Nacional, inform\u00f3 que el pr\u00f3ximo 29 de octubre se realizar\u00e1 la apertura de ofertas de la licitaci\u00f3n para la repavimentaci\u00f3n integral de la Ruta Nacional 33 entre General Villegas y Rufino.<\/p>\n\n\n\n<p>La noticia difundida la semana anterior es en virtud que el llamado de referencia fue prorrogado y se fij\u00f3 esta nueva fecha. Se explic\u00f3 que el atraso de los plazos establecidos originalmente se debi\u00f3 a cuestiones t\u00e9cnicas y administrativas que deb\u00edan ser solucionadas antes de avanzar con el proceso licitatorio. Explic\u00f3 el ministerio de Obras P\u00fablicas que una de las modificaciones principales fue la del presupuesto oficial, que pasar\u00e1 de $ 2.800 millones a $ 3.050 millones, financiados \u00edntegramente por el Gobierno nacional.<\/p>\n","protected":false},"excerpt":{"rendered":"<p>Cabe recordar que el Ministerio de Obras P\u00fablicas, a trav\u00e9s de Vialidad Nacional, inform\u00f3 que el pr\u00f3ximo 29 de octubre se realizar\u00e1 la apertura de ofertas de la licitaci\u00f3n para la repavimentaci\u00f3n<\/p>\n","protected":false},"author":2,"featured_media":86999,"comment_status":"closed","ping_status":"open","sticky":false,"template":"","format":"standard","meta":{"footnotes":""},"categories":[1331],"tags":[5291],"class_list":["post-86998","post","type-post","status-publish","format-standard","has-post-thumbnail","hentry","category-inferior11","tag-no-hubo-reunion-con-patricio-garcia"],"yoast_head":"<!-- This site is optimized with the Yoast SEO plugin v23.4 - https:\/\/yoast.com\/wordpress\/plugins\/seo\/ -->\n<title>Vecinos autoconvocados de Rivadavia y General Villegas reclamaron el domingo por el estado de la Ruta 33 - Infoecos<\/title>\n<meta name=\"robots\" content=\"index, follow, max-snippet:-1, max-image-preview:large, max-video-preview:-1\" \/>\n<link rel=\"canonical\" href=\"https:\/\/infoecos.com.ar\/index.php\/vecinos-autoconvocados-de-rivadavia-y-general-villegas-reclamaron-el-domingo-por-el-estado-de-la-ruta-33\/\" \/>\n<meta property=\"og:locale\" content=\"es_ES\" \/>\n<meta property=\"og:type\" content=\"article\" \/>\n<meta property=\"og:title\" content=\"Vecinos autoconvocados de Rivadavia y General Villegas reclamaron el domingo por el estado de la Ruta 33 - Infoecos\" \/>\n<meta property=\"og:description\" content=\"Cabe recordar que el Ministerio de Obras P\u00fablicas, a trav\u00e9s de Vialidad Nacional, inform\u00f3 que el pr\u00f3ximo 29 de octubre se realizar\u00e1 la apertura de ofertas de la licitaci\u00f3n para la repavimentaci\u00f3n\" \/>\n<meta property=\"og:url\" content=\"https:\/\/infoecos.com.ar\/index.php\/vecinos-autoconvocados-de-rivadavia-y-general-villegas-reclamaron-el-domingo-por-el-estado-de-la-ruta-33\/\" \/>\n<meta property=\"og:site_name\" content=\"Infoecos\" \/>\n<meta property=\"article:publisher\" content=\"https:\/\/www.facebook.com\/profile.php?id=100063200290284\" \/>\n<meta property=\"article:published_time\" content=\"2021-09-27T19:40:21+00:00\" \/>\n<meta property=\"article:modified_time\" content=\"2021-09-30T18:47:20+00:00\" \/>\n<meta property=\"og:image\" content=\"https:\/\/infoecos.com.ar\/wp-content\/uploads\/2021\/09\/autoconvocados_ruta33_rivadavia-1.jpg\" \/>\n\t<meta property=\"og:image:width\" content=\"787\" \/>\n\t<meta property=\"og:image:height\" content=\"403\" \/>\n\t<meta property=\"og:image:type\" content=\"image\/jpeg\" \/>\n<meta name=\"author\" content=\"Jorge Matheus\" \/>\n<meta name=\"twitter:card\" content=\"summary_large_image\" \/>\n<meta name=\"twitter:creator\" content=\"@infoecos\" \/>\n<meta name=\"twitter:site\" content=\"@infoecos\" \/>\n<meta name=\"twitter:label1\" content=\"Escrito por\" \/>\n\t<meta name=\"twitter:data1\" content=\"Jorge Matheus\" \/>\n\t<meta name=\"twitter:label2\" content=\"Tiempo de lectura\" \/>\n\t<meta name=\"twitter:data2\" content=\"1 minuto\" \/>\n<script type=\"application\/ld+json\" class=\"yoast-schema-graph\">{\"@context\":\"https:\/\/schema.org\",\"@graph\":[{\"@type\":\"Article\",\"@id\":\"https:\/\/infoecos.com.ar\/index.php\/vecinos-autoconvocados-de-rivadavia-y-general-villegas-reclamaron-el-domingo-por-el-estado-de-la-ruta-33\/#article\",\"isPartOf\":{\"@id\":\"https:\/\/infoecos.com.ar\/index.php\/vecinos-autoconvocados-de-rivadavia-y-general-villegas-reclamaron-el-domingo-por-el-estado-de-la-ruta-33\/\"},\"author\":{\"name\":\"Jorge Matheus\",\"@id\":\"https:\/\/infoecos.com.ar\/#\/schema\/person\/8f5ace5ce73b4b4aac4b7245aee6f191\"},\"headline\":\"Vecinos autoconvocados de Rivadavia y General Villegas reclamaron el domingo por el estado de la Ruta 33\",\"datePublished\":\"2021-09-27T19:40:21+00:00\",\"dateModified\":\"2021-09-30T18:47:20+00:00\",\"mainEntityOfPage\":{\"@id\":\"https:\/\/infoecos.com.ar\/index.php\/vecinos-autoconvocados-de-rivadavia-y-general-villegas-reclamaron-el-domingo-por-el-estado-de-la-ruta-33\/\"},\"wordCount\":272,\"publisher\":{\"@id\":\"https:\/\/infoecos.com.ar\/#organization\"},\"image\":{\"@id\":\"https:\/\/infoecos.com.ar\/index.php\/vecinos-autoconvocados-de-rivadavia-y-general-villegas-reclamaron-el-domingo-por-el-estado-de-la-ruta-33\/#primaryimage\"},\"thumbnailUrl\":\"https:\/\/infoecos.com.ar\/wp-content\/uploads\/2021\/09\/autoconvocados_ruta33_rivadavia-1.jpg\",\"keywords\":[\"NO HUBO REUNI\u00d3N CON PATRICIO GARC\u00cdA\"],\"articleSection\":[\"Bloque inferior - 11\"],\"inLanguage\":\"es\"},{\"@type\":\"WebPage\",\"@id\":\"https:\/\/infoecos.com.ar\/index.php\/vecinos-autoconvocados-de-rivadavia-y-general-villegas-reclamaron-el-domingo-por-el-estado-de-la-ruta-33\/\",\"url\":\"https:\/\/infoecos.com.ar\/index.php\/vecinos-autoconvocados-de-rivadavia-y-general-villegas-reclamaron-el-domingo-por-el-estado-de-la-ruta-33\/\",\"name\":\"Vecinos autoconvocados de Rivadavia y General Villegas reclamaron el domingo por el estado de la Ruta 33 - Infoecos\",\"isPartOf\":{\"@id\":\"https:\/\/infoecos.com.ar\/#website\"},\"primaryImageOfPage\":{\"@id\":\"https:\/\/infoecos.com.ar\/index.php\/vecinos-autoconvocados-de-rivadavia-y-general-villegas-reclamaron-el-domingo-por-el-estado-de-la-ruta-33\/#primaryimage\"},\"image\":{\"@id\":\"https:\/\/infoecos.com.ar\/index.php\/vecinos-autoconvocados-de-rivadavia-y-general-villegas-reclamaron-el-domingo-por-el-estado-de-la-ruta-33\/#primaryimage\"},\"thumbnailUrl\":\"https:\/\/infoecos.com.ar\/wp-content\/uploads\/2021\/09\/autoconvocados_ruta33_rivadavia-1.jpg\",\"datePublished\":\"2021-09-27T19:40:21+00:00\",\"dateModified\":\"2021-09-30T18:47:20+00:00\",\"breadcrumb\":{\"@id\":\"https:\/\/infoecos.com.ar\/index.php\/vecinos-autoconvocados-de-rivadavia-y-general-villegas-reclamaron-el-domingo-por-el-estado-de-la-ruta-33\/#breadcrumb\"},\"inLanguage\":\"es\",\"potentialAction\":[{\"@type\":\"ReadAction\",\"target\":[\"https:\/\/infoecos.com.ar\/index.php\/vecinos-autoconvocados-de-rivadavia-y-general-villegas-reclamaron-el-domingo-por-el-estado-de-la-ruta-33\/\"]}]},{\"@type\":\"ImageObject\",\"inLanguage\":\"es\",\"@id\":\"https:\/\/infoecos.com.ar\/index.php\/vecinos-autoconvocados-de-rivadavia-y-general-villegas-reclamaron-el-domingo-por-el-estado-de-la-ruta-33\/#primaryimage\",\"url\":\"https:\/\/infoecos.com.ar\/wp-content\/uploads\/2021\/09\/autoconvocados_ruta33_rivadavia-1.jpg\",\"contentUrl\":\"https:\/\/infoecos.com.ar\/wp-content\/uploads\/2021\/09\/autoconvocados_ruta33_rivadavia-1.jpg\",\"width\":787,\"height\":403},{\"@type\":\"BreadcrumbList\",\"@id\":\"https:\/\/infoecos.com.ar\/index.php\/vecinos-autoconvocados-de-rivadavia-y-general-villegas-reclamaron-el-domingo-por-el-estado-de-la-ruta-33\/#breadcrumb\",\"itemListElement\":[{\"@type\":\"ListItem\",\"position\":1,\"name\":\"Portada\",\"item\":\"https:\/\/infoecos.com.ar\/\"},{\"@type\":\"ListItem\",\"position\":2,\"name\":\"Vecinos autoconvocados de Rivadavia y General Villegas reclamaron el domingo por el estado de la Ruta 33\"}]},{\"@type\":\"WebSite\",\"@id\":\"https:\/\/infoecos.com.ar\/#website\",\"url\":\"https:\/\/infoecos.com.ar\/\",\"name\":\"Infoecos\",\"description\":\"Noticias de trenque lauquen y la zona\",\"publisher\":{\"@id\":\"https:\/\/infoecos.com.ar\/#organization\"},\"alternateName\":\"Noticias\",\"potentialAction\":[{\"@type\":\"SearchAction\",\"target\":{\"@type\":\"EntryPoint\",\"urlTemplate\":\"https:\/\/infoecos.com.ar\/?s={search_term_string}\"},\"query-input\":{\"@type\":\"PropertyValueSpecification\",\"valueRequired\":true,\"valueName\":\"search_term_string\"}}],\"inLanguage\":\"es\"},{\"@type\":\"Organization\",\"@id\":\"https:\/\/infoecos.com.ar\/#organization\",\"name\":\"Infoecos\",\"alternateName\":\"Noticias\",\"url\":\"https:\/\/infoecos.com.ar\/\",\"logo\":{\"@type\":\"ImageObject\",\"inLanguage\":\"es\",\"@id\":\"https:\/\/infoecos.com.ar\/#\/schema\/logo\/image\/\",\"url\":\"https:\/\/infoecos.com.ar\/wp-content\/uploads\/2024\/03\/cropped-logo.png\",\"contentUrl\":\"https:\/\/infoecos.com.ar\/wp-content\/uploads\/2024\/03\/cropped-logo.png\",\"width\":374,\"height\":90,\"caption\":\"Infoecos\"},\"image\":{\"@id\":\"https:\/\/infoecos.com.ar\/#\/schema\/logo\/image\/\"},\"sameAs\":[\"https:\/\/www.facebook.com\/profile.php?id=100063200290284\",\"https:\/\/x.com\/infoecos\"]},{\"@type\":\"Person\",\"@id\":\"https:\/\/infoecos.com.ar\/#\/schema\/person\/8f5ace5ce73b4b4aac4b7245aee6f191\",\"name\":\"Jorge Matheus\",\"url\":\"https:\/\/infoecos.com.ar\/index.php\/author\/jomatheus\/\"}]}<\/script>\n<!-- \/ Yoast SEO plugin. -->","yoast_head_json":{"title":"Vecinos autoconvocados de Rivadavia y General Villegas reclamaron el domingo por el estado de la Ruta 33 - Infoecos","robots":{"index":"index","follow":"follow","max-snippet":"max-snippet:-1","max-image-preview":"max-image-preview:large","max-video-preview":"max-video-preview:-1"},"canonical":"https:\/\/infoecos.com.ar\/index.php\/vecinos-autoconvocados-de-rivadavia-y-general-villegas-reclamaron-el-domingo-por-el-estado-de-la-ruta-33\/","og_locale":"es_ES","og_type":"article","og_title":"Vecinos autoconvocados de Rivadavia y General Villegas reclamaron el domingo por el estado de la Ruta 33 - Infoecos","og_description":"Cabe recordar que el Ministerio de Obras P\u00fablicas, a trav\u00e9s de Vialidad Nacional, inform\u00f3 que el pr\u00f3ximo 29 de octubre se realizar\u00e1 la apertura de ofertas de la licitaci\u00f3n para la repavimentaci\u00f3n","og_url":"https:\/\/infoecos.com.ar\/index.php\/vecinos-autoconvocados-de-rivadavia-y-general-villegas-reclamaron-el-domingo-por-el-estado-de-la-ruta-33\/","og_site_name":"Infoecos","article_publisher":"https:\/\/www.facebook.com\/profile.php?id=100063200290284","article_published_time":"2021-09-27T19:40:21+00:00","article_modified_time":"2021-09-30T18:47:20+00:00","og_image":[{"width":787,"height":403,"url":"https:\/\/infoecos.com.ar\/wp-content\/uploads\/2021\/09\/autoconvocados_ruta33_rivadavia-1.jpg","type":"image\/jpeg"}],"author":"Jorge Matheus","twitter_card":"summary_large_image","twitter_creator":"@infoecos","twitter_site":"@infoecos","twitter_misc":{"Escrito por":"Jorge Matheus","Tiempo de lectura":"1 minuto"},"schema":{"@context":"https:\/\/schema.org","@graph":[{"@type":"Article","@id":"https:\/\/infoecos.com.ar\/index.php\/vecinos-autoconvocados-de-rivadavia-y-general-villegas-reclamaron-el-domingo-por-el-estado-de-la-ruta-33\/#article","isPartOf":{"@id":"https:\/\/infoecos.com.ar\/index.php\/vecinos-autoconvocados-de-rivadavia-y-general-villegas-reclamaron-el-domingo-por-el-estado-de-la-ruta-33\/"},"author":{"name":"Jorge Matheus","@id":"https:\/\/infoecos.com.ar\/#\/schema\/person\/8f5ace5ce73b4b4aac4b7245aee6f191"},"headline":"Vecinos autoconvocados de Rivadavia y General Villegas reclamaron el domingo por el estado de la Ruta 33","datePublished":"2021-09-27T19:40:21+00:00","dateModified":"2021-09-30T18:47:20+00:00","mainEntityOfPage":{"@id":"https:\/\/infoecos.com.ar\/index.php\/vecinos-autoconvocados-de-rivadavia-y-general-villegas-reclamaron-el-domingo-por-el-estado-de-la-ruta-33\/"},"wordCount":272,"publisher":{"@id":"https:\/\/infoecos.com.ar\/#organization"},"image":{"@id":"https:\/\/infoecos.com.ar\/index.php\/vecinos-autoconvocados-de-rivadavia-y-general-villegas-reclamaron-el-domingo-por-el-estado-de-la-ruta-33\/#primaryimage"},"thumbnailUrl":"https:\/\/infoecos.com.ar\/wp-content\/uploads\/2021\/09\/autoconvocados_ruta33_rivadavia-1.jpg","keywords":["NO HUBO REUNI\u00d3N CON PATRICIO GARC\u00cdA"],"articleSection":["Bloque inferior - 11"],"inLanguage":"es"},{"@type":"WebPage","@id":"https:\/\/infoecos.com.ar\/index.php\/vecinos-autoconvocados-de-rivadavia-y-general-villegas-reclamaron-el-domingo-por-el-estado-de-la-ruta-33\/","url":"https:\/\/infoecos.com.ar\/index.php\/vecinos-autoconvocados-de-rivadavia-y-general-villegas-reclamaron-el-domingo-por-el-estado-de-la-ruta-33\/","name":"Vecinos autoconvocados de Rivadavia y General Villegas reclamaron el domingo por el estado de la Ruta 33 - Infoecos","isPartOf":{"@id":"https:\/\/infoecos.com.ar\/#website"},"primaryImageOfPage":{"@id":"https:\/\/infoecos.com.ar\/index.php\/vecinos-autoconvocados-de-rivadavia-y-general-villegas-reclamaron-el-domingo-por-el-estado-de-la-ruta-33\/#primaryimage"},"image":{"@id":"https:\/\/infoecos.com.ar\/index.php\/vecinos-autoconvocados-de-rivadavia-y-general-villegas-reclamaron-el-domingo-por-el-estado-de-la-ruta-33\/#primaryimage"},"thumbnailUrl":"https:\/\/infoecos.com.ar\/wp-content\/uploads\/2021\/09\/autoconvocados_ruta33_rivadavia-1.jpg","datePublished":"2021-09-27T19:40:21+00:00","dateModified":"2021-09-30T18:47:20+00:00","breadcrumb":{"@id":"https:\/\/infoecos.com.ar\/index.php\/vecinos-autoconvocados-de-rivadavia-y-general-villegas-reclamaron-el-domingo-por-el-estado-de-la-ruta-33\/#breadcrumb"},"inLanguage":"es","potentialAction":[{"@type":"ReadAction","target":["https:\/\/infoecos.com.ar\/index.php\/vecinos-autoconvocados-de-rivadavia-y-general-villegas-reclamaron-el-domingo-por-el-estado-de-la-ruta-33\/"]}]},{"@type":"ImageObject","inLanguage":"es","@id":"https:\/\/infoecos.com.ar\/index.php\/vecinos-autoconvocados-de-rivadavia-y-general-villegas-reclamaron-el-domingo-por-el-estado-de-la-ruta-33\/#primaryimage","url":"https:\/\/infoecos.com.ar\/wp-content\/uploads\/2021\/09\/autoconvocados_ruta33_rivadavia-1.jpg","contentUrl":"https:\/\/infoecos.com.ar\/wp-content\/uploads\/2021\/09\/autoconvocados_ruta33_rivadavia-1.jpg","width":787,"height":403},{"@type":"BreadcrumbList","@id":"https:\/\/infoecos.com.ar\/index.php\/vecinos-autoconvocados-de-rivadavia-y-general-villegas-reclamaron-el-domingo-por-el-estado-de-la-ruta-33\/#breadcrumb","itemListElement":[{"@type":"ListItem","position":1,"name":"Portada","item":"https:\/\/infoecos.com.ar\/"},{"@type":"ListItem","position":2,"name":"Vecinos autoconvocados de Rivadavia y General Villegas reclamaron el domingo por el estado de la Ruta 33"}]},{"@type":"WebSite","@id":"https:\/\/infoecos.com.ar\/#website","url":"https:\/\/infoecos.com.ar\/","name":"Infoecos","description":"Noticias de trenque lauquen y la zona","publisher":{"@id":"https:\/\/infoecos.com.ar\/#organization"},"alternateName":"Noticias","potentialAction":[{"@type":"SearchAction","target":{"@type":"EntryPoint","urlTemplate":"https:\/\/infoecos.com.ar\/?s={search_term_string}"},"query-input":{"@type":"PropertyValueSpecification","valueRequired":true,"valueName":"search_term_string"}}],"inLanguage":"es"},{"@type":"Organization","@id":"https:\/\/infoecos.com.ar\/#organization","name":"Infoecos","alternateName":"Noticias","url":"https:\/\/infoecos.com.ar\/","logo":{"@type":"ImageObject","inLanguage":"es","@id":"https:\/\/infoecos.com.ar\/#\/schema\/logo\/image\/","url":"https:\/\/infoecos.com.ar\/wp-content\/uploads\/2024\/03\/cropped-logo.png","contentUrl":"https:\/\/infoecos.com.ar\/wp-content\/uploads\/2024\/03\/cropped-logo.png","width":374,"height":90,"caption":"Infoecos"},"image":{"@id":"https:\/\/infoecos.com.ar\/#\/schema\/logo\/image\/"},"sameAs":["https:\/\/www.facebook.com\/profile.php?id=100063200290284","https:\/\/x.com\/infoecos"]},{"@type":"Person","@id":"https:\/\/infoecos.com.ar\/#\/schema\/person\/8f5ace5ce73b4b4aac4b7245aee6f191","name":"Jorge Matheus","url":"https:\/\/infoecos.com.ar\/index.php\/author\/jomatheus\/"}]}},"featured_image_urls":{"full":["https:\/\/infoecos.com.ar\/wp-content\/uploads\/2021\/09\/autoconvocados_ruta33_rivadavia-1.jpg",787,403,false],"thumbnail":["https:\/\/infoecos.com.ar\/wp-content\/uploads\/2021\/09\/autoconvocados_ruta33_rivadavia-1-150x150.jpg",150,150,true],"medium":["https:\/\/infoecos.com.ar\/wp-content\/uploads\/2021\/09\/autoconvocados_ruta33_rivadavia-1-460x236.jpg",460,236,true],"medium_large":["https:\/\/infoecos.com.ar\/wp-content\/uploads\/2021\/09\/autoconvocados_ruta33_rivadavia-1-768x393.jpg",640,328,true],"large":["https:\/\/infoecos.com.ar\/wp-content\/uploads\/2021\/09\/autoconvocados_ruta33_rivadavia-1.jpg",640,328,false],"1536x1536":["https:\/\/infoecos.com.ar\/wp-content\/uploads\/2021\/09\/autoconvocados_ruta33_rivadavia-1.jpg",787,403,false],"2048x2048":["https:\/\/infoecos.com.ar\/wp-content\/uploads\/2021\/09\/autoconvocados_ruta33_rivadavia-1.jpg",787,403,false],"covernews-slider-full":["https:\/\/infoecos.com.ar\/wp-content\/uploads\/2021\/09\/autoconvocados_ruta33_rivadavia-1.jpg",787,403,false],"covernews-slider-center":["https:\/\/infoecos.com.ar\/wp-content\/uploads\/2021\/09\/autoconvocados_ruta33_rivadavia-1.jpg",787,403,false],"covernews-featured":["https:\/\/infoecos.com.ar\/wp-content\/uploads\/2021\/09\/autoconvocados_ruta33_rivadavia-1.jpg",787,403,false],"covernews-medium":["https:\/\/infoecos.com.ar\/wp-content\/uploads\/2021\/09\/autoconvocados_ruta33_rivadavia-1-720x380.jpg",540,285,true],"covernews-medium-square":["https:\/\/infoecos.com.ar\/wp-content\/uploads\/2021\/09\/autoconvocados_ruta33_rivadavia-1-675x403.jpg",400,239,true]},"author_info":{"info":["Jorge Matheus"]},"category_info":"<a href=\"https:\/\/infoecos.com.ar\/index.php\/category\/inferior11\/\" rel=\"category tag\">Bloque inferior - 11<\/a>","tag_info":"Bloque inferior - 11","comment_count":"0","_links":{"self":[{"href":"https:\/\/infoecos.com.ar\/index.php\/wp-json\/wp\/v2\/posts\/86998"}],"collection":[{"href":"https:\/\/infoecos.com.ar\/index.php\/wp-json\/wp\/v2\/posts"}],"about":[{"href":"https:\/\/infoecos.com.ar\/index.php\/wp-json\/wp\/v2\/types\/post"}],"author":[{"embeddable":true,"href":"https:\/\/infoecos.com.ar\/index.php\/wp-json\/wp\/v2\/users\/2"}],"replies":[{"embeddable":true,"href":"https:\/\/infoecos.com.ar\/index.php\/wp-json\/wp\/v2\/comments?post=86998"}],"version-history":[{"count":1,"href":"https:\/\/infoecos.com.ar\/index.php\/wp-json\/wp\/v2\/posts\/86998\/revisions"}],"predecessor-version":[{"id":87000,"href":"https:\/\/infoecos.com.ar\/index.php\/wp-json\/wp\/v2\/posts\/86998\/revisions\/87000"}],"wp:featuredmedia":[{"embeddable":true,"href":"https:\/\/infoecos.com.ar\/index.php\/wp-json\/wp\/v2\/media\/86999"}],"wp:attachment":[{"href":"https:\/\/infoecos.com.ar\/index.php\/wp-json\/wp\/v2\/media?parent=86998"}],"wp:term":[{"taxonomy":"category","embeddable":true,"href":"https:\/\/infoecos.com.ar\/index.php\/wp-json\/wp\/v2\/categories?post=86998"},{"taxonomy":"post_tag","embeddable":true,"href":"https:\/\/infoecos.com.ar\/index.php\/wp-json\/wp\/v2\/tags?post=86998"}],"curies":[{"name":"wp","href":"https:\/\/api.w.org\/{rel}","templated":true}]}}