{"id":87012,"date":"2021-09-28T05:38:22","date_gmt":"2021-09-28T08:38:22","guid":{"rendered":"http:\/\/infoecos.com.ar\/?p=87012"},"modified":"2021-09-28T05:38:23","modified_gmt":"2021-09-28T08:38:23","slug":"la-ex-intendenta-de-ameghino-andrea-garcia-designada-en-el-ministerio-de-educacion-de-la-nacion","status":"publish","type":"post","link":"https:\/\/infoecos.com.ar\/index.php\/la-ex-intendenta-de-ameghino-andrea-garcia-designada-en-el-ministerio-de-educacion-de-la-nacion\/","title":{"rendered":"La ex intendenta de Ameghino, Andrea Garc\u00eda, designada en el ministerio de Educaci\u00f3n de la Naci\u00f3n"},"content":{"rendered":"\n<p class=\"wp-block-paragraph\">La ex intendenta de Ameghino, Andrea Garc\u00eda, se desempe\u00f1ar\u00e1 como secretaria de Cooperaci\u00f3n y Acciones Prioritarias del ministerio de Educaci\u00f3n de la Naci\u00f3n.<\/p>\n\n\n\n<div class=\"wp-block-image\"><figure class=\"aligncenter size-medium\"><img decoding=\"async\" src=\"http:\/\/infoecos.com.ar\/wp-content\/uploads\/GA1-460x306.jpg\" alt=\"\" class=\"wp-image-14767\"\/><figcaption>Garc\u00eda, Andrea<\/figcaption><\/figure><\/div>\n\n\n\n<p class=\"wp-block-paragraph\">La dirigente tambi\u00e9n se desempe\u00f1\u00f3 como Diputada Nacional, form\u00f3 parte del equipo de Juli\u00e1n Dom\u00ednguez en la anterior gesti\u00f3n en el ministerio de Agricultura, Ganader\u00eda y Pesca y actualmente desempe\u00f1aba la docencia en la Universidad de Hurlingham.<\/p>\n\n\n\n<p class=\"wp-block-paragraph\">Se inform\u00f3 que el \u00e1rea que ocupar\u00e1 \u00abes para generar y ejecutar pol\u00edticas p\u00fablicas y acciones de cooperaci\u00f3n para garantizar el pleno derecho a la educaci\u00f3n, dentro y fuera de la escuela\u00bb. <\/p>\n","protected":false},"excerpt":{"rendered":"<p>La ex intendenta de Ameghino, Andrea Garc\u00eda, se desempe\u00f1ar\u00e1 como secretaria de Cooperaci\u00f3n y Acciones&#8230;<\/p>\n","protected":false},"author":2,"featured_media":14767,"comment_status":"closed","ping_status":"open","sticky":false,"template":"","format":"standard","meta":{"footnotes":""},"categories":[46],"tags":[5293],"class_list":["post-87012","post","type-post","status-publish","format-standard","has-post-thumbnail","hentry","category-c2nota2","tag-se-informo-este-lunes"],"featured_image_urls":{"full":"","thumbnail":"","medium":"","medium_large":"","large":"","1536x1536":"","2048x2048":"","covernews-slider-full":"","covernews-slider-center":"","covernews-featured":"","covernews-medium":"","covernews-medium-square":""},"author_info":{"info":["Jorge Matheus"]},"category_info":"<a href=\"https:\/\/infoecos.com.ar\/index.php\/category\/c2nota2\/\" rel=\"category tag\">C2 N2<\/a>","tag_info":"C2 N2","comment_count":"0","_links":{"self":[{"href":"https:\/\/infoecos.com.ar\/index.php\/wp-json\/wp\/v2\/posts\/87012","targetHints":{"allow":["GET"]}}],"collection":[{"href":"https:\/\/infoecos.com.ar\/index.php\/wp-json\/wp\/v2\/posts"}],"about":[{"href":"https:\/\/infoecos.com.ar\/index.php\/wp-json\/wp\/v2\/types\/post"}],"author":[{"embeddable":true,"href":"https:\/\/infoecos.com.ar\/index.php\/wp-json\/wp\/v2\/users\/2"}],"replies":[{"embeddable":true,"href":"https:\/\/infoecos.com.ar\/index.php\/wp-json\/wp\/v2\/comments?post=87012"}],"version-history":[{"count":1,"href":"https:\/\/infoecos.com.ar\/index.php\/wp-json\/wp\/v2\/posts\/87012\/revisions"}],"predecessor-version":[{"id":87013,"href":"https:\/\/infoecos.com.ar\/index.php\/wp-json\/wp\/v2\/posts\/87012\/revisions\/87013"}],"wp:attachment":[{"href":"https:\/\/infoecos.com.ar\/index.php\/wp-json\/wp\/v2\/media?parent=87012"}],"wp:term":[{"taxonomy":"category","embeddable":true,"href":"https:\/\/infoecos.com.ar\/index.php\/wp-json\/wp\/v2\/categories?post=87012"},{"taxonomy":"post_tag","embeddable":true,"href":"https:\/\/infoecos.com.ar\/index.php\/wp-json\/wp\/v2\/tags?post=87012"}],"curies":[{"name":"wp","href":"https:\/\/api.w.org\/{rel}","templated":true}]}}