{"id":87053,"date":"2021-09-28T17:51:19","date_gmt":"2021-09-28T20:51:19","guid":{"rendered":"http:\/\/infoecos.com.ar\/?p=87053"},"modified":"2021-10-04T06:13:41","modified_gmt":"2021-10-04T09:13:41","slug":"aqui-hay-historia-senalo-la-subsecretaria-de-educacion-de-la-provincia-en-la-reinauguracion-del-ex-polivalente","status":"publish","type":"post","link":"https:\/\/infoecos.com.ar\/index.php\/aqui-hay-historia-senalo-la-subsecretaria-de-educacion-de-la-provincia-en-la-reinauguracion-del-ex-polivalente\/","title":{"rendered":"\u00abAqu\u00ed hay historia\u00bb, se\u00f1al\u00f3 la subsecretaria de Educaci\u00f3n de la provincia en la reinauguraci\u00f3n del ex polivalente"},"content":{"rendered":"\n<p class=\"wp-block-paragraph\">La subsecretaria de Educaci\u00f3n de la Provincia de Buenos Aires, Claudia Bracchi, dijo que \u201cquer\u00edamos estar presentes porque cada escuela que se inaugura o se arregla, en un trabajo conjunto entre la Provincia y el Municipio, es para que se transiten las mejores cosas para los docentes y los estudiantes\u201d. Dej\u00f3 el saludo de la directora de Educaci\u00f3n, Agustina Vila, quien no pudo estar presente en el acto por cuestiones de agenda.<\/p>\n\n\n\n<div class=\"wp-block-image\"><figure class=\"aligncenter size-medium\"><img loading=\"lazy\" decoding=\"async\" width=\"460\" height=\"307\" src=\"http:\/\/infoecos.com.ar\/wp-content\/uploads\/2021\/09\/Reinauguracion-EESEA-Placa-1-460x307.jpg\" alt=\"\" class=\"wp-image-87054\" srcset=\"https:\/\/infoecos.com.ar\/wp-content\/uploads\/2021\/09\/Reinauguracion-EESEA-Placa-1-460x307.jpg 460w, https:\/\/infoecos.com.ar\/wp-content\/uploads\/2021\/09\/Reinauguracion-EESEA-Placa-1-768x512.jpg 768w, https:\/\/infoecos.com.ar\/wp-content\/uploads\/2021\/09\/Reinauguracion-EESEA-Placa-1-675x450.jpg 675w, https:\/\/infoecos.com.ar\/wp-content\/uploads\/2021\/09\/Reinauguracion-EESEA-Placa-1.jpg 852w\" sizes=\"auto, (max-width: 460px) 100vw, 460px\" \/><\/figure><\/div>\n\n\n\n<p class=\"wp-block-paragraph\">Sostuvo que \u201cnecesitamos formar a los chicos y a las chicas, la escuela es abrir universos simb\u00f3licos porque en nuestras escuelas secundarias se forman trabajadores, futuros profesionales, artistas y eso te da la posibilidad cuando ten\u00e9s la escuela que te lleva a que puedas conocer otras cosas, por eso que sea una escuela especializada en arte da las posibilidades para generar esas condiciones\u201d.<\/p>\n\n\n\n<p class=\"wp-block-paragraph\">En relaci\u00f3n al discurso de la directora del establecimiento, M\u00f3nica Martos, Bracchi reflexion\u00f3: \u201cMe emocionaste porque tus palabras te sal\u00edan del coraz\u00f3n y cuando uno conduce una escuela y se siente as\u00ed es porque hay un gran compromiso\u201d, y dijo que \u201ccuando llegu\u00e9 mencionaban determinadas cuestiones que se repitieron en el discurso de M\u00f3nica: de este lado de la v\u00eda, las inundaciones, el derecho al arte y la escuela\u201d.<\/p>\n\n\n\n<figure class=\"wp-block-audio\"><audio controls src=\"http:\/\/infoecos.com.ar\/wp-content\/uploads\/2021\/09\/CLAUDIA-BRACCHI-POLIVALENTE.mp3\"><\/audio><\/figure>\n\n\n\n<p class=\"wp-block-paragraph\">Asimismo destac\u00f3 que \u201clos y las estudiantes son lo mejor que tenemos, por eso cuando uno trabaja en una escuela est\u00e1 pensando en el futuro y hoy es un d\u00eda especial para los directores, porque es su d\u00eda, y ponen mucho esfuerzo para coordinar las acciones, la convivencia, el trabajo de los docentes y de los auxiliares, y c\u00f3mo generar las mejores condiciones de trabajo, y ese marco cuando uno plantea una escuela de arte no solo est\u00e1 garantizando el derecho a la educaci\u00f3n y a la educaci\u00f3n secundaria, que es obligatoria, sino tambi\u00e9n el derecho al arte\u201d.<\/p>\n\n\n\n<div class=\"wp-block-image\"><figure class=\"aligncenter size-medium\"><img loading=\"lazy\" decoding=\"async\" width=\"460\" height=\"307\" src=\"http:\/\/infoecos.com.ar\/wp-content\/uploads\/2021\/09\/Reinauguracion-EESEA-no-1-Bracci-1-460x307.jpg\" alt=\"\" class=\"wp-image-87055\" srcset=\"https:\/\/infoecos.com.ar\/wp-content\/uploads\/2021\/09\/Reinauguracion-EESEA-no-1-Bracci-1-460x307.jpg 460w, https:\/\/infoecos.com.ar\/wp-content\/uploads\/2021\/09\/Reinauguracion-EESEA-no-1-Bracci-1-768x512.jpg 768w, https:\/\/infoecos.com.ar\/wp-content\/uploads\/2021\/09\/Reinauguracion-EESEA-no-1-Bracci-1-675x450.jpg 675w, https:\/\/infoecos.com.ar\/wp-content\/uploads\/2021\/09\/Reinauguracion-EESEA-no-1-Bracci-1.jpg 852w\" sizes=\"auto, (max-width: 460px) 100vw, 460px\" \/><\/figure><\/div>\n\n\n\n<p class=\"wp-block-paragraph\">\u201cLos que estamos ac\u00e1, elegimos estar en esta reinauguraci\u00f3n porque hay historia, una escuela no es una foto, es una pel\u00edcula, con alegr\u00edas, avances y sinsabores como la vida misma por eso para nosotros, en este tiempo tan in\u00e9dito que transitamos, es importante estar ac\u00e1\u201d, dijo.<\/p>\n\n\n\n<p class=\"wp-block-paragraph\">\u201cEste tiempo (de pandemia) puso en valor la vida y por eso la escuela dijo presente a pesar de las adversidades, por eso agradecemos a todo el colectivo docente que despleg\u00f3 estrategias para llegar a los estudiantes y a las familias\u201d, se\u00f1al\u00f3 Bracchi.<\/p>\n\n\n\n<p class=\"wp-block-paragraph\">Y agreg\u00f3 que \u201csiempre la escuela p\u00fablica atraves\u00f3 distintas situaciones pero siempre tuvo una respuesta, y en este tiempo que nos queda de cerrar este 2020-2021 vamos redoblar los esfuerzos para ir a buscar a cada joven que&nbsp; a lo mejor tuvo que dejar la escuela\u201d, para finalmente agradecer a la comunidad por \u201cla&nbsp; invitaci\u00f3n, por el esfuerzo y el trabajo\u201d.<\/p>\n","protected":false},"excerpt":{"rendered":"<p>Destac\u00f3 que \u201clos y las estudiantes son lo mejor que tenemos, por eso cuando uno trabaja en una escuela est\u00e1 pensando en el futuro\u00bb<\/p>\n","protected":false},"author":2,"featured_media":87055,"comment_status":"closed","ping_status":"open","sticky":false,"template":"","format":"standard","meta":{"footnotes":""},"categories":[1327,1335],"tags":[5302],"class_list":["post-87053","post","type-post","status-publish","format-standard","has-post-thumbnail","hentry","category-audio","category-inferior15","tag-en-representacion-de-agustina-vila"],"featured_image_urls":{"full":["https:\/\/infoecos.com.ar\/wp-content\/uploads\/2021\/09\/Reinauguracion-EESEA-no-1-Bracci-1.jpg",852,568,false],"thumbnail":["https:\/\/infoecos.com.ar\/wp-content\/uploads\/2021\/09\/Reinauguracion-EESEA-no-1-Bracci-1-150x150.jpg",150,150,true],"medium":["https:\/\/infoecos.com.ar\/wp-content\/uploads\/2021\/09\/Reinauguracion-EESEA-no-1-Bracci-1-460x307.jpg",460,307,true],"medium_large":["https:\/\/infoecos.com.ar\/wp-content\/uploads\/2021\/09\/Reinauguracion-EESEA-no-1-Bracci-1-768x512.jpg",640,427,true],"large":["https:\/\/infoecos.com.ar\/wp-content\/uploads\/2021\/09\/Reinauguracion-EESEA-no-1-Bracci-1.jpg",640,427,false],"1536x1536":["https:\/\/infoecos.com.ar\/wp-content\/uploads\/2021\/09\/Reinauguracion-EESEA-no-1-Bracci-1.jpg",852,568,false],"2048x2048":["https:\/\/infoecos.com.ar\/wp-content\/uploads\/2021\/09\/Reinauguracion-EESEA-no-1-Bracci-1.jpg",852,568,false],"covernews-slider-full":["https:\/\/infoecos.com.ar\/wp-content\/uploads\/2021\/09\/Reinauguracion-EESEA-no-1-Bracci-1.jpg",852,568,false],"covernews-slider-center":["https:\/\/infoecos.com.ar\/wp-content\/uploads\/2021\/09\/Reinauguracion-EESEA-no-1-Bracci-1.jpg",750,500,false],"covernews-featured":["https:\/\/infoecos.com.ar\/wp-content\/uploads\/2021\/09\/Reinauguracion-EESEA-no-1-Bracci-1.jpg",852,568,false],"covernews-medium":["https:\/\/infoecos.com.ar\/wp-content\/uploads\/2021\/09\/Reinauguracion-EESEA-no-1-Bracci-1-720x380.jpg",540,285,true],"covernews-medium-square":["https:\/\/infoecos.com.ar\/wp-content\/uploads\/2021\/09\/Reinauguracion-EESEA-no-1-Bracci-1-675x450.jpg",375,250,true]},"author_info":{"info":["Jorge Matheus"]},"category_info":"<a href=\"https:\/\/infoecos.com.ar\/index.php\/category\/audio\/\" rel=\"category tag\">Audio<\/a> <a href=\"https:\/\/infoecos.com.ar\/index.php\/category\/inferior15\/\" rel=\"category tag\">Bloque inferior - 15<\/a>","tag_info":"Bloque inferior - 15","comment_count":"0","_links":{"self":[{"href":"https:\/\/infoecos.com.ar\/index.php\/wp-json\/wp\/v2\/posts\/87053","targetHints":{"allow":["GET"]}}],"collection":[{"href":"https:\/\/infoecos.com.ar\/index.php\/wp-json\/wp\/v2\/posts"}],"about":[{"href":"https:\/\/infoecos.com.ar\/index.php\/wp-json\/wp\/v2\/types\/post"}],"author":[{"embeddable":true,"href":"https:\/\/infoecos.com.ar\/index.php\/wp-json\/wp\/v2\/users\/2"}],"replies":[{"embeddable":true,"href":"https:\/\/infoecos.com.ar\/index.php\/wp-json\/wp\/v2\/comments?post=87053"}],"version-history":[{"count":1,"href":"https:\/\/infoecos.com.ar\/index.php\/wp-json\/wp\/v2\/posts\/87053\/revisions"}],"predecessor-version":[{"id":87057,"href":"https:\/\/infoecos.com.ar\/index.php\/wp-json\/wp\/v2\/posts\/87053\/revisions\/87057"}],"wp:featuredmedia":[{"embeddable":true,"href":"https:\/\/infoecos.com.ar\/index.php\/wp-json\/wp\/v2\/media\/87055"}],"wp:attachment":[{"href":"https:\/\/infoecos.com.ar\/index.php\/wp-json\/wp\/v2\/media?parent=87053"}],"wp:term":[{"taxonomy":"category","embeddable":true,"href":"https:\/\/infoecos.com.ar\/index.php\/wp-json\/wp\/v2\/categories?post=87053"},{"taxonomy":"post_tag","embeddable":true,"href":"https:\/\/infoecos.com.ar\/index.php\/wp-json\/wp\/v2\/tags?post=87053"}],"curies":[{"name":"wp","href":"https:\/\/api.w.org\/{rel}","templated":true}]}}