{"id":87082,"date":"2021-09-29T08:01:48","date_gmt":"2021-09-29T11:01:48","guid":{"rendered":"http:\/\/infoecos.com.ar\/?p=87082"},"modified":"2021-09-30T15:42:37","modified_gmt":"2021-09-30T18:42:37","slug":"diputados-de-la-nacion-se-refirieron-a-la-vuelta-a-la-presencialidad-en-la-camara","status":"publish","type":"post","link":"https:\/\/infoecos.com.ar\/index.php\/diputados-de-la-nacion-se-refirieron-a-la-vuelta-a-la-presencialidad-en-la-camara\/","title":{"rendered":"Diputados de la Naci\u00f3n se refirieron a la vuelta a la presencialidad en la C\u00e1mara"},"content":{"rendered":"\n<p class=\"wp-block-paragraph\">Luego que presidente de la C\u00e1mara de Diputados, Sergio Massa, firmara una resoluci\u00f3n para volver a la actividad presencial en la C\u00e1mara baja, legisladores se expresaron al respecto.<\/p>\n\n\n\n<p class=\"wp-block-paragraph\">Por un lado, Marcelo Casaretto, del Frente de Todos, indic\u00f3 que est\u00e1 de acuerdo con la vuelta a la presencialidad pero consider\u00f3 que \u201chay que mantener el sistema mixto para aquel que tenga imposibilidades pr\u00e1cticas y reales de poder viajar\u201d.<\/p>\n\n\n\n<figure class=\"wp-block-video\"><video height=\"480\" style=\"aspect-ratio: 848 \/ 480;\" width=\"848\" controls src=\"http:\/\/infoecos.com.ar\/wp-content\/uploads\/2021\/09\/WhatsApp-Video-2021-09-28-at-20.12.30.mp4\"><\/video><\/figure>\n\n\n\n<p class=\"wp-block-paragraph\">Por su parte, el diputado del Bloque Pro, Jos\u00e9 Luis Pati\u00f1o, asegur\u00f3: \u201chace mucho tiempo que est\u00e1bamos pidiendo la presencialidad\u201d y coincidi\u00f3 con Casaretto con respecto al sistema mixto: \u201csiempre hay alguna consideraci\u00f3n con respecto al trabajo en comisi\u00f3n porque dinamiza un poco m\u00e1s y participan todos los diputados, sobre todo los que tienen que mantenerse en sus territorios\u201d.<\/p>\n\n\n\n<p class=\"wp-block-paragraph\">La resoluci\u00f3n firmada por el titular del cuerpo habilita la posibilidad de que las comisiones contin\u00faen trabajando en forma remota para facilitar la tarea de los legisladores del interior cuando no puedan viajar a Buenos Aires.<\/p>\n","protected":false},"excerpt":{"rendered":"<p> Marcelo Casaretto, del Frente de Todos, indic\u00f3 que est\u00e1 de acuerdo con la vuelta a la presencialidad pero consider\u00f3 que \u201chay que mantener el sistema mixto para aquel que tenga imposibilidades pr\u00e1cticas y reales de poder viajar\u201d<\/p>\n","protected":false},"author":2,"featured_media":70830,"comment_status":"closed","ping_status":"open","sticky":false,"template":"","format":"standard","meta":{"footnotes":""},"categories":[1327,40,1328],"tags":[1809],"class_list":["post-87082","post","type-post","status-publish","format-standard","has-post-thumbnail","hentry","category-audio","category-inferior1","category-video","tag-politica-legislativa-2"],"featured_image_urls":{"full":["https:\/\/infoecos.com.ar\/wp-content\/uploads\/2020\/12\/camaradediputadosnacion.jpg",1004,565,false],"thumbnail":["https:\/\/infoecos.com.ar\/wp-content\/uploads\/2020\/12\/camaradediputadosnacion-150x150.jpg",150,150,true],"medium":["https:\/\/infoecos.com.ar\/wp-content\/uploads\/2020\/12\/camaradediputadosnacion-460x259.jpg",460,259,true],"medium_large":["https:\/\/infoecos.com.ar\/wp-content\/uploads\/2020\/12\/camaradediputadosnacion-768x432.jpg",640,360,true],"large":["https:\/\/infoecos.com.ar\/wp-content\/uploads\/2020\/12\/camaradediputadosnacion-920x518.jpg",640,360,true],"1536x1536":["https:\/\/infoecos.com.ar\/wp-content\/uploads\/2020\/12\/camaradediputadosnacion.jpg",1004,565,false],"2048x2048":["https:\/\/infoecos.com.ar\/wp-content\/uploads\/2020\/12\/camaradediputadosnacion.jpg",1004,565,false],"covernews-slider-full":["https:\/\/infoecos.com.ar\/wp-content\/uploads\/2020\/12\/camaradediputadosnacion.jpg",1004,565,false],"covernews-slider-center":["https:\/\/infoecos.com.ar\/wp-content\/uploads\/2020\/12\/camaradediputadosnacion-936x565.jpg",800,483,true],"covernews-featured":["https:\/\/infoecos.com.ar\/wp-content\/uploads\/2020\/12\/camaradediputadosnacion.jpg",1004,565,false],"covernews-medium":["https:\/\/infoecos.com.ar\/wp-content\/uploads\/2020\/12\/camaradediputadosnacion-720x380.jpg",540,285,true],"covernews-medium-square":["https:\/\/infoecos.com.ar\/wp-content\/uploads\/2020\/12\/camaradediputadosnacion-675x450.jpg",375,250,true]},"author_info":{"info":["Jorge Matheus"]},"category_info":"<a href=\"https:\/\/infoecos.com.ar\/index.php\/category\/audio\/\" rel=\"category tag\">Audio<\/a> <a href=\"https:\/\/infoecos.com.ar\/index.php\/category\/inferior1\/\" rel=\"category tag\">Bloque inferior - 1<\/a> <a href=\"https:\/\/infoecos.com.ar\/index.php\/category\/video\/\" rel=\"category tag\">Video<\/a>","tag_info":"Video","comment_count":"0","_links":{"self":[{"href":"https:\/\/infoecos.com.ar\/index.php\/wp-json\/wp\/v2\/posts\/87082","targetHints":{"allow":["GET"]}}],"collection":[{"href":"https:\/\/infoecos.com.ar\/index.php\/wp-json\/wp\/v2\/posts"}],"about":[{"href":"https:\/\/infoecos.com.ar\/index.php\/wp-json\/wp\/v2\/types\/post"}],"author":[{"embeddable":true,"href":"https:\/\/infoecos.com.ar\/index.php\/wp-json\/wp\/v2\/users\/2"}],"replies":[{"embeddable":true,"href":"https:\/\/infoecos.com.ar\/index.php\/wp-json\/wp\/v2\/comments?post=87082"}],"version-history":[{"count":1,"href":"https:\/\/infoecos.com.ar\/index.php\/wp-json\/wp\/v2\/posts\/87082\/revisions"}],"predecessor-version":[{"id":87084,"href":"https:\/\/infoecos.com.ar\/index.php\/wp-json\/wp\/v2\/posts\/87082\/revisions\/87084"}],"wp:featuredmedia":[{"embeddable":true,"href":"https:\/\/infoecos.com.ar\/index.php\/wp-json\/wp\/v2\/media\/70830"}],"wp:attachment":[{"href":"https:\/\/infoecos.com.ar\/index.php\/wp-json\/wp\/v2\/media?parent=87082"}],"wp:term":[{"taxonomy":"category","embeddable":true,"href":"https:\/\/infoecos.com.ar\/index.php\/wp-json\/wp\/v2\/categories?post=87082"},{"taxonomy":"post_tag","embeddable":true,"href":"https:\/\/infoecos.com.ar\/index.php\/wp-json\/wp\/v2\/tags?post=87082"}],"curies":[{"name":"wp","href":"https:\/\/api.w.org\/{rel}","templated":true}]}}