{"id":87337,"date":"2021-10-02T14:28:49","date_gmt":"2021-10-02T17:28:49","guid":{"rendered":"http:\/\/infoecos.com.ar\/?p=87337"},"modified":"2021-10-04T06:08:56","modified_gmt":"2021-10-04T09:08:56","slug":"jamas-la-guardia-nos-debe-encontrar-desacomodados-dijo-el-doctor-prosperi-en-su-agradecimiento-a-la-comunidad","status":"publish","type":"post","link":"https:\/\/infoecos.com.ar\/index.php\/jamas-la-guardia-nos-debe-encontrar-desacomodados-dijo-el-doctor-prosperi-en-su-agradecimiento-a-la-comunidad\/","title":{"rendered":"\u00abJam\u00e1s la guardia nos debe encontrar desacomodados\u00bb, dijo el doctor Pr\u00f3speri en su agradecimiento a la comunidad"},"content":{"rendered":"\n<p>El Dr. Osvaldo Pr\u00f3speri, agradeci\u00f3 a la comunidad y a quienes impulsaron su nombre para que la Guardia del Hospital de 30 de Agosto lleve su nombre.<\/p>\n\n\n\n<p>\u201cEs importante que los que estamos en la comunidad, pero que ya no somos miembros del staff del Hospital, mantengamos y sigamos transmitiendo esa vivencia, intensidad y ese afecto por el hacer y asistir, sobre todo en la esfera rural, al doliente\u201d, se\u00f1al\u00f3 el profesional al hacer uso de la palabra.<\/p>\n\n\n\n<div class=\"wp-block-image\"><figure class=\"aligncenter size-medium\"><img loading=\"lazy\" decoding=\"async\" width=\"460\" height=\"307\" src=\"http:\/\/infoecos.com.ar\/wp-content\/uploads\/2021\/10\/Eguiguren-6-460x307.jpg\" alt=\"\" class=\"wp-image-87338\" srcset=\"https:\/\/infoecos.com.ar\/wp-content\/uploads\/2021\/10\/Eguiguren-6-460x307.jpg 460w, https:\/\/infoecos.com.ar\/wp-content\/uploads\/2021\/10\/Eguiguren-6-920x613.jpg 920w, https:\/\/infoecos.com.ar\/wp-content\/uploads\/2021\/10\/Eguiguren-6-768x512.jpg 768w, https:\/\/infoecos.com.ar\/wp-content\/uploads\/2021\/10\/Eguiguren-6-1024x682.jpg 1024w, https:\/\/infoecos.com.ar\/wp-content\/uploads\/2021\/10\/Eguiguren-6-675x450.jpg 675w, https:\/\/infoecos.com.ar\/wp-content\/uploads\/2021\/10\/Eguiguren-6.jpg 1280w\" sizes=\"(max-width: 460px) 100vw, 460px\" \/><\/figure><\/div>\n\n\n\n<p>\u201cEn una profesi\u00f3n que es tan vocacional como la medicina, es importante que todos los que forman parte de un equipo de salud se sientan imbuidos de llevar un mismo logo, que ser\u00eda como el logo que ten\u00edan los Cruzados, que ten\u00edan esa cruz en el pecho, nosotros la tenemos que llevar en el coraz\u00f3n y debe ser el logo del Hospital Eguiguren porque nos va a hacer sentir capaces de superarnos a nosotros mismos d\u00eda tras d\u00eda\u201d, se\u00f1al\u00f3 el doctor Pr\u00f3speri.<\/p>\n\n\n\n<p>Consider\u00f3 que \u201cnuestra obligaci\u00f3n trasciende lo que dicen los reglamentos escritos, va m\u00e1s all\u00e1 porque estamos trabajando, sobre todo en las guardias y en emergencias, con la vida del otro, mi semejante, mi amigo o compa\u00f1ero y creo que hay que sentirlos como a uno mismo\u201d, y en este aspecto valor\u00f3&nbsp; \u201cla eficiencia, la velocidad, concentraci\u00f3n y la atenci\u00f3n para poder brindar un mejor servicio a la comunidad de la que somos parte porque eso hace que podamos dar un paso de calidad en la salud y m\u00e1s cuando tenemos medios con los que antes no cont\u00e1bamos\u201d.<\/p>\n\n\n\n<div class=\"wp-block-image\"><figure class=\"aligncenter size-medium\"><img loading=\"lazy\" decoding=\"async\" width=\"460\" height=\"259\" src=\"http:\/\/infoecos.com.ar\/wp-content\/uploads\/2021\/10\/Eguiguren-9-460x259.jpg\" alt=\"\" class=\"wp-image-87339\" srcset=\"https:\/\/infoecos.com.ar\/wp-content\/uploads\/2021\/10\/Eguiguren-9-460x259.jpg 460w, https:\/\/infoecos.com.ar\/wp-content\/uploads\/2021\/10\/Eguiguren-9-920x518.jpg 920w, https:\/\/infoecos.com.ar\/wp-content\/uploads\/2021\/10\/Eguiguren-9-768x432.jpg 768w, https:\/\/infoecos.com.ar\/wp-content\/uploads\/2021\/10\/Eguiguren-9-1024x576.jpg 1024w, https:\/\/infoecos.com.ar\/wp-content\/uploads\/2021\/10\/Eguiguren-9.jpg 1280w\" sizes=\"(max-width: 460px) 100vw, 460px\" \/><\/figure><\/div>\n\n\n\n<p>Sostuvo que \u201cjam\u00e1s en la guardia nos deben encontrar desacomodados, ese es un axioma como tantos axiomas que tenemos\u201d, y remarc\u00f3 la importancia de ponerse en el lugar del otro y acompa\u00f1ar a la familia del paciente.<\/p>\n\n\n\n<p><\/p>\n","protected":false},"excerpt":{"rendered":"<p>Habl\u00f3 en el acto desarrollado este viernes en el Hospital Eguiguren de 30 de Agosto<\/p>\n","protected":false},"author":2,"featured_media":87338,"comment_status":"closed","ping_status":"open","sticky":false,"template":"","format":"standard","meta":{"footnotes":""},"categories":[199],"tags":[5336],"class_list":["post-87337","post","type-post","status-publish","format-standard","has-post-thumbnail","hentry","category-inferior7","tag-lleva-su-nombre-la-guardia-del-hospital"],"yoast_head":"<!-- This site is optimized with the Yoast SEO plugin v23.4 - https:\/\/yoast.com\/wordpress\/plugins\/seo\/ -->\n<title>&quot;Jam\u00e1s la guardia nos debe encontrar desacomodados&quot;, dijo el doctor Pr\u00f3speri en su agradecimiento a la comunidad - Infoecos<\/title>\n<meta name=\"robots\" content=\"index, follow, max-snippet:-1, max-image-preview:large, max-video-preview:-1\" \/>\n<link rel=\"canonical\" href=\"https:\/\/infoecos.com.ar\/index.php\/jamas-la-guardia-nos-debe-encontrar-desacomodados-dijo-el-doctor-prosperi-en-su-agradecimiento-a-la-comunidad\/\" \/>\n<meta property=\"og:locale\" content=\"es_ES\" \/>\n<meta property=\"og:type\" content=\"article\" \/>\n<meta property=\"og:title\" content=\"&quot;Jam\u00e1s la guardia nos debe encontrar desacomodados&quot;, dijo el doctor Pr\u00f3speri en su agradecimiento a la comunidad - Infoecos\" \/>\n<meta property=\"og:description\" content=\"Habl\u00f3 en el acto desarrollado este viernes en el Hospital Eguiguren de 30 de Agosto\" \/>\n<meta property=\"og:url\" content=\"https:\/\/infoecos.com.ar\/index.php\/jamas-la-guardia-nos-debe-encontrar-desacomodados-dijo-el-doctor-prosperi-en-su-agradecimiento-a-la-comunidad\/\" \/>\n<meta property=\"og:site_name\" content=\"Infoecos\" \/>\n<meta property=\"article:publisher\" content=\"https:\/\/www.facebook.com\/profile.php?id=100063200290284\" \/>\n<meta property=\"article:published_time\" content=\"2021-10-02T17:28:49+00:00\" \/>\n<meta property=\"article:modified_time\" content=\"2021-10-04T09:08:56+00:00\" \/>\n<meta property=\"og:image\" content=\"https:\/\/infoecos.com.ar\/wp-content\/uploads\/2021\/10\/Eguiguren-6.jpg\" \/>\n\t<meta property=\"og:image:width\" content=\"1280\" \/>\n\t<meta property=\"og:image:height\" content=\"853\" \/>\n\t<meta property=\"og:image:type\" content=\"image\/jpeg\" \/>\n<meta name=\"author\" content=\"Jorge Matheus\" \/>\n<meta name=\"twitter:card\" content=\"summary_large_image\" \/>\n<meta name=\"twitter:creator\" content=\"@infoecos\" \/>\n<meta name=\"twitter:site\" content=\"@infoecos\" \/>\n<meta name=\"twitter:label1\" content=\"Escrito por\" \/>\n\t<meta name=\"twitter:data1\" content=\"Jorge Matheus\" \/>\n\t<meta name=\"twitter:label2\" content=\"Tiempo de lectura\" \/>\n\t<meta name=\"twitter:data2\" content=\"2 minutos\" \/>\n<script type=\"application\/ld+json\" class=\"yoast-schema-graph\">{\"@context\":\"https:\/\/schema.org\",\"@graph\":[{\"@type\":\"Article\",\"@id\":\"https:\/\/infoecos.com.ar\/index.php\/jamas-la-guardia-nos-debe-encontrar-desacomodados-dijo-el-doctor-prosperi-en-su-agradecimiento-a-la-comunidad\/#article\",\"isPartOf\":{\"@id\":\"https:\/\/infoecos.com.ar\/index.php\/jamas-la-guardia-nos-debe-encontrar-desacomodados-dijo-el-doctor-prosperi-en-su-agradecimiento-a-la-comunidad\/\"},\"author\":{\"name\":\"Jorge Matheus\",\"@id\":\"https:\/\/infoecos.com.ar\/#\/schema\/person\/8f5ace5ce73b4b4aac4b7245aee6f191\"},\"headline\":\"\u00abJam\u00e1s la guardia nos debe encontrar desacomodados\u00bb, dijo el doctor Pr\u00f3speri en su agradecimiento a la comunidad\",\"datePublished\":\"2021-10-02T17:28:49+00:00\",\"dateModified\":\"2021-10-04T09:08:56+00:00\",\"mainEntityOfPage\":{\"@id\":\"https:\/\/infoecos.com.ar\/index.php\/jamas-la-guardia-nos-debe-encontrar-desacomodados-dijo-el-doctor-prosperi-en-su-agradecimiento-a-la-comunidad\/\"},\"wordCount\":333,\"publisher\":{\"@id\":\"https:\/\/infoecos.com.ar\/#organization\"},\"image\":{\"@id\":\"https:\/\/infoecos.com.ar\/index.php\/jamas-la-guardia-nos-debe-encontrar-desacomodados-dijo-el-doctor-prosperi-en-su-agradecimiento-a-la-comunidad\/#primaryimage\"},\"thumbnailUrl\":\"https:\/\/infoecos.com.ar\/wp-content\/uploads\/2021\/10\/Eguiguren-6.jpg\",\"keywords\":[\"LLEVA SU NOMBRE LA GUARDIA DEL HOSPITAL\"],\"articleSection\":[\"Bloque inferior - 7\"],\"inLanguage\":\"es\"},{\"@type\":\"WebPage\",\"@id\":\"https:\/\/infoecos.com.ar\/index.php\/jamas-la-guardia-nos-debe-encontrar-desacomodados-dijo-el-doctor-prosperi-en-su-agradecimiento-a-la-comunidad\/\",\"url\":\"https:\/\/infoecos.com.ar\/index.php\/jamas-la-guardia-nos-debe-encontrar-desacomodados-dijo-el-doctor-prosperi-en-su-agradecimiento-a-la-comunidad\/\",\"name\":\"\\\"Jam\u00e1s la guardia nos debe encontrar desacomodados\\\", dijo el doctor Pr\u00f3speri en su agradecimiento a la comunidad - Infoecos\",\"isPartOf\":{\"@id\":\"https:\/\/infoecos.com.ar\/#website\"},\"primaryImageOfPage\":{\"@id\":\"https:\/\/infoecos.com.ar\/index.php\/jamas-la-guardia-nos-debe-encontrar-desacomodados-dijo-el-doctor-prosperi-en-su-agradecimiento-a-la-comunidad\/#primaryimage\"},\"image\":{\"@id\":\"https:\/\/infoecos.com.ar\/index.php\/jamas-la-guardia-nos-debe-encontrar-desacomodados-dijo-el-doctor-prosperi-en-su-agradecimiento-a-la-comunidad\/#primaryimage\"},\"thumbnailUrl\":\"https:\/\/infoecos.com.ar\/wp-content\/uploads\/2021\/10\/Eguiguren-6.jpg\",\"datePublished\":\"2021-10-02T17:28:49+00:00\",\"dateModified\":\"2021-10-04T09:08:56+00:00\",\"breadcrumb\":{\"@id\":\"https:\/\/infoecos.com.ar\/index.php\/jamas-la-guardia-nos-debe-encontrar-desacomodados-dijo-el-doctor-prosperi-en-su-agradecimiento-a-la-comunidad\/#breadcrumb\"},\"inLanguage\":\"es\",\"potentialAction\":[{\"@type\":\"ReadAction\",\"target\":[\"https:\/\/infoecos.com.ar\/index.php\/jamas-la-guardia-nos-debe-encontrar-desacomodados-dijo-el-doctor-prosperi-en-su-agradecimiento-a-la-comunidad\/\"]}]},{\"@type\":\"ImageObject\",\"inLanguage\":\"es\",\"@id\":\"https:\/\/infoecos.com.ar\/index.php\/jamas-la-guardia-nos-debe-encontrar-desacomodados-dijo-el-doctor-prosperi-en-su-agradecimiento-a-la-comunidad\/#primaryimage\",\"url\":\"https:\/\/infoecos.com.ar\/wp-content\/uploads\/2021\/10\/Eguiguren-6.jpg\",\"contentUrl\":\"https:\/\/infoecos.com.ar\/wp-content\/uploads\/2021\/10\/Eguiguren-6.jpg\",\"width\":1280,\"height\":853},{\"@type\":\"BreadcrumbList\",\"@id\":\"https:\/\/infoecos.com.ar\/index.php\/jamas-la-guardia-nos-debe-encontrar-desacomodados-dijo-el-doctor-prosperi-en-su-agradecimiento-a-la-comunidad\/#breadcrumb\",\"itemListElement\":[{\"@type\":\"ListItem\",\"position\":1,\"name\":\"Portada\",\"item\":\"https:\/\/infoecos.com.ar\/\"},{\"@type\":\"ListItem\",\"position\":2,\"name\":\"\u00abJam\u00e1s la guardia nos debe encontrar desacomodados\u00bb, dijo el doctor Pr\u00f3speri en su agradecimiento a la comunidad\"}]},{\"@type\":\"WebSite\",\"@id\":\"https:\/\/infoecos.com.ar\/#website\",\"url\":\"https:\/\/infoecos.com.ar\/\",\"name\":\"Infoecos\",\"description\":\"Noticias de trenque lauquen y la zona\",\"publisher\":{\"@id\":\"https:\/\/infoecos.com.ar\/#organization\"},\"alternateName\":\"Noticias\",\"potentialAction\":[{\"@type\":\"SearchAction\",\"target\":{\"@type\":\"EntryPoint\",\"urlTemplate\":\"https:\/\/infoecos.com.ar\/?s={search_term_string}\"},\"query-input\":{\"@type\":\"PropertyValueSpecification\",\"valueRequired\":true,\"valueName\":\"search_term_string\"}}],\"inLanguage\":\"es\"},{\"@type\":\"Organization\",\"@id\":\"https:\/\/infoecos.com.ar\/#organization\",\"name\":\"Infoecos\",\"alternateName\":\"Noticias\",\"url\":\"https:\/\/infoecos.com.ar\/\",\"logo\":{\"@type\":\"ImageObject\",\"inLanguage\":\"es\",\"@id\":\"https:\/\/infoecos.com.ar\/#\/schema\/logo\/image\/\",\"url\":\"https:\/\/infoecos.com.ar\/wp-content\/uploads\/2024\/03\/cropped-logo.png\",\"contentUrl\":\"https:\/\/infoecos.com.ar\/wp-content\/uploads\/2024\/03\/cropped-logo.png\",\"width\":374,\"height\":90,\"caption\":\"Infoecos\"},\"image\":{\"@id\":\"https:\/\/infoecos.com.ar\/#\/schema\/logo\/image\/\"},\"sameAs\":[\"https:\/\/www.facebook.com\/profile.php?id=100063200290284\",\"https:\/\/x.com\/infoecos\"]},{\"@type\":\"Person\",\"@id\":\"https:\/\/infoecos.com.ar\/#\/schema\/person\/8f5ace5ce73b4b4aac4b7245aee6f191\",\"name\":\"Jorge Matheus\",\"url\":\"https:\/\/infoecos.com.ar\/index.php\/author\/jomatheus\/\"}]}<\/script>\n<!-- \/ Yoast SEO plugin. -->","yoast_head_json":{"title":"\"Jam\u00e1s la guardia nos debe encontrar desacomodados\", dijo el doctor Pr\u00f3speri en su agradecimiento a la comunidad - Infoecos","robots":{"index":"index","follow":"follow","max-snippet":"max-snippet:-1","max-image-preview":"max-image-preview:large","max-video-preview":"max-video-preview:-1"},"canonical":"https:\/\/infoecos.com.ar\/index.php\/jamas-la-guardia-nos-debe-encontrar-desacomodados-dijo-el-doctor-prosperi-en-su-agradecimiento-a-la-comunidad\/","og_locale":"es_ES","og_type":"article","og_title":"\"Jam\u00e1s la guardia nos debe encontrar desacomodados\", dijo el doctor Pr\u00f3speri en su agradecimiento a la comunidad - Infoecos","og_description":"Habl\u00f3 en el acto desarrollado este viernes en el Hospital Eguiguren de 30 de Agosto","og_url":"https:\/\/infoecos.com.ar\/index.php\/jamas-la-guardia-nos-debe-encontrar-desacomodados-dijo-el-doctor-prosperi-en-su-agradecimiento-a-la-comunidad\/","og_site_name":"Infoecos","article_publisher":"https:\/\/www.facebook.com\/profile.php?id=100063200290284","article_published_time":"2021-10-02T17:28:49+00:00","article_modified_time":"2021-10-04T09:08:56+00:00","og_image":[{"width":1280,"height":853,"url":"https:\/\/infoecos.com.ar\/wp-content\/uploads\/2021\/10\/Eguiguren-6.jpg","type":"image\/jpeg"}],"author":"Jorge Matheus","twitter_card":"summary_large_image","twitter_creator":"@infoecos","twitter_site":"@infoecos","twitter_misc":{"Escrito por":"Jorge Matheus","Tiempo de lectura":"2 minutos"},"schema":{"@context":"https:\/\/schema.org","@graph":[{"@type":"Article","@id":"https:\/\/infoecos.com.ar\/index.php\/jamas-la-guardia-nos-debe-encontrar-desacomodados-dijo-el-doctor-prosperi-en-su-agradecimiento-a-la-comunidad\/#article","isPartOf":{"@id":"https:\/\/infoecos.com.ar\/index.php\/jamas-la-guardia-nos-debe-encontrar-desacomodados-dijo-el-doctor-prosperi-en-su-agradecimiento-a-la-comunidad\/"},"author":{"name":"Jorge Matheus","@id":"https:\/\/infoecos.com.ar\/#\/schema\/person\/8f5ace5ce73b4b4aac4b7245aee6f191"},"headline":"\u00abJam\u00e1s la guardia nos debe encontrar desacomodados\u00bb, dijo el doctor Pr\u00f3speri en su agradecimiento a la comunidad","datePublished":"2021-10-02T17:28:49+00:00","dateModified":"2021-10-04T09:08:56+00:00","mainEntityOfPage":{"@id":"https:\/\/infoecos.com.ar\/index.php\/jamas-la-guardia-nos-debe-encontrar-desacomodados-dijo-el-doctor-prosperi-en-su-agradecimiento-a-la-comunidad\/"},"wordCount":333,"publisher":{"@id":"https:\/\/infoecos.com.ar\/#organization"},"image":{"@id":"https:\/\/infoecos.com.ar\/index.php\/jamas-la-guardia-nos-debe-encontrar-desacomodados-dijo-el-doctor-prosperi-en-su-agradecimiento-a-la-comunidad\/#primaryimage"},"thumbnailUrl":"https:\/\/infoecos.com.ar\/wp-content\/uploads\/2021\/10\/Eguiguren-6.jpg","keywords":["LLEVA SU NOMBRE LA GUARDIA DEL HOSPITAL"],"articleSection":["Bloque inferior - 7"],"inLanguage":"es"},{"@type":"WebPage","@id":"https:\/\/infoecos.com.ar\/index.php\/jamas-la-guardia-nos-debe-encontrar-desacomodados-dijo-el-doctor-prosperi-en-su-agradecimiento-a-la-comunidad\/","url":"https:\/\/infoecos.com.ar\/index.php\/jamas-la-guardia-nos-debe-encontrar-desacomodados-dijo-el-doctor-prosperi-en-su-agradecimiento-a-la-comunidad\/","name":"\"Jam\u00e1s la guardia nos debe encontrar desacomodados\", dijo el doctor Pr\u00f3speri en su agradecimiento a la comunidad - Infoecos","isPartOf":{"@id":"https:\/\/infoecos.com.ar\/#website"},"primaryImageOfPage":{"@id":"https:\/\/infoecos.com.ar\/index.php\/jamas-la-guardia-nos-debe-encontrar-desacomodados-dijo-el-doctor-prosperi-en-su-agradecimiento-a-la-comunidad\/#primaryimage"},"image":{"@id":"https:\/\/infoecos.com.ar\/index.php\/jamas-la-guardia-nos-debe-encontrar-desacomodados-dijo-el-doctor-prosperi-en-su-agradecimiento-a-la-comunidad\/#primaryimage"},"thumbnailUrl":"https:\/\/infoecos.com.ar\/wp-content\/uploads\/2021\/10\/Eguiguren-6.jpg","datePublished":"2021-10-02T17:28:49+00:00","dateModified":"2021-10-04T09:08:56+00:00","breadcrumb":{"@id":"https:\/\/infoecos.com.ar\/index.php\/jamas-la-guardia-nos-debe-encontrar-desacomodados-dijo-el-doctor-prosperi-en-su-agradecimiento-a-la-comunidad\/#breadcrumb"},"inLanguage":"es","potentialAction":[{"@type":"ReadAction","target":["https:\/\/infoecos.com.ar\/index.php\/jamas-la-guardia-nos-debe-encontrar-desacomodados-dijo-el-doctor-prosperi-en-su-agradecimiento-a-la-comunidad\/"]}]},{"@type":"ImageObject","inLanguage":"es","@id":"https:\/\/infoecos.com.ar\/index.php\/jamas-la-guardia-nos-debe-encontrar-desacomodados-dijo-el-doctor-prosperi-en-su-agradecimiento-a-la-comunidad\/#primaryimage","url":"https:\/\/infoecos.com.ar\/wp-content\/uploads\/2021\/10\/Eguiguren-6.jpg","contentUrl":"https:\/\/infoecos.com.ar\/wp-content\/uploads\/2021\/10\/Eguiguren-6.jpg","width":1280,"height":853},{"@type":"BreadcrumbList","@id":"https:\/\/infoecos.com.ar\/index.php\/jamas-la-guardia-nos-debe-encontrar-desacomodados-dijo-el-doctor-prosperi-en-su-agradecimiento-a-la-comunidad\/#breadcrumb","itemListElement":[{"@type":"ListItem","position":1,"name":"Portada","item":"https:\/\/infoecos.com.ar\/"},{"@type":"ListItem","position":2,"name":"\u00abJam\u00e1s la guardia nos debe encontrar desacomodados\u00bb, dijo el doctor Pr\u00f3speri en su agradecimiento a la comunidad"}]},{"@type":"WebSite","@id":"https:\/\/infoecos.com.ar\/#website","url":"https:\/\/infoecos.com.ar\/","name":"Infoecos","description":"Noticias de trenque lauquen y la zona","publisher":{"@id":"https:\/\/infoecos.com.ar\/#organization"},"alternateName":"Noticias","potentialAction":[{"@type":"SearchAction","target":{"@type":"EntryPoint","urlTemplate":"https:\/\/infoecos.com.ar\/?s={search_term_string}"},"query-input":{"@type":"PropertyValueSpecification","valueRequired":true,"valueName":"search_term_string"}}],"inLanguage":"es"},{"@type":"Organization","@id":"https:\/\/infoecos.com.ar\/#organization","name":"Infoecos","alternateName":"Noticias","url":"https:\/\/infoecos.com.ar\/","logo":{"@type":"ImageObject","inLanguage":"es","@id":"https:\/\/infoecos.com.ar\/#\/schema\/logo\/image\/","url":"https:\/\/infoecos.com.ar\/wp-content\/uploads\/2024\/03\/cropped-logo.png","contentUrl":"https:\/\/infoecos.com.ar\/wp-content\/uploads\/2024\/03\/cropped-logo.png","width":374,"height":90,"caption":"Infoecos"},"image":{"@id":"https:\/\/infoecos.com.ar\/#\/schema\/logo\/image\/"},"sameAs":["https:\/\/www.facebook.com\/profile.php?id=100063200290284","https:\/\/x.com\/infoecos"]},{"@type":"Person","@id":"https:\/\/infoecos.com.ar\/#\/schema\/person\/8f5ace5ce73b4b4aac4b7245aee6f191","name":"Jorge Matheus","url":"https:\/\/infoecos.com.ar\/index.php\/author\/jomatheus\/"}]}},"featured_image_urls":{"full":["https:\/\/infoecos.com.ar\/wp-content\/uploads\/2021\/10\/Eguiguren-6.jpg",1280,853,false],"thumbnail":["https:\/\/infoecos.com.ar\/wp-content\/uploads\/2021\/10\/Eguiguren-6-150x150.jpg",150,150,true],"medium":["https:\/\/infoecos.com.ar\/wp-content\/uploads\/2021\/10\/Eguiguren-6-460x307.jpg",460,307,true],"medium_large":["https:\/\/infoecos.com.ar\/wp-content\/uploads\/2021\/10\/Eguiguren-6-768x512.jpg",640,427,true],"large":["https:\/\/infoecos.com.ar\/wp-content\/uploads\/2021\/10\/Eguiguren-6-920x613.jpg",640,426,true],"1536x1536":["https:\/\/infoecos.com.ar\/wp-content\/uploads\/2021\/10\/Eguiguren-6.jpg",1280,853,false],"2048x2048":["https:\/\/infoecos.com.ar\/wp-content\/uploads\/2021\/10\/Eguiguren-6.jpg",1280,853,false],"covernews-slider-full":["https:\/\/infoecos.com.ar\/wp-content\/uploads\/2021\/10\/Eguiguren-6.jpg",1073,715,false],"covernews-slider-center":["https:\/\/infoecos.com.ar\/wp-content\/uploads\/2021\/10\/Eguiguren-6-936x853.jpg",549,500,true],"covernews-featured":["https:\/\/infoecos.com.ar\/wp-content\/uploads\/2021\/10\/Eguiguren-6-1024x682.jpg",1024,682,true],"covernews-medium":["https:\/\/infoecos.com.ar\/wp-content\/uploads\/2021\/10\/Eguiguren-6-720x380.jpg",540,285,true],"covernews-medium-square":["https:\/\/infoecos.com.ar\/wp-content\/uploads\/2021\/10\/Eguiguren-6-675x450.jpg",375,250,true]},"author_info":{"info":["Jorge Matheus"]},"category_info":"<a href=\"https:\/\/infoecos.com.ar\/index.php\/category\/inferior7\/\" rel=\"category tag\">Bloque inferior - 7<\/a>","tag_info":"Bloque inferior - 7","comment_count":"0","_links":{"self":[{"href":"https:\/\/infoecos.com.ar\/index.php\/wp-json\/wp\/v2\/posts\/87337"}],"collection":[{"href":"https:\/\/infoecos.com.ar\/index.php\/wp-json\/wp\/v2\/posts"}],"about":[{"href":"https:\/\/infoecos.com.ar\/index.php\/wp-json\/wp\/v2\/types\/post"}],"author":[{"embeddable":true,"href":"https:\/\/infoecos.com.ar\/index.php\/wp-json\/wp\/v2\/users\/2"}],"replies":[{"embeddable":true,"href":"https:\/\/infoecos.com.ar\/index.php\/wp-json\/wp\/v2\/comments?post=87337"}],"version-history":[{"count":2,"href":"https:\/\/infoecos.com.ar\/index.php\/wp-json\/wp\/v2\/posts\/87337\/revisions"}],"predecessor-version":[{"id":87362,"href":"https:\/\/infoecos.com.ar\/index.php\/wp-json\/wp\/v2\/posts\/87337\/revisions\/87362"}],"wp:featuredmedia":[{"embeddable":true,"href":"https:\/\/infoecos.com.ar\/index.php\/wp-json\/wp\/v2\/media\/87338"}],"wp:attachment":[{"href":"https:\/\/infoecos.com.ar\/index.php\/wp-json\/wp\/v2\/media?parent=87337"}],"wp:term":[{"taxonomy":"category","embeddable":true,"href":"https:\/\/infoecos.com.ar\/index.php\/wp-json\/wp\/v2\/categories?post=87337"},{"taxonomy":"post_tag","embeddable":true,"href":"https:\/\/infoecos.com.ar\/index.php\/wp-json\/wp\/v2\/tags?post=87337"}],"curies":[{"name":"wp","href":"https:\/\/api.w.org\/{rel}","templated":true}]}}