{"id":87371,"date":"2021-10-02T17:11:46","date_gmt":"2021-10-02T20:11:46","guid":{"rendered":"http:\/\/infoecos.com.ar\/?p=87371"},"modified":"2021-10-03T16:19:16","modified_gmt":"2021-10-03T19:19:16","slug":"sesiono-el-concejo-deliberante-de-trenque-lauquen-paso-a-comision-el-proyecto-de-compra-de-4-hectareas-en-30-de-agosto","status":"publish","type":"post","link":"https:\/\/infoecos.com.ar\/index.php\/sesiono-el-concejo-deliberante-de-trenque-lauquen-paso-a-comision-el-proyecto-de-compra-de-4-hectareas-en-30-de-agosto\/","title":{"rendered":"Sesion\u00f3 el Concejo Deliberante de Trenque Lauquen: pas\u00f3 a comisi\u00f3n el proyecto de compra de 4 hect\u00e1reas en 30 de Agosto"},"content":{"rendered":"\n<p>Los concejales de Trenque Lauquen sancionaron este viernes una serie de obras p\u00fablicas para el distrito, autorizaron varias donaciones y convalidaron solicitudes para el Departamento Ejecutivo, en el marco de la 13ra. Sesi\u00f3n Ordinaria.<\/p>\n\n\n\n<div class=\"wp-block-image\"><figure class=\"aligncenter size-medium\"><img loading=\"lazy\" decoding=\"async\" width=\"460\" height=\"345\" src=\"http:\/\/infoecos.com.ar\/wp-content\/uploads\/2021\/10\/concsesi-460x345.jpg\" alt=\"\" class=\"wp-image-87372\" srcset=\"https:\/\/infoecos.com.ar\/wp-content\/uploads\/2021\/10\/concsesi-460x345.jpg 460w, https:\/\/infoecos.com.ar\/wp-content\/uploads\/2021\/10\/concsesi-920x690.jpg 920w, https:\/\/infoecos.com.ar\/wp-content\/uploads\/2021\/10\/concsesi-768x576.jpg 768w, https:\/\/infoecos.com.ar\/wp-content\/uploads\/2021\/10\/concsesi-1024x768.jpg 1024w, https:\/\/infoecos.com.ar\/wp-content\/uploads\/2021\/10\/concsesi.jpg 1204w\" sizes=\"(max-width: 460px) 100vw, 460px\" \/><\/figure><\/div>\n\n\n\n<p>Entre las iniciativas aprobadas por el Cuerpo, se encuentra una propuesta para incorporar dos tumbas del cementerio de Beruti al Patrimonio Cultural del distrito; una prohibici\u00f3n para el estacionamiento en la v\u00eda p\u00fablica de veh\u00edculos retenidos por autoridad Policial, Judicial y\/o Municipal; una solicitud para que la Comuna coloque juegos biosaludables en Girod\u00edas; la obra de extensi\u00f3n de la red de gas natural para los inmuebles ubicados en la Quinta 303, denominada \u201cLomas de San Benito &#8211; Quintas del Sur\u201d; y la obra de construcci\u00f3n de Cord\u00f3n Cuneta, en calle Mollard entre Carlos Casares y Emiliano S\u00e1ez (ambas aceras), de nuestra ciudad.<\/p>\n\n\n\n<div class=\"wp-block-image\"><figure class=\"aligncenter size-medium\"><img loading=\"lazy\" decoding=\"async\" width=\"460\" height=\"345\" src=\"http:\/\/infoecos.com.ar\/wp-content\/uploads\/2021\/10\/concerom-460x345.jpg\" alt=\"\" class=\"wp-image-87373\" srcset=\"https:\/\/infoecos.com.ar\/wp-content\/uploads\/2021\/10\/concerom-460x345.jpg 460w, https:\/\/infoecos.com.ar\/wp-content\/uploads\/2021\/10\/concerom-920x690.jpg 920w, https:\/\/infoecos.com.ar\/wp-content\/uploads\/2021\/10\/concerom-768x576.jpg 768w, https:\/\/infoecos.com.ar\/wp-content\/uploads\/2021\/10\/concerom-1024x768.jpg 1024w, https:\/\/infoecos.com.ar\/wp-content\/uploads\/2021\/10\/concerom.jpg 1204w\" sizes=\"(max-width: 460px) 100vw, 460px\" \/><\/figure><\/div>\n\n\n\n<p>Adem\u00e1s, los ediles autorizaron las siguientes donaciones: de la Dr. Estela Zambiasio Mualen y el Cr. Alfredo Luis Zambiasio Mualen, de un piano de pared y una partitura original del vals lento para piano y orquesta \u201cAdoraci\u00f3n\u201d, que perteneciera a su se\u00f1ora madre Rita Mualen de Zambiasio, con destino al Museo \u201cAlmafuerte\u201d; de la Sra. Clara Odriozola, de 9 sombreros y 10 carteras que pasar\u00e1n a formar parte del Museo C\u00edvico \u201cAlmafuerte\u201d; del Dr. Rodolfo Mart\u00ednez, de 4 Ox\u00edmetros con destino al Hospital Municipal; y de LIPOLCC Filial Trenque Lauquen, de un concentrador de Ox\u00edgeno tambi\u00e9n con destino al Hospital Municipal.<\/p>\n\n\n\n<div class=\"wp-block-image\"><figure class=\"aligncenter size-medium\"><img loading=\"lazy\" decoding=\"async\" width=\"460\" height=\"345\" src=\"http:\/\/infoecos.com.ar\/wp-content\/uploads\/2021\/10\/concms-460x345.jpg\" alt=\"\" class=\"wp-image-87374\" srcset=\"https:\/\/infoecos.com.ar\/wp-content\/uploads\/2021\/10\/concms-460x345.jpg 460w, https:\/\/infoecos.com.ar\/wp-content\/uploads\/2021\/10\/concms-920x690.jpg 920w, https:\/\/infoecos.com.ar\/wp-content\/uploads\/2021\/10\/concms-768x576.jpg 768w, https:\/\/infoecos.com.ar\/wp-content\/uploads\/2021\/10\/concms-1024x768.jpg 1024w, https:\/\/infoecos.com.ar\/wp-content\/uploads\/2021\/10\/concms.jpg 1204w\" sizes=\"(max-width: 460px) 100vw, 460px\" \/><\/figure><\/div>\n\n\n\n<p>Los concejales enviaron al Archivo un pedido para que el Municipio ejecute la demarcaci\u00f3n con l\u00edneas amarillas del Centro de Rehabilitaci\u00f3n \u201cJorge Barracchia\u201d; e ingresaron sobre tablas a la Comisi\u00f3n de Obras una iniciativa de Ordenanza remitida por el Departamento Ejecutivo, consistente en una autorizaci\u00f3n para la adquisici\u00f3n de un inmueble en 30 de Agosto.<\/p>\n\n\n\n<div class=\"wp-block-image\"><figure class=\"aligncenter size-medium\"><img loading=\"lazy\" decoding=\"async\" width=\"460\" height=\"345\" src=\"http:\/\/infoecos.com.ar\/wp-content\/uploads\/2021\/10\/conccf-460x345.jpg\" alt=\"\" class=\"wp-image-87375\" srcset=\"https:\/\/infoecos.com.ar\/wp-content\/uploads\/2021\/10\/conccf-460x345.jpg 460w, https:\/\/infoecos.com.ar\/wp-content\/uploads\/2021\/10\/conccf-920x690.jpg 920w, https:\/\/infoecos.com.ar\/wp-content\/uploads\/2021\/10\/conccf-768x576.jpg 768w, https:\/\/infoecos.com.ar\/wp-content\/uploads\/2021\/10\/conccf-1024x768.jpg 1024w, https:\/\/infoecos.com.ar\/wp-content\/uploads\/2021\/10\/conccf.jpg 1204w\" sizes=\"(max-width: 460px) 100vw, 460px\" \/><\/figure><\/div>\n\n\n\n<p>La 13ra. Sesi\u00f3n concluy\u00f3 con el tratamiento y aprobaci\u00f3n de cuatro pedidos para el Departamento Ejecutivo: que ejecute obras de asfaltado en las calles principales de la Ampliaci\u00f3n Urbana; que dote de juegos infantiles, juegos inclusivos, iluminaci\u00f3n, wifi libre, bancos y forestaci\u00f3n para poner en valor la Plaza de Trong\u00e9; que remita un informe sobre las actuaciones realizadas sobre la aplicaci\u00f3n de agroqu\u00edmicos realizada el16 de septiembre pasado en inmediaciones de la Escuela n\u00b0 37 de Colonia El Mate; y que informe acerca del Parque Automotor municipal.<\/p>\n\n\n\n<div class=\"wp-block-image\"><figure class=\"aligncenter size-medium\"><img loading=\"lazy\" decoding=\"async\" width=\"460\" height=\"345\" src=\"http:\/\/infoecos.com.ar\/wp-content\/uploads\/2021\/10\/concse-460x345.jpg\" alt=\"\" class=\"wp-image-87376\" srcset=\"https:\/\/infoecos.com.ar\/wp-content\/uploads\/2021\/10\/concse-460x345.jpg 460w, https:\/\/infoecos.com.ar\/wp-content\/uploads\/2021\/10\/concse-920x690.jpg 920w, https:\/\/infoecos.com.ar\/wp-content\/uploads\/2021\/10\/concse-768x576.jpg 768w, https:\/\/infoecos.com.ar\/wp-content\/uploads\/2021\/10\/concse-1024x768.jpg 1024w, https:\/\/infoecos.com.ar\/wp-content\/uploads\/2021\/10\/concse.jpg 1204w\" sizes=\"(max-width: 460px) 100vw, 460px\" \/><\/figure><\/div>\n\n\n\n<p>Tambi\u00e9n fue sancionada una solicitud a la Fiscal\u00eda General, al Comisario, y al Ministerio de Seguridad de la Provincia, para que informen a la brevedad posible, si existen denuncias realizadas y\/o investigaciones en curso acerca de hechos vand\u00e1licos, robos o roturas de silo bolsa sucedidos en el distrito en los \u00faltimos meses.<\/p>\n\n\n\n<figure class=\"wp-block-gallery columns-3 is-cropped wp-block-gallery-1 is-layout-flex wp-block-gallery-is-layout-flex\"><ul class=\"blocks-gallery-grid\"><li class=\"blocks-gallery-item\"><figure><img loading=\"lazy\" decoding=\"async\" width=\"920\" height=\"690\" src=\"http:\/\/infoecos.com.ar\/wp-content\/uploads\/2021\/10\/conccf-1-920x690.jpg\" alt=\"\" data-id=\"87377\" data-full-url=\"http:\/\/infoecos.com.ar\/wp-content\/uploads\/2021\/10\/conccf-1.jpg\" data-link=\"http:\/\/infoecos.com.ar\/?attachment_id=87377\" class=\"wp-image-87377\" srcset=\"https:\/\/infoecos.com.ar\/wp-content\/uploads\/2021\/10\/conccf-1-920x690.jpg 920w, https:\/\/infoecos.com.ar\/wp-content\/uploads\/2021\/10\/conccf-1-460x345.jpg 460w, https:\/\/infoecos.com.ar\/wp-content\/uploads\/2021\/10\/conccf-1-768x576.jpg 768w, https:\/\/infoecos.com.ar\/wp-content\/uploads\/2021\/10\/conccf-1-1024x768.jpg 1024w, https:\/\/infoecos.com.ar\/wp-content\/uploads\/2021\/10\/conccf-1.jpg 1204w\" sizes=\"(max-width: 920px) 100vw, 920px\" \/><figcaption class=\"blocks-gallery-item__caption\">Claudio Figal<\/figcaption><\/figure><\/li><li class=\"blocks-gallery-item\"><figure><img loading=\"lazy\" decoding=\"async\" width=\"920\" height=\"690\" src=\"http:\/\/infoecos.com.ar\/wp-content\/uploads\/2021\/10\/concerom-1-920x690.jpg\" alt=\"\" data-id=\"87378\" data-full-url=\"http:\/\/infoecos.com.ar\/wp-content\/uploads\/2021\/10\/concerom-1.jpg\" data-link=\"http:\/\/infoecos.com.ar\/?attachment_id=87378\" class=\"wp-image-87378\" srcset=\"https:\/\/infoecos.com.ar\/wp-content\/uploads\/2021\/10\/concerom-1-920x690.jpg 920w, https:\/\/infoecos.com.ar\/wp-content\/uploads\/2021\/10\/concerom-1-460x345.jpg 460w, https:\/\/infoecos.com.ar\/wp-content\/uploads\/2021\/10\/concerom-1-768x576.jpg 768w, https:\/\/infoecos.com.ar\/wp-content\/uploads\/2021\/10\/concerom-1-1024x768.jpg 1024w, https:\/\/infoecos.com.ar\/wp-content\/uploads\/2021\/10\/concerom-1.jpg 1204w\" sizes=\"(max-width: 920px) 100vw, 920px\" \/><figcaption class=\"blocks-gallery-item__caption\">Alberto Rodr\u00edguez Mera<\/figcaption><\/figure><\/li><li class=\"blocks-gallery-item\"><figure><img loading=\"lazy\" decoding=\"async\" width=\"920\" height=\"690\" src=\"http:\/\/infoecos.com.ar\/wp-content\/uploads\/2021\/10\/concms-1-920x690.jpg\" alt=\"\" data-id=\"87379\" data-full-url=\"http:\/\/infoecos.com.ar\/wp-content\/uploads\/2021\/10\/concms-1.jpg\" data-link=\"http:\/\/infoecos.com.ar\/?attachment_id=87379\" class=\"wp-image-87379\" srcset=\"https:\/\/infoecos.com.ar\/wp-content\/uploads\/2021\/10\/concms-1-920x690.jpg 920w, https:\/\/infoecos.com.ar\/wp-content\/uploads\/2021\/10\/concms-1-460x345.jpg 460w, https:\/\/infoecos.com.ar\/wp-content\/uploads\/2021\/10\/concms-1-768x576.jpg 768w, https:\/\/infoecos.com.ar\/wp-content\/uploads\/2021\/10\/concms-1-1024x768.jpg 1024w, https:\/\/infoecos.com.ar\/wp-content\/uploads\/2021\/10\/concms-1.jpg 1204w\" sizes=\"(max-width: 920px) 100vw, 920px\" \/><figcaption class=\"blocks-gallery-item__caption\">Mart\u00edn Sotullo<\/figcaption><\/figure><\/li><li class=\"blocks-gallery-item\"><figure><img loading=\"lazy\" decoding=\"async\" width=\"920\" height=\"690\" src=\"http:\/\/infoecos.com.ar\/wp-content\/uploads\/2021\/10\/concse-1-920x690.jpg\" alt=\"\" data-id=\"87380\" data-full-url=\"http:\/\/infoecos.com.ar\/wp-content\/uploads\/2021\/10\/concse-1.jpg\" data-link=\"http:\/\/infoecos.com.ar\/?attachment_id=87380\" class=\"wp-image-87380\" srcset=\"https:\/\/infoecos.com.ar\/wp-content\/uploads\/2021\/10\/concse-1-920x690.jpg 920w, https:\/\/infoecos.com.ar\/wp-content\/uploads\/2021\/10\/concse-1-460x345.jpg 460w, https:\/\/infoecos.com.ar\/wp-content\/uploads\/2021\/10\/concse-1-768x576.jpg 768w, https:\/\/infoecos.com.ar\/wp-content\/uploads\/2021\/10\/concse-1-1024x768.jpg 1024w, https:\/\/infoecos.com.ar\/wp-content\/uploads\/2021\/10\/concse-1.jpg 1204w\" sizes=\"(max-width: 920px) 100vw, 920px\" \/><figcaption class=\"blocks-gallery-item__caption\">Sesi\u00f3n Concejo Deliberante<\/figcaption><\/figure><\/li><li class=\"blocks-gallery-item\"><figure><img loading=\"lazy\" decoding=\"async\" width=\"920\" height=\"690\" src=\"http:\/\/infoecos.com.ar\/wp-content\/uploads\/2021\/10\/concses-920x690.jpg\" alt=\"\" data-id=\"87381\" data-full-url=\"http:\/\/infoecos.com.ar\/wp-content\/uploads\/2021\/10\/concses.jpg\" data-link=\"http:\/\/infoecos.com.ar\/?attachment_id=87381\" class=\"wp-image-87381\" srcset=\"https:\/\/infoecos.com.ar\/wp-content\/uploads\/2021\/10\/concses-920x690.jpg 920w, https:\/\/infoecos.com.ar\/wp-content\/uploads\/2021\/10\/concses-460x345.jpg 460w, https:\/\/infoecos.com.ar\/wp-content\/uploads\/2021\/10\/concses-768x576.jpg 768w, https:\/\/infoecos.com.ar\/wp-content\/uploads\/2021\/10\/concses-1024x768.jpg 1024w, https:\/\/infoecos.com.ar\/wp-content\/uploads\/2021\/10\/concses.jpg 1204w\" sizes=\"(max-width: 920px) 100vw, 920px\" \/><figcaption class=\"blocks-gallery-item__caption\">Sesi\u00f3n Concejo Deliberante<\/figcaption><\/figure><\/li><li class=\"blocks-gallery-item\"><figure><img loading=\"lazy\" decoding=\"async\" width=\"920\" height=\"690\" src=\"http:\/\/infoecos.com.ar\/wp-content\/uploads\/2021\/10\/concses1-920x690.jpg\" alt=\"\" data-id=\"87382\" data-full-url=\"http:\/\/infoecos.com.ar\/wp-content\/uploads\/2021\/10\/concses1.jpg\" data-link=\"http:\/\/infoecos.com.ar\/?attachment_id=87382\" class=\"wp-image-87382\" srcset=\"https:\/\/infoecos.com.ar\/wp-content\/uploads\/2021\/10\/concses1-920x690.jpg 920w, https:\/\/infoecos.com.ar\/wp-content\/uploads\/2021\/10\/concses1-460x345.jpg 460w, https:\/\/infoecos.com.ar\/wp-content\/uploads\/2021\/10\/concses1-768x576.jpg 768w, https:\/\/infoecos.com.ar\/wp-content\/uploads\/2021\/10\/concses1-1024x768.jpg 1024w, https:\/\/infoecos.com.ar\/wp-content\/uploads\/2021\/10\/concses1.jpg 1204w\" sizes=\"(max-width: 920px) 100vw, 920px\" \/><figcaption class=\"blocks-gallery-item__caption\">Ariel Luna<\/figcaption><\/figure><\/li><li class=\"blocks-gallery-item\"><figure><img loading=\"lazy\" decoding=\"async\" width=\"920\" height=\"690\" src=\"http:\/\/infoecos.com.ar\/wp-content\/uploads\/2021\/10\/concsesi-1-920x690.jpg\" alt=\"\" data-id=\"87383\" data-full-url=\"http:\/\/infoecos.com.ar\/wp-content\/uploads\/2021\/10\/concsesi-1.jpg\" data-link=\"http:\/\/infoecos.com.ar\/?attachment_id=87383\" class=\"wp-image-87383\" srcset=\"https:\/\/infoecos.com.ar\/wp-content\/uploads\/2021\/10\/concsesi-1-920x690.jpg 920w, https:\/\/infoecos.com.ar\/wp-content\/uploads\/2021\/10\/concsesi-1-460x345.jpg 460w, https:\/\/infoecos.com.ar\/wp-content\/uploads\/2021\/10\/concsesi-1-768x576.jpg 768w, https:\/\/infoecos.com.ar\/wp-content\/uploads\/2021\/10\/concsesi-1-1024x768.jpg 1024w, https:\/\/infoecos.com.ar\/wp-content\/uploads\/2021\/10\/concsesi-1.jpg 1204w\" sizes=\"(max-width: 920px) 100vw, 920px\" \/><figcaption class=\"blocks-gallery-item__caption\">Sesi\u00f3n Concejo Deliberante<\/figcaption><\/figure><\/li><li class=\"blocks-gallery-item\"><figure><img loading=\"lazy\" decoding=\"async\" width=\"920\" height=\"690\" src=\"http:\/\/infoecos.com.ar\/wp-content\/uploads\/2021\/10\/concsesion-920x690.jpg\" alt=\"\" data-id=\"87384\" data-full-url=\"http:\/\/infoecos.com.ar\/wp-content\/uploads\/2021\/10\/concsesion.jpg\" data-link=\"http:\/\/infoecos.com.ar\/?attachment_id=87384\" class=\"wp-image-87384\" srcset=\"https:\/\/infoecos.com.ar\/wp-content\/uploads\/2021\/10\/concsesion-920x690.jpg 920w, https:\/\/infoecos.com.ar\/wp-content\/uploads\/2021\/10\/concsesion-460x345.jpg 460w, https:\/\/infoecos.com.ar\/wp-content\/uploads\/2021\/10\/concsesion-768x576.jpg 768w, https:\/\/infoecos.com.ar\/wp-content\/uploads\/2021\/10\/concsesion-1024x768.jpg 1024w, https:\/\/infoecos.com.ar\/wp-content\/uploads\/2021\/10\/concsesion.jpg 1204w\" sizes=\"(max-width: 920px) 100vw, 920px\" \/><figcaption class=\"blocks-gallery-item__caption\">Sesi\u00f3n Concejo Deliberante<\/figcaption><\/figure><\/li><li class=\"blocks-gallery-item\"><figure><img loading=\"lazy\" decoding=\"async\" width=\"920\" height=\"690\" src=\"http:\/\/infoecos.com.ar\/wp-content\/uploads\/2021\/10\/concsesion2-920x690.jpg\" alt=\"\" data-id=\"87385\" data-full-url=\"http:\/\/infoecos.com.ar\/wp-content\/uploads\/2021\/10\/concsesion2.jpg\" data-link=\"http:\/\/infoecos.com.ar\/?attachment_id=87385\" class=\"wp-image-87385\" srcset=\"https:\/\/infoecos.com.ar\/wp-content\/uploads\/2021\/10\/concsesion2-920x690.jpg 920w, https:\/\/infoecos.com.ar\/wp-content\/uploads\/2021\/10\/concsesion2-460x345.jpg 460w, https:\/\/infoecos.com.ar\/wp-content\/uploads\/2021\/10\/concsesion2-768x576.jpg 768w, https:\/\/infoecos.com.ar\/wp-content\/uploads\/2021\/10\/concsesion2-1024x768.jpg 1024w, https:\/\/infoecos.com.ar\/wp-content\/uploads\/2021\/10\/concsesion2.jpg 1204w\" sizes=\"(max-width: 920px) 100vw, 920px\" \/><figcaption class=\"blocks-gallery-item__caption\">Pablo Larrosa<\/figcaption><\/figure><\/li><li class=\"blocks-gallery-item\"><figure><img loading=\"lazy\" decoding=\"async\" width=\"920\" height=\"690\" src=\"http:\/\/infoecos.com.ar\/wp-content\/uploads\/2021\/10\/concsesion3-920x690.jpg\" alt=\"\" data-id=\"87386\" data-full-url=\"http:\/\/infoecos.com.ar\/wp-content\/uploads\/2021\/10\/concsesion3.jpg\" data-link=\"http:\/\/infoecos.com.ar\/?attachment_id=87386\" class=\"wp-image-87386\" srcset=\"https:\/\/infoecos.com.ar\/wp-content\/uploads\/2021\/10\/concsesion3-920x690.jpg 920w, https:\/\/infoecos.com.ar\/wp-content\/uploads\/2021\/10\/concsesion3-460x345.jpg 460w, https:\/\/infoecos.com.ar\/wp-content\/uploads\/2021\/10\/concsesion3-768x576.jpg 768w, https:\/\/infoecos.com.ar\/wp-content\/uploads\/2021\/10\/concsesion3-1024x768.jpg 1024w, https:\/\/infoecos.com.ar\/wp-content\/uploads\/2021\/10\/concsesion3.jpg 1204w\" sizes=\"(max-width: 920px) 100vw, 920px\" \/><figcaption class=\"blocks-gallery-item__caption\">Carolina G\u00f3mez<\/figcaption><\/figure><\/li><\/ul><\/figure>\n","protected":false},"excerpt":{"rendered":"<p>Los concejales sancionaron este viernes una serie de obras p\u00fablicas para el distrito, autorizaron varias donaciones y convalidaron solicitudes para el Departamento Ejecutivo<\/p>\n","protected":false},"author":2,"featured_media":87384,"comment_status":"closed","ping_status":"open","sticky":false,"template":"","format":"standard","meta":{"footnotes":""},"categories":[1326],"tags":[5340],"class_list":["post-87371","post","type-post","status-publish","format-standard","has-post-thumbnail","hentry","category-c2nota6","tag-el-informe-oficial-del-area-de-prensa"],"yoast_head":"<!-- This site is optimized with the Yoast SEO plugin v23.4 - https:\/\/yoast.com\/wordpress\/plugins\/seo\/ -->\n<title>Sesion\u00f3 el Concejo Deliberante de Trenque Lauquen: pas\u00f3 a comisi\u00f3n el proyecto de compra de 4 hect\u00e1reas en 30 de Agosto - Infoecos<\/title>\n<meta name=\"robots\" content=\"index, follow, max-snippet:-1, max-image-preview:large, max-video-preview:-1\" \/>\n<link rel=\"canonical\" href=\"https:\/\/infoecos.com.ar\/index.php\/sesiono-el-concejo-deliberante-de-trenque-lauquen-paso-a-comision-el-proyecto-de-compra-de-4-hectareas-en-30-de-agosto\/\" \/>\n<meta property=\"og:locale\" content=\"es_ES\" \/>\n<meta property=\"og:type\" content=\"article\" \/>\n<meta property=\"og:title\" content=\"Sesion\u00f3 el Concejo Deliberante de Trenque Lauquen: pas\u00f3 a comisi\u00f3n el proyecto de compra de 4 hect\u00e1reas en 30 de Agosto - Infoecos\" \/>\n<meta property=\"og:description\" content=\"Los concejales sancionaron este viernes una serie de obras p\u00fablicas para el distrito, autorizaron varias donaciones y convalidaron solicitudes para el Departamento Ejecutivo\" \/>\n<meta property=\"og:url\" content=\"https:\/\/infoecos.com.ar\/index.php\/sesiono-el-concejo-deliberante-de-trenque-lauquen-paso-a-comision-el-proyecto-de-compra-de-4-hectareas-en-30-de-agosto\/\" \/>\n<meta property=\"og:site_name\" content=\"Infoecos\" \/>\n<meta property=\"article:publisher\" content=\"https:\/\/www.facebook.com\/profile.php?id=100063200290284\" \/>\n<meta property=\"article:published_time\" content=\"2021-10-02T20:11:46+00:00\" \/>\n<meta property=\"article:modified_time\" content=\"2021-10-03T19:19:16+00:00\" \/>\n<meta property=\"og:image\" content=\"https:\/\/infoecos.com.ar\/wp-content\/uploads\/2021\/10\/concsesion.jpg\" \/>\n\t<meta property=\"og:image:width\" content=\"1204\" \/>\n\t<meta property=\"og:image:height\" content=\"903\" \/>\n\t<meta property=\"og:image:type\" content=\"image\/jpeg\" \/>\n<meta name=\"author\" content=\"Jorge Matheus\" \/>\n<meta name=\"twitter:card\" content=\"summary_large_image\" \/>\n<meta name=\"twitter:creator\" content=\"@infoecos\" \/>\n<meta name=\"twitter:site\" content=\"@infoecos\" \/>\n<meta name=\"twitter:label1\" content=\"Escrito por\" \/>\n\t<meta name=\"twitter:data1\" content=\"Jorge Matheus\" \/>\n\t<meta name=\"twitter:label2\" content=\"Tiempo de lectura\" \/>\n\t<meta name=\"twitter:data2\" content=\"2 minutos\" \/>\n<script type=\"application\/ld+json\" class=\"yoast-schema-graph\">{\"@context\":\"https:\/\/schema.org\",\"@graph\":[{\"@type\":\"Article\",\"@id\":\"https:\/\/infoecos.com.ar\/index.php\/sesiono-el-concejo-deliberante-de-trenque-lauquen-paso-a-comision-el-proyecto-de-compra-de-4-hectareas-en-30-de-agosto\/#article\",\"isPartOf\":{\"@id\":\"https:\/\/infoecos.com.ar\/index.php\/sesiono-el-concejo-deliberante-de-trenque-lauquen-paso-a-comision-el-proyecto-de-compra-de-4-hectareas-en-30-de-agosto\/\"},\"author\":{\"name\":\"Jorge Matheus\",\"@id\":\"https:\/\/infoecos.com.ar\/#\/schema\/person\/8f5ace5ce73b4b4aac4b7245aee6f191\"},\"headline\":\"Sesion\u00f3 el Concejo Deliberante de Trenque Lauquen: pas\u00f3 a comisi\u00f3n el proyecto de compra de 4 hect\u00e1reas en 30 de Agosto\",\"datePublished\":\"2021-10-02T20:11:46+00:00\",\"dateModified\":\"2021-10-03T19:19:16+00:00\",\"mainEntityOfPage\":{\"@id\":\"https:\/\/infoecos.com.ar\/index.php\/sesiono-el-concejo-deliberante-de-trenque-lauquen-paso-a-comision-el-proyecto-de-compra-de-4-hectareas-en-30-de-agosto\/\"},\"wordCount\":516,\"publisher\":{\"@id\":\"https:\/\/infoecos.com.ar\/#organization\"},\"image\":{\"@id\":\"https:\/\/infoecos.com.ar\/index.php\/sesiono-el-concejo-deliberante-de-trenque-lauquen-paso-a-comision-el-proyecto-de-compra-de-4-hectareas-en-30-de-agosto\/#primaryimage\"},\"thumbnailUrl\":\"https:\/\/infoecos.com.ar\/wp-content\/uploads\/2021\/10\/concsesion.jpg\",\"keywords\":[\"EL INFORME OFICIAL DEL \u00c1REA DE PRENSA\"],\"articleSection\":[\"C2 N6\"],\"inLanguage\":\"es\"},{\"@type\":\"WebPage\",\"@id\":\"https:\/\/infoecos.com.ar\/index.php\/sesiono-el-concejo-deliberante-de-trenque-lauquen-paso-a-comision-el-proyecto-de-compra-de-4-hectareas-en-30-de-agosto\/\",\"url\":\"https:\/\/infoecos.com.ar\/index.php\/sesiono-el-concejo-deliberante-de-trenque-lauquen-paso-a-comision-el-proyecto-de-compra-de-4-hectareas-en-30-de-agosto\/\",\"name\":\"Sesion\u00f3 el Concejo Deliberante de Trenque Lauquen: pas\u00f3 a comisi\u00f3n el proyecto de compra de 4 hect\u00e1reas en 30 de Agosto - Infoecos\",\"isPartOf\":{\"@id\":\"https:\/\/infoecos.com.ar\/#website\"},\"primaryImageOfPage\":{\"@id\":\"https:\/\/infoecos.com.ar\/index.php\/sesiono-el-concejo-deliberante-de-trenque-lauquen-paso-a-comision-el-proyecto-de-compra-de-4-hectareas-en-30-de-agosto\/#primaryimage\"},\"image\":{\"@id\":\"https:\/\/infoecos.com.ar\/index.php\/sesiono-el-concejo-deliberante-de-trenque-lauquen-paso-a-comision-el-proyecto-de-compra-de-4-hectareas-en-30-de-agosto\/#primaryimage\"},\"thumbnailUrl\":\"https:\/\/infoecos.com.ar\/wp-content\/uploads\/2021\/10\/concsesion.jpg\",\"datePublished\":\"2021-10-02T20:11:46+00:00\",\"dateModified\":\"2021-10-03T19:19:16+00:00\",\"breadcrumb\":{\"@id\":\"https:\/\/infoecos.com.ar\/index.php\/sesiono-el-concejo-deliberante-de-trenque-lauquen-paso-a-comision-el-proyecto-de-compra-de-4-hectareas-en-30-de-agosto\/#breadcrumb\"},\"inLanguage\":\"es\",\"potentialAction\":[{\"@type\":\"ReadAction\",\"target\":[\"https:\/\/infoecos.com.ar\/index.php\/sesiono-el-concejo-deliberante-de-trenque-lauquen-paso-a-comision-el-proyecto-de-compra-de-4-hectareas-en-30-de-agosto\/\"]}]},{\"@type\":\"ImageObject\",\"inLanguage\":\"es\",\"@id\":\"https:\/\/infoecos.com.ar\/index.php\/sesiono-el-concejo-deliberante-de-trenque-lauquen-paso-a-comision-el-proyecto-de-compra-de-4-hectareas-en-30-de-agosto\/#primaryimage\",\"url\":\"https:\/\/infoecos.com.ar\/wp-content\/uploads\/2021\/10\/concsesion.jpg\",\"contentUrl\":\"https:\/\/infoecos.com.ar\/wp-content\/uploads\/2021\/10\/concsesion.jpg\",\"width\":1204,\"height\":903},{\"@type\":\"BreadcrumbList\",\"@id\":\"https:\/\/infoecos.com.ar\/index.php\/sesiono-el-concejo-deliberante-de-trenque-lauquen-paso-a-comision-el-proyecto-de-compra-de-4-hectareas-en-30-de-agosto\/#breadcrumb\",\"itemListElement\":[{\"@type\":\"ListItem\",\"position\":1,\"name\":\"Portada\",\"item\":\"https:\/\/infoecos.com.ar\/\"},{\"@type\":\"ListItem\",\"position\":2,\"name\":\"Sesion\u00f3 el Concejo Deliberante de Trenque Lauquen: pas\u00f3 a comisi\u00f3n el proyecto de compra de 4 hect\u00e1reas en 30 de Agosto\"}]},{\"@type\":\"WebSite\",\"@id\":\"https:\/\/infoecos.com.ar\/#website\",\"url\":\"https:\/\/infoecos.com.ar\/\",\"name\":\"Infoecos\",\"description\":\"Noticias de trenque lauquen y la zona\",\"publisher\":{\"@id\":\"https:\/\/infoecos.com.ar\/#organization\"},\"alternateName\":\"Noticias\",\"potentialAction\":[{\"@type\":\"SearchAction\",\"target\":{\"@type\":\"EntryPoint\",\"urlTemplate\":\"https:\/\/infoecos.com.ar\/?s={search_term_string}\"},\"query-input\":{\"@type\":\"PropertyValueSpecification\",\"valueRequired\":true,\"valueName\":\"search_term_string\"}}],\"inLanguage\":\"es\"},{\"@type\":\"Organization\",\"@id\":\"https:\/\/infoecos.com.ar\/#organization\",\"name\":\"Infoecos\",\"alternateName\":\"Noticias\",\"url\":\"https:\/\/infoecos.com.ar\/\",\"logo\":{\"@type\":\"ImageObject\",\"inLanguage\":\"es\",\"@id\":\"https:\/\/infoecos.com.ar\/#\/schema\/logo\/image\/\",\"url\":\"https:\/\/infoecos.com.ar\/wp-content\/uploads\/2024\/03\/cropped-logo.png\",\"contentUrl\":\"https:\/\/infoecos.com.ar\/wp-content\/uploads\/2024\/03\/cropped-logo.png\",\"width\":374,\"height\":90,\"caption\":\"Infoecos\"},\"image\":{\"@id\":\"https:\/\/infoecos.com.ar\/#\/schema\/logo\/image\/\"},\"sameAs\":[\"https:\/\/www.facebook.com\/profile.php?id=100063200290284\",\"https:\/\/x.com\/infoecos\"]},{\"@type\":\"Person\",\"@id\":\"https:\/\/infoecos.com.ar\/#\/schema\/person\/8f5ace5ce73b4b4aac4b7245aee6f191\",\"name\":\"Jorge Matheus\",\"url\":\"https:\/\/infoecos.com.ar\/index.php\/author\/jomatheus\/\"}]}<\/script>\n<!-- \/ Yoast SEO plugin. -->","yoast_head_json":{"title":"Sesion\u00f3 el Concejo Deliberante de Trenque Lauquen: pas\u00f3 a comisi\u00f3n el proyecto de compra de 4 hect\u00e1reas en 30 de Agosto - Infoecos","robots":{"index":"index","follow":"follow","max-snippet":"max-snippet:-1","max-image-preview":"max-image-preview:large","max-video-preview":"max-video-preview:-1"},"canonical":"https:\/\/infoecos.com.ar\/index.php\/sesiono-el-concejo-deliberante-de-trenque-lauquen-paso-a-comision-el-proyecto-de-compra-de-4-hectareas-en-30-de-agosto\/","og_locale":"es_ES","og_type":"article","og_title":"Sesion\u00f3 el Concejo Deliberante de Trenque Lauquen: pas\u00f3 a comisi\u00f3n el proyecto de compra de 4 hect\u00e1reas en 30 de Agosto - Infoecos","og_description":"Los concejales sancionaron este viernes una serie de obras p\u00fablicas para el distrito, autorizaron varias donaciones y convalidaron solicitudes para el Departamento Ejecutivo","og_url":"https:\/\/infoecos.com.ar\/index.php\/sesiono-el-concejo-deliberante-de-trenque-lauquen-paso-a-comision-el-proyecto-de-compra-de-4-hectareas-en-30-de-agosto\/","og_site_name":"Infoecos","article_publisher":"https:\/\/www.facebook.com\/profile.php?id=100063200290284","article_published_time":"2021-10-02T20:11:46+00:00","article_modified_time":"2021-10-03T19:19:16+00:00","og_image":[{"width":1204,"height":903,"url":"https:\/\/infoecos.com.ar\/wp-content\/uploads\/2021\/10\/concsesion.jpg","type":"image\/jpeg"}],"author":"Jorge Matheus","twitter_card":"summary_large_image","twitter_creator":"@infoecos","twitter_site":"@infoecos","twitter_misc":{"Escrito por":"Jorge Matheus","Tiempo de lectura":"2 minutos"},"schema":{"@context":"https:\/\/schema.org","@graph":[{"@type":"Article","@id":"https:\/\/infoecos.com.ar\/index.php\/sesiono-el-concejo-deliberante-de-trenque-lauquen-paso-a-comision-el-proyecto-de-compra-de-4-hectareas-en-30-de-agosto\/#article","isPartOf":{"@id":"https:\/\/infoecos.com.ar\/index.php\/sesiono-el-concejo-deliberante-de-trenque-lauquen-paso-a-comision-el-proyecto-de-compra-de-4-hectareas-en-30-de-agosto\/"},"author":{"name":"Jorge Matheus","@id":"https:\/\/infoecos.com.ar\/#\/schema\/person\/8f5ace5ce73b4b4aac4b7245aee6f191"},"headline":"Sesion\u00f3 el Concejo Deliberante de Trenque Lauquen: pas\u00f3 a comisi\u00f3n el proyecto de compra de 4 hect\u00e1reas en 30 de Agosto","datePublished":"2021-10-02T20:11:46+00:00","dateModified":"2021-10-03T19:19:16+00:00","mainEntityOfPage":{"@id":"https:\/\/infoecos.com.ar\/index.php\/sesiono-el-concejo-deliberante-de-trenque-lauquen-paso-a-comision-el-proyecto-de-compra-de-4-hectareas-en-30-de-agosto\/"},"wordCount":516,"publisher":{"@id":"https:\/\/infoecos.com.ar\/#organization"},"image":{"@id":"https:\/\/infoecos.com.ar\/index.php\/sesiono-el-concejo-deliberante-de-trenque-lauquen-paso-a-comision-el-proyecto-de-compra-de-4-hectareas-en-30-de-agosto\/#primaryimage"},"thumbnailUrl":"https:\/\/infoecos.com.ar\/wp-content\/uploads\/2021\/10\/concsesion.jpg","keywords":["EL INFORME OFICIAL DEL \u00c1REA DE PRENSA"],"articleSection":["C2 N6"],"inLanguage":"es"},{"@type":"WebPage","@id":"https:\/\/infoecos.com.ar\/index.php\/sesiono-el-concejo-deliberante-de-trenque-lauquen-paso-a-comision-el-proyecto-de-compra-de-4-hectareas-en-30-de-agosto\/","url":"https:\/\/infoecos.com.ar\/index.php\/sesiono-el-concejo-deliberante-de-trenque-lauquen-paso-a-comision-el-proyecto-de-compra-de-4-hectareas-en-30-de-agosto\/","name":"Sesion\u00f3 el Concejo Deliberante de Trenque Lauquen: pas\u00f3 a comisi\u00f3n el proyecto de compra de 4 hect\u00e1reas en 30 de Agosto - Infoecos","isPartOf":{"@id":"https:\/\/infoecos.com.ar\/#website"},"primaryImageOfPage":{"@id":"https:\/\/infoecos.com.ar\/index.php\/sesiono-el-concejo-deliberante-de-trenque-lauquen-paso-a-comision-el-proyecto-de-compra-de-4-hectareas-en-30-de-agosto\/#primaryimage"},"image":{"@id":"https:\/\/infoecos.com.ar\/index.php\/sesiono-el-concejo-deliberante-de-trenque-lauquen-paso-a-comision-el-proyecto-de-compra-de-4-hectareas-en-30-de-agosto\/#primaryimage"},"thumbnailUrl":"https:\/\/infoecos.com.ar\/wp-content\/uploads\/2021\/10\/concsesion.jpg","datePublished":"2021-10-02T20:11:46+00:00","dateModified":"2021-10-03T19:19:16+00:00","breadcrumb":{"@id":"https:\/\/infoecos.com.ar\/index.php\/sesiono-el-concejo-deliberante-de-trenque-lauquen-paso-a-comision-el-proyecto-de-compra-de-4-hectareas-en-30-de-agosto\/#breadcrumb"},"inLanguage":"es","potentialAction":[{"@type":"ReadAction","target":["https:\/\/infoecos.com.ar\/index.php\/sesiono-el-concejo-deliberante-de-trenque-lauquen-paso-a-comision-el-proyecto-de-compra-de-4-hectareas-en-30-de-agosto\/"]}]},{"@type":"ImageObject","inLanguage":"es","@id":"https:\/\/infoecos.com.ar\/index.php\/sesiono-el-concejo-deliberante-de-trenque-lauquen-paso-a-comision-el-proyecto-de-compra-de-4-hectareas-en-30-de-agosto\/#primaryimage","url":"https:\/\/infoecos.com.ar\/wp-content\/uploads\/2021\/10\/concsesion.jpg","contentUrl":"https:\/\/infoecos.com.ar\/wp-content\/uploads\/2021\/10\/concsesion.jpg","width":1204,"height":903},{"@type":"BreadcrumbList","@id":"https:\/\/infoecos.com.ar\/index.php\/sesiono-el-concejo-deliberante-de-trenque-lauquen-paso-a-comision-el-proyecto-de-compra-de-4-hectareas-en-30-de-agosto\/#breadcrumb","itemListElement":[{"@type":"ListItem","position":1,"name":"Portada","item":"https:\/\/infoecos.com.ar\/"},{"@type":"ListItem","position":2,"name":"Sesion\u00f3 el Concejo Deliberante de Trenque Lauquen: pas\u00f3 a comisi\u00f3n el proyecto de compra de 4 hect\u00e1reas en 30 de Agosto"}]},{"@type":"WebSite","@id":"https:\/\/infoecos.com.ar\/#website","url":"https:\/\/infoecos.com.ar\/","name":"Infoecos","description":"Noticias de trenque lauquen y la zona","publisher":{"@id":"https:\/\/infoecos.com.ar\/#organization"},"alternateName":"Noticias","potentialAction":[{"@type":"SearchAction","target":{"@type":"EntryPoint","urlTemplate":"https:\/\/infoecos.com.ar\/?s={search_term_string}"},"query-input":{"@type":"PropertyValueSpecification","valueRequired":true,"valueName":"search_term_string"}}],"inLanguage":"es"},{"@type":"Organization","@id":"https:\/\/infoecos.com.ar\/#organization","name":"Infoecos","alternateName":"Noticias","url":"https:\/\/infoecos.com.ar\/","logo":{"@type":"ImageObject","inLanguage":"es","@id":"https:\/\/infoecos.com.ar\/#\/schema\/logo\/image\/","url":"https:\/\/infoecos.com.ar\/wp-content\/uploads\/2024\/03\/cropped-logo.png","contentUrl":"https:\/\/infoecos.com.ar\/wp-content\/uploads\/2024\/03\/cropped-logo.png","width":374,"height":90,"caption":"Infoecos"},"image":{"@id":"https:\/\/infoecos.com.ar\/#\/schema\/logo\/image\/"},"sameAs":["https:\/\/www.facebook.com\/profile.php?id=100063200290284","https:\/\/x.com\/infoecos"]},{"@type":"Person","@id":"https:\/\/infoecos.com.ar\/#\/schema\/person\/8f5ace5ce73b4b4aac4b7245aee6f191","name":"Jorge Matheus","url":"https:\/\/infoecos.com.ar\/index.php\/author\/jomatheus\/"}]}},"featured_image_urls":{"full":["https:\/\/infoecos.com.ar\/wp-content\/uploads\/2021\/10\/concsesion.jpg",1204,903,false],"thumbnail":["https:\/\/infoecos.com.ar\/wp-content\/uploads\/2021\/10\/concsesion-150x150.jpg",150,150,true],"medium":["https:\/\/infoecos.com.ar\/wp-content\/uploads\/2021\/10\/concsesion-460x345.jpg",460,345,true],"medium_large":["https:\/\/infoecos.com.ar\/wp-content\/uploads\/2021\/10\/concsesion-768x576.jpg",640,480,true],"large":["https:\/\/infoecos.com.ar\/wp-content\/uploads\/2021\/10\/concsesion-920x690.jpg",640,480,true],"1536x1536":["https:\/\/infoecos.com.ar\/wp-content\/uploads\/2021\/10\/concsesion.jpg",1204,903,false],"2048x2048":["https:\/\/infoecos.com.ar\/wp-content\/uploads\/2021\/10\/concsesion.jpg",1204,903,false],"covernews-slider-full":["https:\/\/infoecos.com.ar\/wp-content\/uploads\/2021\/10\/concsesion.jpg",953,715,false],"covernews-slider-center":["https:\/\/infoecos.com.ar\/wp-content\/uploads\/2021\/10\/concsesion-936x897.jpg",522,500,true],"covernews-featured":["https:\/\/infoecos.com.ar\/wp-content\/uploads\/2021\/10\/concsesion-1024x768.jpg",1024,768,true],"covernews-medium":["https:\/\/infoecos.com.ar\/wp-content\/uploads\/2021\/10\/concsesion-720x380.jpg",540,285,true],"covernews-medium-square":["https:\/\/infoecos.com.ar\/wp-content\/uploads\/2021\/10\/concsesion-675x450.jpg",375,250,true]},"author_info":{"info":["Jorge Matheus"]},"category_info":"<a href=\"https:\/\/infoecos.com.ar\/index.php\/category\/c2nota6\/\" rel=\"category tag\">C2 N6<\/a>","tag_info":"C2 N6","comment_count":"0","_links":{"self":[{"href":"https:\/\/infoecos.com.ar\/index.php\/wp-json\/wp\/v2\/posts\/87371"}],"collection":[{"href":"https:\/\/infoecos.com.ar\/index.php\/wp-json\/wp\/v2\/posts"}],"about":[{"href":"https:\/\/infoecos.com.ar\/index.php\/wp-json\/wp\/v2\/types\/post"}],"author":[{"embeddable":true,"href":"https:\/\/infoecos.com.ar\/index.php\/wp-json\/wp\/v2\/users\/2"}],"replies":[{"embeddable":true,"href":"https:\/\/infoecos.com.ar\/index.php\/wp-json\/wp\/v2\/comments?post=87371"}],"version-history":[{"count":1,"href":"https:\/\/infoecos.com.ar\/index.php\/wp-json\/wp\/v2\/posts\/87371\/revisions"}],"predecessor-version":[{"id":87387,"href":"https:\/\/infoecos.com.ar\/index.php\/wp-json\/wp\/v2\/posts\/87371\/revisions\/87387"}],"wp:featuredmedia":[{"embeddable":true,"href":"https:\/\/infoecos.com.ar\/index.php\/wp-json\/wp\/v2\/media\/87384"}],"wp:attachment":[{"href":"https:\/\/infoecos.com.ar\/index.php\/wp-json\/wp\/v2\/media?parent=87371"}],"wp:term":[{"taxonomy":"category","embeddable":true,"href":"https:\/\/infoecos.com.ar\/index.php\/wp-json\/wp\/v2\/categories?post=87371"},{"taxonomy":"post_tag","embeddable":true,"href":"https:\/\/infoecos.com.ar\/index.php\/wp-json\/wp\/v2\/tags?post=87371"}],"curies":[{"name":"wp","href":"https:\/\/api.w.org\/{rel}","templated":true}]}}