{"id":87388,"date":"2021-10-02T17:23:18","date_gmt":"2021-10-02T20:23:18","guid":{"rendered":"http:\/\/infoecos.com.ar\/?p=87388"},"modified":"2021-10-02T17:23:19","modified_gmt":"2021-10-02T20:23:19","slug":"la-provincia-abrio-la-inscripcion-para-que-puedan-vacunarse-ninos-y-ninas-de-3-a-11-anos","status":"publish","type":"post","link":"https:\/\/infoecos.com.ar\/index.php\/la-provincia-abrio-la-inscripcion-para-que-puedan-vacunarse-ninos-y-ninas-de-3-a-11-anos\/","title":{"rendered":"La Provincia abri\u00f3 la inscripci\u00f3n para que puedan vacunarse ni\u00f1os y ni\u00f1as de 3 a 11 a\u00f1os"},"content":{"rendered":"\n<p class=\"wp-block-paragraph\">La provincia de Buenos Aires habilit\u00f3 este s\u00e1bado la inscripci\u00f3n online para que los ni\u00f1os y ni\u00f1as de 3 a 11 a\u00f1os puedan vacunarse contra el coronavirus, luego de que el gobierno nacional anunciara que fue emitida una autorizaci\u00f3n para utilizar la vacuna china Sinopharm en esa franja etaria.\u00a0<\/p>\n\n\n\n<p class=\"wp-block-paragraph\">\u00abEl registro en el plan de vacunaci\u00f3n p\u00fablico, gratuito y optativo se realiza desde la web\u00a0<a rel=\"noreferrer noopener\" href=\"https:\/\/vacunatepba.gba.gob.ar\/\" target=\"_blank\">vacunatepba.gba.gob.ar\u00a0<\/a>o a trav\u00e9s de la\u00a0aplicaci\u00f3n VacunatePBA\u00bb, precis\u00f3 el gobierno bonaerense a trav\u00e9s de un comunicado.<\/p>\n\n\n\n<div class=\"wp-block-image\"><figure class=\"aligncenter size-medium\"><img loading=\"lazy\" decoding=\"async\" width=\"460\" height=\"196\" src=\"http:\/\/infoecos.com.ar\/wp-content\/uploads\/2021\/02\/vacunate-logo-lg-n-460x196.png\" alt=\"\" class=\"wp-image-75062\" srcset=\"https:\/\/infoecos.com.ar\/wp-content\/uploads\/2021\/02\/vacunate-logo-lg-n-460x196.png 460w, https:\/\/infoecos.com.ar\/wp-content\/uploads\/2021\/02\/vacunate-logo-lg-n-768x328.png 768w, https:\/\/infoecos.com.ar\/wp-content\/uploads\/2021\/02\/vacunate-logo-lg-n.png 912w\" sizes=\"auto, (max-width: 460px) 100vw, 460px\" \/><\/figure><\/div>\n\n\n\n<p class=\"wp-block-paragraph\">En tanto, indic\u00f3 que\u00a0\u00abser\u00e1 indispensable que los ni\u00f1os y ni\u00f1as de 3 a 12 a\u00f1os cuenten con el consentimiento de sus padres o responsables afectivos para recibir la dosis\u00bb<strong>.<\/strong><\/p>\n\n\n\n<p class=\"wp-block-paragraph\">Adem\u00e1s, confirm\u00f3 que\u00a0contin\u00faa abierta la inscripci\u00f3n para el grupo etario de 12 a 17 a\u00f1os\u00a0y ya\u00a0se inici\u00f3 la inmunizaci\u00f3n de chicos y chicas de 16 y 17 a\u00f1os sin condiciones de salud preexistentes<strong>.<\/strong><\/p>\n\n\n\n<p class=\"wp-block-paragraph\">El gobernador bonaerense, Axel Kicillof, celebr\u00f3 este s\u00e1bado el avance de la campa\u00f1a de vacunaci\u00f3n contra el coronavirus en la provincia de Buenos Aires y destac\u00f3 que\u00a0\u00abel plan de vacunaci\u00f3n sigue llegando a todos y todas\u00bb<strong>.<\/strong><\/p>\n\n\n\n<p class=\"wp-block-paragraph\">\u00abDesde hoy se habilita la inscripci\u00f3n para chicos y chicas de 3 a 11 a\u00f1os para recibir la vacuna\u00bb, poste\u00f3 el mandatario en su cuenta de Twitter.<\/p>\n\n\n\n<p class=\"wp-block-paragraph\">En tanto,\u00a0el ministro de Salud bonaerense, Nicol\u00e1s Kreplak, celebr\u00f3 la \u00abnueva etapa\u00bb en el plan de vacunaci\u00f3n, mediante esa misma red social, e indic\u00f3 que \u00abel registro es f\u00e1cil, r\u00e1pido y sencillo a trav\u00e9s de\u00a0<a rel=\"noreferrer noopener\" href=\"http:\/\/vacunatepba.gba.gob.ar\/\" target=\"_blank\">http:\/\/vacunatepba.gba.gob.ar<\/a>\u00a0o la APP VacunatePBA\u00bb.<\/p>\n\n\n\n<figure class=\"wp-block-embed is-type-rich is-provider-twitter wp-block-embed-twitter\"><div class=\"wp-block-embed__wrapper\">\n<blockquote class=\"twitter-tweet\" data-width=\"550\" data-dnt=\"true\"><p lang=\"es\" dir=\"ltr\">El plan de vacunaci\u00f3n sigue llegando a todos y todas.<br><br>Desde hoy se habilita la inscripci\u00f3n para chicos y chicas de 3 a 11 a\u00f1os para recibir la vacuna.<br><br>Pueden hacerlo ingresando a <a href=\"https:\/\/t.co\/aDW4P04c40\">https:\/\/t.co\/aDW4P04c40<\/a> o a trav\u00e9s de la aplicaci\u00f3n vacunatePBA. <a href=\"https:\/\/t.co\/ctsNhKKrY5\">pic.twitter.com\/ctsNhKKrY5<\/a><\/p>&mdash; Axel Kicillof (@Kicillofok) <a href=\"https:\/\/twitter.com\/Kicillofok\/status\/1444281232913833986?ref_src=twsrc%5Etfw\">October 2, 2021<\/a><\/blockquote><script async src=\"https:\/\/platform.twitter.com\/widgets.js\" charset=\"utf-8\"><\/script>\n<\/div><\/figure>\n\n\n\n<figure class=\"wp-block-embed is-type-rich is-provider-twitter wp-block-embed-twitter\"><div class=\"wp-block-embed__wrapper\">\n<blockquote class=\"twitter-tweet\" data-width=\"550\" data-dnt=\"true\"><p lang=\"es\" dir=\"ltr\">\u00a1NUEVA ETAPA!<br><br>Desde hoy en <a href=\"https:\/\/twitter.com\/BAProvincia?ref_src=twsrc%5Etfw\">@BAProvincia<\/a> ya se pueden inscribir las personas entre 3 y 11 a\u00f1os para vacunarse. <br><br>El registro es f\u00e1cil, r\u00e1pido y sencillo a trav\u00e9s de <a href=\"https:\/\/t.co\/XIgvDgzJPp\">https:\/\/t.co\/XIgvDgzJPp<\/a> o la APP VacunatePBA. <a href=\"https:\/\/t.co\/czBel4PKtF\">pic.twitter.com\/czBel4PKtF<\/a><\/p>&mdash; Nicol\u00e1s Kreplak (@nkreplak) <a href=\"https:\/\/twitter.com\/nkreplak\/status\/1444278794676756482?ref_src=twsrc%5Etfw\">October 2, 2021<\/a><\/blockquote><script async src=\"https:\/\/platform.twitter.com\/widgets.js\" charset=\"utf-8\"><\/script>\n<\/div><\/figure>\n","protected":false},"excerpt":{"rendered":"<p>El gobernador bonaerense destac\u00f3 que \u00abel plan de vacunaci\u00f3n sigue llegando a todos y todas\u00bb<\/p>\n","protected":false},"author":2,"featured_media":82140,"comment_status":"closed","ping_status":"open","sticky":false,"template":"","format":"standard","meta":{"footnotes":""},"categories":[24],"tags":[5341],"class_list":["post-87388","post","type-post","status-publish","format-standard","has-post-thumbnail","hentry","category-c1nota3","tag-kicillof-transmitio-satisfaccion"],"featured_image_urls":{"full":["https:\/\/infoecos.com.ar\/wp-content\/uploads\/2021\/07\/2021_07_27-AK-Situacion-epidemiologica_SGE_2857-scaled.jpg",2560,1704,false],"thumbnail":["https:\/\/infoecos.com.ar\/wp-content\/uploads\/2021\/07\/2021_07_27-AK-Situacion-epidemiologica_SGE_2857-150x150.jpg",150,150,true],"medium":["https:\/\/infoecos.com.ar\/wp-content\/uploads\/2021\/07\/2021_07_27-AK-Situacion-epidemiologica_SGE_2857-460x306.jpg",460,306,true],"medium_large":["https:\/\/infoecos.com.ar\/wp-content\/uploads\/2021\/07\/2021_07_27-AK-Situacion-epidemiologica_SGE_2857-768x511.jpg",640,426,true],"large":["https:\/\/infoecos.com.ar\/wp-content\/uploads\/2021\/07\/2021_07_27-AK-Situacion-epidemiologica_SGE_2857-920x612.jpg",640,426,true],"1536x1536":["https:\/\/infoecos.com.ar\/wp-content\/uploads\/2021\/07\/2021_07_27-AK-Situacion-epidemiologica_SGE_2857-1536x1022.jpg",1536,1022,true],"2048x2048":["https:\/\/infoecos.com.ar\/wp-content\/uploads\/2021\/07\/2021_07_27-AK-Situacion-epidemiologica_SGE_2857-2048x1363.jpg",2048,1363,true],"covernews-slider-full":["https:\/\/infoecos.com.ar\/wp-content\/uploads\/2021\/07\/2021_07_27-AK-Situacion-epidemiologica_SGE_2857-1536x1020.jpg",1077,715,true],"covernews-slider-center":["https:\/\/infoecos.com.ar\/wp-content\/uploads\/2021\/07\/2021_07_27-AK-Situacion-epidemiologica_SGE_2857-936x897.jpg",522,500,true],"covernews-featured":["https:\/\/infoecos.com.ar\/wp-content\/uploads\/2021\/07\/2021_07_27-AK-Situacion-epidemiologica_SGE_2857-1024x682.jpg",1024,682,true],"covernews-medium":["https:\/\/infoecos.com.ar\/wp-content\/uploads\/2021\/07\/2021_07_27-AK-Situacion-epidemiologica_SGE_2857-720x380.jpg",540,285,true],"covernews-medium-square":["https:\/\/infoecos.com.ar\/wp-content\/uploads\/2021\/07\/2021_07_27-AK-Situacion-epidemiologica_SGE_2857-675x450.jpg",375,250,true]},"author_info":{"info":["Jorge Matheus"]},"category_info":"<a href=\"https:\/\/infoecos.com.ar\/index.php\/category\/c1nota3\/\" rel=\"category tag\">C1 N3<\/a>","tag_info":"C1 N3","comment_count":"0","_links":{"self":[{"href":"https:\/\/infoecos.com.ar\/index.php\/wp-json\/wp\/v2\/posts\/87388","targetHints":{"allow":["GET"]}}],"collection":[{"href":"https:\/\/infoecos.com.ar\/index.php\/wp-json\/wp\/v2\/posts"}],"about":[{"href":"https:\/\/infoecos.com.ar\/index.php\/wp-json\/wp\/v2\/types\/post"}],"author":[{"embeddable":true,"href":"https:\/\/infoecos.com.ar\/index.php\/wp-json\/wp\/v2\/users\/2"}],"replies":[{"embeddable":true,"href":"https:\/\/infoecos.com.ar\/index.php\/wp-json\/wp\/v2\/comments?post=87388"}],"version-history":[{"count":1,"href":"https:\/\/infoecos.com.ar\/index.php\/wp-json\/wp\/v2\/posts\/87388\/revisions"}],"predecessor-version":[{"id":87389,"href":"https:\/\/infoecos.com.ar\/index.php\/wp-json\/wp\/v2\/posts\/87388\/revisions\/87389"}],"wp:featuredmedia":[{"embeddable":true,"href":"https:\/\/infoecos.com.ar\/index.php\/wp-json\/wp\/v2\/media\/82140"}],"wp:attachment":[{"href":"https:\/\/infoecos.com.ar\/index.php\/wp-json\/wp\/v2\/media?parent=87388"}],"wp:term":[{"taxonomy":"category","embeddable":true,"href":"https:\/\/infoecos.com.ar\/index.php\/wp-json\/wp\/v2\/categories?post=87388"},{"taxonomy":"post_tag","embeddable":true,"href":"https:\/\/infoecos.com.ar\/index.php\/wp-json\/wp\/v2\/tags?post=87388"}],"curies":[{"name":"wp","href":"https:\/\/api.w.org\/{rel}","templated":true}]}}