{"id":87391,"date":"2021-10-02T17:43:31","date_gmt":"2021-10-02T20:43:31","guid":{"rendered":"http:\/\/infoecos.com.ar\/?p=87391"},"modified":"2021-10-04T06:09:48","modified_gmt":"2021-10-04T09:09:48","slug":"carlos-salas-en-el-distrito-de-lincoln-cumplio-115-anos","status":"publish","type":"post","link":"https:\/\/infoecos.com.ar\/index.php\/carlos-salas-en-el-distrito-de-lincoln-cumplio-115-anos\/","title":{"rendered":"Carlos Salas, en el distrito de Lincoln, cumpli\u00f3 115 a\u00f1os"},"content":{"rendered":"\n<p class=\"wp-block-paragraph\">Carlos Salas, localidad del distrito de Lincoln, celebr\u00f3 un nuevo aniversario de su fundaci\u00f3n. En una jornada conmemorativa que reuni\u00f3 a&nbsp;vecinos, representantes de instituciones y autoridades, lleg\u00f3 el cumplea\u00f1os n\u00famero 115.&nbsp;<\/p>\n\n\n\n<p class=\"wp-block-paragraph\">El acto protocolar estuvo encabezado por el intendente Salvador&nbsp;Serenal&nbsp;y el delegado municipal de Carlos Salas, Daniel&nbsp;Raneletti. Adem\u00e1s, el encuentro cont\u00f3 con la presencia de secretarios, directores, delegados municipales, consejeros escolares, representantes de instituciones educativas e intermedias y vecinos en general.&nbsp;<\/p>\n\n\n\n<div class=\"wp-block-image\"><figure class=\"aligncenter size-medium\"><img loading=\"lazy\" decoding=\"async\" width=\"460\" height=\"307\" src=\"http:\/\/infoecos.com.ar\/wp-content\/uploads\/2021\/10\/CLERICI-ANIVERSARIO-CARLOS-SALAS-2021-7-460x307.jpg\" alt=\"\" class=\"wp-image-87392\" srcset=\"https:\/\/infoecos.com.ar\/wp-content\/uploads\/2021\/10\/CLERICI-ANIVERSARIO-CARLOS-SALAS-2021-7-460x307.jpg 460w, https:\/\/infoecos.com.ar\/wp-content\/uploads\/2021\/10\/CLERICI-ANIVERSARIO-CARLOS-SALAS-2021-7-920x613.jpg 920w, https:\/\/infoecos.com.ar\/wp-content\/uploads\/2021\/10\/CLERICI-ANIVERSARIO-CARLOS-SALAS-2021-7-768x512.jpg 768w, https:\/\/infoecos.com.ar\/wp-content\/uploads\/2021\/10\/CLERICI-ANIVERSARIO-CARLOS-SALAS-2021-7-1536x1024.jpg 1536w, https:\/\/infoecos.com.ar\/wp-content\/uploads\/2021\/10\/CLERICI-ANIVERSARIO-CARLOS-SALAS-2021-7-1024x683.jpg 1024w, https:\/\/infoecos.com.ar\/wp-content\/uploads\/2021\/10\/CLERICI-ANIVERSARIO-CARLOS-SALAS-2021-7-675x450.jpg 675w, https:\/\/infoecos.com.ar\/wp-content\/uploads\/2021\/10\/CLERICI-ANIVERSARIO-CARLOS-SALAS-2021-7.jpg 2048w\" sizes=\"auto, (max-width: 460px) 100vw, 460px\" \/><figcaption>Carlos Salas cumpli\u00f3 115 a\u00f1os <\/figcaption><\/figure><\/div>\n\n\n\n<p class=\"wp-block-paragraph\">\u201cLas localidades se&nbsp;forjaron con&nbsp;el&nbsp;trabajo y&nbsp;los&nbsp;valores&nbsp;de cientos de familias, como lo es hoy lo es esta comunidad&nbsp;de Carlos Salas\u201d, afirm\u00f3 el intendente&nbsp;Serenal&nbsp;en un discurso que pronunci\u00f3.<\/p>\n\n\n\n<p class=\"wp-block-paragraph\">En ese sentido, el mandatario municipal remarc\u00f3: \u201cSi hay algo que&nbsp;no me canso de destacar de cada localidad es el&nbsp;esp\u00edritu de lucha, y esa fuerza que moviliza a muchos de ustedes. Sin dudas, es en base a esa voluntad de cambio y esas ganas de hacer que tantos vecinos encarnan que pudimos llevar adelante una gesti\u00f3n federal, gracias a ese impulso con cada delegado pudimos&nbsp;demostrar con hechos&nbsp;que el&nbsp;federalismo existe en el Distrito de Lincoln\u201d.&nbsp;<\/p>\n\n\n\n<div class=\"wp-block-image\"><figure class=\"aligncenter size-medium\"><img loading=\"lazy\" decoding=\"async\" width=\"460\" height=\"307\" src=\"http:\/\/infoecos.com.ar\/wp-content\/uploads\/2021\/10\/CLERICI-ANIVERSARIO-CARLOS-SALAS-2021-18-460x307.jpg\" alt=\"\" class=\"wp-image-87393\" srcset=\"https:\/\/infoecos.com.ar\/wp-content\/uploads\/2021\/10\/CLERICI-ANIVERSARIO-CARLOS-SALAS-2021-18-460x307.jpg 460w, https:\/\/infoecos.com.ar\/wp-content\/uploads\/2021\/10\/CLERICI-ANIVERSARIO-CARLOS-SALAS-2021-18-920x613.jpg 920w, https:\/\/infoecos.com.ar\/wp-content\/uploads\/2021\/10\/CLERICI-ANIVERSARIO-CARLOS-SALAS-2021-18-768x512.jpg 768w, https:\/\/infoecos.com.ar\/wp-content\/uploads\/2021\/10\/CLERICI-ANIVERSARIO-CARLOS-SALAS-2021-18-1536x1024.jpg 1536w, https:\/\/infoecos.com.ar\/wp-content\/uploads\/2021\/10\/CLERICI-ANIVERSARIO-CARLOS-SALAS-2021-18-1024x683.jpg 1024w, https:\/\/infoecos.com.ar\/wp-content\/uploads\/2021\/10\/CLERICI-ANIVERSARIO-CARLOS-SALAS-2021-18-675x450.jpg 675w, https:\/\/infoecos.com.ar\/wp-content\/uploads\/2021\/10\/CLERICI-ANIVERSARIO-CARLOS-SALAS-2021-18.jpg 2048w\" sizes=\"auto, (max-width: 460px) 100vw, 460px\" \/><figcaption>Carlos Salas cumpli\u00f3 115 a\u00f1os<\/figcaption><\/figure><\/div>\n\n\n\n<p class=\"wp-block-paragraph\">Durante el evento, fue reconocido el vecino Sergio Arce, por su trabajo y colaboraci\u00f3n durante la pandemia de COVID-19. A su vez, alumnas de la Escuela Primaria&nbsp;N\u00b0&nbsp;21 \u201cRep\u00fablica del Per\u00fa\u201d dieron lectura a una leyenda del a\u00f1o 1942 y a una breve rese\u00f1a actual del pueblo.&nbsp;<\/p>\n\n\n\n<div class=\"wp-block-image\"><figure class=\"aligncenter size-medium\"><img loading=\"lazy\" decoding=\"async\" width=\"460\" height=\"307\" src=\"http:\/\/infoecos.com.ar\/wp-content\/uploads\/2021\/10\/CLERICI-ANIVERSARIO-CARLOS-SALAS-2021-9-460x307.jpg\" alt=\"\" class=\"wp-image-87394\" srcset=\"https:\/\/infoecos.com.ar\/wp-content\/uploads\/2021\/10\/CLERICI-ANIVERSARIO-CARLOS-SALAS-2021-9-460x307.jpg 460w, https:\/\/infoecos.com.ar\/wp-content\/uploads\/2021\/10\/CLERICI-ANIVERSARIO-CARLOS-SALAS-2021-9-920x613.jpg 920w, https:\/\/infoecos.com.ar\/wp-content\/uploads\/2021\/10\/CLERICI-ANIVERSARIO-CARLOS-SALAS-2021-9-768x512.jpg 768w, https:\/\/infoecos.com.ar\/wp-content\/uploads\/2021\/10\/CLERICI-ANIVERSARIO-CARLOS-SALAS-2021-9-1536x1024.jpg 1536w, https:\/\/infoecos.com.ar\/wp-content\/uploads\/2021\/10\/CLERICI-ANIVERSARIO-CARLOS-SALAS-2021-9-1024x683.jpg 1024w, https:\/\/infoecos.com.ar\/wp-content\/uploads\/2021\/10\/CLERICI-ANIVERSARIO-CARLOS-SALAS-2021-9-675x450.jpg 675w, https:\/\/infoecos.com.ar\/wp-content\/uploads\/2021\/10\/CLERICI-ANIVERSARIO-CARLOS-SALAS-2021-9.jpg 2048w\" sizes=\"auto, (max-width: 460px) 100vw, 460px\" \/><figcaption>Carlos Salas cumpli\u00f3 115 a\u00f1os<\/figcaption><\/figure><\/div>\n\n\n\n<p class=\"wp-block-paragraph\">Finalizado el acto formal, los festejos contaron con la presentaci\u00f3n del Coro Municipal de Lincoln, con su repertorio popular y el taller municipal de baile \u201cPe\u00f1a La Tradici\u00f3n\u201d. El cierre estuvo a cargo de Valeria Prieto.&nbsp;&nbsp;<\/p>\n\n\n\n<figure class=\"wp-block-gallery columns-3 is-cropped wp-block-gallery-1 is-layout-flex wp-block-gallery-is-layout-flex\"><ul class=\"blocks-gallery-grid\"><li class=\"blocks-gallery-item\"><figure><img loading=\"lazy\" decoding=\"async\" width=\"920\" height=\"613\" src=\"http:\/\/infoecos.com.ar\/wp-content\/uploads\/2021\/10\/CLERICI-ANIVERSARIO-CARLOS-SALAS-2021-7-1-920x613.jpg\" alt=\"\" data-id=\"87395\" data-full-url=\"http:\/\/infoecos.com.ar\/wp-content\/uploads\/2021\/10\/CLERICI-ANIVERSARIO-CARLOS-SALAS-2021-7-1.jpg\" data-link=\"http:\/\/infoecos.com.ar\/?attachment_id=87395\" class=\"wp-image-87395\" srcset=\"https:\/\/infoecos.com.ar\/wp-content\/uploads\/2021\/10\/CLERICI-ANIVERSARIO-CARLOS-SALAS-2021-7-1-920x613.jpg 920w, https:\/\/infoecos.com.ar\/wp-content\/uploads\/2021\/10\/CLERICI-ANIVERSARIO-CARLOS-SALAS-2021-7-1-460x307.jpg 460w, https:\/\/infoecos.com.ar\/wp-content\/uploads\/2021\/10\/CLERICI-ANIVERSARIO-CARLOS-SALAS-2021-7-1-768x512.jpg 768w, https:\/\/infoecos.com.ar\/wp-content\/uploads\/2021\/10\/CLERICI-ANIVERSARIO-CARLOS-SALAS-2021-7-1-1536x1024.jpg 1536w, https:\/\/infoecos.com.ar\/wp-content\/uploads\/2021\/10\/CLERICI-ANIVERSARIO-CARLOS-SALAS-2021-7-1-1024x683.jpg 1024w, https:\/\/infoecos.com.ar\/wp-content\/uploads\/2021\/10\/CLERICI-ANIVERSARIO-CARLOS-SALAS-2021-7-1-675x450.jpg 675w, https:\/\/infoecos.com.ar\/wp-content\/uploads\/2021\/10\/CLERICI-ANIVERSARIO-CARLOS-SALAS-2021-7-1.jpg 2048w\" sizes=\"auto, (max-width: 920px) 100vw, 920px\" \/><figcaption class=\"blocks-gallery-item__caption\">Carlos Salas 115 a\u00f1os<\/figcaption><\/figure><\/li><li class=\"blocks-gallery-item\"><figure><img loading=\"lazy\" decoding=\"async\" width=\"920\" height=\"613\" src=\"http:\/\/infoecos.com.ar\/wp-content\/uploads\/2021\/10\/CLERICI-ANIVERSARIO-CARLOS-SALAS-2021-9-1-920x613.jpg\" alt=\"\" data-id=\"87396\" data-full-url=\"http:\/\/infoecos.com.ar\/wp-content\/uploads\/2021\/10\/CLERICI-ANIVERSARIO-CARLOS-SALAS-2021-9-1.jpg\" data-link=\"http:\/\/infoecos.com.ar\/?attachment_id=87396\" class=\"wp-image-87396\" srcset=\"https:\/\/infoecos.com.ar\/wp-content\/uploads\/2021\/10\/CLERICI-ANIVERSARIO-CARLOS-SALAS-2021-9-1-920x613.jpg 920w, https:\/\/infoecos.com.ar\/wp-content\/uploads\/2021\/10\/CLERICI-ANIVERSARIO-CARLOS-SALAS-2021-9-1-460x307.jpg 460w, https:\/\/infoecos.com.ar\/wp-content\/uploads\/2021\/10\/CLERICI-ANIVERSARIO-CARLOS-SALAS-2021-9-1-768x512.jpg 768w, https:\/\/infoecos.com.ar\/wp-content\/uploads\/2021\/10\/CLERICI-ANIVERSARIO-CARLOS-SALAS-2021-9-1-1536x1024.jpg 1536w, https:\/\/infoecos.com.ar\/wp-content\/uploads\/2021\/10\/CLERICI-ANIVERSARIO-CARLOS-SALAS-2021-9-1-1024x683.jpg 1024w, https:\/\/infoecos.com.ar\/wp-content\/uploads\/2021\/10\/CLERICI-ANIVERSARIO-CARLOS-SALAS-2021-9-1-675x450.jpg 675w, https:\/\/infoecos.com.ar\/wp-content\/uploads\/2021\/10\/CLERICI-ANIVERSARIO-CARLOS-SALAS-2021-9-1.jpg 2048w\" sizes=\"auto, (max-width: 920px) 100vw, 920px\" \/><figcaption class=\"blocks-gallery-item__caption\">Carlos Salas 115 a\u00f1os<\/figcaption><\/figure><\/li><li class=\"blocks-gallery-item\"><figure><img loading=\"lazy\" decoding=\"async\" width=\"920\" height=\"613\" src=\"http:\/\/infoecos.com.ar\/wp-content\/uploads\/2021\/10\/CLERICI-ANIVERSARIO-CARLOS-SALAS-2021-18-1-920x613.jpg\" alt=\"\" data-id=\"87397\" data-full-url=\"http:\/\/infoecos.com.ar\/wp-content\/uploads\/2021\/10\/CLERICI-ANIVERSARIO-CARLOS-SALAS-2021-18-1.jpg\" data-link=\"http:\/\/infoecos.com.ar\/?attachment_id=87397\" class=\"wp-image-87397\" srcset=\"https:\/\/infoecos.com.ar\/wp-content\/uploads\/2021\/10\/CLERICI-ANIVERSARIO-CARLOS-SALAS-2021-18-1-920x613.jpg 920w, https:\/\/infoecos.com.ar\/wp-content\/uploads\/2021\/10\/CLERICI-ANIVERSARIO-CARLOS-SALAS-2021-18-1-460x307.jpg 460w, https:\/\/infoecos.com.ar\/wp-content\/uploads\/2021\/10\/CLERICI-ANIVERSARIO-CARLOS-SALAS-2021-18-1-768x512.jpg 768w, https:\/\/infoecos.com.ar\/wp-content\/uploads\/2021\/10\/CLERICI-ANIVERSARIO-CARLOS-SALAS-2021-18-1-1536x1024.jpg 1536w, https:\/\/infoecos.com.ar\/wp-content\/uploads\/2021\/10\/CLERICI-ANIVERSARIO-CARLOS-SALAS-2021-18-1-1024x683.jpg 1024w, https:\/\/infoecos.com.ar\/wp-content\/uploads\/2021\/10\/CLERICI-ANIVERSARIO-CARLOS-SALAS-2021-18-1-675x450.jpg 675w, https:\/\/infoecos.com.ar\/wp-content\/uploads\/2021\/10\/CLERICI-ANIVERSARIO-CARLOS-SALAS-2021-18-1.jpg 2048w\" sizes=\"auto, (max-width: 920px) 100vw, 920px\" \/><figcaption class=\"blocks-gallery-item__caption\">Carlos Salas 115 a\u00f1os<\/figcaption><\/figure><\/li><li class=\"blocks-gallery-item\"><figure><img loading=\"lazy\" decoding=\"async\" width=\"920\" height=\"613\" src=\"http:\/\/infoecos.com.ar\/wp-content\/uploads\/2021\/10\/CLERICI-ANIVERSARIO-CARLOS-SALAS-2021-23-920x613.jpg\" alt=\"\" data-id=\"87398\" data-full-url=\"http:\/\/infoecos.com.ar\/wp-content\/uploads\/2021\/10\/CLERICI-ANIVERSARIO-CARLOS-SALAS-2021-23.jpg\" data-link=\"http:\/\/infoecos.com.ar\/?attachment_id=87398\" class=\"wp-image-87398\" srcset=\"https:\/\/infoecos.com.ar\/wp-content\/uploads\/2021\/10\/CLERICI-ANIVERSARIO-CARLOS-SALAS-2021-23-920x613.jpg 920w, https:\/\/infoecos.com.ar\/wp-content\/uploads\/2021\/10\/CLERICI-ANIVERSARIO-CARLOS-SALAS-2021-23-460x307.jpg 460w, https:\/\/infoecos.com.ar\/wp-content\/uploads\/2021\/10\/CLERICI-ANIVERSARIO-CARLOS-SALAS-2021-23-768x512.jpg 768w, https:\/\/infoecos.com.ar\/wp-content\/uploads\/2021\/10\/CLERICI-ANIVERSARIO-CARLOS-SALAS-2021-23-1536x1024.jpg 1536w, https:\/\/infoecos.com.ar\/wp-content\/uploads\/2021\/10\/CLERICI-ANIVERSARIO-CARLOS-SALAS-2021-23-1024x683.jpg 1024w, https:\/\/infoecos.com.ar\/wp-content\/uploads\/2021\/10\/CLERICI-ANIVERSARIO-CARLOS-SALAS-2021-23-675x450.jpg 675w, https:\/\/infoecos.com.ar\/wp-content\/uploads\/2021\/10\/CLERICI-ANIVERSARIO-CARLOS-SALAS-2021-23.jpg 2048w\" sizes=\"auto, (max-width: 920px) 100vw, 920px\" \/><figcaption class=\"blocks-gallery-item__caption\">Carlos Salas 115 a\u00f1os<\/figcaption><\/figure><\/li><li class=\"blocks-gallery-item\"><figure><img loading=\"lazy\" decoding=\"async\" width=\"920\" height=\"613\" src=\"http:\/\/infoecos.com.ar\/wp-content\/uploads\/2021\/10\/CLERICI-ANIVERSARIO-CARLOS-SALAS-2021-36-920x613.jpg\" alt=\"\" data-id=\"87399\" data-full-url=\"http:\/\/infoecos.com.ar\/wp-content\/uploads\/2021\/10\/CLERICI-ANIVERSARIO-CARLOS-SALAS-2021-36.jpg\" data-link=\"http:\/\/infoecos.com.ar\/?attachment_id=87399\" class=\"wp-image-87399\" srcset=\"https:\/\/infoecos.com.ar\/wp-content\/uploads\/2021\/10\/CLERICI-ANIVERSARIO-CARLOS-SALAS-2021-36-920x613.jpg 920w, https:\/\/infoecos.com.ar\/wp-content\/uploads\/2021\/10\/CLERICI-ANIVERSARIO-CARLOS-SALAS-2021-36-460x307.jpg 460w, https:\/\/infoecos.com.ar\/wp-content\/uploads\/2021\/10\/CLERICI-ANIVERSARIO-CARLOS-SALAS-2021-36-768x512.jpg 768w, https:\/\/infoecos.com.ar\/wp-content\/uploads\/2021\/10\/CLERICI-ANIVERSARIO-CARLOS-SALAS-2021-36-1536x1024.jpg 1536w, https:\/\/infoecos.com.ar\/wp-content\/uploads\/2021\/10\/CLERICI-ANIVERSARIO-CARLOS-SALAS-2021-36-1024x683.jpg 1024w, https:\/\/infoecos.com.ar\/wp-content\/uploads\/2021\/10\/CLERICI-ANIVERSARIO-CARLOS-SALAS-2021-36-675x450.jpg 675w, https:\/\/infoecos.com.ar\/wp-content\/uploads\/2021\/10\/CLERICI-ANIVERSARIO-CARLOS-SALAS-2021-36.jpg 2048w\" sizes=\"auto, (max-width: 920px) 100vw, 920px\" \/><figcaption class=\"blocks-gallery-item__caption\">Carlos Salas 115 a\u00f1os<\/figcaption><\/figure><\/li><li class=\"blocks-gallery-item\"><figure><img loading=\"lazy\" decoding=\"async\" width=\"920\" height=\"613\" src=\"http:\/\/infoecos.com.ar\/wp-content\/uploads\/2021\/10\/CLERICI-ANIVERSARIO-CARLOS-SALAS-2021-43-920x613.jpg\" alt=\"\" data-id=\"87400\" data-full-url=\"http:\/\/infoecos.com.ar\/wp-content\/uploads\/2021\/10\/CLERICI-ANIVERSARIO-CARLOS-SALAS-2021-43.jpg\" data-link=\"http:\/\/infoecos.com.ar\/?attachment_id=87400\" class=\"wp-image-87400\" srcset=\"https:\/\/infoecos.com.ar\/wp-content\/uploads\/2021\/10\/CLERICI-ANIVERSARIO-CARLOS-SALAS-2021-43-920x613.jpg 920w, https:\/\/infoecos.com.ar\/wp-content\/uploads\/2021\/10\/CLERICI-ANIVERSARIO-CARLOS-SALAS-2021-43-460x307.jpg 460w, https:\/\/infoecos.com.ar\/wp-content\/uploads\/2021\/10\/CLERICI-ANIVERSARIO-CARLOS-SALAS-2021-43-768x512.jpg 768w, https:\/\/infoecos.com.ar\/wp-content\/uploads\/2021\/10\/CLERICI-ANIVERSARIO-CARLOS-SALAS-2021-43-1536x1024.jpg 1536w, https:\/\/infoecos.com.ar\/wp-content\/uploads\/2021\/10\/CLERICI-ANIVERSARIO-CARLOS-SALAS-2021-43-1024x683.jpg 1024w, https:\/\/infoecos.com.ar\/wp-content\/uploads\/2021\/10\/CLERICI-ANIVERSARIO-CARLOS-SALAS-2021-43-675x450.jpg 675w, https:\/\/infoecos.com.ar\/wp-content\/uploads\/2021\/10\/CLERICI-ANIVERSARIO-CARLOS-SALAS-2021-43.jpg 2048w\" sizes=\"auto, (max-width: 920px) 100vw, 920px\" \/><figcaption class=\"blocks-gallery-item__caption\">Carlos Salas 115 a\u00f1os<\/figcaption><\/figure><\/li><\/ul><\/figure>\n","protected":false},"excerpt":{"rendered":"<p>El acto protocolar estuvo encabezado por el intendente Salvador Serenal y el delegado municipal de Carlos Salas, Daniel Raneletti<\/p>\n","protected":false},"author":2,"featured_media":87395,"comment_status":"closed","ping_status":"open","sticky":false,"template":"","format":"standard","meta":{"footnotes":""},"categories":[200],"tags":[5342],"class_list":["post-87391","post","type-post","status-publish","format-standard","has-post-thumbnail","hentry","category-inferior8","tag-acto-el-viernes"],"featured_image_urls":{"full":["https:\/\/infoecos.com.ar\/wp-content\/uploads\/2021\/10\/CLERICI-ANIVERSARIO-CARLOS-SALAS-2021-7-1.jpg",2048,1365,false],"thumbnail":["https:\/\/infoecos.com.ar\/wp-content\/uploads\/2021\/10\/CLERICI-ANIVERSARIO-CARLOS-SALAS-2021-7-1-150x150.jpg",150,150,true],"medium":["https:\/\/infoecos.com.ar\/wp-content\/uploads\/2021\/10\/CLERICI-ANIVERSARIO-CARLOS-SALAS-2021-7-1-460x307.jpg",460,307,true],"medium_large":["https:\/\/infoecos.com.ar\/wp-content\/uploads\/2021\/10\/CLERICI-ANIVERSARIO-CARLOS-SALAS-2021-7-1-768x512.jpg",640,427,true],"large":["https:\/\/infoecos.com.ar\/wp-content\/uploads\/2021\/10\/CLERICI-ANIVERSARIO-CARLOS-SALAS-2021-7-1-920x613.jpg",640,426,true],"1536x1536":["https:\/\/infoecos.com.ar\/wp-content\/uploads\/2021\/10\/CLERICI-ANIVERSARIO-CARLOS-SALAS-2021-7-1-1536x1024.jpg",1536,1024,true],"2048x2048":["https:\/\/infoecos.com.ar\/wp-content\/uploads\/2021\/10\/CLERICI-ANIVERSARIO-CARLOS-SALAS-2021-7-1.jpg",2048,1365,false],"covernews-slider-full":["https:\/\/infoecos.com.ar\/wp-content\/uploads\/2021\/10\/CLERICI-ANIVERSARIO-CARLOS-SALAS-2021-7-1-1536x1020.jpg",1077,715,true],"covernews-slider-center":["https:\/\/infoecos.com.ar\/wp-content\/uploads\/2021\/10\/CLERICI-ANIVERSARIO-CARLOS-SALAS-2021-7-1-936x897.jpg",522,500,true],"covernews-featured":["https:\/\/infoecos.com.ar\/wp-content\/uploads\/2021\/10\/CLERICI-ANIVERSARIO-CARLOS-SALAS-2021-7-1-1024x683.jpg",1024,683,true],"covernews-medium":["https:\/\/infoecos.com.ar\/wp-content\/uploads\/2021\/10\/CLERICI-ANIVERSARIO-CARLOS-SALAS-2021-7-1-720x380.jpg",540,285,true],"covernews-medium-square":["https:\/\/infoecos.com.ar\/wp-content\/uploads\/2021\/10\/CLERICI-ANIVERSARIO-CARLOS-SALAS-2021-7-1-675x450.jpg",375,250,true]},"author_info":{"info":["Jorge Matheus"]},"category_info":"<a href=\"https:\/\/infoecos.com.ar\/index.php\/category\/inferior8\/\" rel=\"category tag\">Bloque inferior - 8<\/a>","tag_info":"Bloque inferior - 8","comment_count":"0","_links":{"self":[{"href":"https:\/\/infoecos.com.ar\/index.php\/wp-json\/wp\/v2\/posts\/87391","targetHints":{"allow":["GET"]}}],"collection":[{"href":"https:\/\/infoecos.com.ar\/index.php\/wp-json\/wp\/v2\/posts"}],"about":[{"href":"https:\/\/infoecos.com.ar\/index.php\/wp-json\/wp\/v2\/types\/post"}],"author":[{"embeddable":true,"href":"https:\/\/infoecos.com.ar\/index.php\/wp-json\/wp\/v2\/users\/2"}],"replies":[{"embeddable":true,"href":"https:\/\/infoecos.com.ar\/index.php\/wp-json\/wp\/v2\/comments?post=87391"}],"version-history":[{"count":2,"href":"https:\/\/infoecos.com.ar\/index.php\/wp-json\/wp\/v2\/posts\/87391\/revisions"}],"predecessor-version":[{"id":87564,"href":"https:\/\/infoecos.com.ar\/index.php\/wp-json\/wp\/v2\/posts\/87391\/revisions\/87564"}],"wp:featuredmedia":[{"embeddable":true,"href":"https:\/\/infoecos.com.ar\/index.php\/wp-json\/wp\/v2\/media\/87395"}],"wp:attachment":[{"href":"https:\/\/infoecos.com.ar\/index.php\/wp-json\/wp\/v2\/media?parent=87391"}],"wp:term":[{"taxonomy":"category","embeddable":true,"href":"https:\/\/infoecos.com.ar\/index.php\/wp-json\/wp\/v2\/categories?post=87391"},{"taxonomy":"post_tag","embeddable":true,"href":"https:\/\/infoecos.com.ar\/index.php\/wp-json\/wp\/v2\/tags?post=87391"}],"curies":[{"name":"wp","href":"https:\/\/api.w.org\/{rel}","templated":true}]}}