{"id":87456,"date":"2021-10-02T19:23:15","date_gmt":"2021-10-02T22:23:15","guid":{"rendered":"http:\/\/infoecos.com.ar\/?p=87456"},"modified":"2021-10-04T04:55:55","modified_gmt":"2021-10-04T07:55:55","slug":"el-atletismo-trenquelauquense-y-mas-alegrias-barragan-y-madronal-en-resistencia-savy-en-cordoba","status":"publish","type":"post","link":"https:\/\/infoecos.com.ar\/index.php\/el-atletismo-trenquelauquense-y-mas-alegrias-barragan-y-madronal-en-resistencia-savy-en-cordoba\/","title":{"rendered":"El atletismo trenquelauquense y m\u00e1s alegr\u00edas: Barrag\u00e1n y Madro\u00f1al en Resistencia, Savy en C\u00f3rdoba"},"content":{"rendered":"\n<p class=\"wp-block-paragraph\">Los atletas trenquelauquenches Lautaro Barrag\u00e1n y Santiago Madro\u00f1al, integrantes del Programa \u00danico de Atletismo (P\u00daA) municipal de Trenque Lauquen y en representaci\u00f3n de la Provincia de Buenos Aires obtuvieron la medalla de oro en 10.000 metros y salto en largo, respectivamente, en el Campeonato Nacional de Atletismo U-20, que se desarrolla este fin de semana en la ciudad de Resistencia, en la provincia de Chaco.<\/p>\n\n\n\n<div class=\"wp-block-image\"><figure class=\"aligncenter size-medium\"><img loading=\"lazy\" decoding=\"async\" width=\"460\" height=\"381\" src=\"http:\/\/infoecos.com.ar\/wp-content\/uploads\/2021\/10\/madronal1-460x381.jpg\" alt=\"\" class=\"wp-image-87457\" srcset=\"https:\/\/infoecos.com.ar\/wp-content\/uploads\/2021\/10\/madronal1-460x381.jpg 460w, https:\/\/infoecos.com.ar\/wp-content\/uploads\/2021\/10\/madronal1-920x762.jpg 920w, https:\/\/infoecos.com.ar\/wp-content\/uploads\/2021\/10\/madronal1-768x637.jpg 768w, https:\/\/infoecos.com.ar\/wp-content\/uploads\/2021\/10\/madronal1-1024x849.jpg 1024w, https:\/\/infoecos.com.ar\/wp-content\/uploads\/2021\/10\/madronal1.jpg 1174w\" sizes=\"auto, (max-width: 460px) 100vw, 460px\" \/><\/figure><\/div>\n\n\n\n<p class=\"wp-block-paragraph\">Trinidad Rosero, tambi\u00e9n del equipo P\u00daA, logr\u00f3 mejorar su marca 5cms. y con 10.05mts. finaliz\u00f3 und\u00e9cima en lanzamiento de bala, prueba en la que se impuso Martina Frank (LPA), con 12.32 mts.<\/p>\n\n\n\n<div class=\"wp-block-image\"><figure class=\"aligncenter size-medium\"><img loading=\"lazy\" decoding=\"async\" width=\"460\" height=\"338\" src=\"http:\/\/infoecos.com.ar\/wp-content\/uploads\/2021\/10\/madronal-460x338.jpg\" alt=\"\" class=\"wp-image-87458\" srcset=\"https:\/\/infoecos.com.ar\/wp-content\/uploads\/2021\/10\/madronal-460x338.jpg 460w, https:\/\/infoecos.com.ar\/wp-content\/uploads\/2021\/10\/madronal-920x676.jpg 920w, https:\/\/infoecos.com.ar\/wp-content\/uploads\/2021\/10\/madronal-768x565.jpg 768w, https:\/\/infoecos.com.ar\/wp-content\/uploads\/2021\/10\/madronal-1024x753.jpg 1024w, https:\/\/infoecos.com.ar\/wp-content\/uploads\/2021\/10\/madronal.jpg 1193w\" sizes=\"auto, (max-width: 460px) 100vw, 460px\" \/><\/figure><\/div>\n\n\n\n<p class=\"wp-block-paragraph\">Barrag\u00e1n estableci\u00f3 una marca de 34.23.53, bajando su mejor registro, que era de 34.42.99, y postergando al segundo lugar a Benjam\u00edn Aguilar (FAM), 34.28.83, y al tercer puesto a Gonzalo Montecinos (BA), 36.11.38.<br>Madro\u00f1al salt\u00f3 7.01mts. +3.5 y qued\u00f3 por delante de Nazareno Helber Melgarejo (FAM), 6.91mts. + 3.8, y Ezequiel Sferra (BA), 6.77mts +4.0.<\/p>\n\n\n\n<div class=\"wp-block-image\"><figure class=\"aligncenter size-medium\"><img loading=\"lazy\" decoding=\"async\" width=\"460\" height=\"327\" src=\"http:\/\/infoecos.com.ar\/wp-content\/uploads\/2021\/10\/madronal2-460x327.jpg\" alt=\"\" class=\"wp-image-87459\" srcset=\"https:\/\/infoecos.com.ar\/wp-content\/uploads\/2021\/10\/madronal2-460x327.jpg 460w, https:\/\/infoecos.com.ar\/wp-content\/uploads\/2021\/10\/madronal2-920x653.jpg 920w, https:\/\/infoecos.com.ar\/wp-content\/uploads\/2021\/10\/madronal2-768x545.jpg 768w, https:\/\/infoecos.com.ar\/wp-content\/uploads\/2021\/10\/madronal2.jpg 959w\" sizes=\"auto, (max-width: 460px) 100vw, 460px\" \/><\/figure><\/div>\n\n\n\n<p class=\"wp-block-paragraph\">Otro integrante del P\u00daA, Gerard D\u00edaz Savy sali\u00f3 1\u00ba en su categor\u00eda y 4\u00ba en la General en el Marat\u00f3n<br>12km Utacch, en Villa Yacanto, C\u00f3rdoba.<\/p>\n","protected":false},"excerpt":{"rendered":"<p>Lautaro Barrag\u00e1n y Santiago Madro\u00f1al  obtuvieron la medalla de oro en 10.000 metros y salto en largo, respectivamente<\/p>\n","protected":false},"author":2,"featured_media":87459,"comment_status":"closed","ping_status":"open","sticky":false,"template":"","format":"standard","meta":{"footnotes":""},"categories":[1333],"tags":[5345],"class_list":["post-87456","post","type-post","status-publish","format-standard","has-post-thumbnail","hentry","category-inferior13","tag-campeones-nacionales-y-ganador-en-maraton"],"featured_image_urls":{"full":["https:\/\/infoecos.com.ar\/wp-content\/uploads\/2021\/10\/madronal2.jpg",959,681,false],"thumbnail":["https:\/\/infoecos.com.ar\/wp-content\/uploads\/2021\/10\/madronal2-150x150.jpg",150,150,true],"medium":["https:\/\/infoecos.com.ar\/wp-content\/uploads\/2021\/10\/madronal2-460x327.jpg",460,327,true],"medium_large":["https:\/\/infoecos.com.ar\/wp-content\/uploads\/2021\/10\/madronal2-768x545.jpg",640,454,true],"large":["https:\/\/infoecos.com.ar\/wp-content\/uploads\/2021\/10\/madronal2-920x653.jpg",640,454,true],"1536x1536":["https:\/\/infoecos.com.ar\/wp-content\/uploads\/2021\/10\/madronal2.jpg",959,681,false],"2048x2048":["https:\/\/infoecos.com.ar\/wp-content\/uploads\/2021\/10\/madronal2.jpg",959,681,false],"covernews-slider-full":["https:\/\/infoecos.com.ar\/wp-content\/uploads\/2021\/10\/madronal2.jpg",959,681,false],"covernews-slider-center":["https:\/\/infoecos.com.ar\/wp-content\/uploads\/2021\/10\/madronal2-936x681.jpg",687,500,true],"covernews-featured":["https:\/\/infoecos.com.ar\/wp-content\/uploads\/2021\/10\/madronal2.jpg",959,681,false],"covernews-medium":["https:\/\/infoecos.com.ar\/wp-content\/uploads\/2021\/10\/madronal2-720x380.jpg",540,285,true],"covernews-medium-square":["https:\/\/infoecos.com.ar\/wp-content\/uploads\/2021\/10\/madronal2-675x450.jpg",375,250,true]},"author_info":{"info":["Jorge Matheus"]},"category_info":"<a href=\"https:\/\/infoecos.com.ar\/index.php\/category\/inferior13\/\" rel=\"category tag\">Bloque inferior - 13<\/a>","tag_info":"Bloque inferior - 13","comment_count":"0","_links":{"self":[{"href":"https:\/\/infoecos.com.ar\/index.php\/wp-json\/wp\/v2\/posts\/87456","targetHints":{"allow":["GET"]}}],"collection":[{"href":"https:\/\/infoecos.com.ar\/index.php\/wp-json\/wp\/v2\/posts"}],"about":[{"href":"https:\/\/infoecos.com.ar\/index.php\/wp-json\/wp\/v2\/types\/post"}],"author":[{"embeddable":true,"href":"https:\/\/infoecos.com.ar\/index.php\/wp-json\/wp\/v2\/users\/2"}],"replies":[{"embeddable":true,"href":"https:\/\/infoecos.com.ar\/index.php\/wp-json\/wp\/v2\/comments?post=87456"}],"version-history":[{"count":1,"href":"https:\/\/infoecos.com.ar\/index.php\/wp-json\/wp\/v2\/posts\/87456\/revisions"}],"predecessor-version":[{"id":87460,"href":"https:\/\/infoecos.com.ar\/index.php\/wp-json\/wp\/v2\/posts\/87456\/revisions\/87460"}],"wp:featuredmedia":[{"embeddable":true,"href":"https:\/\/infoecos.com.ar\/index.php\/wp-json\/wp\/v2\/media\/87459"}],"wp:attachment":[{"href":"https:\/\/infoecos.com.ar\/index.php\/wp-json\/wp\/v2\/media?parent=87456"}],"wp:term":[{"taxonomy":"category","embeddable":true,"href":"https:\/\/infoecos.com.ar\/index.php\/wp-json\/wp\/v2\/categories?post=87456"},{"taxonomy":"post_tag","embeddable":true,"href":"https:\/\/infoecos.com.ar\/index.php\/wp-json\/wp\/v2\/tags?post=87456"}],"curies":[{"name":"wp","href":"https:\/\/api.w.org\/{rel}","templated":true}]}}