{"id":87588,"date":"2021-10-05T03:05:30","date_gmt":"2021-10-05T06:05:30","guid":{"rendered":"http:\/\/infoecos.com.ar\/?p=87588"},"modified":"2021-10-05T03:33:47","modified_gmt":"2021-10-05T06:33:47","slug":"el-ex-dueno-de-la-companiala-primera-y-desde-hace-unos-anos-presidente-de-river-en-pareja-con-zulemita-menem","status":"publish","type":"post","link":"https:\/\/infoecos.com.ar\/index.php\/el-ex-dueno-de-la-companiala-primera-y-desde-hace-unos-anos-presidente-de-river-en-pareja-con-zulemita-menem\/","title":{"rendered":"El ex due\u00f1o de la compa\u00f1\u00eda \u00abLa Primera\u00bb y, desde hace unos a\u00f1os, presidente de River, en pareja con Zulemita Menem"},"content":{"rendered":"\n<p>Aunque ella lo descart\u00f3, aunque no en forma terminante, Zulemita Menem estar\u00eda en pareja con Rodolfo D\u00b4Onofrio, actual presidente del Club Atl\u00e9tico River Plate.<\/p>\n\n\n\n<p>D\u00b4Onofrio es sumamente conocido en la ciudad de Trenque Lauquen, ya que fue el propietario de la ex compa\u00f1\u00eda de seguros La Primera, la que seg\u00fan afirman muchos habr\u00eda vaciado, derivando en la ca\u00edda definitiva. El patrimonio de la aseguradora qued\u00f3 arrumbado durante muchos a\u00f1os, hasta que el ex intendente del distrito, Juan Carlos Font, decidi\u00f3 la compra del inmueble donde hoy funciona el Centro C\u00edvico.<\/p>\n\n\n\n<div class=\"wp-block-image\"><figure class=\"aligncenter size-medium\"><img loading=\"lazy\" decoding=\"async\" width=\"460\" height=\"227\" src=\"http:\/\/infoecos.com.ar\/wp-content\/uploads\/2021\/10\/resurgieron-los-rumores-de-romance___XlOxOavLm_1256x620__1-460x227.jpg\" alt=\"\" class=\"wp-image-87589\" srcset=\"https:\/\/infoecos.com.ar\/wp-content\/uploads\/2021\/10\/resurgieron-los-rumores-de-romance___XlOxOavLm_1256x620__1-460x227.jpg 460w, https:\/\/infoecos.com.ar\/wp-content\/uploads\/2021\/10\/resurgieron-los-rumores-de-romance___XlOxOavLm_1256x620__1-920x454.jpg 920w, https:\/\/infoecos.com.ar\/wp-content\/uploads\/2021\/10\/resurgieron-los-rumores-de-romance___XlOxOavLm_1256x620__1-768x379.jpg 768w, https:\/\/infoecos.com.ar\/wp-content\/uploads\/2021\/10\/resurgieron-los-rumores-de-romance___XlOxOavLm_1256x620__1-1024x505.jpg 1024w, https:\/\/infoecos.com.ar\/wp-content\/uploads\/2021\/10\/resurgieron-los-rumores-de-romance___XlOxOavLm_1256x620__1.jpg 1256w\" sizes=\"(max-width: 460px) 100vw, 460px\" \/><figcaption>Zulemita y D\u00b4Onofrio<\/figcaption><\/figure><\/div>\n\n\n\n<p>D\u00b4Onofrio en los tiempos que visitaba Trenque Lauquen era reconocido por tener una buena estampa, la que a pesar del paso de los a\u00f1os, seg\u00fan se\u00f1alan comentaristas de programas de chimentos en la televisi\u00f3n argentina, conserva.<\/p>\n\n\n\n<p>Yanina Latorre, en el programa que conduce Angel De Brito en Canal 13, manifest\u00f3 que \u00abZulemita estuvo mucho tiempo en pareja con alguien que trabajaba con su padre, que tambi\u00e9n era separado.&nbsp;Pero ella est\u00e1 sola desde hace bastante tiempo\u00bb.<\/p>\n\n\n\n<p>\u00abElla es hincha de River y este romance empez\u00f3 en Per\u00fa en 2019 cuando ella viaj\u00f3 a ver una final de River Plate, cuando jug\u00f3 contra Flamengo.&nbsp;Ah\u00ed empez\u00f3 todo. Ah\u00ed fue el flechazo\u00bb, desarroll\u00f3 la panelista Maite Pe\u00f1o\u00f1ori. \u00abYo los v\u00ed almorzando en un restor\u00e1n muy famoso de la Costanera hace seis meses m\u00e1s o menos<strong>.<\/strong>&nbsp;Los salud\u00e9 pero pens\u00e9 que eran amigos\u00bb, se\u00f1al\u00f3. <\/p>\n\n\n\n<p>Zulemita tambi\u00e9n estuvo en pareja con el hijo de un empresario nativo de Trenque Lauquen, dedicado tambi\u00e9n al mundo asegurador. En varias oportunidades, aunque no se la vio en la ciudad visit\u00f3 el establecimiento agropecuario propiedad de Marcelo Pocov\u00ed,  qui\u00e9n compart\u00eda los d\u00edas con ella, y con qui\u00e9n tuvo su hijo menor, Malek.<\/p>\n\n\n\n<div class=\"wp-block-image\"><figure class=\"aligncenter size-medium\"><img loading=\"lazy\" decoding=\"async\" width=\"460\" height=\"259\" src=\"http:\/\/infoecos.com.ar\/wp-content\/uploads\/2021\/10\/pocovi-menem-460x259.jpg\" alt=\"\" class=\"wp-image-87590\" srcset=\"https:\/\/infoecos.com.ar\/wp-content\/uploads\/2021\/10\/pocovi-menem-460x259.jpg 460w, https:\/\/infoecos.com.ar\/wp-content\/uploads\/2021\/10\/pocovi-menem-920x518.jpg 920w, https:\/\/infoecos.com.ar\/wp-content\/uploads\/2021\/10\/pocovi-menem-768x432.jpg 768w, https:\/\/infoecos.com.ar\/wp-content\/uploads\/2021\/10\/pocovi-menem-1024x576.jpg 1024w, https:\/\/infoecos.com.ar\/wp-content\/uploads\/2021\/10\/pocovi-menem.jpg 1280w\" sizes=\"(max-width: 460px) 100vw, 460px\" \/><figcaption>Marcelo Pocov\u00ed y Zulemita Menem<\/figcaption><\/figure><\/div>\n\n\n\n<div class=\"wp-block-image\"><figure class=\"aligncenter size-medium\"><img loading=\"lazy\" decoding=\"async\" width=\"460\" height=\"307\" src=\"http:\/\/infoecos.com.ar\/wp-content\/uploads\/2021\/10\/508f0b034cpura_zulemita-460x307.jpg\" alt=\"\" class=\"wp-image-87591\" srcset=\"https:\/\/infoecos.com.ar\/wp-content\/uploads\/2021\/10\/508f0b034cpura_zulemita-460x307.jpg 460w, https:\/\/infoecos.com.ar\/wp-content\/uploads\/2021\/10\/508f0b034cpura_zulemita.jpg 600w\" sizes=\"(max-width: 460px) 100vw, 460px\" \/><figcaption>Zulemita cuando naci\u00f3 su beb\u00e9 y Pocov\u00ed<\/figcaption><\/figure><\/div>\n\n\n\n<p>Este a\u00f1o cuando habl\u00f3 de la posibilidad de postularse como candidata a Diputada Nacional por el Partido Federal, algunos la vincularon sentimentalmente con Miguel Saredi, que conduce esa corriente pol\u00edtica y desarrolla la vida pol\u00edtica en el distrito de La Matanza. Saredi fue presidente del PJ de Trenque Lauquen y candidato a intendente municipal. <\/p>\n\n\n\n<div class=\"wp-block-image\"><figure class=\"aligncenter size-medium\"><img loading=\"lazy\" decoding=\"async\" width=\"460\" height=\"259\" src=\"http:\/\/infoecos.com.ar\/wp-content\/uploads\/2021\/10\/zulemita-rodolfo-donofrio-460x259.jpeg\" alt=\"\" class=\"wp-image-87592\" srcset=\"https:\/\/infoecos.com.ar\/wp-content\/uploads\/2021\/10\/zulemita-rodolfo-donofrio-460x259.jpeg 460w, https:\/\/infoecos.com.ar\/wp-content\/uploads\/2021\/10\/zulemita-rodolfo-donofrio-920x518.jpeg 920w, https:\/\/infoecos.com.ar\/wp-content\/uploads\/2021\/10\/zulemita-rodolfo-donofrio-768x432.jpeg 768w, https:\/\/infoecos.com.ar\/wp-content\/uploads\/2021\/10\/zulemita-rodolfo-donofrio-1024x576.jpeg 1024w, https:\/\/infoecos.com.ar\/wp-content\/uploads\/2021\/10\/zulemita-rodolfo-donofrio.jpeg 1200w\" sizes=\"(max-width: 460px) 100vw, 460px\" \/><figcaption>Zulemita con D\u00b4Onofrio y Saredi<\/figcaption><\/figure><\/div>\n\n\n\n<div class=\"wp-block-image\"><figure class=\"aligncenter size-medium\"><img loading=\"lazy\" decoding=\"async\" width=\"365\" height=\"460\" src=\"http:\/\/infoecos.com.ar\/wp-content\/uploads\/2021\/10\/WhatsApp-Image-2020-10-21-at-16.56.29-e1603310243737-365x460.jpeg\" alt=\"\" class=\"wp-image-87593\" srcset=\"https:\/\/infoecos.com.ar\/wp-content\/uploads\/2021\/10\/WhatsApp-Image-2020-10-21-at-16.56.29-e1603310243737-365x460.jpeg 365w, https:\/\/infoecos.com.ar\/wp-content\/uploads\/2021\/10\/WhatsApp-Image-2020-10-21-at-16.56.29-e1603310243737.jpeg 650w\" sizes=\"(max-width: 365px) 100vw, 365px\" \/><figcaption>Zulemita y Saredi este a\u00f1o<\/figcaption><\/figure><\/div>\n","protected":false},"excerpt":{"rendered":"<p>Su hijo m\u00e1s peque\u00f1o, Malek, es producto de la relaci\u00f3n que mantuvo con el empresario Marcelo Pocov\u00ed, cuya familia posee campos en el distrito (ver fotos)<\/p>\n","protected":false},"author":2,"featured_media":87589,"comment_status":"closed","ping_status":"open","sticky":false,"template":"","format":"standard","meta":{"footnotes":""},"categories":[46],"tags":[5361],"class_list":["post-87588","post","type-post","status-publish","format-standard","has-post-thumbnail","hentry","category-c2nota2","tag-romances-con-sabor-trenquelauquense"],"yoast_head":"<!-- This site is optimized with the Yoast SEO plugin v23.4 - https:\/\/yoast.com\/wordpress\/plugins\/seo\/ -->\n<title>El ex due\u00f1o de la compa\u00f1\u00eda &quot;La Primera&quot; y, desde hace unos a\u00f1os, presidente de River, en pareja con Zulemita Menem - Infoecos<\/title>\n<meta name=\"robots\" content=\"index, follow, max-snippet:-1, max-image-preview:large, max-video-preview:-1\" \/>\n<link rel=\"canonical\" href=\"https:\/\/infoecos.com.ar\/index.php\/el-ex-dueno-de-la-companiala-primera-y-desde-hace-unos-anos-presidente-de-river-en-pareja-con-zulemita-menem\/\" \/>\n<meta property=\"og:locale\" content=\"es_ES\" \/>\n<meta property=\"og:type\" content=\"article\" \/>\n<meta property=\"og:title\" content=\"El ex due\u00f1o de la compa\u00f1\u00eda &quot;La Primera&quot; y, desde hace unos a\u00f1os, presidente de River, en pareja con Zulemita Menem - Infoecos\" \/>\n<meta property=\"og:description\" content=\"Su hijo m\u00e1s peque\u00f1o, Malek, es producto de la relaci\u00f3n que mantuvo con el empresario Marcelo Pocov\u00ed, cuya familia posee campos en el distrito (ver fotos)\" \/>\n<meta property=\"og:url\" content=\"https:\/\/infoecos.com.ar\/index.php\/el-ex-dueno-de-la-companiala-primera-y-desde-hace-unos-anos-presidente-de-river-en-pareja-con-zulemita-menem\/\" \/>\n<meta property=\"og:site_name\" content=\"Infoecos\" \/>\n<meta property=\"article:publisher\" content=\"https:\/\/www.facebook.com\/profile.php?id=100063200290284\" \/>\n<meta property=\"article:published_time\" content=\"2021-10-05T06:05:30+00:00\" \/>\n<meta property=\"article:modified_time\" content=\"2021-10-05T06:33:47+00:00\" \/>\n<meta property=\"og:image\" content=\"https:\/\/infoecos.com.ar\/wp-content\/uploads\/2021\/10\/resurgieron-los-rumores-de-romance___XlOxOavLm_1256x620__1.jpg\" \/>\n\t<meta property=\"og:image:width\" content=\"1256\" \/>\n\t<meta property=\"og:image:height\" content=\"620\" \/>\n\t<meta property=\"og:image:type\" content=\"image\/jpeg\" \/>\n<meta name=\"author\" content=\"Jorge Matheus\" \/>\n<meta name=\"twitter:card\" content=\"summary_large_image\" \/>\n<meta name=\"twitter:creator\" content=\"@infoecos\" \/>\n<meta name=\"twitter:site\" content=\"@infoecos\" \/>\n<meta name=\"twitter:label1\" content=\"Escrito por\" \/>\n\t<meta name=\"twitter:data1\" content=\"Jorge Matheus\" \/>\n\t<meta name=\"twitter:label2\" content=\"Tiempo de lectura\" \/>\n\t<meta name=\"twitter:data2\" content=\"2 minutos\" \/>\n<script type=\"application\/ld+json\" class=\"yoast-schema-graph\">{\"@context\":\"https:\/\/schema.org\",\"@graph\":[{\"@type\":\"Article\",\"@id\":\"https:\/\/infoecos.com.ar\/index.php\/el-ex-dueno-de-la-companiala-primera-y-desde-hace-unos-anos-presidente-de-river-en-pareja-con-zulemita-menem\/#article\",\"isPartOf\":{\"@id\":\"https:\/\/infoecos.com.ar\/index.php\/el-ex-dueno-de-la-companiala-primera-y-desde-hace-unos-anos-presidente-de-river-en-pareja-con-zulemita-menem\/\"},\"author\":{\"name\":\"Jorge Matheus\",\"@id\":\"https:\/\/infoecos.com.ar\/#\/schema\/person\/8f5ace5ce73b4b4aac4b7245aee6f191\"},\"headline\":\"El ex due\u00f1o de la compa\u00f1\u00eda \u00abLa Primera\u00bb y, desde hace unos a\u00f1os, presidente de River, en pareja con Zulemita Menem\",\"datePublished\":\"2021-10-05T06:05:30+00:00\",\"dateModified\":\"2021-10-05T06:33:47+00:00\",\"mainEntityOfPage\":{\"@id\":\"https:\/\/infoecos.com.ar\/index.php\/el-ex-dueno-de-la-companiala-primera-y-desde-hace-unos-anos-presidente-de-river-en-pareja-con-zulemita-menem\/\"},\"wordCount\":421,\"publisher\":{\"@id\":\"https:\/\/infoecos.com.ar\/#organization\"},\"image\":{\"@id\":\"https:\/\/infoecos.com.ar\/index.php\/el-ex-dueno-de-la-companiala-primera-y-desde-hace-unos-anos-presidente-de-river-en-pareja-con-zulemita-menem\/#primaryimage\"},\"thumbnailUrl\":\"https:\/\/infoecos.com.ar\/wp-content\/uploads\/2021\/10\/resurgieron-los-rumores-de-romance___XlOxOavLm_1256x620__1.jpg\",\"keywords\":[\"ROMANCES CON SABOR TRENQUELAUQUENSE\"],\"articleSection\":[\"C2 N2\"],\"inLanguage\":\"es\"},{\"@type\":\"WebPage\",\"@id\":\"https:\/\/infoecos.com.ar\/index.php\/el-ex-dueno-de-la-companiala-primera-y-desde-hace-unos-anos-presidente-de-river-en-pareja-con-zulemita-menem\/\",\"url\":\"https:\/\/infoecos.com.ar\/index.php\/el-ex-dueno-de-la-companiala-primera-y-desde-hace-unos-anos-presidente-de-river-en-pareja-con-zulemita-menem\/\",\"name\":\"El ex due\u00f1o de la compa\u00f1\u00eda \\\"La Primera\\\" y, desde hace unos a\u00f1os, presidente de River, en pareja con Zulemita Menem - Infoecos\",\"isPartOf\":{\"@id\":\"https:\/\/infoecos.com.ar\/#website\"},\"primaryImageOfPage\":{\"@id\":\"https:\/\/infoecos.com.ar\/index.php\/el-ex-dueno-de-la-companiala-primera-y-desde-hace-unos-anos-presidente-de-river-en-pareja-con-zulemita-menem\/#primaryimage\"},\"image\":{\"@id\":\"https:\/\/infoecos.com.ar\/index.php\/el-ex-dueno-de-la-companiala-primera-y-desde-hace-unos-anos-presidente-de-river-en-pareja-con-zulemita-menem\/#primaryimage\"},\"thumbnailUrl\":\"https:\/\/infoecos.com.ar\/wp-content\/uploads\/2021\/10\/resurgieron-los-rumores-de-romance___XlOxOavLm_1256x620__1.jpg\",\"datePublished\":\"2021-10-05T06:05:30+00:00\",\"dateModified\":\"2021-10-05T06:33:47+00:00\",\"breadcrumb\":{\"@id\":\"https:\/\/infoecos.com.ar\/index.php\/el-ex-dueno-de-la-companiala-primera-y-desde-hace-unos-anos-presidente-de-river-en-pareja-con-zulemita-menem\/#breadcrumb\"},\"inLanguage\":\"es\",\"potentialAction\":[{\"@type\":\"ReadAction\",\"target\":[\"https:\/\/infoecos.com.ar\/index.php\/el-ex-dueno-de-la-companiala-primera-y-desde-hace-unos-anos-presidente-de-river-en-pareja-con-zulemita-menem\/\"]}]},{\"@type\":\"ImageObject\",\"inLanguage\":\"es\",\"@id\":\"https:\/\/infoecos.com.ar\/index.php\/el-ex-dueno-de-la-companiala-primera-y-desde-hace-unos-anos-presidente-de-river-en-pareja-con-zulemita-menem\/#primaryimage\",\"url\":\"https:\/\/infoecos.com.ar\/wp-content\/uploads\/2021\/10\/resurgieron-los-rumores-de-romance___XlOxOavLm_1256x620__1.jpg\",\"contentUrl\":\"https:\/\/infoecos.com.ar\/wp-content\/uploads\/2021\/10\/resurgieron-los-rumores-de-romance___XlOxOavLm_1256x620__1.jpg\",\"width\":1256,\"height\":620},{\"@type\":\"BreadcrumbList\",\"@id\":\"https:\/\/infoecos.com.ar\/index.php\/el-ex-dueno-de-la-companiala-primera-y-desde-hace-unos-anos-presidente-de-river-en-pareja-con-zulemita-menem\/#breadcrumb\",\"itemListElement\":[{\"@type\":\"ListItem\",\"position\":1,\"name\":\"Portada\",\"item\":\"https:\/\/infoecos.com.ar\/\"},{\"@type\":\"ListItem\",\"position\":2,\"name\":\"El ex due\u00f1o de la compa\u00f1\u00eda \u00abLa Primera\u00bb y, desde hace unos a\u00f1os, presidente de River, en pareja con Zulemita Menem\"}]},{\"@type\":\"WebSite\",\"@id\":\"https:\/\/infoecos.com.ar\/#website\",\"url\":\"https:\/\/infoecos.com.ar\/\",\"name\":\"Infoecos\",\"description\":\"Noticias de trenque lauquen y la zona\",\"publisher\":{\"@id\":\"https:\/\/infoecos.com.ar\/#organization\"},\"alternateName\":\"Noticias\",\"potentialAction\":[{\"@type\":\"SearchAction\",\"target\":{\"@type\":\"EntryPoint\",\"urlTemplate\":\"https:\/\/infoecos.com.ar\/?s={search_term_string}\"},\"query-input\":{\"@type\":\"PropertyValueSpecification\",\"valueRequired\":true,\"valueName\":\"search_term_string\"}}],\"inLanguage\":\"es\"},{\"@type\":\"Organization\",\"@id\":\"https:\/\/infoecos.com.ar\/#organization\",\"name\":\"Infoecos\",\"alternateName\":\"Noticias\",\"url\":\"https:\/\/infoecos.com.ar\/\",\"logo\":{\"@type\":\"ImageObject\",\"inLanguage\":\"es\",\"@id\":\"https:\/\/infoecos.com.ar\/#\/schema\/logo\/image\/\",\"url\":\"https:\/\/infoecos.com.ar\/wp-content\/uploads\/2024\/03\/cropped-logo.png\",\"contentUrl\":\"https:\/\/infoecos.com.ar\/wp-content\/uploads\/2024\/03\/cropped-logo.png\",\"width\":374,\"height\":90,\"caption\":\"Infoecos\"},\"image\":{\"@id\":\"https:\/\/infoecos.com.ar\/#\/schema\/logo\/image\/\"},\"sameAs\":[\"https:\/\/www.facebook.com\/profile.php?id=100063200290284\",\"https:\/\/x.com\/infoecos\"]},{\"@type\":\"Person\",\"@id\":\"https:\/\/infoecos.com.ar\/#\/schema\/person\/8f5ace5ce73b4b4aac4b7245aee6f191\",\"name\":\"Jorge Matheus\",\"url\":\"https:\/\/infoecos.com.ar\/index.php\/author\/jomatheus\/\"}]}<\/script>\n<!-- \/ Yoast SEO plugin. -->","yoast_head_json":{"title":"El ex due\u00f1o de la compa\u00f1\u00eda \"La Primera\" y, desde hace unos a\u00f1os, presidente de River, en pareja con Zulemita Menem - Infoecos","robots":{"index":"index","follow":"follow","max-snippet":"max-snippet:-1","max-image-preview":"max-image-preview:large","max-video-preview":"max-video-preview:-1"},"canonical":"https:\/\/infoecos.com.ar\/index.php\/el-ex-dueno-de-la-companiala-primera-y-desde-hace-unos-anos-presidente-de-river-en-pareja-con-zulemita-menem\/","og_locale":"es_ES","og_type":"article","og_title":"El ex due\u00f1o de la compa\u00f1\u00eda \"La Primera\" y, desde hace unos a\u00f1os, presidente de River, en pareja con Zulemita Menem - Infoecos","og_description":"Su hijo m\u00e1s peque\u00f1o, Malek, es producto de la relaci\u00f3n que mantuvo con el empresario Marcelo Pocov\u00ed, cuya familia posee campos en el distrito (ver fotos)","og_url":"https:\/\/infoecos.com.ar\/index.php\/el-ex-dueno-de-la-companiala-primera-y-desde-hace-unos-anos-presidente-de-river-en-pareja-con-zulemita-menem\/","og_site_name":"Infoecos","article_publisher":"https:\/\/www.facebook.com\/profile.php?id=100063200290284","article_published_time":"2021-10-05T06:05:30+00:00","article_modified_time":"2021-10-05T06:33:47+00:00","og_image":[{"width":1256,"height":620,"url":"https:\/\/infoecos.com.ar\/wp-content\/uploads\/2021\/10\/resurgieron-los-rumores-de-romance___XlOxOavLm_1256x620__1.jpg","type":"image\/jpeg"}],"author":"Jorge Matheus","twitter_card":"summary_large_image","twitter_creator":"@infoecos","twitter_site":"@infoecos","twitter_misc":{"Escrito por":"Jorge Matheus","Tiempo de lectura":"2 minutos"},"schema":{"@context":"https:\/\/schema.org","@graph":[{"@type":"Article","@id":"https:\/\/infoecos.com.ar\/index.php\/el-ex-dueno-de-la-companiala-primera-y-desde-hace-unos-anos-presidente-de-river-en-pareja-con-zulemita-menem\/#article","isPartOf":{"@id":"https:\/\/infoecos.com.ar\/index.php\/el-ex-dueno-de-la-companiala-primera-y-desde-hace-unos-anos-presidente-de-river-en-pareja-con-zulemita-menem\/"},"author":{"name":"Jorge Matheus","@id":"https:\/\/infoecos.com.ar\/#\/schema\/person\/8f5ace5ce73b4b4aac4b7245aee6f191"},"headline":"El ex due\u00f1o de la compa\u00f1\u00eda \u00abLa Primera\u00bb y, desde hace unos a\u00f1os, presidente de River, en pareja con Zulemita Menem","datePublished":"2021-10-05T06:05:30+00:00","dateModified":"2021-10-05T06:33:47+00:00","mainEntityOfPage":{"@id":"https:\/\/infoecos.com.ar\/index.php\/el-ex-dueno-de-la-companiala-primera-y-desde-hace-unos-anos-presidente-de-river-en-pareja-con-zulemita-menem\/"},"wordCount":421,"publisher":{"@id":"https:\/\/infoecos.com.ar\/#organization"},"image":{"@id":"https:\/\/infoecos.com.ar\/index.php\/el-ex-dueno-de-la-companiala-primera-y-desde-hace-unos-anos-presidente-de-river-en-pareja-con-zulemita-menem\/#primaryimage"},"thumbnailUrl":"https:\/\/infoecos.com.ar\/wp-content\/uploads\/2021\/10\/resurgieron-los-rumores-de-romance___XlOxOavLm_1256x620__1.jpg","keywords":["ROMANCES CON SABOR TRENQUELAUQUENSE"],"articleSection":["C2 N2"],"inLanguage":"es"},{"@type":"WebPage","@id":"https:\/\/infoecos.com.ar\/index.php\/el-ex-dueno-de-la-companiala-primera-y-desde-hace-unos-anos-presidente-de-river-en-pareja-con-zulemita-menem\/","url":"https:\/\/infoecos.com.ar\/index.php\/el-ex-dueno-de-la-companiala-primera-y-desde-hace-unos-anos-presidente-de-river-en-pareja-con-zulemita-menem\/","name":"El ex due\u00f1o de la compa\u00f1\u00eda \"La Primera\" y, desde hace unos a\u00f1os, presidente de River, en pareja con Zulemita Menem - Infoecos","isPartOf":{"@id":"https:\/\/infoecos.com.ar\/#website"},"primaryImageOfPage":{"@id":"https:\/\/infoecos.com.ar\/index.php\/el-ex-dueno-de-la-companiala-primera-y-desde-hace-unos-anos-presidente-de-river-en-pareja-con-zulemita-menem\/#primaryimage"},"image":{"@id":"https:\/\/infoecos.com.ar\/index.php\/el-ex-dueno-de-la-companiala-primera-y-desde-hace-unos-anos-presidente-de-river-en-pareja-con-zulemita-menem\/#primaryimage"},"thumbnailUrl":"https:\/\/infoecos.com.ar\/wp-content\/uploads\/2021\/10\/resurgieron-los-rumores-de-romance___XlOxOavLm_1256x620__1.jpg","datePublished":"2021-10-05T06:05:30+00:00","dateModified":"2021-10-05T06:33:47+00:00","breadcrumb":{"@id":"https:\/\/infoecos.com.ar\/index.php\/el-ex-dueno-de-la-companiala-primera-y-desde-hace-unos-anos-presidente-de-river-en-pareja-con-zulemita-menem\/#breadcrumb"},"inLanguage":"es","potentialAction":[{"@type":"ReadAction","target":["https:\/\/infoecos.com.ar\/index.php\/el-ex-dueno-de-la-companiala-primera-y-desde-hace-unos-anos-presidente-de-river-en-pareja-con-zulemita-menem\/"]}]},{"@type":"ImageObject","inLanguage":"es","@id":"https:\/\/infoecos.com.ar\/index.php\/el-ex-dueno-de-la-companiala-primera-y-desde-hace-unos-anos-presidente-de-river-en-pareja-con-zulemita-menem\/#primaryimage","url":"https:\/\/infoecos.com.ar\/wp-content\/uploads\/2021\/10\/resurgieron-los-rumores-de-romance___XlOxOavLm_1256x620__1.jpg","contentUrl":"https:\/\/infoecos.com.ar\/wp-content\/uploads\/2021\/10\/resurgieron-los-rumores-de-romance___XlOxOavLm_1256x620__1.jpg","width":1256,"height":620},{"@type":"BreadcrumbList","@id":"https:\/\/infoecos.com.ar\/index.php\/el-ex-dueno-de-la-companiala-primera-y-desde-hace-unos-anos-presidente-de-river-en-pareja-con-zulemita-menem\/#breadcrumb","itemListElement":[{"@type":"ListItem","position":1,"name":"Portada","item":"https:\/\/infoecos.com.ar\/"},{"@type":"ListItem","position":2,"name":"El ex due\u00f1o de la compa\u00f1\u00eda \u00abLa Primera\u00bb y, desde hace unos a\u00f1os, presidente de River, en pareja con Zulemita Menem"}]},{"@type":"WebSite","@id":"https:\/\/infoecos.com.ar\/#website","url":"https:\/\/infoecos.com.ar\/","name":"Infoecos","description":"Noticias de trenque lauquen y la zona","publisher":{"@id":"https:\/\/infoecos.com.ar\/#organization"},"alternateName":"Noticias","potentialAction":[{"@type":"SearchAction","target":{"@type":"EntryPoint","urlTemplate":"https:\/\/infoecos.com.ar\/?s={search_term_string}"},"query-input":{"@type":"PropertyValueSpecification","valueRequired":true,"valueName":"search_term_string"}}],"inLanguage":"es"},{"@type":"Organization","@id":"https:\/\/infoecos.com.ar\/#organization","name":"Infoecos","alternateName":"Noticias","url":"https:\/\/infoecos.com.ar\/","logo":{"@type":"ImageObject","inLanguage":"es","@id":"https:\/\/infoecos.com.ar\/#\/schema\/logo\/image\/","url":"https:\/\/infoecos.com.ar\/wp-content\/uploads\/2024\/03\/cropped-logo.png","contentUrl":"https:\/\/infoecos.com.ar\/wp-content\/uploads\/2024\/03\/cropped-logo.png","width":374,"height":90,"caption":"Infoecos"},"image":{"@id":"https:\/\/infoecos.com.ar\/#\/schema\/logo\/image\/"},"sameAs":["https:\/\/www.facebook.com\/profile.php?id=100063200290284","https:\/\/x.com\/infoecos"]},{"@type":"Person","@id":"https:\/\/infoecos.com.ar\/#\/schema\/person\/8f5ace5ce73b4b4aac4b7245aee6f191","name":"Jorge Matheus","url":"https:\/\/infoecos.com.ar\/index.php\/author\/jomatheus\/"}]}},"featured_image_urls":{"full":["https:\/\/infoecos.com.ar\/wp-content\/uploads\/2021\/10\/resurgieron-los-rumores-de-romance___XlOxOavLm_1256x620__1.jpg",1256,620,false],"thumbnail":["https:\/\/infoecos.com.ar\/wp-content\/uploads\/2021\/10\/resurgieron-los-rumores-de-romance___XlOxOavLm_1256x620__1-150x150.jpg",150,150,true],"medium":["https:\/\/infoecos.com.ar\/wp-content\/uploads\/2021\/10\/resurgieron-los-rumores-de-romance___XlOxOavLm_1256x620__1-460x227.jpg",460,227,true],"medium_large":["https:\/\/infoecos.com.ar\/wp-content\/uploads\/2021\/10\/resurgieron-los-rumores-de-romance___XlOxOavLm_1256x620__1-768x379.jpg",640,316,true],"large":["https:\/\/infoecos.com.ar\/wp-content\/uploads\/2021\/10\/resurgieron-los-rumores-de-romance___XlOxOavLm_1256x620__1-920x454.jpg",640,316,true],"1536x1536":["https:\/\/infoecos.com.ar\/wp-content\/uploads\/2021\/10\/resurgieron-los-rumores-de-romance___XlOxOavLm_1256x620__1.jpg",1256,620,false],"2048x2048":["https:\/\/infoecos.com.ar\/wp-content\/uploads\/2021\/10\/resurgieron-los-rumores-de-romance___XlOxOavLm_1256x620__1.jpg",1256,620,false],"covernews-slider-full":["https:\/\/infoecos.com.ar\/wp-content\/uploads\/2021\/10\/resurgieron-los-rumores-de-romance___XlOxOavLm_1256x620__1.jpg",1115,550,false],"covernews-slider-center":["https:\/\/infoecos.com.ar\/wp-content\/uploads\/2021\/10\/resurgieron-los-rumores-de-romance___XlOxOavLm_1256x620__1-936x620.jpg",755,500,true],"covernews-featured":["https:\/\/infoecos.com.ar\/wp-content\/uploads\/2021\/10\/resurgieron-los-rumores-de-romance___XlOxOavLm_1256x620__1-1024x505.jpg",1024,505,true],"covernews-medium":["https:\/\/infoecos.com.ar\/wp-content\/uploads\/2021\/10\/resurgieron-los-rumores-de-romance___XlOxOavLm_1256x620__1-720x380.jpg",540,285,true],"covernews-medium-square":["https:\/\/infoecos.com.ar\/wp-content\/uploads\/2021\/10\/resurgieron-los-rumores-de-romance___XlOxOavLm_1256x620__1-675x450.jpg",375,250,true]},"author_info":{"info":["Jorge Matheus"]},"category_info":"<a href=\"https:\/\/infoecos.com.ar\/index.php\/category\/c2nota2\/\" rel=\"category tag\">C2 N2<\/a>","tag_info":"C2 N2","comment_count":"0","_links":{"self":[{"href":"https:\/\/infoecos.com.ar\/index.php\/wp-json\/wp\/v2\/posts\/87588"}],"collection":[{"href":"https:\/\/infoecos.com.ar\/index.php\/wp-json\/wp\/v2\/posts"}],"about":[{"href":"https:\/\/infoecos.com.ar\/index.php\/wp-json\/wp\/v2\/types\/post"}],"author":[{"embeddable":true,"href":"https:\/\/infoecos.com.ar\/index.php\/wp-json\/wp\/v2\/users\/2"}],"replies":[{"embeddable":true,"href":"https:\/\/infoecos.com.ar\/index.php\/wp-json\/wp\/v2\/comments?post=87588"}],"version-history":[{"count":2,"href":"https:\/\/infoecos.com.ar\/index.php\/wp-json\/wp\/v2\/posts\/87588\/revisions"}],"predecessor-version":[{"id":87597,"href":"https:\/\/infoecos.com.ar\/index.php\/wp-json\/wp\/v2\/posts\/87588\/revisions\/87597"}],"wp:featuredmedia":[{"embeddable":true,"href":"https:\/\/infoecos.com.ar\/index.php\/wp-json\/wp\/v2\/media\/87589"}],"wp:attachment":[{"href":"https:\/\/infoecos.com.ar\/index.php\/wp-json\/wp\/v2\/media?parent=87588"}],"wp:term":[{"taxonomy":"category","embeddable":true,"href":"https:\/\/infoecos.com.ar\/index.php\/wp-json\/wp\/v2\/categories?post=87588"},{"taxonomy":"post_tag","embeddable":true,"href":"https:\/\/infoecos.com.ar\/index.php\/wp-json\/wp\/v2\/tags?post=87588"}],"curies":[{"name":"wp","href":"https:\/\/api.w.org\/{rel}","templated":true}]}}