{"id":87598,"date":"2021-10-05T03:42:59","date_gmt":"2021-10-05T06:42:59","guid":{"rendered":"http:\/\/infoecos.com.ar\/?p=87598"},"modified":"2021-10-05T03:43:02","modified_gmt":"2021-10-05T06:43:02","slug":"habilitan-a-las-cooperativas-de-intendente-alvear-macachin-y-bernardo-larroude-a-prestar-el-servicio-de-television-por-cable","status":"publish","type":"post","link":"https:\/\/infoecos.com.ar\/index.php\/habilitan-a-las-cooperativas-de-intendente-alvear-macachin-y-bernardo-larroude-a-prestar-el-servicio-de-television-por-cable\/","title":{"rendered":"Habilitan a las Cooperativas de Intendente Alvear, Macach\u00edn y Bernardo Larroud\u00e9 a prestar el servicio de televisi\u00f3n por cable"},"content":{"rendered":"\n<p>El ENACOM habilit\u00f3 en su reuni\u00f3n de directorio de este lunes para la prestaci\u00f3n de servicio de TV por cable a las Cooperativas de Obras y Servicios P\u00fablicos de Intendente Alvear (COSERIA), la Cooperativa de Obras y servicios P\u00fablicos de macach\u00edn Limitada (COSMA) y a la Cooperativa de Electricidad y Servicios P\u00fablicos de Santa Elvira Limitada de Bernardo Larroud\u00e9.<\/p>\n\n\n\n<div class=\"wp-block-image\"><figure class=\"aligncenter size-medium\"><img loading=\"lazy\" decoding=\"async\" width=\"460\" height=\"288\" src=\"http:\/\/infoecos.com.ar\/wp-content\/uploads\/2021\/10\/depositphotos_10261348-stock-photo-computer-screens-with-images-460x288.jpg\" alt=\"\" class=\"wp-image-87599\" srcset=\"https:\/\/infoecos.com.ar\/wp-content\/uploads\/2021\/10\/depositphotos_10261348-stock-photo-computer-screens-with-images-460x288.jpg 460w, https:\/\/infoecos.com.ar\/wp-content\/uploads\/2021\/10\/depositphotos_10261348-stock-photo-computer-screens-with-images.jpg 600w\" sizes=\"(max-width: 460px) 100vw, 460px\" \/><\/figure><\/div>\n\n\n\n<p>La noticia fue confirmada\u00a0 por el director del organismo, el pampeano Alejandro Gigena, quien adem\u00e1s dijo que\u00a0 \u201cestas habilitaciones contribuir\u00e1n de manera sustancial al desarrollo de las telecomunicaciones pampeanas, en el entendimiento de que las cooperativas -como entidades intermedias- cumplen un rol preponderante en la materia que se refleja directamente en una mejora del funcionamiento y calidad de esos servicios TICs y su acceso a los mismos a precios justos y razonables por parte de los usuarios y usuarias de cada localidad\u201d.<\/p>\n\n\n\n<p>La semana pasada la Cooperativa de Servicios P\u00fablicos de General Acha LTDA (COSEGA) lanz\u00f3 su servicio de TV por Cable sum\u00e1ndose de esa manera aquellas que ya brindan el servicio o ya tienen su licencia en la provincia.<\/p>\n\n\n\n<p><strong>Fuente: eldiariodelapampa.com.ar<\/strong><\/p>\n","protected":false},"excerpt":{"rendered":"<p>La noticia fue confirmada  por el director del organismo, el pampeano Alejandro Gigena<\/p>\n","protected":false},"author":2,"featured_media":87599,"comment_status":"closed","ping_status":"open","sticky":false,"template":"","format":"standard","meta":{"footnotes":""},"categories":[49],"tags":[5363],"class_list":["post-87598","post","type-post","status-publish","format-standard","has-post-thumbnail","hentry","category-c3nota3","tag-decision-del-enacom-este-lunes"],"yoast_head":"<!-- This site is optimized with the Yoast SEO plugin v23.4 - https:\/\/yoast.com\/wordpress\/plugins\/seo\/ -->\n<title>Habilitan a las Cooperativas de Intendente Alvear, Macach\u00edn y Bernardo Larroud\u00e9 a prestar el servicio de televisi\u00f3n por cable - Infoecos<\/title>\n<meta name=\"robots\" content=\"index, follow, max-snippet:-1, max-image-preview:large, max-video-preview:-1\" \/>\n<link rel=\"canonical\" href=\"https:\/\/infoecos.com.ar\/index.php\/habilitan-a-las-cooperativas-de-intendente-alvear-macachin-y-bernardo-larroude-a-prestar-el-servicio-de-television-por-cable\/\" \/>\n<meta property=\"og:locale\" content=\"es_ES\" \/>\n<meta property=\"og:type\" content=\"article\" \/>\n<meta property=\"og:title\" content=\"Habilitan a las Cooperativas de Intendente Alvear, Macach\u00edn y Bernardo Larroud\u00e9 a prestar el servicio de televisi\u00f3n por cable - Infoecos\" \/>\n<meta property=\"og:description\" content=\"La noticia fue confirmada por el director del organismo, el pampeano Alejandro Gigena\" \/>\n<meta property=\"og:url\" content=\"https:\/\/infoecos.com.ar\/index.php\/habilitan-a-las-cooperativas-de-intendente-alvear-macachin-y-bernardo-larroude-a-prestar-el-servicio-de-television-por-cable\/\" \/>\n<meta property=\"og:site_name\" content=\"Infoecos\" \/>\n<meta property=\"article:publisher\" content=\"https:\/\/www.facebook.com\/profile.php?id=100063200290284\" \/>\n<meta property=\"article:published_time\" content=\"2021-10-05T06:42:59+00:00\" \/>\n<meta property=\"article:modified_time\" content=\"2021-10-05T06:43:02+00:00\" \/>\n<meta property=\"og:image\" content=\"https:\/\/infoecos.com.ar\/wp-content\/uploads\/2021\/10\/depositphotos_10261348-stock-photo-computer-screens-with-images.jpg\" \/>\n\t<meta property=\"og:image:width\" content=\"600\" \/>\n\t<meta property=\"og:image:height\" content=\"375\" \/>\n\t<meta property=\"og:image:type\" content=\"image\/jpeg\" \/>\n<meta name=\"author\" content=\"Jorge Matheus\" \/>\n<meta name=\"twitter:card\" content=\"summary_large_image\" \/>\n<meta name=\"twitter:creator\" content=\"@infoecos\" \/>\n<meta name=\"twitter:site\" content=\"@infoecos\" \/>\n<meta name=\"twitter:label1\" content=\"Escrito por\" \/>\n\t<meta name=\"twitter:data1\" content=\"Jorge Matheus\" \/>\n\t<meta name=\"twitter:label2\" content=\"Tiempo de lectura\" \/>\n\t<meta name=\"twitter:data2\" content=\"1 minuto\" \/>\n<script type=\"application\/ld+json\" class=\"yoast-schema-graph\">{\"@context\":\"https:\/\/schema.org\",\"@graph\":[{\"@type\":\"Article\",\"@id\":\"https:\/\/infoecos.com.ar\/index.php\/habilitan-a-las-cooperativas-de-intendente-alvear-macachin-y-bernardo-larroude-a-prestar-el-servicio-de-television-por-cable\/#article\",\"isPartOf\":{\"@id\":\"https:\/\/infoecos.com.ar\/index.php\/habilitan-a-las-cooperativas-de-intendente-alvear-macachin-y-bernardo-larroude-a-prestar-el-servicio-de-television-por-cable\/\"},\"author\":{\"name\":\"Jorge Matheus\",\"@id\":\"https:\/\/infoecos.com.ar\/#\/schema\/person\/8f5ace5ce73b4b4aac4b7245aee6f191\"},\"headline\":\"Habilitan a las Cooperativas de Intendente Alvear, Macach\u00edn y Bernardo Larroud\u00e9 a prestar el servicio de televisi\u00f3n por cable\",\"datePublished\":\"2021-10-05T06:42:59+00:00\",\"dateModified\":\"2021-10-05T06:43:02+00:00\",\"mainEntityOfPage\":{\"@id\":\"https:\/\/infoecos.com.ar\/index.php\/habilitan-a-las-cooperativas-de-intendente-alvear-macachin-y-bernardo-larroude-a-prestar-el-servicio-de-television-por-cable\/\"},\"wordCount\":214,\"publisher\":{\"@id\":\"https:\/\/infoecos.com.ar\/#organization\"},\"image\":{\"@id\":\"https:\/\/infoecos.com.ar\/index.php\/habilitan-a-las-cooperativas-de-intendente-alvear-macachin-y-bernardo-larroude-a-prestar-el-servicio-de-television-por-cable\/#primaryimage\"},\"thumbnailUrl\":\"https:\/\/infoecos.com.ar\/wp-content\/uploads\/2021\/10\/depositphotos_10261348-stock-photo-computer-screens-with-images.jpg\",\"keywords\":[\"decisi\u00f3n del ENACOM este lunes\"],\"articleSection\":[\"C3 N3\"],\"inLanguage\":\"es\"},{\"@type\":\"WebPage\",\"@id\":\"https:\/\/infoecos.com.ar\/index.php\/habilitan-a-las-cooperativas-de-intendente-alvear-macachin-y-bernardo-larroude-a-prestar-el-servicio-de-television-por-cable\/\",\"url\":\"https:\/\/infoecos.com.ar\/index.php\/habilitan-a-las-cooperativas-de-intendente-alvear-macachin-y-bernardo-larroude-a-prestar-el-servicio-de-television-por-cable\/\",\"name\":\"Habilitan a las Cooperativas de Intendente Alvear, Macach\u00edn y Bernardo Larroud\u00e9 a prestar el servicio de televisi\u00f3n por cable - Infoecos\",\"isPartOf\":{\"@id\":\"https:\/\/infoecos.com.ar\/#website\"},\"primaryImageOfPage\":{\"@id\":\"https:\/\/infoecos.com.ar\/index.php\/habilitan-a-las-cooperativas-de-intendente-alvear-macachin-y-bernardo-larroude-a-prestar-el-servicio-de-television-por-cable\/#primaryimage\"},\"image\":{\"@id\":\"https:\/\/infoecos.com.ar\/index.php\/habilitan-a-las-cooperativas-de-intendente-alvear-macachin-y-bernardo-larroude-a-prestar-el-servicio-de-television-por-cable\/#primaryimage\"},\"thumbnailUrl\":\"https:\/\/infoecos.com.ar\/wp-content\/uploads\/2021\/10\/depositphotos_10261348-stock-photo-computer-screens-with-images.jpg\",\"datePublished\":\"2021-10-05T06:42:59+00:00\",\"dateModified\":\"2021-10-05T06:43:02+00:00\",\"breadcrumb\":{\"@id\":\"https:\/\/infoecos.com.ar\/index.php\/habilitan-a-las-cooperativas-de-intendente-alvear-macachin-y-bernardo-larroude-a-prestar-el-servicio-de-television-por-cable\/#breadcrumb\"},\"inLanguage\":\"es\",\"potentialAction\":[{\"@type\":\"ReadAction\",\"target\":[\"https:\/\/infoecos.com.ar\/index.php\/habilitan-a-las-cooperativas-de-intendente-alvear-macachin-y-bernardo-larroude-a-prestar-el-servicio-de-television-por-cable\/\"]}]},{\"@type\":\"ImageObject\",\"inLanguage\":\"es\",\"@id\":\"https:\/\/infoecos.com.ar\/index.php\/habilitan-a-las-cooperativas-de-intendente-alvear-macachin-y-bernardo-larroude-a-prestar-el-servicio-de-television-por-cable\/#primaryimage\",\"url\":\"https:\/\/infoecos.com.ar\/wp-content\/uploads\/2021\/10\/depositphotos_10261348-stock-photo-computer-screens-with-images.jpg\",\"contentUrl\":\"https:\/\/infoecos.com.ar\/wp-content\/uploads\/2021\/10\/depositphotos_10261348-stock-photo-computer-screens-with-images.jpg\",\"width\":600,\"height\":375},{\"@type\":\"BreadcrumbList\",\"@id\":\"https:\/\/infoecos.com.ar\/index.php\/habilitan-a-las-cooperativas-de-intendente-alvear-macachin-y-bernardo-larroude-a-prestar-el-servicio-de-television-por-cable\/#breadcrumb\",\"itemListElement\":[{\"@type\":\"ListItem\",\"position\":1,\"name\":\"Portada\",\"item\":\"https:\/\/infoecos.com.ar\/\"},{\"@type\":\"ListItem\",\"position\":2,\"name\":\"Habilitan a las Cooperativas de Intendente Alvear, Macach\u00edn y Bernardo Larroud\u00e9 a prestar el servicio de televisi\u00f3n por cable\"}]},{\"@type\":\"WebSite\",\"@id\":\"https:\/\/infoecos.com.ar\/#website\",\"url\":\"https:\/\/infoecos.com.ar\/\",\"name\":\"Infoecos\",\"description\":\"Noticias de trenque lauquen y la zona\",\"publisher\":{\"@id\":\"https:\/\/infoecos.com.ar\/#organization\"},\"alternateName\":\"Noticias\",\"potentialAction\":[{\"@type\":\"SearchAction\",\"target\":{\"@type\":\"EntryPoint\",\"urlTemplate\":\"https:\/\/infoecos.com.ar\/?s={search_term_string}\"},\"query-input\":{\"@type\":\"PropertyValueSpecification\",\"valueRequired\":true,\"valueName\":\"search_term_string\"}}],\"inLanguage\":\"es\"},{\"@type\":\"Organization\",\"@id\":\"https:\/\/infoecos.com.ar\/#organization\",\"name\":\"Infoecos\",\"alternateName\":\"Noticias\",\"url\":\"https:\/\/infoecos.com.ar\/\",\"logo\":{\"@type\":\"ImageObject\",\"inLanguage\":\"es\",\"@id\":\"https:\/\/infoecos.com.ar\/#\/schema\/logo\/image\/\",\"url\":\"https:\/\/infoecos.com.ar\/wp-content\/uploads\/2024\/03\/cropped-logo.png\",\"contentUrl\":\"https:\/\/infoecos.com.ar\/wp-content\/uploads\/2024\/03\/cropped-logo.png\",\"width\":374,\"height\":90,\"caption\":\"Infoecos\"},\"image\":{\"@id\":\"https:\/\/infoecos.com.ar\/#\/schema\/logo\/image\/\"},\"sameAs\":[\"https:\/\/www.facebook.com\/profile.php?id=100063200290284\",\"https:\/\/x.com\/infoecos\"]},{\"@type\":\"Person\",\"@id\":\"https:\/\/infoecos.com.ar\/#\/schema\/person\/8f5ace5ce73b4b4aac4b7245aee6f191\",\"name\":\"Jorge Matheus\",\"url\":\"https:\/\/infoecos.com.ar\/index.php\/author\/jomatheus\/\"}]}<\/script>\n<!-- \/ Yoast SEO plugin. -->","yoast_head_json":{"title":"Habilitan a las Cooperativas de Intendente Alvear, Macach\u00edn y Bernardo Larroud\u00e9 a prestar el servicio de televisi\u00f3n por cable - Infoecos","robots":{"index":"index","follow":"follow","max-snippet":"max-snippet:-1","max-image-preview":"max-image-preview:large","max-video-preview":"max-video-preview:-1"},"canonical":"https:\/\/infoecos.com.ar\/index.php\/habilitan-a-las-cooperativas-de-intendente-alvear-macachin-y-bernardo-larroude-a-prestar-el-servicio-de-television-por-cable\/","og_locale":"es_ES","og_type":"article","og_title":"Habilitan a las Cooperativas de Intendente Alvear, Macach\u00edn y Bernardo Larroud\u00e9 a prestar el servicio de televisi\u00f3n por cable - Infoecos","og_description":"La noticia fue confirmada por el director del organismo, el pampeano Alejandro Gigena","og_url":"https:\/\/infoecos.com.ar\/index.php\/habilitan-a-las-cooperativas-de-intendente-alvear-macachin-y-bernardo-larroude-a-prestar-el-servicio-de-television-por-cable\/","og_site_name":"Infoecos","article_publisher":"https:\/\/www.facebook.com\/profile.php?id=100063200290284","article_published_time":"2021-10-05T06:42:59+00:00","article_modified_time":"2021-10-05T06:43:02+00:00","og_image":[{"width":600,"height":375,"url":"https:\/\/infoecos.com.ar\/wp-content\/uploads\/2021\/10\/depositphotos_10261348-stock-photo-computer-screens-with-images.jpg","type":"image\/jpeg"}],"author":"Jorge Matheus","twitter_card":"summary_large_image","twitter_creator":"@infoecos","twitter_site":"@infoecos","twitter_misc":{"Escrito por":"Jorge Matheus","Tiempo de lectura":"1 minuto"},"schema":{"@context":"https:\/\/schema.org","@graph":[{"@type":"Article","@id":"https:\/\/infoecos.com.ar\/index.php\/habilitan-a-las-cooperativas-de-intendente-alvear-macachin-y-bernardo-larroude-a-prestar-el-servicio-de-television-por-cable\/#article","isPartOf":{"@id":"https:\/\/infoecos.com.ar\/index.php\/habilitan-a-las-cooperativas-de-intendente-alvear-macachin-y-bernardo-larroude-a-prestar-el-servicio-de-television-por-cable\/"},"author":{"name":"Jorge Matheus","@id":"https:\/\/infoecos.com.ar\/#\/schema\/person\/8f5ace5ce73b4b4aac4b7245aee6f191"},"headline":"Habilitan a las Cooperativas de Intendente Alvear, Macach\u00edn y Bernardo Larroud\u00e9 a prestar el servicio de televisi\u00f3n por cable","datePublished":"2021-10-05T06:42:59+00:00","dateModified":"2021-10-05T06:43:02+00:00","mainEntityOfPage":{"@id":"https:\/\/infoecos.com.ar\/index.php\/habilitan-a-las-cooperativas-de-intendente-alvear-macachin-y-bernardo-larroude-a-prestar-el-servicio-de-television-por-cable\/"},"wordCount":214,"publisher":{"@id":"https:\/\/infoecos.com.ar\/#organization"},"image":{"@id":"https:\/\/infoecos.com.ar\/index.php\/habilitan-a-las-cooperativas-de-intendente-alvear-macachin-y-bernardo-larroude-a-prestar-el-servicio-de-television-por-cable\/#primaryimage"},"thumbnailUrl":"https:\/\/infoecos.com.ar\/wp-content\/uploads\/2021\/10\/depositphotos_10261348-stock-photo-computer-screens-with-images.jpg","keywords":["decisi\u00f3n del ENACOM este lunes"],"articleSection":["C3 N3"],"inLanguage":"es"},{"@type":"WebPage","@id":"https:\/\/infoecos.com.ar\/index.php\/habilitan-a-las-cooperativas-de-intendente-alvear-macachin-y-bernardo-larroude-a-prestar-el-servicio-de-television-por-cable\/","url":"https:\/\/infoecos.com.ar\/index.php\/habilitan-a-las-cooperativas-de-intendente-alvear-macachin-y-bernardo-larroude-a-prestar-el-servicio-de-television-por-cable\/","name":"Habilitan a las Cooperativas de Intendente Alvear, Macach\u00edn y Bernardo Larroud\u00e9 a prestar el servicio de televisi\u00f3n por cable - Infoecos","isPartOf":{"@id":"https:\/\/infoecos.com.ar\/#website"},"primaryImageOfPage":{"@id":"https:\/\/infoecos.com.ar\/index.php\/habilitan-a-las-cooperativas-de-intendente-alvear-macachin-y-bernardo-larroude-a-prestar-el-servicio-de-television-por-cable\/#primaryimage"},"image":{"@id":"https:\/\/infoecos.com.ar\/index.php\/habilitan-a-las-cooperativas-de-intendente-alvear-macachin-y-bernardo-larroude-a-prestar-el-servicio-de-television-por-cable\/#primaryimage"},"thumbnailUrl":"https:\/\/infoecos.com.ar\/wp-content\/uploads\/2021\/10\/depositphotos_10261348-stock-photo-computer-screens-with-images.jpg","datePublished":"2021-10-05T06:42:59+00:00","dateModified":"2021-10-05T06:43:02+00:00","breadcrumb":{"@id":"https:\/\/infoecos.com.ar\/index.php\/habilitan-a-las-cooperativas-de-intendente-alvear-macachin-y-bernardo-larroude-a-prestar-el-servicio-de-television-por-cable\/#breadcrumb"},"inLanguage":"es","potentialAction":[{"@type":"ReadAction","target":["https:\/\/infoecos.com.ar\/index.php\/habilitan-a-las-cooperativas-de-intendente-alvear-macachin-y-bernardo-larroude-a-prestar-el-servicio-de-television-por-cable\/"]}]},{"@type":"ImageObject","inLanguage":"es","@id":"https:\/\/infoecos.com.ar\/index.php\/habilitan-a-las-cooperativas-de-intendente-alvear-macachin-y-bernardo-larroude-a-prestar-el-servicio-de-television-por-cable\/#primaryimage","url":"https:\/\/infoecos.com.ar\/wp-content\/uploads\/2021\/10\/depositphotos_10261348-stock-photo-computer-screens-with-images.jpg","contentUrl":"https:\/\/infoecos.com.ar\/wp-content\/uploads\/2021\/10\/depositphotos_10261348-stock-photo-computer-screens-with-images.jpg","width":600,"height":375},{"@type":"BreadcrumbList","@id":"https:\/\/infoecos.com.ar\/index.php\/habilitan-a-las-cooperativas-de-intendente-alvear-macachin-y-bernardo-larroude-a-prestar-el-servicio-de-television-por-cable\/#breadcrumb","itemListElement":[{"@type":"ListItem","position":1,"name":"Portada","item":"https:\/\/infoecos.com.ar\/"},{"@type":"ListItem","position":2,"name":"Habilitan a las Cooperativas de Intendente Alvear, Macach\u00edn y Bernardo Larroud\u00e9 a prestar el servicio de televisi\u00f3n por cable"}]},{"@type":"WebSite","@id":"https:\/\/infoecos.com.ar\/#website","url":"https:\/\/infoecos.com.ar\/","name":"Infoecos","description":"Noticias de trenque lauquen y la zona","publisher":{"@id":"https:\/\/infoecos.com.ar\/#organization"},"alternateName":"Noticias","potentialAction":[{"@type":"SearchAction","target":{"@type":"EntryPoint","urlTemplate":"https:\/\/infoecos.com.ar\/?s={search_term_string}"},"query-input":{"@type":"PropertyValueSpecification","valueRequired":true,"valueName":"search_term_string"}}],"inLanguage":"es"},{"@type":"Organization","@id":"https:\/\/infoecos.com.ar\/#organization","name":"Infoecos","alternateName":"Noticias","url":"https:\/\/infoecos.com.ar\/","logo":{"@type":"ImageObject","inLanguage":"es","@id":"https:\/\/infoecos.com.ar\/#\/schema\/logo\/image\/","url":"https:\/\/infoecos.com.ar\/wp-content\/uploads\/2024\/03\/cropped-logo.png","contentUrl":"https:\/\/infoecos.com.ar\/wp-content\/uploads\/2024\/03\/cropped-logo.png","width":374,"height":90,"caption":"Infoecos"},"image":{"@id":"https:\/\/infoecos.com.ar\/#\/schema\/logo\/image\/"},"sameAs":["https:\/\/www.facebook.com\/profile.php?id=100063200290284","https:\/\/x.com\/infoecos"]},{"@type":"Person","@id":"https:\/\/infoecos.com.ar\/#\/schema\/person\/8f5ace5ce73b4b4aac4b7245aee6f191","name":"Jorge Matheus","url":"https:\/\/infoecos.com.ar\/index.php\/author\/jomatheus\/"}]}},"featured_image_urls":{"full":["https:\/\/infoecos.com.ar\/wp-content\/uploads\/2021\/10\/depositphotos_10261348-stock-photo-computer-screens-with-images.jpg",600,375,false],"thumbnail":["https:\/\/infoecos.com.ar\/wp-content\/uploads\/2021\/10\/depositphotos_10261348-stock-photo-computer-screens-with-images-150x150.jpg",150,150,true],"medium":["https:\/\/infoecos.com.ar\/wp-content\/uploads\/2021\/10\/depositphotos_10261348-stock-photo-computer-screens-with-images-460x288.jpg",460,288,true],"medium_large":["https:\/\/infoecos.com.ar\/wp-content\/uploads\/2021\/10\/depositphotos_10261348-stock-photo-computer-screens-with-images.jpg",600,375,false],"large":["https:\/\/infoecos.com.ar\/wp-content\/uploads\/2021\/10\/depositphotos_10261348-stock-photo-computer-screens-with-images.jpg",600,375,false],"1536x1536":["https:\/\/infoecos.com.ar\/wp-content\/uploads\/2021\/10\/depositphotos_10261348-stock-photo-computer-screens-with-images.jpg",600,375,false],"2048x2048":["https:\/\/infoecos.com.ar\/wp-content\/uploads\/2021\/10\/depositphotos_10261348-stock-photo-computer-screens-with-images.jpg",600,375,false],"covernews-slider-full":["https:\/\/infoecos.com.ar\/wp-content\/uploads\/2021\/10\/depositphotos_10261348-stock-photo-computer-screens-with-images.jpg",600,375,false],"covernews-slider-center":["https:\/\/infoecos.com.ar\/wp-content\/uploads\/2021\/10\/depositphotos_10261348-stock-photo-computer-screens-with-images.jpg",600,375,false],"covernews-featured":["https:\/\/infoecos.com.ar\/wp-content\/uploads\/2021\/10\/depositphotos_10261348-stock-photo-computer-screens-with-images.jpg",600,375,false],"covernews-medium":["https:\/\/infoecos.com.ar\/wp-content\/uploads\/2021\/10\/depositphotos_10261348-stock-photo-computer-screens-with-images.jpg",540,338,false],"covernews-medium-square":["https:\/\/infoecos.com.ar\/wp-content\/uploads\/2021\/10\/depositphotos_10261348-stock-photo-computer-screens-with-images.jpg",400,250,false]},"author_info":{"info":["Jorge Matheus"]},"category_info":"<a href=\"https:\/\/infoecos.com.ar\/index.php\/category\/c3nota3\/\" rel=\"category tag\">C3 N3<\/a>","tag_info":"C3 N3","comment_count":"0","_links":{"self":[{"href":"https:\/\/infoecos.com.ar\/index.php\/wp-json\/wp\/v2\/posts\/87598"}],"collection":[{"href":"https:\/\/infoecos.com.ar\/index.php\/wp-json\/wp\/v2\/posts"}],"about":[{"href":"https:\/\/infoecos.com.ar\/index.php\/wp-json\/wp\/v2\/types\/post"}],"author":[{"embeddable":true,"href":"https:\/\/infoecos.com.ar\/index.php\/wp-json\/wp\/v2\/users\/2"}],"replies":[{"embeddable":true,"href":"https:\/\/infoecos.com.ar\/index.php\/wp-json\/wp\/v2\/comments?post=87598"}],"version-history":[{"count":1,"href":"https:\/\/infoecos.com.ar\/index.php\/wp-json\/wp\/v2\/posts\/87598\/revisions"}],"predecessor-version":[{"id":87600,"href":"https:\/\/infoecos.com.ar\/index.php\/wp-json\/wp\/v2\/posts\/87598\/revisions\/87600"}],"wp:featuredmedia":[{"embeddable":true,"href":"https:\/\/infoecos.com.ar\/index.php\/wp-json\/wp\/v2\/media\/87599"}],"wp:attachment":[{"href":"https:\/\/infoecos.com.ar\/index.php\/wp-json\/wp\/v2\/media?parent=87598"}],"wp:term":[{"taxonomy":"category","embeddable":true,"href":"https:\/\/infoecos.com.ar\/index.php\/wp-json\/wp\/v2\/categories?post=87598"},{"taxonomy":"post_tag","embeddable":true,"href":"https:\/\/infoecos.com.ar\/index.php\/wp-json\/wp\/v2\/tags?post=87598"}],"curies":[{"name":"wp","href":"https:\/\/api.w.org\/{rel}","templated":true}]}}