{"id":87604,"date":"2021-10-05T04:05:30","date_gmt":"2021-10-05T07:05:30","guid":{"rendered":"http:\/\/infoecos.com.ar\/?p=87604"},"modified":"2021-10-05T04:05:31","modified_gmt":"2021-10-05T07:05:31","slug":"jorge-fernandez-candidato-a-concejal-del-fdt-recupera-los-espacios-en-la-plata-y-buenos-aires","status":"publish","type":"post","link":"https:\/\/infoecos.com.ar\/index.php\/jorge-fernandez-candidato-a-concejal-del-fdt-recupera-los-espacios-en-la-plata-y-buenos-aires\/","title":{"rendered":"Jorge Fern\u00e1ndez, candidato a concejal del FdT, recupera los espacios en La Plata y Buenos Aires"},"content":{"rendered":"\n<p>A trav\u00e9s de su cuenta en Facebook, el ex intendente municipal de Lincoln, Jorge Fern\u00e1ndez, inform\u00f3 sobre una serie de reuniones realizadas en la Ciudad de Buenos Aires y en La Plata.<\/p>\n\n\n\n<div class=\"wp-block-image\"><figure class=\"aligncenter size-medium\"><img loading=\"lazy\" decoding=\"async\" width=\"460\" height=\"273\" src=\"http:\/\/infoecos.com.ar\/wp-content\/uploads\/2021\/10\/244114122_1532761080396387_5083236047590985315_n-460x273.jpg\" alt=\"\" class=\"wp-image-87605\" srcset=\"https:\/\/infoecos.com.ar\/wp-content\/uploads\/2021\/10\/244114122_1532761080396387_5083236047590985315_n-460x273.jpg 460w, https:\/\/infoecos.com.ar\/wp-content\/uploads\/2021\/10\/244114122_1532761080396387_5083236047590985315_n-920x545.jpg 920w, https:\/\/infoecos.com.ar\/wp-content\/uploads\/2021\/10\/244114122_1532761080396387_5083236047590985315_n-768x455.jpg 768w, https:\/\/infoecos.com.ar\/wp-content\/uploads\/2021\/10\/244114122_1532761080396387_5083236047590985315_n-1536x910.jpg 1536w, https:\/\/infoecos.com.ar\/wp-content\/uploads\/2021\/10\/244114122_1532761080396387_5083236047590985315_n-1024x607.jpg 1024w, https:\/\/infoecos.com.ar\/wp-content\/uploads\/2021\/10\/244114122_1532761080396387_5083236047590985315_n.jpg 1600w\" sizes=\"(max-width: 460px) 100vw, 460px\" \/><\/figure><\/div>\n\n\n\n<p>Fern\u00e1ndez fue el ganador de las internas del Frente de Todos y, seguramente, ser\u00e1 concejal a partir de noviembre, teniendo en cuenta la cantidad de votos obtenidos en las PASO.<\/p>\n\n\n\n<p>El objetivo del ex mandatario comunal linque\u00f1o ser\u00eda recuperar el distrito en el 2023. Hace saber que se reuni\u00f3 con la vicegobernadora, Ver\u00f3nica Magario. \u00abEstuvimos dialogando sobre la posibilidad de entregar escrituras sociales, articular programas del Banco Provincia en conjunto, la opci\u00f3n de entregar m\u00f3viles para la patrulla rural, sobre la concreci\u00f3n de un inmueble para el Juzgado de Familia y sobre pol\u00edticas educativas\u00bb, comenta Fern\u00e1ndez.<\/p>\n\n\n\n<div class=\"wp-block-image\"><figure class=\"aligncenter size-medium\"><img loading=\"lazy\" decoding=\"async\" width=\"460\" height=\"288\" src=\"http:\/\/infoecos.com.ar\/wp-content\/uploads\/2021\/10\/244177700_1532761140396381_7803721883123119653_n-460x288.jpg\" alt=\"\" class=\"wp-image-87606\" srcset=\"https:\/\/infoecos.com.ar\/wp-content\/uploads\/2021\/10\/244177700_1532761140396381_7803721883123119653_n-460x288.jpg 460w, https:\/\/infoecos.com.ar\/wp-content\/uploads\/2021\/10\/244177700_1532761140396381_7803721883123119653_n-920x575.jpg 920w, https:\/\/infoecos.com.ar\/wp-content\/uploads\/2021\/10\/244177700_1532761140396381_7803721883123119653_n-768x480.jpg 768w, https:\/\/infoecos.com.ar\/wp-content\/uploads\/2021\/10\/244177700_1532761140396381_7803721883123119653_n-1536x960.jpg 1536w, https:\/\/infoecos.com.ar\/wp-content\/uploads\/2021\/10\/244177700_1532761140396381_7803721883123119653_n-1024x640.jpg 1024w, https:\/\/infoecos.com.ar\/wp-content\/uploads\/2021\/10\/244177700_1532761140396381_7803721883123119653_n.jpg 1600w\" sizes=\"(max-width: 460px) 100vw, 460px\" \/><\/figure><\/div>\n\n\n\n<p>Puntualiza tambi\u00e9n que visit\u00f3 a la ministra de Gobierno, Cristina \u00c1lvarez Rodr\u00edguez, con quienes coordinamos para trabajar fuertemente para recuperar la mayor cantidad de votos en la 4\u00b0 Secci\u00f3n Electoral y garantizar una mayor cantidad de senadores. Tambi\u00e9n se reuni\u00f3 con autoridades del ministerio de Desarrollo Territorial y H\u00e1bitat con el fin que Ferraresi visite Lincoln a los efectos de recorrer tierras del Estado que se hab\u00edan adquirido durante su gesti\u00f3n para llevar a cabo el loteo y encuadrarlas en el programa PROCREAR. <\/p>\n\n\n\n<p>Finalmente expuso que \u00abconcurri\u00f3 a felicitar a su gran amigo, An\u00edbal Fern\u00e1ndez\u00bb. Acota que se encontr\u00f3 con la intendenta de Quilmes, Mayra Mendoza, con qui\u00e9n dialog\u00f3 de pol\u00edtica. <\/p>\n","protected":false},"excerpt":{"rendered":"<p> Tambi\u00e9n se reuni\u00f3 con autoridades del ministerio de Desarrollo Territorial y H\u00e1bitat con el fin que Ferraresi visite Lincoln a los efectos de recorrer tierras del Estado que se hab\u00edan adquirido durante su gesti\u00f3n<\/p>\n","protected":false},"author":2,"featured_media":87606,"comment_status":"closed","ping_status":"open","sticky":false,"template":"","format":"standard","meta":{"footnotes":""},"categories":[24],"tags":[5366],"class_list":["post-87604","post","type-post","status-publish","format-standard","has-post-thumbnail","hentry","category-c1nota3","tag-se-reunio-con-anibal-magario-a-rodriguez"],"yoast_head":"<!-- This site is optimized with the Yoast SEO plugin v23.4 - https:\/\/yoast.com\/wordpress\/plugins\/seo\/ -->\n<title>Jorge Fern\u00e1ndez, candidato a concejal del FdT, recupera los espacios en La Plata y Buenos Aires - Infoecos<\/title>\n<meta name=\"robots\" content=\"index, follow, max-snippet:-1, max-image-preview:large, max-video-preview:-1\" \/>\n<link rel=\"canonical\" href=\"https:\/\/infoecos.com.ar\/index.php\/jorge-fernandez-candidato-a-concejal-del-fdt-recupera-los-espacios-en-la-plata-y-buenos-aires\/\" \/>\n<meta property=\"og:locale\" content=\"es_ES\" \/>\n<meta property=\"og:type\" content=\"article\" \/>\n<meta property=\"og:title\" content=\"Jorge Fern\u00e1ndez, candidato a concejal del FdT, recupera los espacios en La Plata y Buenos Aires - Infoecos\" \/>\n<meta property=\"og:description\" content=\"Tambi\u00e9n se reuni\u00f3 con autoridades del ministerio de Desarrollo Territorial y H\u00e1bitat con el fin que Ferraresi visite Lincoln a los efectos de recorrer tierras del Estado que se hab\u00edan adquirido durante su gesti\u00f3n\" \/>\n<meta property=\"og:url\" content=\"https:\/\/infoecos.com.ar\/index.php\/jorge-fernandez-candidato-a-concejal-del-fdt-recupera-los-espacios-en-la-plata-y-buenos-aires\/\" \/>\n<meta property=\"og:site_name\" content=\"Infoecos\" \/>\n<meta property=\"article:publisher\" content=\"https:\/\/www.facebook.com\/profile.php?id=100063200290284\" \/>\n<meta property=\"article:published_time\" content=\"2021-10-05T07:05:30+00:00\" \/>\n<meta property=\"article:modified_time\" content=\"2021-10-05T07:05:31+00:00\" \/>\n<meta property=\"og:image\" content=\"https:\/\/infoecos.com.ar\/wp-content\/uploads\/2021\/10\/244177700_1532761140396381_7803721883123119653_n.jpg\" \/>\n\t<meta property=\"og:image:width\" content=\"1600\" \/>\n\t<meta property=\"og:image:height\" content=\"1000\" \/>\n\t<meta property=\"og:image:type\" content=\"image\/jpeg\" \/>\n<meta name=\"author\" content=\"Jorge Matheus\" \/>\n<meta name=\"twitter:card\" content=\"summary_large_image\" \/>\n<meta name=\"twitter:creator\" content=\"@infoecos\" \/>\n<meta name=\"twitter:site\" content=\"@infoecos\" \/>\n<meta name=\"twitter:label1\" content=\"Escrito por\" \/>\n\t<meta name=\"twitter:data1\" content=\"Jorge Matheus\" \/>\n\t<meta name=\"twitter:label2\" content=\"Tiempo de lectura\" \/>\n\t<meta name=\"twitter:data2\" content=\"1 minuto\" \/>\n<script type=\"application\/ld+json\" class=\"yoast-schema-graph\">{\"@context\":\"https:\/\/schema.org\",\"@graph\":[{\"@type\":\"Article\",\"@id\":\"https:\/\/infoecos.com.ar\/index.php\/jorge-fernandez-candidato-a-concejal-del-fdt-recupera-los-espacios-en-la-plata-y-buenos-aires\/#article\",\"isPartOf\":{\"@id\":\"https:\/\/infoecos.com.ar\/index.php\/jorge-fernandez-candidato-a-concejal-del-fdt-recupera-los-espacios-en-la-plata-y-buenos-aires\/\"},\"author\":{\"name\":\"Jorge Matheus\",\"@id\":\"https:\/\/infoecos.com.ar\/#\/schema\/person\/8f5ace5ce73b4b4aac4b7245aee6f191\"},\"headline\":\"Jorge Fern\u00e1ndez, candidato a concejal del FdT, recupera los espacios en La Plata y Buenos Aires\",\"datePublished\":\"2021-10-05T07:05:30+00:00\",\"dateModified\":\"2021-10-05T07:05:31+00:00\",\"mainEntityOfPage\":{\"@id\":\"https:\/\/infoecos.com.ar\/index.php\/jorge-fernandez-candidato-a-concejal-del-fdt-recupera-los-espacios-en-la-plata-y-buenos-aires\/\"},\"wordCount\":276,\"publisher\":{\"@id\":\"https:\/\/infoecos.com.ar\/#organization\"},\"image\":{\"@id\":\"https:\/\/infoecos.com.ar\/index.php\/jorge-fernandez-candidato-a-concejal-del-fdt-recupera-los-espacios-en-la-plata-y-buenos-aires\/#primaryimage\"},\"thumbnailUrl\":\"https:\/\/infoecos.com.ar\/wp-content\/uploads\/2021\/10\/244177700_1532761140396381_7803721883123119653_n.jpg\",\"keywords\":[\"Se reuni\u00f3 con An\u00edbal - Magario - A.Rodr\u00edguez\"],\"articleSection\":[\"C1 N3\"],\"inLanguage\":\"es\"},{\"@type\":\"WebPage\",\"@id\":\"https:\/\/infoecos.com.ar\/index.php\/jorge-fernandez-candidato-a-concejal-del-fdt-recupera-los-espacios-en-la-plata-y-buenos-aires\/\",\"url\":\"https:\/\/infoecos.com.ar\/index.php\/jorge-fernandez-candidato-a-concejal-del-fdt-recupera-los-espacios-en-la-plata-y-buenos-aires\/\",\"name\":\"Jorge Fern\u00e1ndez, candidato a concejal del FdT, recupera los espacios en La Plata y Buenos Aires - Infoecos\",\"isPartOf\":{\"@id\":\"https:\/\/infoecos.com.ar\/#website\"},\"primaryImageOfPage\":{\"@id\":\"https:\/\/infoecos.com.ar\/index.php\/jorge-fernandez-candidato-a-concejal-del-fdt-recupera-los-espacios-en-la-plata-y-buenos-aires\/#primaryimage\"},\"image\":{\"@id\":\"https:\/\/infoecos.com.ar\/index.php\/jorge-fernandez-candidato-a-concejal-del-fdt-recupera-los-espacios-en-la-plata-y-buenos-aires\/#primaryimage\"},\"thumbnailUrl\":\"https:\/\/infoecos.com.ar\/wp-content\/uploads\/2021\/10\/244177700_1532761140396381_7803721883123119653_n.jpg\",\"datePublished\":\"2021-10-05T07:05:30+00:00\",\"dateModified\":\"2021-10-05T07:05:31+00:00\",\"breadcrumb\":{\"@id\":\"https:\/\/infoecos.com.ar\/index.php\/jorge-fernandez-candidato-a-concejal-del-fdt-recupera-los-espacios-en-la-plata-y-buenos-aires\/#breadcrumb\"},\"inLanguage\":\"es\",\"potentialAction\":[{\"@type\":\"ReadAction\",\"target\":[\"https:\/\/infoecos.com.ar\/index.php\/jorge-fernandez-candidato-a-concejal-del-fdt-recupera-los-espacios-en-la-plata-y-buenos-aires\/\"]}]},{\"@type\":\"ImageObject\",\"inLanguage\":\"es\",\"@id\":\"https:\/\/infoecos.com.ar\/index.php\/jorge-fernandez-candidato-a-concejal-del-fdt-recupera-los-espacios-en-la-plata-y-buenos-aires\/#primaryimage\",\"url\":\"https:\/\/infoecos.com.ar\/wp-content\/uploads\/2021\/10\/244177700_1532761140396381_7803721883123119653_n.jpg\",\"contentUrl\":\"https:\/\/infoecos.com.ar\/wp-content\/uploads\/2021\/10\/244177700_1532761140396381_7803721883123119653_n.jpg\",\"width\":1600,\"height\":1000},{\"@type\":\"BreadcrumbList\",\"@id\":\"https:\/\/infoecos.com.ar\/index.php\/jorge-fernandez-candidato-a-concejal-del-fdt-recupera-los-espacios-en-la-plata-y-buenos-aires\/#breadcrumb\",\"itemListElement\":[{\"@type\":\"ListItem\",\"position\":1,\"name\":\"Portada\",\"item\":\"https:\/\/infoecos.com.ar\/\"},{\"@type\":\"ListItem\",\"position\":2,\"name\":\"Jorge Fern\u00e1ndez, candidato a concejal del FdT, recupera los espacios en La Plata y Buenos Aires\"}]},{\"@type\":\"WebSite\",\"@id\":\"https:\/\/infoecos.com.ar\/#website\",\"url\":\"https:\/\/infoecos.com.ar\/\",\"name\":\"Infoecos\",\"description\":\"Noticias de trenque lauquen y la zona\",\"publisher\":{\"@id\":\"https:\/\/infoecos.com.ar\/#organization\"},\"alternateName\":\"Noticias\",\"potentialAction\":[{\"@type\":\"SearchAction\",\"target\":{\"@type\":\"EntryPoint\",\"urlTemplate\":\"https:\/\/infoecos.com.ar\/?s={search_term_string}\"},\"query-input\":{\"@type\":\"PropertyValueSpecification\",\"valueRequired\":true,\"valueName\":\"search_term_string\"}}],\"inLanguage\":\"es\"},{\"@type\":\"Organization\",\"@id\":\"https:\/\/infoecos.com.ar\/#organization\",\"name\":\"Infoecos\",\"alternateName\":\"Noticias\",\"url\":\"https:\/\/infoecos.com.ar\/\",\"logo\":{\"@type\":\"ImageObject\",\"inLanguage\":\"es\",\"@id\":\"https:\/\/infoecos.com.ar\/#\/schema\/logo\/image\/\",\"url\":\"https:\/\/infoecos.com.ar\/wp-content\/uploads\/2024\/03\/cropped-logo.png\",\"contentUrl\":\"https:\/\/infoecos.com.ar\/wp-content\/uploads\/2024\/03\/cropped-logo.png\",\"width\":374,\"height\":90,\"caption\":\"Infoecos\"},\"image\":{\"@id\":\"https:\/\/infoecos.com.ar\/#\/schema\/logo\/image\/\"},\"sameAs\":[\"https:\/\/www.facebook.com\/profile.php?id=100063200290284\",\"https:\/\/x.com\/infoecos\"]},{\"@type\":\"Person\",\"@id\":\"https:\/\/infoecos.com.ar\/#\/schema\/person\/8f5ace5ce73b4b4aac4b7245aee6f191\",\"name\":\"Jorge Matheus\",\"url\":\"https:\/\/infoecos.com.ar\/index.php\/author\/jomatheus\/\"}]}<\/script>\n<!-- \/ Yoast SEO plugin. -->","yoast_head_json":{"title":"Jorge Fern\u00e1ndez, candidato a concejal del FdT, recupera los espacios en La Plata y Buenos Aires - Infoecos","robots":{"index":"index","follow":"follow","max-snippet":"max-snippet:-1","max-image-preview":"max-image-preview:large","max-video-preview":"max-video-preview:-1"},"canonical":"https:\/\/infoecos.com.ar\/index.php\/jorge-fernandez-candidato-a-concejal-del-fdt-recupera-los-espacios-en-la-plata-y-buenos-aires\/","og_locale":"es_ES","og_type":"article","og_title":"Jorge Fern\u00e1ndez, candidato a concejal del FdT, recupera los espacios en La Plata y Buenos Aires - Infoecos","og_description":"Tambi\u00e9n se reuni\u00f3 con autoridades del ministerio de Desarrollo Territorial y H\u00e1bitat con el fin que Ferraresi visite Lincoln a los efectos de recorrer tierras del Estado que se hab\u00edan adquirido durante su gesti\u00f3n","og_url":"https:\/\/infoecos.com.ar\/index.php\/jorge-fernandez-candidato-a-concejal-del-fdt-recupera-los-espacios-en-la-plata-y-buenos-aires\/","og_site_name":"Infoecos","article_publisher":"https:\/\/www.facebook.com\/profile.php?id=100063200290284","article_published_time":"2021-10-05T07:05:30+00:00","article_modified_time":"2021-10-05T07:05:31+00:00","og_image":[{"width":1600,"height":1000,"url":"https:\/\/infoecos.com.ar\/wp-content\/uploads\/2021\/10\/244177700_1532761140396381_7803721883123119653_n.jpg","type":"image\/jpeg"}],"author":"Jorge Matheus","twitter_card":"summary_large_image","twitter_creator":"@infoecos","twitter_site":"@infoecos","twitter_misc":{"Escrito por":"Jorge Matheus","Tiempo de lectura":"1 minuto"},"schema":{"@context":"https:\/\/schema.org","@graph":[{"@type":"Article","@id":"https:\/\/infoecos.com.ar\/index.php\/jorge-fernandez-candidato-a-concejal-del-fdt-recupera-los-espacios-en-la-plata-y-buenos-aires\/#article","isPartOf":{"@id":"https:\/\/infoecos.com.ar\/index.php\/jorge-fernandez-candidato-a-concejal-del-fdt-recupera-los-espacios-en-la-plata-y-buenos-aires\/"},"author":{"name":"Jorge Matheus","@id":"https:\/\/infoecos.com.ar\/#\/schema\/person\/8f5ace5ce73b4b4aac4b7245aee6f191"},"headline":"Jorge Fern\u00e1ndez, candidato a concejal del FdT, recupera los espacios en La Plata y Buenos Aires","datePublished":"2021-10-05T07:05:30+00:00","dateModified":"2021-10-05T07:05:31+00:00","mainEntityOfPage":{"@id":"https:\/\/infoecos.com.ar\/index.php\/jorge-fernandez-candidato-a-concejal-del-fdt-recupera-los-espacios-en-la-plata-y-buenos-aires\/"},"wordCount":276,"publisher":{"@id":"https:\/\/infoecos.com.ar\/#organization"},"image":{"@id":"https:\/\/infoecos.com.ar\/index.php\/jorge-fernandez-candidato-a-concejal-del-fdt-recupera-los-espacios-en-la-plata-y-buenos-aires\/#primaryimage"},"thumbnailUrl":"https:\/\/infoecos.com.ar\/wp-content\/uploads\/2021\/10\/244177700_1532761140396381_7803721883123119653_n.jpg","keywords":["Se reuni\u00f3 con An\u00edbal - Magario - A.Rodr\u00edguez"],"articleSection":["C1 N3"],"inLanguage":"es"},{"@type":"WebPage","@id":"https:\/\/infoecos.com.ar\/index.php\/jorge-fernandez-candidato-a-concejal-del-fdt-recupera-los-espacios-en-la-plata-y-buenos-aires\/","url":"https:\/\/infoecos.com.ar\/index.php\/jorge-fernandez-candidato-a-concejal-del-fdt-recupera-los-espacios-en-la-plata-y-buenos-aires\/","name":"Jorge Fern\u00e1ndez, candidato a concejal del FdT, recupera los espacios en La Plata y Buenos Aires - Infoecos","isPartOf":{"@id":"https:\/\/infoecos.com.ar\/#website"},"primaryImageOfPage":{"@id":"https:\/\/infoecos.com.ar\/index.php\/jorge-fernandez-candidato-a-concejal-del-fdt-recupera-los-espacios-en-la-plata-y-buenos-aires\/#primaryimage"},"image":{"@id":"https:\/\/infoecos.com.ar\/index.php\/jorge-fernandez-candidato-a-concejal-del-fdt-recupera-los-espacios-en-la-plata-y-buenos-aires\/#primaryimage"},"thumbnailUrl":"https:\/\/infoecos.com.ar\/wp-content\/uploads\/2021\/10\/244177700_1532761140396381_7803721883123119653_n.jpg","datePublished":"2021-10-05T07:05:30+00:00","dateModified":"2021-10-05T07:05:31+00:00","breadcrumb":{"@id":"https:\/\/infoecos.com.ar\/index.php\/jorge-fernandez-candidato-a-concejal-del-fdt-recupera-los-espacios-en-la-plata-y-buenos-aires\/#breadcrumb"},"inLanguage":"es","potentialAction":[{"@type":"ReadAction","target":["https:\/\/infoecos.com.ar\/index.php\/jorge-fernandez-candidato-a-concejal-del-fdt-recupera-los-espacios-en-la-plata-y-buenos-aires\/"]}]},{"@type":"ImageObject","inLanguage":"es","@id":"https:\/\/infoecos.com.ar\/index.php\/jorge-fernandez-candidato-a-concejal-del-fdt-recupera-los-espacios-en-la-plata-y-buenos-aires\/#primaryimage","url":"https:\/\/infoecos.com.ar\/wp-content\/uploads\/2021\/10\/244177700_1532761140396381_7803721883123119653_n.jpg","contentUrl":"https:\/\/infoecos.com.ar\/wp-content\/uploads\/2021\/10\/244177700_1532761140396381_7803721883123119653_n.jpg","width":1600,"height":1000},{"@type":"BreadcrumbList","@id":"https:\/\/infoecos.com.ar\/index.php\/jorge-fernandez-candidato-a-concejal-del-fdt-recupera-los-espacios-en-la-plata-y-buenos-aires\/#breadcrumb","itemListElement":[{"@type":"ListItem","position":1,"name":"Portada","item":"https:\/\/infoecos.com.ar\/"},{"@type":"ListItem","position":2,"name":"Jorge Fern\u00e1ndez, candidato a concejal del FdT, recupera los espacios en La Plata y Buenos Aires"}]},{"@type":"WebSite","@id":"https:\/\/infoecos.com.ar\/#website","url":"https:\/\/infoecos.com.ar\/","name":"Infoecos","description":"Noticias de trenque lauquen y la zona","publisher":{"@id":"https:\/\/infoecos.com.ar\/#organization"},"alternateName":"Noticias","potentialAction":[{"@type":"SearchAction","target":{"@type":"EntryPoint","urlTemplate":"https:\/\/infoecos.com.ar\/?s={search_term_string}"},"query-input":{"@type":"PropertyValueSpecification","valueRequired":true,"valueName":"search_term_string"}}],"inLanguage":"es"},{"@type":"Organization","@id":"https:\/\/infoecos.com.ar\/#organization","name":"Infoecos","alternateName":"Noticias","url":"https:\/\/infoecos.com.ar\/","logo":{"@type":"ImageObject","inLanguage":"es","@id":"https:\/\/infoecos.com.ar\/#\/schema\/logo\/image\/","url":"https:\/\/infoecos.com.ar\/wp-content\/uploads\/2024\/03\/cropped-logo.png","contentUrl":"https:\/\/infoecos.com.ar\/wp-content\/uploads\/2024\/03\/cropped-logo.png","width":374,"height":90,"caption":"Infoecos"},"image":{"@id":"https:\/\/infoecos.com.ar\/#\/schema\/logo\/image\/"},"sameAs":["https:\/\/www.facebook.com\/profile.php?id=100063200290284","https:\/\/x.com\/infoecos"]},{"@type":"Person","@id":"https:\/\/infoecos.com.ar\/#\/schema\/person\/8f5ace5ce73b4b4aac4b7245aee6f191","name":"Jorge Matheus","url":"https:\/\/infoecos.com.ar\/index.php\/author\/jomatheus\/"}]}},"featured_image_urls":{"full":["https:\/\/infoecos.com.ar\/wp-content\/uploads\/2021\/10\/244177700_1532761140396381_7803721883123119653_n.jpg",1600,1000,false],"thumbnail":["https:\/\/infoecos.com.ar\/wp-content\/uploads\/2021\/10\/244177700_1532761140396381_7803721883123119653_n-150x150.jpg",150,150,true],"medium":["https:\/\/infoecos.com.ar\/wp-content\/uploads\/2021\/10\/244177700_1532761140396381_7803721883123119653_n-460x288.jpg",460,288,true],"medium_large":["https:\/\/infoecos.com.ar\/wp-content\/uploads\/2021\/10\/244177700_1532761140396381_7803721883123119653_n-768x480.jpg",640,400,true],"large":["https:\/\/infoecos.com.ar\/wp-content\/uploads\/2021\/10\/244177700_1532761140396381_7803721883123119653_n-920x575.jpg",640,400,true],"1536x1536":["https:\/\/infoecos.com.ar\/wp-content\/uploads\/2021\/10\/244177700_1532761140396381_7803721883123119653_n-1536x960.jpg",1536,960,true],"2048x2048":["https:\/\/infoecos.com.ar\/wp-content\/uploads\/2021\/10\/244177700_1532761140396381_7803721883123119653_n.jpg",1600,1000,false],"covernews-slider-full":["https:\/\/infoecos.com.ar\/wp-content\/uploads\/2021\/10\/244177700_1532761140396381_7803721883123119653_n-1536x1000.jpg",1098,715,true],"covernews-slider-center":["https:\/\/infoecos.com.ar\/wp-content\/uploads\/2021\/10\/244177700_1532761140396381_7803721883123119653_n-936x897.jpg",522,500,true],"covernews-featured":["https:\/\/infoecos.com.ar\/wp-content\/uploads\/2021\/10\/244177700_1532761140396381_7803721883123119653_n-1024x640.jpg",1024,640,true],"covernews-medium":["https:\/\/infoecos.com.ar\/wp-content\/uploads\/2021\/10\/244177700_1532761140396381_7803721883123119653_n-720x380.jpg",540,285,true],"covernews-medium-square":["https:\/\/infoecos.com.ar\/wp-content\/uploads\/2021\/10\/244177700_1532761140396381_7803721883123119653_n-675x450.jpg",375,250,true]},"author_info":{"info":["Jorge Matheus"]},"category_info":"<a href=\"https:\/\/infoecos.com.ar\/index.php\/category\/c1nota3\/\" rel=\"category tag\">C1 N3<\/a>","tag_info":"C1 N3","comment_count":"0","_links":{"self":[{"href":"https:\/\/infoecos.com.ar\/index.php\/wp-json\/wp\/v2\/posts\/87604"}],"collection":[{"href":"https:\/\/infoecos.com.ar\/index.php\/wp-json\/wp\/v2\/posts"}],"about":[{"href":"https:\/\/infoecos.com.ar\/index.php\/wp-json\/wp\/v2\/types\/post"}],"author":[{"embeddable":true,"href":"https:\/\/infoecos.com.ar\/index.php\/wp-json\/wp\/v2\/users\/2"}],"replies":[{"embeddable":true,"href":"https:\/\/infoecos.com.ar\/index.php\/wp-json\/wp\/v2\/comments?post=87604"}],"version-history":[{"count":1,"href":"https:\/\/infoecos.com.ar\/index.php\/wp-json\/wp\/v2\/posts\/87604\/revisions"}],"predecessor-version":[{"id":87607,"href":"https:\/\/infoecos.com.ar\/index.php\/wp-json\/wp\/v2\/posts\/87604\/revisions\/87607"}],"wp:featuredmedia":[{"embeddable":true,"href":"https:\/\/infoecos.com.ar\/index.php\/wp-json\/wp\/v2\/media\/87606"}],"wp:attachment":[{"href":"https:\/\/infoecos.com.ar\/index.php\/wp-json\/wp\/v2\/media?parent=87604"}],"wp:term":[{"taxonomy":"category","embeddable":true,"href":"https:\/\/infoecos.com.ar\/index.php\/wp-json\/wp\/v2\/categories?post=87604"},{"taxonomy":"post_tag","embeddable":true,"href":"https:\/\/infoecos.com.ar\/index.php\/wp-json\/wp\/v2\/tags?post=87604"}],"curies":[{"name":"wp","href":"https:\/\/api.w.org\/{rel}","templated":true}]}}