{"id":87619,"date":"2021-10-05T04:40:36","date_gmt":"2021-10-05T07:40:36","guid":{"rendered":"http:\/\/infoecos.com.ar\/?p=87619"},"modified":"2021-10-05T04:40:39","modified_gmt":"2021-10-05T07:40:39","slug":"ya-se-pueden-inscribir-para-vacunarse-a-los-menores-de-3-a-11-anos-en-la-provincia-de-buenos-aires","status":"publish","type":"post","link":"https:\/\/infoecos.com.ar\/index.php\/ya-se-pueden-inscribir-para-vacunarse-a-los-menores-de-3-a-11-anos-en-la-provincia-de-buenos-aires\/","title":{"rendered":"Ya se pueden inscribir para vacunarse a los menores de 3 a 11 a\u00f1os en la provincia de Buenos Aires"},"content":{"rendered":"\n<p>La Campa\u00f1a \u201cVacunatePBA\u201d inici\u00f3 una nueva etapa al anunciarse este s\u00e1bado que los menores de 3 a 11 a\u00f1os pueden ser registrados para vacunarse contra el coronavirus. Este avance fue posible tras ser autorizado el uso de la vacuna china Sinopharm en esa franja etaria. El primer fin de semana, ya fueron anotados 400 mil ni\u00f1os y ni\u00f1as bonaerenses.<\/p>\n\n\n\n<figure class=\"wp-block-image size-large\"><img loading=\"lazy\" decoding=\"async\" width=\"912\" height=\"389\" src=\"http:\/\/infoecos.com.ar\/wp-content\/uploads\/2021\/02\/vacunate-logo-lg-n.png\" alt=\"\" class=\"wp-image-75062\" srcset=\"https:\/\/infoecos.com.ar\/wp-content\/uploads\/2021\/02\/vacunate-logo-lg-n.png 912w, https:\/\/infoecos.com.ar\/wp-content\/uploads\/2021\/02\/vacunate-logo-lg-n-460x196.png 460w, https:\/\/infoecos.com.ar\/wp-content\/uploads\/2021\/02\/vacunate-logo-lg-n-768x328.png 768w\" sizes=\"(max-width: 912px) 100vw, 912px\" \/><\/figure>\n\n\n\n<p>Para inscribirlos\/las hay que ingresar en la web&nbsp;<a href=\"http:\/\/vacunatepba.gba.gob.ar\/\" target=\"_blank\" rel=\"noreferrer noopener\">vacunatepba.gba.gob.ar<\/a>&nbsp;o a trav\u00e9s de la aplicaci\u00f3n VacunatePBA. Los ni\u00f1os y ni\u00f1as de esa edad deber\u00e1n contar con el consentimiento de sus padres o responsables afectivos para recibir la dosis; por ese motivo, al momento del registro, tendr\u00e1n que descargar una autorizaci\u00f3n para entregar el d\u00eda del turno.<\/p>\n\n\n\n<p>Por \u00faltimo, es importante ingresar datos de tel\u00e9fono y mail v\u00e1lidos donde ser\u00e1 comunicada la fecha y el lugar d\u00f3nde deber\u00e1n concurrir a vacunarse acompa\u00f1adas\/os por un familiar o representante legal. Mientras tanto, cabe aclarar que contin\u00faa abierta la inscripci\u00f3n para el grupo etario de 12 a 17 a\u00f1os; y ya se inici\u00f3 la inmunizaci\u00f3n de chicos y chicas de 16 y 17 a\u00f1os sin condiciones de salud preexistentes.<\/p>\n","protected":false},"excerpt":{"rendered":"<p>Para inscribirlos\/las hay que ingresar en la web vacunatepba.gba.gob.ar o a trav\u00e9s de la aplicaci\u00f3n VacunatePBA<\/p>\n","protected":false},"author":2,"featured_media":75062,"comment_status":"closed","ping_status":"open","sticky":false,"template":"","format":"standard","meta":{"footnotes":""},"categories":[1614],"tags":[5368],"class_list":["post-87619","post","type-post","status-publish","format-standard","has-post-thumbnail","hentry","category-c2nota7","tag-campana-vacunatepba"],"yoast_head":"<!-- This site is optimized with the Yoast SEO plugin v23.4 - https:\/\/yoast.com\/wordpress\/plugins\/seo\/ -->\n<title>Ya se pueden inscribir para vacunarse a los menores de 3 a 11 a\u00f1os en la provincia de Buenos Aires - Infoecos<\/title>\n<meta name=\"robots\" content=\"index, follow, max-snippet:-1, max-image-preview:large, max-video-preview:-1\" \/>\n<link rel=\"canonical\" href=\"https:\/\/infoecos.com.ar\/index.php\/ya-se-pueden-inscribir-para-vacunarse-a-los-menores-de-3-a-11-anos-en-la-provincia-de-buenos-aires\/\" \/>\n<meta property=\"og:locale\" content=\"es_ES\" \/>\n<meta property=\"og:type\" content=\"article\" \/>\n<meta property=\"og:title\" content=\"Ya se pueden inscribir para vacunarse a los menores de 3 a 11 a\u00f1os en la provincia de Buenos Aires - Infoecos\" \/>\n<meta property=\"og:description\" content=\"Para inscribirlos\/las hay que ingresar en la web vacunatepba.gba.gob.ar o a trav\u00e9s de la aplicaci\u00f3n VacunatePBA\" \/>\n<meta property=\"og:url\" content=\"https:\/\/infoecos.com.ar\/index.php\/ya-se-pueden-inscribir-para-vacunarse-a-los-menores-de-3-a-11-anos-en-la-provincia-de-buenos-aires\/\" \/>\n<meta property=\"og:site_name\" content=\"Infoecos\" \/>\n<meta property=\"article:publisher\" content=\"https:\/\/www.facebook.com\/profile.php?id=100063200290284\" \/>\n<meta property=\"article:published_time\" content=\"2021-10-05T07:40:36+00:00\" \/>\n<meta property=\"article:modified_time\" content=\"2021-10-05T07:40:39+00:00\" \/>\n<meta property=\"og:image\" content=\"https:\/\/infoecos.com.ar\/wp-content\/uploads\/2021\/02\/vacunate-logo-lg-n.png\" \/>\n\t<meta property=\"og:image:width\" content=\"912\" \/>\n\t<meta property=\"og:image:height\" content=\"389\" \/>\n\t<meta property=\"og:image:type\" content=\"image\/png\" \/>\n<meta name=\"author\" content=\"Jorge Matheus\" \/>\n<meta name=\"twitter:card\" content=\"summary_large_image\" \/>\n<meta name=\"twitter:creator\" content=\"@infoecos\" \/>\n<meta name=\"twitter:site\" content=\"@infoecos\" \/>\n<meta name=\"twitter:label1\" content=\"Escrito por\" \/>\n\t<meta name=\"twitter:data1\" content=\"Jorge Matheus\" \/>\n\t<meta name=\"twitter:label2\" content=\"Tiempo de lectura\" \/>\n\t<meta name=\"twitter:data2\" content=\"1 minuto\" \/>\n<script type=\"application\/ld+json\" class=\"yoast-schema-graph\">{\"@context\":\"https:\/\/schema.org\",\"@graph\":[{\"@type\":\"Article\",\"@id\":\"https:\/\/infoecos.com.ar\/index.php\/ya-se-pueden-inscribir-para-vacunarse-a-los-menores-de-3-a-11-anos-en-la-provincia-de-buenos-aires\/#article\",\"isPartOf\":{\"@id\":\"https:\/\/infoecos.com.ar\/index.php\/ya-se-pueden-inscribir-para-vacunarse-a-los-menores-de-3-a-11-anos-en-la-provincia-de-buenos-aires\/\"},\"author\":{\"name\":\"Jorge Matheus\",\"@id\":\"https:\/\/infoecos.com.ar\/#\/schema\/person\/8f5ace5ce73b4b4aac4b7245aee6f191\"},\"headline\":\"Ya se pueden inscribir para vacunarse a los menores de 3 a 11 a\u00f1os en la provincia de Buenos Aires\",\"datePublished\":\"2021-10-05T07:40:36+00:00\",\"dateModified\":\"2021-10-05T07:40:39+00:00\",\"mainEntityOfPage\":{\"@id\":\"https:\/\/infoecos.com.ar\/index.php\/ya-se-pueden-inscribir-para-vacunarse-a-los-menores-de-3-a-11-anos-en-la-provincia-de-buenos-aires\/\"},\"wordCount\":226,\"publisher\":{\"@id\":\"https:\/\/infoecos.com.ar\/#organization\"},\"image\":{\"@id\":\"https:\/\/infoecos.com.ar\/index.php\/ya-se-pueden-inscribir-para-vacunarse-a-los-menores-de-3-a-11-anos-en-la-provincia-de-buenos-aires\/#primaryimage\"},\"thumbnailUrl\":\"https:\/\/infoecos.com.ar\/wp-content\/uploads\/2021\/02\/vacunate-logo-lg-n.png\",\"keywords\":[\"CAMPA\u00d1A VACUNATEPBA\"],\"articleSection\":[\"C2 N7\"],\"inLanguage\":\"es\"},{\"@type\":\"WebPage\",\"@id\":\"https:\/\/infoecos.com.ar\/index.php\/ya-se-pueden-inscribir-para-vacunarse-a-los-menores-de-3-a-11-anos-en-la-provincia-de-buenos-aires\/\",\"url\":\"https:\/\/infoecos.com.ar\/index.php\/ya-se-pueden-inscribir-para-vacunarse-a-los-menores-de-3-a-11-anos-en-la-provincia-de-buenos-aires\/\",\"name\":\"Ya se pueden inscribir para vacunarse a los menores de 3 a 11 a\u00f1os en la provincia de Buenos Aires - Infoecos\",\"isPartOf\":{\"@id\":\"https:\/\/infoecos.com.ar\/#website\"},\"primaryImageOfPage\":{\"@id\":\"https:\/\/infoecos.com.ar\/index.php\/ya-se-pueden-inscribir-para-vacunarse-a-los-menores-de-3-a-11-anos-en-la-provincia-de-buenos-aires\/#primaryimage\"},\"image\":{\"@id\":\"https:\/\/infoecos.com.ar\/index.php\/ya-se-pueden-inscribir-para-vacunarse-a-los-menores-de-3-a-11-anos-en-la-provincia-de-buenos-aires\/#primaryimage\"},\"thumbnailUrl\":\"https:\/\/infoecos.com.ar\/wp-content\/uploads\/2021\/02\/vacunate-logo-lg-n.png\",\"datePublished\":\"2021-10-05T07:40:36+00:00\",\"dateModified\":\"2021-10-05T07:40:39+00:00\",\"breadcrumb\":{\"@id\":\"https:\/\/infoecos.com.ar\/index.php\/ya-se-pueden-inscribir-para-vacunarse-a-los-menores-de-3-a-11-anos-en-la-provincia-de-buenos-aires\/#breadcrumb\"},\"inLanguage\":\"es\",\"potentialAction\":[{\"@type\":\"ReadAction\",\"target\":[\"https:\/\/infoecos.com.ar\/index.php\/ya-se-pueden-inscribir-para-vacunarse-a-los-menores-de-3-a-11-anos-en-la-provincia-de-buenos-aires\/\"]}]},{\"@type\":\"ImageObject\",\"inLanguage\":\"es\",\"@id\":\"https:\/\/infoecos.com.ar\/index.php\/ya-se-pueden-inscribir-para-vacunarse-a-los-menores-de-3-a-11-anos-en-la-provincia-de-buenos-aires\/#primaryimage\",\"url\":\"https:\/\/infoecos.com.ar\/wp-content\/uploads\/2021\/02\/vacunate-logo-lg-n.png\",\"contentUrl\":\"https:\/\/infoecos.com.ar\/wp-content\/uploads\/2021\/02\/vacunate-logo-lg-n.png\",\"width\":912,\"height\":389},{\"@type\":\"BreadcrumbList\",\"@id\":\"https:\/\/infoecos.com.ar\/index.php\/ya-se-pueden-inscribir-para-vacunarse-a-los-menores-de-3-a-11-anos-en-la-provincia-de-buenos-aires\/#breadcrumb\",\"itemListElement\":[{\"@type\":\"ListItem\",\"position\":1,\"name\":\"Portada\",\"item\":\"https:\/\/infoecos.com.ar\/\"},{\"@type\":\"ListItem\",\"position\":2,\"name\":\"Ya se pueden inscribir para vacunarse a los menores de 3 a 11 a\u00f1os en la provincia de Buenos Aires\"}]},{\"@type\":\"WebSite\",\"@id\":\"https:\/\/infoecos.com.ar\/#website\",\"url\":\"https:\/\/infoecos.com.ar\/\",\"name\":\"Infoecos\",\"description\":\"Noticias de trenque lauquen y la zona\",\"publisher\":{\"@id\":\"https:\/\/infoecos.com.ar\/#organization\"},\"alternateName\":\"Noticias\",\"potentialAction\":[{\"@type\":\"SearchAction\",\"target\":{\"@type\":\"EntryPoint\",\"urlTemplate\":\"https:\/\/infoecos.com.ar\/?s={search_term_string}\"},\"query-input\":{\"@type\":\"PropertyValueSpecification\",\"valueRequired\":true,\"valueName\":\"search_term_string\"}}],\"inLanguage\":\"es\"},{\"@type\":\"Organization\",\"@id\":\"https:\/\/infoecos.com.ar\/#organization\",\"name\":\"Infoecos\",\"alternateName\":\"Noticias\",\"url\":\"https:\/\/infoecos.com.ar\/\",\"logo\":{\"@type\":\"ImageObject\",\"inLanguage\":\"es\",\"@id\":\"https:\/\/infoecos.com.ar\/#\/schema\/logo\/image\/\",\"url\":\"https:\/\/infoecos.com.ar\/wp-content\/uploads\/2024\/03\/cropped-logo.png\",\"contentUrl\":\"https:\/\/infoecos.com.ar\/wp-content\/uploads\/2024\/03\/cropped-logo.png\",\"width\":374,\"height\":90,\"caption\":\"Infoecos\"},\"image\":{\"@id\":\"https:\/\/infoecos.com.ar\/#\/schema\/logo\/image\/\"},\"sameAs\":[\"https:\/\/www.facebook.com\/profile.php?id=100063200290284\",\"https:\/\/x.com\/infoecos\"]},{\"@type\":\"Person\",\"@id\":\"https:\/\/infoecos.com.ar\/#\/schema\/person\/8f5ace5ce73b4b4aac4b7245aee6f191\",\"name\":\"Jorge Matheus\",\"url\":\"https:\/\/infoecos.com.ar\/index.php\/author\/jomatheus\/\"}]}<\/script>\n<!-- \/ Yoast SEO plugin. -->","yoast_head_json":{"title":"Ya se pueden inscribir para vacunarse a los menores de 3 a 11 a\u00f1os en la provincia de Buenos Aires - Infoecos","robots":{"index":"index","follow":"follow","max-snippet":"max-snippet:-1","max-image-preview":"max-image-preview:large","max-video-preview":"max-video-preview:-1"},"canonical":"https:\/\/infoecos.com.ar\/index.php\/ya-se-pueden-inscribir-para-vacunarse-a-los-menores-de-3-a-11-anos-en-la-provincia-de-buenos-aires\/","og_locale":"es_ES","og_type":"article","og_title":"Ya se pueden inscribir para vacunarse a los menores de 3 a 11 a\u00f1os en la provincia de Buenos Aires - Infoecos","og_description":"Para inscribirlos\/las hay que ingresar en la web vacunatepba.gba.gob.ar o a trav\u00e9s de la aplicaci\u00f3n VacunatePBA","og_url":"https:\/\/infoecos.com.ar\/index.php\/ya-se-pueden-inscribir-para-vacunarse-a-los-menores-de-3-a-11-anos-en-la-provincia-de-buenos-aires\/","og_site_name":"Infoecos","article_publisher":"https:\/\/www.facebook.com\/profile.php?id=100063200290284","article_published_time":"2021-10-05T07:40:36+00:00","article_modified_time":"2021-10-05T07:40:39+00:00","og_image":[{"width":912,"height":389,"url":"https:\/\/infoecos.com.ar\/wp-content\/uploads\/2021\/02\/vacunate-logo-lg-n.png","type":"image\/png"}],"author":"Jorge Matheus","twitter_card":"summary_large_image","twitter_creator":"@infoecos","twitter_site":"@infoecos","twitter_misc":{"Escrito por":"Jorge Matheus","Tiempo de lectura":"1 minuto"},"schema":{"@context":"https:\/\/schema.org","@graph":[{"@type":"Article","@id":"https:\/\/infoecos.com.ar\/index.php\/ya-se-pueden-inscribir-para-vacunarse-a-los-menores-de-3-a-11-anos-en-la-provincia-de-buenos-aires\/#article","isPartOf":{"@id":"https:\/\/infoecos.com.ar\/index.php\/ya-se-pueden-inscribir-para-vacunarse-a-los-menores-de-3-a-11-anos-en-la-provincia-de-buenos-aires\/"},"author":{"name":"Jorge Matheus","@id":"https:\/\/infoecos.com.ar\/#\/schema\/person\/8f5ace5ce73b4b4aac4b7245aee6f191"},"headline":"Ya se pueden inscribir para vacunarse a los menores de 3 a 11 a\u00f1os en la provincia de Buenos Aires","datePublished":"2021-10-05T07:40:36+00:00","dateModified":"2021-10-05T07:40:39+00:00","mainEntityOfPage":{"@id":"https:\/\/infoecos.com.ar\/index.php\/ya-se-pueden-inscribir-para-vacunarse-a-los-menores-de-3-a-11-anos-en-la-provincia-de-buenos-aires\/"},"wordCount":226,"publisher":{"@id":"https:\/\/infoecos.com.ar\/#organization"},"image":{"@id":"https:\/\/infoecos.com.ar\/index.php\/ya-se-pueden-inscribir-para-vacunarse-a-los-menores-de-3-a-11-anos-en-la-provincia-de-buenos-aires\/#primaryimage"},"thumbnailUrl":"https:\/\/infoecos.com.ar\/wp-content\/uploads\/2021\/02\/vacunate-logo-lg-n.png","keywords":["CAMPA\u00d1A VACUNATEPBA"],"articleSection":["C2 N7"],"inLanguage":"es"},{"@type":"WebPage","@id":"https:\/\/infoecos.com.ar\/index.php\/ya-se-pueden-inscribir-para-vacunarse-a-los-menores-de-3-a-11-anos-en-la-provincia-de-buenos-aires\/","url":"https:\/\/infoecos.com.ar\/index.php\/ya-se-pueden-inscribir-para-vacunarse-a-los-menores-de-3-a-11-anos-en-la-provincia-de-buenos-aires\/","name":"Ya se pueden inscribir para vacunarse a los menores de 3 a 11 a\u00f1os en la provincia de Buenos Aires - Infoecos","isPartOf":{"@id":"https:\/\/infoecos.com.ar\/#website"},"primaryImageOfPage":{"@id":"https:\/\/infoecos.com.ar\/index.php\/ya-se-pueden-inscribir-para-vacunarse-a-los-menores-de-3-a-11-anos-en-la-provincia-de-buenos-aires\/#primaryimage"},"image":{"@id":"https:\/\/infoecos.com.ar\/index.php\/ya-se-pueden-inscribir-para-vacunarse-a-los-menores-de-3-a-11-anos-en-la-provincia-de-buenos-aires\/#primaryimage"},"thumbnailUrl":"https:\/\/infoecos.com.ar\/wp-content\/uploads\/2021\/02\/vacunate-logo-lg-n.png","datePublished":"2021-10-05T07:40:36+00:00","dateModified":"2021-10-05T07:40:39+00:00","breadcrumb":{"@id":"https:\/\/infoecos.com.ar\/index.php\/ya-se-pueden-inscribir-para-vacunarse-a-los-menores-de-3-a-11-anos-en-la-provincia-de-buenos-aires\/#breadcrumb"},"inLanguage":"es","potentialAction":[{"@type":"ReadAction","target":["https:\/\/infoecos.com.ar\/index.php\/ya-se-pueden-inscribir-para-vacunarse-a-los-menores-de-3-a-11-anos-en-la-provincia-de-buenos-aires\/"]}]},{"@type":"ImageObject","inLanguage":"es","@id":"https:\/\/infoecos.com.ar\/index.php\/ya-se-pueden-inscribir-para-vacunarse-a-los-menores-de-3-a-11-anos-en-la-provincia-de-buenos-aires\/#primaryimage","url":"https:\/\/infoecos.com.ar\/wp-content\/uploads\/2021\/02\/vacunate-logo-lg-n.png","contentUrl":"https:\/\/infoecos.com.ar\/wp-content\/uploads\/2021\/02\/vacunate-logo-lg-n.png","width":912,"height":389},{"@type":"BreadcrumbList","@id":"https:\/\/infoecos.com.ar\/index.php\/ya-se-pueden-inscribir-para-vacunarse-a-los-menores-de-3-a-11-anos-en-la-provincia-de-buenos-aires\/#breadcrumb","itemListElement":[{"@type":"ListItem","position":1,"name":"Portada","item":"https:\/\/infoecos.com.ar\/"},{"@type":"ListItem","position":2,"name":"Ya se pueden inscribir para vacunarse a los menores de 3 a 11 a\u00f1os en la provincia de Buenos Aires"}]},{"@type":"WebSite","@id":"https:\/\/infoecos.com.ar\/#website","url":"https:\/\/infoecos.com.ar\/","name":"Infoecos","description":"Noticias de trenque lauquen y la zona","publisher":{"@id":"https:\/\/infoecos.com.ar\/#organization"},"alternateName":"Noticias","potentialAction":[{"@type":"SearchAction","target":{"@type":"EntryPoint","urlTemplate":"https:\/\/infoecos.com.ar\/?s={search_term_string}"},"query-input":{"@type":"PropertyValueSpecification","valueRequired":true,"valueName":"search_term_string"}}],"inLanguage":"es"},{"@type":"Organization","@id":"https:\/\/infoecos.com.ar\/#organization","name":"Infoecos","alternateName":"Noticias","url":"https:\/\/infoecos.com.ar\/","logo":{"@type":"ImageObject","inLanguage":"es","@id":"https:\/\/infoecos.com.ar\/#\/schema\/logo\/image\/","url":"https:\/\/infoecos.com.ar\/wp-content\/uploads\/2024\/03\/cropped-logo.png","contentUrl":"https:\/\/infoecos.com.ar\/wp-content\/uploads\/2024\/03\/cropped-logo.png","width":374,"height":90,"caption":"Infoecos"},"image":{"@id":"https:\/\/infoecos.com.ar\/#\/schema\/logo\/image\/"},"sameAs":["https:\/\/www.facebook.com\/profile.php?id=100063200290284","https:\/\/x.com\/infoecos"]},{"@type":"Person","@id":"https:\/\/infoecos.com.ar\/#\/schema\/person\/8f5ace5ce73b4b4aac4b7245aee6f191","name":"Jorge Matheus","url":"https:\/\/infoecos.com.ar\/index.php\/author\/jomatheus\/"}]}},"featured_image_urls":{"full":["https:\/\/infoecos.com.ar\/wp-content\/uploads\/2021\/02\/vacunate-logo-lg-n.png",912,389,false],"thumbnail":["https:\/\/infoecos.com.ar\/wp-content\/uploads\/2021\/02\/vacunate-logo-lg-n-150x150.png",150,150,true],"medium":["https:\/\/infoecos.com.ar\/wp-content\/uploads\/2021\/02\/vacunate-logo-lg-n-460x196.png",460,196,true],"medium_large":["https:\/\/infoecos.com.ar\/wp-content\/uploads\/2021\/02\/vacunate-logo-lg-n-768x328.png",640,273,true],"large":["https:\/\/infoecos.com.ar\/wp-content\/uploads\/2021\/02\/vacunate-logo-lg-n.png",640,273,false],"1536x1536":["https:\/\/infoecos.com.ar\/wp-content\/uploads\/2021\/02\/vacunate-logo-lg-n.png",912,389,false],"2048x2048":["https:\/\/infoecos.com.ar\/wp-content\/uploads\/2021\/02\/vacunate-logo-lg-n.png",912,389,false],"covernews-slider-full":["https:\/\/infoecos.com.ar\/wp-content\/uploads\/2021\/02\/vacunate-logo-lg-n.png",912,389,false],"covernews-slider-center":["https:\/\/infoecos.com.ar\/wp-content\/uploads\/2021\/02\/vacunate-logo-lg-n.png",800,341,false],"covernews-featured":["https:\/\/infoecos.com.ar\/wp-content\/uploads\/2021\/02\/vacunate-logo-lg-n.png",912,389,false],"covernews-medium":["https:\/\/infoecos.com.ar\/wp-content\/uploads\/2021\/02\/vacunate-logo-lg-n-720x380.png",540,285,true],"covernews-medium-square":["https:\/\/infoecos.com.ar\/wp-content\/uploads\/2021\/02\/vacunate-logo-lg-n-675x389.png",400,231,true]},"author_info":{"info":["Jorge Matheus"]},"category_info":"<a href=\"https:\/\/infoecos.com.ar\/index.php\/category\/c2nota7\/\" rel=\"category tag\">C2 N7<\/a>","tag_info":"C2 N7","comment_count":"0","_links":{"self":[{"href":"https:\/\/infoecos.com.ar\/index.php\/wp-json\/wp\/v2\/posts\/87619"}],"collection":[{"href":"https:\/\/infoecos.com.ar\/index.php\/wp-json\/wp\/v2\/posts"}],"about":[{"href":"https:\/\/infoecos.com.ar\/index.php\/wp-json\/wp\/v2\/types\/post"}],"author":[{"embeddable":true,"href":"https:\/\/infoecos.com.ar\/index.php\/wp-json\/wp\/v2\/users\/2"}],"replies":[{"embeddable":true,"href":"https:\/\/infoecos.com.ar\/index.php\/wp-json\/wp\/v2\/comments?post=87619"}],"version-history":[{"count":1,"href":"https:\/\/infoecos.com.ar\/index.php\/wp-json\/wp\/v2\/posts\/87619\/revisions"}],"predecessor-version":[{"id":87620,"href":"https:\/\/infoecos.com.ar\/index.php\/wp-json\/wp\/v2\/posts\/87619\/revisions\/87620"}],"wp:featuredmedia":[{"embeddable":true,"href":"https:\/\/infoecos.com.ar\/index.php\/wp-json\/wp\/v2\/media\/75062"}],"wp:attachment":[{"href":"https:\/\/infoecos.com.ar\/index.php\/wp-json\/wp\/v2\/media?parent=87619"}],"wp:term":[{"taxonomy":"category","embeddable":true,"href":"https:\/\/infoecos.com.ar\/index.php\/wp-json\/wp\/v2\/categories?post=87619"},{"taxonomy":"post_tag","embeddable":true,"href":"https:\/\/infoecos.com.ar\/index.php\/wp-json\/wp\/v2\/tags?post=87619"}],"curies":[{"name":"wp","href":"https:\/\/api.w.org\/{rel}","templated":true}]}}