{"id":87640,"date":"2021-10-05T14:45:02","date_gmt":"2021-10-05T17:45:02","guid":{"rendered":"http:\/\/infoecos.com.ar\/?p=87640"},"modified":"2021-10-07T06:29:59","modified_gmt":"2021-10-07T09:29:59","slug":"kicillof-anuncio-vacunacion-libre-para-todos-los-bonaerenses-mayores-de-30-anos","status":"publish","type":"post","link":"https:\/\/infoecos.com.ar\/index.php\/kicillof-anuncio-vacunacion-libre-para-todos-los-bonaerenses-mayores-de-30-anos\/","title":{"rendered":"Kicillof anunci\u00f3 vacunaci\u00f3n libre para todos los bonaerenses mayores de 30 a\u00f1os"},"content":{"rendered":"\n<p>\u00abLa vacunaci\u00f3n libre con segunda dosis se extiende a todos y todas las bonaerenses mayores de 30 a\u00f1os y a trabajadores y trabajadoras de la seguridad\u201d, se\u00f1al\u00f3 este martes el gobernador de la provincia de Buenos Aires, Axel Kicillof, al encabezar una conferencia de prensa sobre la situaci\u00f3n epidemiol\u00f3gica en el Sal\u00f3n Dorado de la Casa de Gobierno, junto al ministro de Salud, Nicol\u00e1s Kreplak.<\/p>\n\n\n\n<div class=\"wp-block-image\"><figure class=\"aligncenter size-medium\"><img loading=\"lazy\" decoding=\"async\" width=\"460\" height=\"306\" src=\"http:\/\/infoecos.com.ar\/wp-content\/uploads\/2021\/10\/2021_10_05-AK-Situacion-epidemiologica_SGE_5388-460x306.jpg\" alt=\"\" class=\"wp-image-87641\" srcset=\"https:\/\/infoecos.com.ar\/wp-content\/uploads\/2021\/10\/2021_10_05-AK-Situacion-epidemiologica_SGE_5388-460x306.jpg 460w, https:\/\/infoecos.com.ar\/wp-content\/uploads\/2021\/10\/2021_10_05-AK-Situacion-epidemiologica_SGE_5388-920x613.jpg 920w, https:\/\/infoecos.com.ar\/wp-content\/uploads\/2021\/10\/2021_10_05-AK-Situacion-epidemiologica_SGE_5388-768x512.jpg 768w, https:\/\/infoecos.com.ar\/wp-content\/uploads\/2021\/10\/2021_10_05-AK-Situacion-epidemiologica_SGE_5388-1536x1020.jpg 1536w, https:\/\/infoecos.com.ar\/wp-content\/uploads\/2021\/10\/2021_10_05-AK-Situacion-epidemiologica_SGE_5388-2048x1364.jpg 2048w, https:\/\/infoecos.com.ar\/wp-content\/uploads\/2021\/10\/2021_10_05-AK-Situacion-epidemiologica_SGE_5388-1024x682.jpg 1024w, https:\/\/infoecos.com.ar\/wp-content\/uploads\/2021\/10\/2021_10_05-AK-Situacion-epidemiologica_SGE_5388-675x450.jpg 675w\" sizes=\"(max-width: 460px) 100vw, 460px\" \/><figcaption>Kicillof y Kreplak<\/figcaption><\/figure><\/div>\n\n\n\n<p>\u201cHoy contamos con m\u00e1s de la mitad de la poblaci\u00f3n total de la Provincia con esquemas completos de vacunaci\u00f3n, lo que ha permitido que en 95 de los 135 municipios no haya fallecidos por Covid-19 en los \u00faltimos 15 d\u00edas\u201d, afirm\u00f3 Kicillof y agreg\u00f3: \u201cEn esta etapa es muy importante que todos y todas puedan aplicarse la segunda dosis, por eso tambi\u00e9n podr\u00e1n acceder \u00fanicamente presentando su DNI quienes hayan perdido sus turnos\u201d.<\/p>\n\n\n\n<p>La vacunaci\u00f3n libre con el segundo componente abarca tambi\u00e9n a los mayores de 18 a\u00f1os con enfermedades preexistentes, personas gestantes y trabajadores de la salud y de la educaci\u00f3n. En todos los casos deber\u00e1n haber cumplido el periodo recomendado por las autoridades sanitarias respecto de la primera dosis: ocho semanas entre las vacunas Sputnik y AstraZeneca, y tres en el caso de haber sido inoculado con Sinopharm.<\/p>\n\n\n\n<div class=\"wp-block-image\"><figure class=\"aligncenter size-medium\"><img loading=\"lazy\" decoding=\"async\" width=\"460\" height=\"300\" src=\"http:\/\/infoecos.com.ar\/wp-content\/uploads\/2021\/10\/2021_10_05-AK-Situacion-epidemiologica_SGE_5341-460x300.jpg\" alt=\"\" class=\"wp-image-87642\" srcset=\"https:\/\/infoecos.com.ar\/wp-content\/uploads\/2021\/10\/2021_10_05-AK-Situacion-epidemiologica_SGE_5341-460x300.jpg 460w, https:\/\/infoecos.com.ar\/wp-content\/uploads\/2021\/10\/2021_10_05-AK-Situacion-epidemiologica_SGE_5341-920x601.jpg 920w, https:\/\/infoecos.com.ar\/wp-content\/uploads\/2021\/10\/2021_10_05-AK-Situacion-epidemiologica_SGE_5341-768x502.jpg 768w, https:\/\/infoecos.com.ar\/wp-content\/uploads\/2021\/10\/2021_10_05-AK-Situacion-epidemiologica_SGE_5341-1536x1003.jpg 1536w, https:\/\/infoecos.com.ar\/wp-content\/uploads\/2021\/10\/2021_10_05-AK-Situacion-epidemiologica_SGE_5341-2048x1337.jpg 2048w, https:\/\/infoecos.com.ar\/wp-content\/uploads\/2021\/10\/2021_10_05-AK-Situacion-epidemiologica_SGE_5341-1024x669.jpg 1024w\" sizes=\"(max-width: 460px) 100vw, 460px\" \/><figcaption>Kicillof y Kreplak<\/figcaption><\/figure><\/div>\n\n\n\n<p>Por otro lado, el Gobernador anunci\u00f3 que \u201ca partir del pr\u00f3ximo martes comenzar\u00e1 la vacunaci\u00f3n de los y las bonaerenses de entre 3 y 11 a\u00f1os\u201d. \u201cDesde que la ANMAT aprob\u00f3 la vacuna de Sinopharm para este grupo etario, se han inscripto m\u00e1s de 365 mil chicos y chicas\u201d, a\u00f1adi\u00f3.<\/p>\n\n\n\n<p>En ese sentido, Kreplak asegur\u00f3 que \u201cadem\u00e1s de a la informaci\u00f3n publicada por las revistas internacionales respecto de su capacidad para producir anticuerpos y su seguridad, la ANMAT tuvo acceso a sus estudios de Fase 3 y, en base a ello, todo el sistema de salud del pa\u00eds recomienda la vacunaci\u00f3n de ni\u00f1os y ni\u00f1as\u201d. \u201cEs importante para evitar posibles casos graves, pero tambi\u00e9n para reducir los contagios entre sus familiares y que la sociedad alcance los niveles necesarios para que no aparezcan nuevas mutaciones\u201d, dijo.<\/p>\n\n\n\n<p>Respecto de la situaci\u00f3n epidemiol\u00f3gica, el Ministro subray\u00f3 que \u201cllevamos 19 semanas de descenso continuo de los casos, lo que implica una reducci\u00f3n del 96,2% respecto del pico\u201d. Adem\u00e1s, inform\u00f3 que solo el 12,8% de las camas de terapia intensiva son ocupadas por pacientes con coronavirus, en tanto que 255 centros de salud no debieron aplicar cuidados intensivos en los \u00faltimos 30 d\u00edas.<\/p>\n\n\n\n<div class=\"wp-block-image\"><figure class=\"aligncenter size-medium\"><img loading=\"lazy\" decoding=\"async\" width=\"460\" height=\"306\" src=\"http:\/\/infoecos.com.ar\/wp-content\/uploads\/2021\/10\/2021_10_05-AK-Situacion-epidemiologica_SGE_5277-460x306.jpg\" alt=\"\" class=\"wp-image-87643\" srcset=\"https:\/\/infoecos.com.ar\/wp-content\/uploads\/2021\/10\/2021_10_05-AK-Situacion-epidemiologica_SGE_5277-460x306.jpg 460w, https:\/\/infoecos.com.ar\/wp-content\/uploads\/2021\/10\/2021_10_05-AK-Situacion-epidemiologica_SGE_5277-920x612.jpg 920w, https:\/\/infoecos.com.ar\/wp-content\/uploads\/2021\/10\/2021_10_05-AK-Situacion-epidemiologica_SGE_5277-768x511.jpg 768w, https:\/\/infoecos.com.ar\/wp-content\/uploads\/2021\/10\/2021_10_05-AK-Situacion-epidemiologica_SGE_5277-1536x1020.jpg 1536w, https:\/\/infoecos.com.ar\/wp-content\/uploads\/2021\/10\/2021_10_05-AK-Situacion-epidemiologica_SGE_5277-2048x1363.jpg 2048w, https:\/\/infoecos.com.ar\/wp-content\/uploads\/2021\/10\/2021_10_05-AK-Situacion-epidemiologica_SGE_5277-1024x682.jpg 1024w, https:\/\/infoecos.com.ar\/wp-content\/uploads\/2021\/10\/2021_10_05-AK-Situacion-epidemiologica_SGE_5277-675x450.jpg 675w\" sizes=\"(max-width: 460px) 100vw, 460px\" \/><figcaption>Kreplak<\/figcaption><\/figure><\/div>\n\n\n\n<p>\u201cLa evoluci\u00f3n de la vacunaci\u00f3n, que alcanza a m\u00e1s de 9 millones de bonaerenses con esquema completo, ha impactado tambi\u00e9n en la gravedad de los casos y llevamos 17 semanas de reducci\u00f3n de los fallecimientos\u201d, indic\u00f3 Kreplak, al tiempo que valor\u00f3 que \u201cproducto de los cuidados, despu\u00e9s de haber detectado el primer caso hace cuatro meses, menos del 1% de los casos corresponden a la cepa Delta\u201d.<\/p>\n\n\n\n<p>\u201cLa flexibilizaci\u00f3n de las restricciones y de los protocolos es producto de la ca\u00edda de los contagios, producto de los cuidados y, sobre todo, de la eficacia de la campa\u00f1a de vacunaci\u00f3n\u201d, sostuvo Kicillof y concluy\u00f3: \u201cTenemos que seguir cuid\u00e1ndonos y vacun\u00e1ndonos: hay una vacuna esperando a todos y todas las bonaerenses\u201d.<\/p>\n","protected":false},"excerpt":{"rendered":"<p>Encabez\u00f3 una conferencia de prensa sobre la situaci\u00f3n epidemiol\u00f3gica en el Sal\u00f3n Dorado de la Casa de Gobierno, junto al ministro de Salud, Nicol\u00e1s Kreplak<\/p>\n","protected":false},"author":2,"featured_media":87641,"comment_status":"closed","ping_status":"open","sticky":false,"template":"","format":"standard","meta":{"footnotes":""},"categories":[1332],"tags":[5376],"class_list":["post-87640","post","type-post","status-publish","format-standard","has-post-thumbnail","hentry","category-inferior12","tag-brindo-un-informe-epidemiologico"],"yoast_head":"<!-- This site is optimized with the Yoast SEO plugin v23.4 - https:\/\/yoast.com\/wordpress\/plugins\/seo\/ -->\n<title>Kicillof anunci\u00f3 vacunaci\u00f3n libre para todos los bonaerenses mayores de 30 a\u00f1os - Infoecos<\/title>\n<meta name=\"robots\" content=\"index, follow, max-snippet:-1, max-image-preview:large, max-video-preview:-1\" \/>\n<link rel=\"canonical\" href=\"https:\/\/infoecos.com.ar\/index.php\/kicillof-anuncio-vacunacion-libre-para-todos-los-bonaerenses-mayores-de-30-anos\/\" \/>\n<meta property=\"og:locale\" content=\"es_ES\" \/>\n<meta property=\"og:type\" content=\"article\" \/>\n<meta property=\"og:title\" content=\"Kicillof anunci\u00f3 vacunaci\u00f3n libre para todos los bonaerenses mayores de 30 a\u00f1os - Infoecos\" \/>\n<meta property=\"og:description\" content=\"Encabez\u00f3 una conferencia de prensa sobre la situaci\u00f3n epidemiol\u00f3gica en el Sal\u00f3n Dorado de la Casa de Gobierno, junto al ministro de Salud, Nicol\u00e1s Kreplak\" \/>\n<meta property=\"og:url\" content=\"https:\/\/infoecos.com.ar\/index.php\/kicillof-anuncio-vacunacion-libre-para-todos-los-bonaerenses-mayores-de-30-anos\/\" \/>\n<meta property=\"og:site_name\" content=\"Infoecos\" \/>\n<meta property=\"article:publisher\" content=\"https:\/\/www.facebook.com\/profile.php?id=100063200290284\" \/>\n<meta property=\"article:published_time\" content=\"2021-10-05T17:45:02+00:00\" \/>\n<meta property=\"article:modified_time\" content=\"2021-10-07T09:29:59+00:00\" \/>\n<meta property=\"og:image\" content=\"https:\/\/infoecos.com.ar\/wp-content\/uploads\/2021\/10\/2021_10_05-AK-Situacion-epidemiologica_SGE_5388-scaled.jpg\" \/>\n\t<meta property=\"og:image:width\" content=\"2560\" \/>\n\t<meta property=\"og:image:height\" content=\"1706\" \/>\n\t<meta property=\"og:image:type\" content=\"image\/jpeg\" \/>\n<meta name=\"author\" content=\"Jorge Matheus\" \/>\n<meta name=\"twitter:card\" content=\"summary_large_image\" \/>\n<meta name=\"twitter:creator\" content=\"@infoecos\" \/>\n<meta name=\"twitter:site\" content=\"@infoecos\" \/>\n<meta name=\"twitter:label1\" content=\"Escrito por\" \/>\n\t<meta name=\"twitter:data1\" content=\"Jorge Matheus\" \/>\n\t<meta name=\"twitter:label2\" content=\"Tiempo de lectura\" \/>\n\t<meta name=\"twitter:data2\" content=\"3 minutos\" \/>\n<script type=\"application\/ld+json\" class=\"yoast-schema-graph\">{\"@context\":\"https:\/\/schema.org\",\"@graph\":[{\"@type\":\"Article\",\"@id\":\"https:\/\/infoecos.com.ar\/index.php\/kicillof-anuncio-vacunacion-libre-para-todos-los-bonaerenses-mayores-de-30-anos\/#article\",\"isPartOf\":{\"@id\":\"https:\/\/infoecos.com.ar\/index.php\/kicillof-anuncio-vacunacion-libre-para-todos-los-bonaerenses-mayores-de-30-anos\/\"},\"author\":{\"name\":\"Jorge Matheus\",\"@id\":\"https:\/\/infoecos.com.ar\/#\/schema\/person\/8f5ace5ce73b4b4aac4b7245aee6f191\"},\"headline\":\"Kicillof anunci\u00f3 vacunaci\u00f3n libre para todos los bonaerenses mayores de 30 a\u00f1os\",\"datePublished\":\"2021-10-05T17:45:02+00:00\",\"dateModified\":\"2021-10-07T09:29:59+00:00\",\"mainEntityOfPage\":{\"@id\":\"https:\/\/infoecos.com.ar\/index.php\/kicillof-anuncio-vacunacion-libre-para-todos-los-bonaerenses-mayores-de-30-anos\/\"},\"wordCount\":573,\"publisher\":{\"@id\":\"https:\/\/infoecos.com.ar\/#organization\"},\"image\":{\"@id\":\"https:\/\/infoecos.com.ar\/index.php\/kicillof-anuncio-vacunacion-libre-para-todos-los-bonaerenses-mayores-de-30-anos\/#primaryimage\"},\"thumbnailUrl\":\"https:\/\/infoecos.com.ar\/wp-content\/uploads\/2021\/10\/2021_10_05-AK-Situacion-epidemiologica_SGE_5388-scaled.jpg\",\"keywords\":[\"BRIND\u00d3 UN INFORME EPIDEMIOL\u00d3GICO\"],\"articleSection\":[\"Bloque inferior - 12\"],\"inLanguage\":\"es\"},{\"@type\":\"WebPage\",\"@id\":\"https:\/\/infoecos.com.ar\/index.php\/kicillof-anuncio-vacunacion-libre-para-todos-los-bonaerenses-mayores-de-30-anos\/\",\"url\":\"https:\/\/infoecos.com.ar\/index.php\/kicillof-anuncio-vacunacion-libre-para-todos-los-bonaerenses-mayores-de-30-anos\/\",\"name\":\"Kicillof anunci\u00f3 vacunaci\u00f3n libre para todos los bonaerenses mayores de 30 a\u00f1os - Infoecos\",\"isPartOf\":{\"@id\":\"https:\/\/infoecos.com.ar\/#website\"},\"primaryImageOfPage\":{\"@id\":\"https:\/\/infoecos.com.ar\/index.php\/kicillof-anuncio-vacunacion-libre-para-todos-los-bonaerenses-mayores-de-30-anos\/#primaryimage\"},\"image\":{\"@id\":\"https:\/\/infoecos.com.ar\/index.php\/kicillof-anuncio-vacunacion-libre-para-todos-los-bonaerenses-mayores-de-30-anos\/#primaryimage\"},\"thumbnailUrl\":\"https:\/\/infoecos.com.ar\/wp-content\/uploads\/2021\/10\/2021_10_05-AK-Situacion-epidemiologica_SGE_5388-scaled.jpg\",\"datePublished\":\"2021-10-05T17:45:02+00:00\",\"dateModified\":\"2021-10-07T09:29:59+00:00\",\"breadcrumb\":{\"@id\":\"https:\/\/infoecos.com.ar\/index.php\/kicillof-anuncio-vacunacion-libre-para-todos-los-bonaerenses-mayores-de-30-anos\/#breadcrumb\"},\"inLanguage\":\"es\",\"potentialAction\":[{\"@type\":\"ReadAction\",\"target\":[\"https:\/\/infoecos.com.ar\/index.php\/kicillof-anuncio-vacunacion-libre-para-todos-los-bonaerenses-mayores-de-30-anos\/\"]}]},{\"@type\":\"ImageObject\",\"inLanguage\":\"es\",\"@id\":\"https:\/\/infoecos.com.ar\/index.php\/kicillof-anuncio-vacunacion-libre-para-todos-los-bonaerenses-mayores-de-30-anos\/#primaryimage\",\"url\":\"https:\/\/infoecos.com.ar\/wp-content\/uploads\/2021\/10\/2021_10_05-AK-Situacion-epidemiologica_SGE_5388-scaled.jpg\",\"contentUrl\":\"https:\/\/infoecos.com.ar\/wp-content\/uploads\/2021\/10\/2021_10_05-AK-Situacion-epidemiologica_SGE_5388-scaled.jpg\",\"width\":2560,\"height\":1706},{\"@type\":\"BreadcrumbList\",\"@id\":\"https:\/\/infoecos.com.ar\/index.php\/kicillof-anuncio-vacunacion-libre-para-todos-los-bonaerenses-mayores-de-30-anos\/#breadcrumb\",\"itemListElement\":[{\"@type\":\"ListItem\",\"position\":1,\"name\":\"Portada\",\"item\":\"https:\/\/infoecos.com.ar\/\"},{\"@type\":\"ListItem\",\"position\":2,\"name\":\"Kicillof anunci\u00f3 vacunaci\u00f3n libre para todos los bonaerenses mayores de 30 a\u00f1os\"}]},{\"@type\":\"WebSite\",\"@id\":\"https:\/\/infoecos.com.ar\/#website\",\"url\":\"https:\/\/infoecos.com.ar\/\",\"name\":\"Infoecos\",\"description\":\"Noticias de trenque lauquen y la zona\",\"publisher\":{\"@id\":\"https:\/\/infoecos.com.ar\/#organization\"},\"alternateName\":\"Noticias\",\"potentialAction\":[{\"@type\":\"SearchAction\",\"target\":{\"@type\":\"EntryPoint\",\"urlTemplate\":\"https:\/\/infoecos.com.ar\/?s={search_term_string}\"},\"query-input\":{\"@type\":\"PropertyValueSpecification\",\"valueRequired\":true,\"valueName\":\"search_term_string\"}}],\"inLanguage\":\"es\"},{\"@type\":\"Organization\",\"@id\":\"https:\/\/infoecos.com.ar\/#organization\",\"name\":\"Infoecos\",\"alternateName\":\"Noticias\",\"url\":\"https:\/\/infoecos.com.ar\/\",\"logo\":{\"@type\":\"ImageObject\",\"inLanguage\":\"es\",\"@id\":\"https:\/\/infoecos.com.ar\/#\/schema\/logo\/image\/\",\"url\":\"https:\/\/infoecos.com.ar\/wp-content\/uploads\/2024\/03\/cropped-logo.png\",\"contentUrl\":\"https:\/\/infoecos.com.ar\/wp-content\/uploads\/2024\/03\/cropped-logo.png\",\"width\":374,\"height\":90,\"caption\":\"Infoecos\"},\"image\":{\"@id\":\"https:\/\/infoecos.com.ar\/#\/schema\/logo\/image\/\"},\"sameAs\":[\"https:\/\/www.facebook.com\/profile.php?id=100063200290284\",\"https:\/\/x.com\/infoecos\"]},{\"@type\":\"Person\",\"@id\":\"https:\/\/infoecos.com.ar\/#\/schema\/person\/8f5ace5ce73b4b4aac4b7245aee6f191\",\"name\":\"Jorge Matheus\",\"url\":\"https:\/\/infoecos.com.ar\/index.php\/author\/jomatheus\/\"}]}<\/script>\n<!-- \/ Yoast SEO plugin. -->","yoast_head_json":{"title":"Kicillof anunci\u00f3 vacunaci\u00f3n libre para todos los bonaerenses mayores de 30 a\u00f1os - Infoecos","robots":{"index":"index","follow":"follow","max-snippet":"max-snippet:-1","max-image-preview":"max-image-preview:large","max-video-preview":"max-video-preview:-1"},"canonical":"https:\/\/infoecos.com.ar\/index.php\/kicillof-anuncio-vacunacion-libre-para-todos-los-bonaerenses-mayores-de-30-anos\/","og_locale":"es_ES","og_type":"article","og_title":"Kicillof anunci\u00f3 vacunaci\u00f3n libre para todos los bonaerenses mayores de 30 a\u00f1os - Infoecos","og_description":"Encabez\u00f3 una conferencia de prensa sobre la situaci\u00f3n epidemiol\u00f3gica en el Sal\u00f3n Dorado de la Casa de Gobierno, junto al ministro de Salud, Nicol\u00e1s Kreplak","og_url":"https:\/\/infoecos.com.ar\/index.php\/kicillof-anuncio-vacunacion-libre-para-todos-los-bonaerenses-mayores-de-30-anos\/","og_site_name":"Infoecos","article_publisher":"https:\/\/www.facebook.com\/profile.php?id=100063200290284","article_published_time":"2021-10-05T17:45:02+00:00","article_modified_time":"2021-10-07T09:29:59+00:00","og_image":[{"width":2560,"height":1706,"url":"https:\/\/infoecos.com.ar\/wp-content\/uploads\/2021\/10\/2021_10_05-AK-Situacion-epidemiologica_SGE_5388-scaled.jpg","type":"image\/jpeg"}],"author":"Jorge Matheus","twitter_card":"summary_large_image","twitter_creator":"@infoecos","twitter_site":"@infoecos","twitter_misc":{"Escrito por":"Jorge Matheus","Tiempo de lectura":"3 minutos"},"schema":{"@context":"https:\/\/schema.org","@graph":[{"@type":"Article","@id":"https:\/\/infoecos.com.ar\/index.php\/kicillof-anuncio-vacunacion-libre-para-todos-los-bonaerenses-mayores-de-30-anos\/#article","isPartOf":{"@id":"https:\/\/infoecos.com.ar\/index.php\/kicillof-anuncio-vacunacion-libre-para-todos-los-bonaerenses-mayores-de-30-anos\/"},"author":{"name":"Jorge Matheus","@id":"https:\/\/infoecos.com.ar\/#\/schema\/person\/8f5ace5ce73b4b4aac4b7245aee6f191"},"headline":"Kicillof anunci\u00f3 vacunaci\u00f3n libre para todos los bonaerenses mayores de 30 a\u00f1os","datePublished":"2021-10-05T17:45:02+00:00","dateModified":"2021-10-07T09:29:59+00:00","mainEntityOfPage":{"@id":"https:\/\/infoecos.com.ar\/index.php\/kicillof-anuncio-vacunacion-libre-para-todos-los-bonaerenses-mayores-de-30-anos\/"},"wordCount":573,"publisher":{"@id":"https:\/\/infoecos.com.ar\/#organization"},"image":{"@id":"https:\/\/infoecos.com.ar\/index.php\/kicillof-anuncio-vacunacion-libre-para-todos-los-bonaerenses-mayores-de-30-anos\/#primaryimage"},"thumbnailUrl":"https:\/\/infoecos.com.ar\/wp-content\/uploads\/2021\/10\/2021_10_05-AK-Situacion-epidemiologica_SGE_5388-scaled.jpg","keywords":["BRIND\u00d3 UN INFORME EPIDEMIOL\u00d3GICO"],"articleSection":["Bloque inferior - 12"],"inLanguage":"es"},{"@type":"WebPage","@id":"https:\/\/infoecos.com.ar\/index.php\/kicillof-anuncio-vacunacion-libre-para-todos-los-bonaerenses-mayores-de-30-anos\/","url":"https:\/\/infoecos.com.ar\/index.php\/kicillof-anuncio-vacunacion-libre-para-todos-los-bonaerenses-mayores-de-30-anos\/","name":"Kicillof anunci\u00f3 vacunaci\u00f3n libre para todos los bonaerenses mayores de 30 a\u00f1os - Infoecos","isPartOf":{"@id":"https:\/\/infoecos.com.ar\/#website"},"primaryImageOfPage":{"@id":"https:\/\/infoecos.com.ar\/index.php\/kicillof-anuncio-vacunacion-libre-para-todos-los-bonaerenses-mayores-de-30-anos\/#primaryimage"},"image":{"@id":"https:\/\/infoecos.com.ar\/index.php\/kicillof-anuncio-vacunacion-libre-para-todos-los-bonaerenses-mayores-de-30-anos\/#primaryimage"},"thumbnailUrl":"https:\/\/infoecos.com.ar\/wp-content\/uploads\/2021\/10\/2021_10_05-AK-Situacion-epidemiologica_SGE_5388-scaled.jpg","datePublished":"2021-10-05T17:45:02+00:00","dateModified":"2021-10-07T09:29:59+00:00","breadcrumb":{"@id":"https:\/\/infoecos.com.ar\/index.php\/kicillof-anuncio-vacunacion-libre-para-todos-los-bonaerenses-mayores-de-30-anos\/#breadcrumb"},"inLanguage":"es","potentialAction":[{"@type":"ReadAction","target":["https:\/\/infoecos.com.ar\/index.php\/kicillof-anuncio-vacunacion-libre-para-todos-los-bonaerenses-mayores-de-30-anos\/"]}]},{"@type":"ImageObject","inLanguage":"es","@id":"https:\/\/infoecos.com.ar\/index.php\/kicillof-anuncio-vacunacion-libre-para-todos-los-bonaerenses-mayores-de-30-anos\/#primaryimage","url":"https:\/\/infoecos.com.ar\/wp-content\/uploads\/2021\/10\/2021_10_05-AK-Situacion-epidemiologica_SGE_5388-scaled.jpg","contentUrl":"https:\/\/infoecos.com.ar\/wp-content\/uploads\/2021\/10\/2021_10_05-AK-Situacion-epidemiologica_SGE_5388-scaled.jpg","width":2560,"height":1706},{"@type":"BreadcrumbList","@id":"https:\/\/infoecos.com.ar\/index.php\/kicillof-anuncio-vacunacion-libre-para-todos-los-bonaerenses-mayores-de-30-anos\/#breadcrumb","itemListElement":[{"@type":"ListItem","position":1,"name":"Portada","item":"https:\/\/infoecos.com.ar\/"},{"@type":"ListItem","position":2,"name":"Kicillof anunci\u00f3 vacunaci\u00f3n libre para todos los bonaerenses mayores de 30 a\u00f1os"}]},{"@type":"WebSite","@id":"https:\/\/infoecos.com.ar\/#website","url":"https:\/\/infoecos.com.ar\/","name":"Infoecos","description":"Noticias de trenque lauquen y la zona","publisher":{"@id":"https:\/\/infoecos.com.ar\/#organization"},"alternateName":"Noticias","potentialAction":[{"@type":"SearchAction","target":{"@type":"EntryPoint","urlTemplate":"https:\/\/infoecos.com.ar\/?s={search_term_string}"},"query-input":{"@type":"PropertyValueSpecification","valueRequired":true,"valueName":"search_term_string"}}],"inLanguage":"es"},{"@type":"Organization","@id":"https:\/\/infoecos.com.ar\/#organization","name":"Infoecos","alternateName":"Noticias","url":"https:\/\/infoecos.com.ar\/","logo":{"@type":"ImageObject","inLanguage":"es","@id":"https:\/\/infoecos.com.ar\/#\/schema\/logo\/image\/","url":"https:\/\/infoecos.com.ar\/wp-content\/uploads\/2024\/03\/cropped-logo.png","contentUrl":"https:\/\/infoecos.com.ar\/wp-content\/uploads\/2024\/03\/cropped-logo.png","width":374,"height":90,"caption":"Infoecos"},"image":{"@id":"https:\/\/infoecos.com.ar\/#\/schema\/logo\/image\/"},"sameAs":["https:\/\/www.facebook.com\/profile.php?id=100063200290284","https:\/\/x.com\/infoecos"]},{"@type":"Person","@id":"https:\/\/infoecos.com.ar\/#\/schema\/person\/8f5ace5ce73b4b4aac4b7245aee6f191","name":"Jorge Matheus","url":"https:\/\/infoecos.com.ar\/index.php\/author\/jomatheus\/"}]}},"featured_image_urls":{"full":["https:\/\/infoecos.com.ar\/wp-content\/uploads\/2021\/10\/2021_10_05-AK-Situacion-epidemiologica_SGE_5388-scaled.jpg",2560,1706,false],"thumbnail":["https:\/\/infoecos.com.ar\/wp-content\/uploads\/2021\/10\/2021_10_05-AK-Situacion-epidemiologica_SGE_5388-150x150.jpg",150,150,true],"medium":["https:\/\/infoecos.com.ar\/wp-content\/uploads\/2021\/10\/2021_10_05-AK-Situacion-epidemiologica_SGE_5388-460x306.jpg",460,306,true],"medium_large":["https:\/\/infoecos.com.ar\/wp-content\/uploads\/2021\/10\/2021_10_05-AK-Situacion-epidemiologica_SGE_5388-768x512.jpg",640,427,true],"large":["https:\/\/infoecos.com.ar\/wp-content\/uploads\/2021\/10\/2021_10_05-AK-Situacion-epidemiologica_SGE_5388-920x613.jpg",640,426,true],"1536x1536":["https:\/\/infoecos.com.ar\/wp-content\/uploads\/2021\/10\/2021_10_05-AK-Situacion-epidemiologica_SGE_5388-1536x1023.jpg",1536,1023,true],"2048x2048":["https:\/\/infoecos.com.ar\/wp-content\/uploads\/2021\/10\/2021_10_05-AK-Situacion-epidemiologica_SGE_5388-2048x1364.jpg",2048,1364,true],"covernews-slider-full":["https:\/\/infoecos.com.ar\/wp-content\/uploads\/2021\/10\/2021_10_05-AK-Situacion-epidemiologica_SGE_5388-1536x1020.jpg",1077,715,true],"covernews-slider-center":["https:\/\/infoecos.com.ar\/wp-content\/uploads\/2021\/10\/2021_10_05-AK-Situacion-epidemiologica_SGE_5388-936x897.jpg",522,500,true],"covernews-featured":["https:\/\/infoecos.com.ar\/wp-content\/uploads\/2021\/10\/2021_10_05-AK-Situacion-epidemiologica_SGE_5388-1024x682.jpg",1024,682,true],"covernews-medium":["https:\/\/infoecos.com.ar\/wp-content\/uploads\/2021\/10\/2021_10_05-AK-Situacion-epidemiologica_SGE_5388-720x380.jpg",540,285,true],"covernews-medium-square":["https:\/\/infoecos.com.ar\/wp-content\/uploads\/2021\/10\/2021_10_05-AK-Situacion-epidemiologica_SGE_5388-675x450.jpg",375,250,true]},"author_info":{"info":["Jorge Matheus"]},"category_info":"<a href=\"https:\/\/infoecos.com.ar\/index.php\/category\/inferior12\/\" rel=\"category tag\">Bloque inferior - 12<\/a>","tag_info":"Bloque inferior - 12","comment_count":"0","_links":{"self":[{"href":"https:\/\/infoecos.com.ar\/index.php\/wp-json\/wp\/v2\/posts\/87640"}],"collection":[{"href":"https:\/\/infoecos.com.ar\/index.php\/wp-json\/wp\/v2\/posts"}],"about":[{"href":"https:\/\/infoecos.com.ar\/index.php\/wp-json\/wp\/v2\/types\/post"}],"author":[{"embeddable":true,"href":"https:\/\/infoecos.com.ar\/index.php\/wp-json\/wp\/v2\/users\/2"}],"replies":[{"embeddable":true,"href":"https:\/\/infoecos.com.ar\/index.php\/wp-json\/wp\/v2\/comments?post=87640"}],"version-history":[{"count":1,"href":"https:\/\/infoecos.com.ar\/index.php\/wp-json\/wp\/v2\/posts\/87640\/revisions"}],"predecessor-version":[{"id":87644,"href":"https:\/\/infoecos.com.ar\/index.php\/wp-json\/wp\/v2\/posts\/87640\/revisions\/87644"}],"wp:featuredmedia":[{"embeddable":true,"href":"https:\/\/infoecos.com.ar\/index.php\/wp-json\/wp\/v2\/media\/87641"}],"wp:attachment":[{"href":"https:\/\/infoecos.com.ar\/index.php\/wp-json\/wp\/v2\/media?parent=87640"}],"wp:term":[{"taxonomy":"category","embeddable":true,"href":"https:\/\/infoecos.com.ar\/index.php\/wp-json\/wp\/v2\/categories?post=87640"},{"taxonomy":"post_tag","embeddable":true,"href":"https:\/\/infoecos.com.ar\/index.php\/wp-json\/wp\/v2\/tags?post=87640"}],"curies":[{"name":"wp","href":"https:\/\/api.w.org\/{rel}","templated":true}]}}