{"id":87672,"date":"2021-10-05T20:04:03","date_gmt":"2021-10-05T23:04:03","guid":{"rendered":"http:\/\/infoecos.com.ar\/?p=87672"},"modified":"2021-10-05T20:04:04","modified_gmt":"2021-10-05T23:04:04","slug":"penas-de-hasta-15-anos-de-prision-para-los-ex-sindicalistas-de-la-uocra-de-bahia-blanca","status":"publish","type":"post","link":"https:\/\/infoecos.com.ar\/index.php\/penas-de-hasta-15-anos-de-prision-para-los-ex-sindicalistas-de-la-uocra-de-bahia-blanca\/","title":{"rendered":"Penas de hasta 15 a\u00f1os de prisi\u00f3n para los ex sindicalistas de la UOCRA de Bah\u00eda Blanca"},"content":{"rendered":"\n<p class=\"wp-block-paragraph\">Penas de entre 4 y 15 a\u00f1os de prisi\u00f3n impuso este martes el juez Eugenio Casas, del Tribunal en lo Criminal N\u00b0 2 de Bah\u00eda Blanca, en el marco del juicio por la denominada causa UOCRA Bah\u00eda Blanca. <\/p>\n\n\n\n<p class=\"wp-block-paragraph\">Para la Justicia qued\u00f3 probado que, con\u00a0posterioridad a\u00a02005, existi\u00f3 un grupo de al menos 14 personas que ten\u00edan por fin desarrollar actividades tendientes a exigir y percibir de manera indebida dinero u otros objetos materiales o la firma de documentos que producen efectos jur\u00eddicos.<\/p>\n\n\n\n<div class=\"wp-block-image\"><figure class=\"aligncenter size-medium\"><img loading=\"lazy\" decoding=\"async\" width=\"460\" height=\"259\" src=\"http:\/\/infoecos.com.ar\/wp-content\/uploads\/2021\/10\/uocrabb-460x259.jpg\" alt=\"\" class=\"wp-image-87673\" srcset=\"https:\/\/infoecos.com.ar\/wp-content\/uploads\/2021\/10\/uocrabb-460x259.jpg 460w, https:\/\/infoecos.com.ar\/wp-content\/uploads\/2021\/10\/uocrabb-920x518.jpg 920w, https:\/\/infoecos.com.ar\/wp-content\/uploads\/2021\/10\/uocrabb-768x432.jpg 768w, https:\/\/infoecos.com.ar\/wp-content\/uploads\/2021\/10\/uocrabb-1024x576.jpg 1024w, https:\/\/infoecos.com.ar\/wp-content\/uploads\/2021\/10\/uocrabb.jpg 1498w\" sizes=\"auto, (max-width: 460px) 100vw, 460px\" \/><\/figure><\/div>\n\n\n\n<p class=\"wp-block-paragraph\">La mayor sanci\u00f3n recay\u00f3 en Jos\u00e9 Bernardo Burgos, quien fue acusado de distintas extorsiones y como jefe de asociaci\u00f3n il\u00edcita: recibi\u00f3 15 a\u00f1os y 6 meses de c\u00e1rcel y 10 de inhabilitaci\u00f3n para ejercer actividades gremiales.<\/p>\n\n\n\n<p class=\"wp-block-paragraph\">Guillermo Esteban Molina, en tanto, deber\u00e1 purgar 13 a\u00f1os y 8 meses de c\u00e1rcel (10 de inhabilitaci\u00f3n); Walter Rafael Paiz, 8 a\u00f1os de prisi\u00f3n (10); Mario Mat\u00edas Gonz\u00e1lez, 6 a\u00f1os y medio (7) y Roberto Sabino R\u00edos, 4 a\u00f1os de prisi\u00f3n (6).<\/p>\n\n\n\n<p class=\"wp-block-paragraph\">Salvo R\u00edos, el resto recibi\u00f3, adem\u00e1s, multas de entre 60 mil y 90 mil pesos.<\/p>\n\n\n\n<p class=\"wp-block-paragraph\">\u00abSe advierte de las constancias colectadas y las conclusiones que se pueden extraer de ellas que no solo cometieron delitos utilizando las posibilidades que les brindaba el gremio (tanto por el cargo, como por las dependencias y log\u00edstica administrativa), sino que adem\u00e1s no ejercieron sus funciones, dado que no defend\u00edan a sus afiliados y a los dem\u00e1s trabajadores\u00bb, concluy\u00f3 Casas.<\/p>\n\n\n\n<div class=\"wp-block-image\"><figure class=\"aligncenter size-medium\"><img loading=\"lazy\" decoding=\"async\" width=\"460\" height=\"276\" src=\"http:\/\/infoecos.com.ar\/wp-content\/uploads\/2021\/10\/juicio-460x276.jpg\" alt=\"\" class=\"wp-image-87674\" srcset=\"https:\/\/infoecos.com.ar\/wp-content\/uploads\/2021\/10\/juicio-460x276.jpg 460w, https:\/\/infoecos.com.ar\/wp-content\/uploads\/2021\/10\/juicio-920x552.jpg 920w, https:\/\/infoecos.com.ar\/wp-content\/uploads\/2021\/10\/juicio-768x461.jpg 768w, https:\/\/infoecos.com.ar\/wp-content\/uploads\/2021\/10\/juicio-1024x614.jpg 1024w, https:\/\/infoecos.com.ar\/wp-content\/uploads\/2021\/10\/juicio.jpg 1200w\" sizes=\"auto, (max-width: 460px) 100vw, 460px\" \/><figcaption>Juicio a ex dirigentes de la UOCRA Bah\u00eda Blanca<\/figcaption><\/figure><\/div>\n\n\n\n<p class=\"wp-block-paragraph\">De innumerables testimonios, el juez concluy\u00f3 que \u00abalgunos (de los acusados) iban a la obra y la paraban cit\u00e1ndolos o convoc\u00e1ndolos al gremio, o les solicitaban la entrega de documentaci\u00f3n para que la llevasen al sindicato; otros los atend\u00edan en la sede del sindicato y los derivaban a hablar con los dirigentes; algunos hac\u00edan los pedidos ilegales; otros retiraban los sobres por las empresas o los recib\u00edan en el gremio\u00bb.<\/p>\n\n\n\n<p class=\"wp-block-paragraph\">Tambi\u00e9n destac\u00f3 que \u00abalgunos participaban de los piquetes, asambleas o interven\u00edan en las actuaciones contra otro gremio, creaban empresas y participaban de estos hechos que se comet\u00edan por la asociaci\u00f3n criminal y en algunos casos tambi\u00e9n la integraban\u00bb.<\/p>\n\n\n\n<div class=\"wp-block-image\"><figure class=\"aligncenter size-medium\"><img loading=\"lazy\" decoding=\"async\" width=\"460\" height=\"276\" src=\"http:\/\/infoecos.com.ar\/wp-content\/uploads\/2021\/10\/uocra-1000x600-1-460x276.jpg\" alt=\"\" class=\"wp-image-87675\" srcset=\"https:\/\/infoecos.com.ar\/wp-content\/uploads\/2021\/10\/uocra-1000x600-1-460x276.jpg 460w, https:\/\/infoecos.com.ar\/wp-content\/uploads\/2021\/10\/uocra-1000x600-1-920x552.jpg 920w, https:\/\/infoecos.com.ar\/wp-content\/uploads\/2021\/10\/uocra-1000x600-1-768x461.jpg 768w, https:\/\/infoecos.com.ar\/wp-content\/uploads\/2021\/10\/uocra-1000x600-1.jpg 1000w\" sizes=\"auto, (max-width: 460px) 100vw, 460px\" \/><\/figure><\/div>\n\n\n\n<p class=\"wp-block-paragraph\">El juicio se hab\u00eda iniciado en marzo y tuvo varias postergaciones por la pandemia, incluyendo la internaci\u00f3n y posterior fallecimiento por COVID-19 de Humberto Monteros, ex secretario general del sindicado de la construcci\u00f3n y principal acusado en la organizaci\u00f3n.<\/p>\n\n\n\n<p class=\"wp-block-paragraph\"><strong>Fuente: lanueva.com<\/strong><\/p>\n\n\n\n<p class=\"wp-block-paragraph\">Cabe consignar que a ra\u00edz de las denuncias que originaron esta causa el gremio fue intervenido. Estuvo al frente de la intervenci\u00f3n el titular de la UOCRA Trenque Lauquen, Ricardo Rodr\u00edguez.  <\/p>\n","protected":false},"excerpt":{"rendered":"<p>Cabe consignar que a ra\u00edz de las denuncias que originaron esta causa el gremio fue intervenido. Estuvo al frente de la intervenci\u00f3n el titular de la UOCRA Trenque Lauquen, Ricardo Rodr\u00edguez<\/p>\n","protected":false},"author":2,"featured_media":87674,"comment_status":"closed","ping_status":"open","sticky":false,"template":"","format":"standard","meta":{"footnotes":""},"categories":[24],"tags":[5375],"class_list":["post-87672","post","type-post","status-publish","format-standard","has-post-thumbnail","hentry","category-c1nota3","tag-mayor-sancion-para-jose-bernardo-burgos"],"featured_image_urls":{"full":["https:\/\/infoecos.com.ar\/wp-content\/uploads\/2021\/10\/juicio.jpg",1200,720,false],"thumbnail":["https:\/\/infoecos.com.ar\/wp-content\/uploads\/2021\/10\/juicio-150x150.jpg",150,150,true],"medium":["https:\/\/infoecos.com.ar\/wp-content\/uploads\/2021\/10\/juicio-460x276.jpg",460,276,true],"medium_large":["https:\/\/infoecos.com.ar\/wp-content\/uploads\/2021\/10\/juicio-768x461.jpg",640,384,true],"large":["https:\/\/infoecos.com.ar\/wp-content\/uploads\/2021\/10\/juicio-920x552.jpg",640,384,true],"1536x1536":["https:\/\/infoecos.com.ar\/wp-content\/uploads\/2021\/10\/juicio.jpg",1200,720,false],"2048x2048":["https:\/\/infoecos.com.ar\/wp-content\/uploads\/2021\/10\/juicio.jpg",1200,720,false],"covernews-slider-full":["https:\/\/infoecos.com.ar\/wp-content\/uploads\/2021\/10\/juicio.jpg",1115,669,false],"covernews-slider-center":["https:\/\/infoecos.com.ar\/wp-content\/uploads\/2021\/10\/juicio-936x720.jpg",650,500,true],"covernews-featured":["https:\/\/infoecos.com.ar\/wp-content\/uploads\/2021\/10\/juicio-1024x614.jpg",1024,614,true],"covernews-medium":["https:\/\/infoecos.com.ar\/wp-content\/uploads\/2021\/10\/juicio-720x380.jpg",540,285,true],"covernews-medium-square":["https:\/\/infoecos.com.ar\/wp-content\/uploads\/2021\/10\/juicio-675x450.jpg",375,250,true]},"author_info":{"info":["Jorge Matheus"]},"category_info":"<a href=\"https:\/\/infoecos.com.ar\/index.php\/category\/c1nota3\/\" rel=\"category tag\">C1 N3<\/a>","tag_info":"C1 N3","comment_count":"0","_links":{"self":[{"href":"https:\/\/infoecos.com.ar\/index.php\/wp-json\/wp\/v2\/posts\/87672","targetHints":{"allow":["GET"]}}],"collection":[{"href":"https:\/\/infoecos.com.ar\/index.php\/wp-json\/wp\/v2\/posts"}],"about":[{"href":"https:\/\/infoecos.com.ar\/index.php\/wp-json\/wp\/v2\/types\/post"}],"author":[{"embeddable":true,"href":"https:\/\/infoecos.com.ar\/index.php\/wp-json\/wp\/v2\/users\/2"}],"replies":[{"embeddable":true,"href":"https:\/\/infoecos.com.ar\/index.php\/wp-json\/wp\/v2\/comments?post=87672"}],"version-history":[{"count":1,"href":"https:\/\/infoecos.com.ar\/index.php\/wp-json\/wp\/v2\/posts\/87672\/revisions"}],"predecessor-version":[{"id":87676,"href":"https:\/\/infoecos.com.ar\/index.php\/wp-json\/wp\/v2\/posts\/87672\/revisions\/87676"}],"wp:featuredmedia":[{"embeddable":true,"href":"https:\/\/infoecos.com.ar\/index.php\/wp-json\/wp\/v2\/media\/87674"}],"wp:attachment":[{"href":"https:\/\/infoecos.com.ar\/index.php\/wp-json\/wp\/v2\/media?parent=87672"}],"wp:term":[{"taxonomy":"category","embeddable":true,"href":"https:\/\/infoecos.com.ar\/index.php\/wp-json\/wp\/v2\/categories?post=87672"},{"taxonomy":"post_tag","embeddable":true,"href":"https:\/\/infoecos.com.ar\/index.php\/wp-json\/wp\/v2\/tags?post=87672"}],"curies":[{"name":"wp","href":"https:\/\/api.w.org\/{rel}","templated":true}]}}