{"id":87710,"date":"2021-10-06T10:09:25","date_gmt":"2021-10-06T13:09:25","guid":{"rendered":"http:\/\/infoecos.com.ar\/?p=87710"},"modified":"2021-10-06T20:09:14","modified_gmt":"2021-10-06T23:09:14","slug":"en-la-unidad-20-de-las-tunas-se-inauguraron-cuatro-aulas-del-plan-mas-trabajo-menos-reincidencia","status":"publish","type":"post","link":"https:\/\/infoecos.com.ar\/index.php\/en-la-unidad-20-de-las-tunas-se-inauguraron-cuatro-aulas-del-plan-mas-trabajo-menos-reincidencia\/","title":{"rendered":"En la Unidad 20 de Las Tunas se inauguraron cuatro aulas del Plan \u00abM\u00e1s Trabajo, Menos Reincidencia\u00bb"},"content":{"rendered":"\n<p>Se inauguraron este martes en la Unidad 20 Trenque Lauquen cuatro aulas que formar\u00e1n parte del Centro de Formaci\u00f3n Profesional (CFP) N\u00b0 401.<\/p>\n\n\n\n<p>En el marco del programa \u201cM\u00e1s Trabajo, Menos Reincidencia\u201d del Ministerio de Justicia y Derechos Humanos, los internos podr\u00e1n acceder en contexto de encierro a diversos cursos de formaci\u00f3n laboral certificados. <\/p>\n\n\n\n<div class=\"wp-block-image\"><figure class=\"aligncenter size-medium\"><img loading=\"lazy\" decoding=\"async\" width=\"460\" height=\"345\" src=\"http:\/\/infoecos.com.ar\/wp-content\/uploads\/2021\/10\/U20-4-460x345.jpeg\" alt=\"\" class=\"wp-image-87711\" srcset=\"https:\/\/infoecos.com.ar\/wp-content\/uploads\/2021\/10\/U20-4-460x345.jpeg 460w, https:\/\/infoecos.com.ar\/wp-content\/uploads\/2021\/10\/U20-4-920x690.jpeg 920w, https:\/\/infoecos.com.ar\/wp-content\/uploads\/2021\/10\/U20-4-768x576.jpeg 768w, https:\/\/infoecos.com.ar\/wp-content\/uploads\/2021\/10\/U20-4-1536x1152.jpeg 1536w, https:\/\/infoecos.com.ar\/wp-content\/uploads\/2021\/10\/U20-4-1024x768.jpeg 1024w, https:\/\/infoecos.com.ar\/wp-content\/uploads\/2021\/10\/U20-4.jpeg 1600w\" sizes=\"(max-width: 460px) 100vw, 460px\" \/><\/figure><\/div>\n\n\n\n<p>De esta manera, los estudiantes adquirir\u00e1n nuevos conocimientos para lograr reinsertarse laboralmente, al recuperar la libertad.<\/p>\n\n\n\n<p>La directora del CFP N\u00b0 401, Carmela Boisseau, celebr\u00f3 la extensi\u00f3n del establecimiento y cont\u00f3 que \u201cla idea es ofrecer cursos que puedan continuarse en otras Unidades, en caso de que los internos tengan que ser trasladados\u201d.<\/p>\n\n\n\n<div class=\"wp-block-image\"><figure class=\"aligncenter size-medium\"><img loading=\"lazy\" decoding=\"async\" width=\"460\" height=\"345\" src=\"http:\/\/infoecos.com.ar\/wp-content\/uploads\/2021\/10\/U20-2-460x345.jpeg\" alt=\"\" class=\"wp-image-87712\" srcset=\"https:\/\/infoecos.com.ar\/wp-content\/uploads\/2021\/10\/U20-2-460x345.jpeg 460w, https:\/\/infoecos.com.ar\/wp-content\/uploads\/2021\/10\/U20-2-920x690.jpeg 920w, https:\/\/infoecos.com.ar\/wp-content\/uploads\/2021\/10\/U20-2-768x576.jpeg 768w, https:\/\/infoecos.com.ar\/wp-content\/uploads\/2021\/10\/U20-2-1536x1152.jpeg 1536w, https:\/\/infoecos.com.ar\/wp-content\/uploads\/2021\/10\/U20-2-1024x768.jpeg 1024w, https:\/\/infoecos.com.ar\/wp-content\/uploads\/2021\/10\/U20-2.jpeg 1600w\" sizes=\"(max-width: 460px) 100vw, 460px\" \/><\/figure><\/div>\n\n\n\n<p>El jefe de Complejo Penitenciario Sur, Jorge G\u00f3mez, agradeci\u00f3 el esfuerzo de todas las partes para lograr \u201cla construcci\u00f3n del espacio en el que se forjar\u00e1 el ma\u00f1ana de las personas que hoy se encuentran privadas de la libertad\u201d. En tanto, el director de la Unidad 20, Mario Clementi, expres\u00f3: \u201cNo es simplemente una inauguraci\u00f3n. Estas aulas simbolizan un futuro mejor, con mayores posibilidades. Adem\u00e1s de los conocimientos que desde aqu\u00ed se impartir\u00e1n, ocurrir\u00e1 algo mucho m\u00e1s interesante. Desde aqu\u00ed se les dar\u00e1 a las personas privadas de la libertad una llave que les abrir\u00e1 una puerta a un mundo de oportunidades\u201d.<\/p>\n\n\n\n<div class=\"wp-block-image\"><figure class=\"aligncenter size-medium\"><img loading=\"lazy\" decoding=\"async\" width=\"460\" height=\"345\" src=\"http:\/\/infoecos.com.ar\/wp-content\/uploads\/2021\/10\/U20-1-460x345.jpeg\" alt=\"\" class=\"wp-image-87713\" srcset=\"https:\/\/infoecos.com.ar\/wp-content\/uploads\/2021\/10\/U20-1-460x345.jpeg 460w, https:\/\/infoecos.com.ar\/wp-content\/uploads\/2021\/10\/U20-1-920x690.jpeg 920w, https:\/\/infoecos.com.ar\/wp-content\/uploads\/2021\/10\/U20-1-768x576.jpeg 768w, https:\/\/infoecos.com.ar\/wp-content\/uploads\/2021\/10\/U20-1-1024x768.jpeg 1024w, https:\/\/infoecos.com.ar\/wp-content\/uploads\/2021\/10\/U20-1.jpeg 1280w\" sizes=\"(max-width: 460px) 100vw, 460px\" \/><\/figure><\/div>\n\n\n\n<p>El proyecto se concret\u00f3 a trav\u00e9s de una resoluci\u00f3n de la Direcci\u00f3n General de Cultura y Educaci\u00f3n de la provincia de Buenos Aires, donde se autoriz\u00f3 a la instituci\u00f3n capacitadora a instalar un nuevo anexo en el penal de Las Tunas.&nbsp;<\/p>\n\n\n\n<p>Participaron del acto de este martes el director de Educaci\u00f3n del SPB, Alejandro Clar; el director provincial de Educaci\u00f3n T\u00e9cnico Profesional, Ricardo De Gisi; la coordinadora del Programa de Educaci\u00f3n en Contextos de Encierro, Tatiana Zlatar; la inspectora jefa distrital de Educaci\u00f3n, Alejandra Marino; el jefe regional de Educaci\u00f3n, Alejandro Chichiri; el secretario de Gobierno de Trenque Lauquen, Gustavo Marchabalo; el Secretario de Gesti\u00f3n y Planificaci\u00f3n de la Municipalidad de Trenque Lauquen, Mart\u00edn Borrazas; y Alejandro Scavini y Andr\u00e9s Contreras, del equipo de Formaci\u00f3n Profesional, entre otros invitados.<\/p>\n","protected":false},"excerpt":{"rendered":"<p>De esta manera, los estudiantes adquirir\u00e1n nuevos conocimientos para lograr reinsertarse laboralmente, al recuperar la libertad<\/p>\n","protected":false},"author":2,"featured_media":87711,"comment_status":"closed","ping_status":"open","sticky":false,"template":"","format":"standard","meta":{"footnotes":""},"categories":[29],"tags":[5385],"class_list":["post-87710","post","type-post","status-publish","format-standard","has-post-thumbnail","hentry","category-c2nota1","tag-para-cursos-de-formacion-laboral"],"yoast_head":"<!-- This site is optimized with the Yoast SEO plugin v23.4 - https:\/\/yoast.com\/wordpress\/plugins\/seo\/ -->\n<title>En la Unidad 20 de Las Tunas se inauguraron cuatro aulas del Plan &quot;M\u00e1s Trabajo, Menos Reincidencia&quot; - Infoecos<\/title>\n<meta name=\"robots\" content=\"index, follow, max-snippet:-1, max-image-preview:large, max-video-preview:-1\" \/>\n<link rel=\"canonical\" href=\"https:\/\/infoecos.com.ar\/index.php\/en-la-unidad-20-de-las-tunas-se-inauguraron-cuatro-aulas-del-plan-mas-trabajo-menos-reincidencia\/\" \/>\n<meta property=\"og:locale\" content=\"es_ES\" \/>\n<meta property=\"og:type\" content=\"article\" \/>\n<meta property=\"og:title\" content=\"En la Unidad 20 de Las Tunas se inauguraron cuatro aulas del Plan &quot;M\u00e1s Trabajo, Menos Reincidencia&quot; - Infoecos\" \/>\n<meta property=\"og:description\" content=\"De esta manera, los estudiantes adquirir\u00e1n nuevos conocimientos para lograr reinsertarse laboralmente, al recuperar la libertad\" \/>\n<meta property=\"og:url\" content=\"https:\/\/infoecos.com.ar\/index.php\/en-la-unidad-20-de-las-tunas-se-inauguraron-cuatro-aulas-del-plan-mas-trabajo-menos-reincidencia\/\" \/>\n<meta property=\"og:site_name\" content=\"Infoecos\" \/>\n<meta property=\"article:publisher\" content=\"https:\/\/www.facebook.com\/profile.php?id=100063200290284\" \/>\n<meta property=\"article:published_time\" content=\"2021-10-06T13:09:25+00:00\" \/>\n<meta property=\"article:modified_time\" content=\"2021-10-06T23:09:14+00:00\" \/>\n<meta property=\"og:image\" content=\"https:\/\/infoecos.com.ar\/wp-content\/uploads\/2021\/10\/U20-4.jpeg\" \/>\n\t<meta property=\"og:image:width\" content=\"1600\" \/>\n\t<meta property=\"og:image:height\" content=\"1200\" \/>\n\t<meta property=\"og:image:type\" content=\"image\/jpeg\" \/>\n<meta name=\"author\" content=\"Jorge Matheus\" \/>\n<meta name=\"twitter:card\" content=\"summary_large_image\" \/>\n<meta name=\"twitter:creator\" content=\"@infoecos\" \/>\n<meta name=\"twitter:site\" content=\"@infoecos\" \/>\n<meta name=\"twitter:label1\" content=\"Escrito por\" \/>\n\t<meta name=\"twitter:data1\" content=\"Jorge Matheus\" \/>\n\t<meta name=\"twitter:label2\" content=\"Tiempo de lectura\" \/>\n\t<meta name=\"twitter:data2\" content=\"2 minutos\" \/>\n<script type=\"application\/ld+json\" class=\"yoast-schema-graph\">{\"@context\":\"https:\/\/schema.org\",\"@graph\":[{\"@type\":\"Article\",\"@id\":\"https:\/\/infoecos.com.ar\/index.php\/en-la-unidad-20-de-las-tunas-se-inauguraron-cuatro-aulas-del-plan-mas-trabajo-menos-reincidencia\/#article\",\"isPartOf\":{\"@id\":\"https:\/\/infoecos.com.ar\/index.php\/en-la-unidad-20-de-las-tunas-se-inauguraron-cuatro-aulas-del-plan-mas-trabajo-menos-reincidencia\/\"},\"author\":{\"name\":\"Jorge Matheus\",\"@id\":\"https:\/\/infoecos.com.ar\/#\/schema\/person\/8f5ace5ce73b4b4aac4b7245aee6f191\"},\"headline\":\"En la Unidad 20 de Las Tunas se inauguraron cuatro aulas del Plan \u00abM\u00e1s Trabajo, Menos Reincidencia\u00bb\",\"datePublished\":\"2021-10-06T13:09:25+00:00\",\"dateModified\":\"2021-10-06T23:09:14+00:00\",\"mainEntityOfPage\":{\"@id\":\"https:\/\/infoecos.com.ar\/index.php\/en-la-unidad-20-de-las-tunas-se-inauguraron-cuatro-aulas-del-plan-mas-trabajo-menos-reincidencia\/\"},\"wordCount\":382,\"publisher\":{\"@id\":\"https:\/\/infoecos.com.ar\/#organization\"},\"image\":{\"@id\":\"https:\/\/infoecos.com.ar\/index.php\/en-la-unidad-20-de-las-tunas-se-inauguraron-cuatro-aulas-del-plan-mas-trabajo-menos-reincidencia\/#primaryimage\"},\"thumbnailUrl\":\"https:\/\/infoecos.com.ar\/wp-content\/uploads\/2021\/10\/U20-4.jpeg\",\"keywords\":[\"Para cursos de formaci\u00f3n laboral\"],\"articleSection\":[\"C2 nota 1\"],\"inLanguage\":\"es\"},{\"@type\":\"WebPage\",\"@id\":\"https:\/\/infoecos.com.ar\/index.php\/en-la-unidad-20-de-las-tunas-se-inauguraron-cuatro-aulas-del-plan-mas-trabajo-menos-reincidencia\/\",\"url\":\"https:\/\/infoecos.com.ar\/index.php\/en-la-unidad-20-de-las-tunas-se-inauguraron-cuatro-aulas-del-plan-mas-trabajo-menos-reincidencia\/\",\"name\":\"En la Unidad 20 de Las Tunas se inauguraron cuatro aulas del Plan \\\"M\u00e1s Trabajo, Menos Reincidencia\\\" - Infoecos\",\"isPartOf\":{\"@id\":\"https:\/\/infoecos.com.ar\/#website\"},\"primaryImageOfPage\":{\"@id\":\"https:\/\/infoecos.com.ar\/index.php\/en-la-unidad-20-de-las-tunas-se-inauguraron-cuatro-aulas-del-plan-mas-trabajo-menos-reincidencia\/#primaryimage\"},\"image\":{\"@id\":\"https:\/\/infoecos.com.ar\/index.php\/en-la-unidad-20-de-las-tunas-se-inauguraron-cuatro-aulas-del-plan-mas-trabajo-menos-reincidencia\/#primaryimage\"},\"thumbnailUrl\":\"https:\/\/infoecos.com.ar\/wp-content\/uploads\/2021\/10\/U20-4.jpeg\",\"datePublished\":\"2021-10-06T13:09:25+00:00\",\"dateModified\":\"2021-10-06T23:09:14+00:00\",\"breadcrumb\":{\"@id\":\"https:\/\/infoecos.com.ar\/index.php\/en-la-unidad-20-de-las-tunas-se-inauguraron-cuatro-aulas-del-plan-mas-trabajo-menos-reincidencia\/#breadcrumb\"},\"inLanguage\":\"es\",\"potentialAction\":[{\"@type\":\"ReadAction\",\"target\":[\"https:\/\/infoecos.com.ar\/index.php\/en-la-unidad-20-de-las-tunas-se-inauguraron-cuatro-aulas-del-plan-mas-trabajo-menos-reincidencia\/\"]}]},{\"@type\":\"ImageObject\",\"inLanguage\":\"es\",\"@id\":\"https:\/\/infoecos.com.ar\/index.php\/en-la-unidad-20-de-las-tunas-se-inauguraron-cuatro-aulas-del-plan-mas-trabajo-menos-reincidencia\/#primaryimage\",\"url\":\"https:\/\/infoecos.com.ar\/wp-content\/uploads\/2021\/10\/U20-4.jpeg\",\"contentUrl\":\"https:\/\/infoecos.com.ar\/wp-content\/uploads\/2021\/10\/U20-4.jpeg\",\"width\":1600,\"height\":1200},{\"@type\":\"BreadcrumbList\",\"@id\":\"https:\/\/infoecos.com.ar\/index.php\/en-la-unidad-20-de-las-tunas-se-inauguraron-cuatro-aulas-del-plan-mas-trabajo-menos-reincidencia\/#breadcrumb\",\"itemListElement\":[{\"@type\":\"ListItem\",\"position\":1,\"name\":\"Portada\",\"item\":\"https:\/\/infoecos.com.ar\/\"},{\"@type\":\"ListItem\",\"position\":2,\"name\":\"En la Unidad 20 de Las Tunas se inauguraron cuatro aulas del Plan \u00abM\u00e1s Trabajo, Menos Reincidencia\u00bb\"}]},{\"@type\":\"WebSite\",\"@id\":\"https:\/\/infoecos.com.ar\/#website\",\"url\":\"https:\/\/infoecos.com.ar\/\",\"name\":\"Infoecos\",\"description\":\"Noticias de trenque lauquen y la zona\",\"publisher\":{\"@id\":\"https:\/\/infoecos.com.ar\/#organization\"},\"alternateName\":\"Noticias\",\"potentialAction\":[{\"@type\":\"SearchAction\",\"target\":{\"@type\":\"EntryPoint\",\"urlTemplate\":\"https:\/\/infoecos.com.ar\/?s={search_term_string}\"},\"query-input\":{\"@type\":\"PropertyValueSpecification\",\"valueRequired\":true,\"valueName\":\"search_term_string\"}}],\"inLanguage\":\"es\"},{\"@type\":\"Organization\",\"@id\":\"https:\/\/infoecos.com.ar\/#organization\",\"name\":\"Infoecos\",\"alternateName\":\"Noticias\",\"url\":\"https:\/\/infoecos.com.ar\/\",\"logo\":{\"@type\":\"ImageObject\",\"inLanguage\":\"es\",\"@id\":\"https:\/\/infoecos.com.ar\/#\/schema\/logo\/image\/\",\"url\":\"https:\/\/infoecos.com.ar\/wp-content\/uploads\/2024\/03\/cropped-logo.png\",\"contentUrl\":\"https:\/\/infoecos.com.ar\/wp-content\/uploads\/2024\/03\/cropped-logo.png\",\"width\":374,\"height\":90,\"caption\":\"Infoecos\"},\"image\":{\"@id\":\"https:\/\/infoecos.com.ar\/#\/schema\/logo\/image\/\"},\"sameAs\":[\"https:\/\/www.facebook.com\/profile.php?id=100063200290284\",\"https:\/\/x.com\/infoecos\"]},{\"@type\":\"Person\",\"@id\":\"https:\/\/infoecos.com.ar\/#\/schema\/person\/8f5ace5ce73b4b4aac4b7245aee6f191\",\"name\":\"Jorge Matheus\",\"url\":\"https:\/\/infoecos.com.ar\/index.php\/author\/jomatheus\/\"}]}<\/script>\n<!-- \/ Yoast SEO plugin. -->","yoast_head_json":{"title":"En la Unidad 20 de Las Tunas se inauguraron cuatro aulas del Plan \"M\u00e1s Trabajo, Menos Reincidencia\" - Infoecos","robots":{"index":"index","follow":"follow","max-snippet":"max-snippet:-1","max-image-preview":"max-image-preview:large","max-video-preview":"max-video-preview:-1"},"canonical":"https:\/\/infoecos.com.ar\/index.php\/en-la-unidad-20-de-las-tunas-se-inauguraron-cuatro-aulas-del-plan-mas-trabajo-menos-reincidencia\/","og_locale":"es_ES","og_type":"article","og_title":"En la Unidad 20 de Las Tunas se inauguraron cuatro aulas del Plan \"M\u00e1s Trabajo, Menos Reincidencia\" - Infoecos","og_description":"De esta manera, los estudiantes adquirir\u00e1n nuevos conocimientos para lograr reinsertarse laboralmente, al recuperar la libertad","og_url":"https:\/\/infoecos.com.ar\/index.php\/en-la-unidad-20-de-las-tunas-se-inauguraron-cuatro-aulas-del-plan-mas-trabajo-menos-reincidencia\/","og_site_name":"Infoecos","article_publisher":"https:\/\/www.facebook.com\/profile.php?id=100063200290284","article_published_time":"2021-10-06T13:09:25+00:00","article_modified_time":"2021-10-06T23:09:14+00:00","og_image":[{"width":1600,"height":1200,"url":"https:\/\/infoecos.com.ar\/wp-content\/uploads\/2021\/10\/U20-4.jpeg","type":"image\/jpeg"}],"author":"Jorge Matheus","twitter_card":"summary_large_image","twitter_creator":"@infoecos","twitter_site":"@infoecos","twitter_misc":{"Escrito por":"Jorge Matheus","Tiempo de lectura":"2 minutos"},"schema":{"@context":"https:\/\/schema.org","@graph":[{"@type":"Article","@id":"https:\/\/infoecos.com.ar\/index.php\/en-la-unidad-20-de-las-tunas-se-inauguraron-cuatro-aulas-del-plan-mas-trabajo-menos-reincidencia\/#article","isPartOf":{"@id":"https:\/\/infoecos.com.ar\/index.php\/en-la-unidad-20-de-las-tunas-se-inauguraron-cuatro-aulas-del-plan-mas-trabajo-menos-reincidencia\/"},"author":{"name":"Jorge Matheus","@id":"https:\/\/infoecos.com.ar\/#\/schema\/person\/8f5ace5ce73b4b4aac4b7245aee6f191"},"headline":"En la Unidad 20 de Las Tunas se inauguraron cuatro aulas del Plan \u00abM\u00e1s Trabajo, Menos Reincidencia\u00bb","datePublished":"2021-10-06T13:09:25+00:00","dateModified":"2021-10-06T23:09:14+00:00","mainEntityOfPage":{"@id":"https:\/\/infoecos.com.ar\/index.php\/en-la-unidad-20-de-las-tunas-se-inauguraron-cuatro-aulas-del-plan-mas-trabajo-menos-reincidencia\/"},"wordCount":382,"publisher":{"@id":"https:\/\/infoecos.com.ar\/#organization"},"image":{"@id":"https:\/\/infoecos.com.ar\/index.php\/en-la-unidad-20-de-las-tunas-se-inauguraron-cuatro-aulas-del-plan-mas-trabajo-menos-reincidencia\/#primaryimage"},"thumbnailUrl":"https:\/\/infoecos.com.ar\/wp-content\/uploads\/2021\/10\/U20-4.jpeg","keywords":["Para cursos de formaci\u00f3n laboral"],"articleSection":["C2 nota 1"],"inLanguage":"es"},{"@type":"WebPage","@id":"https:\/\/infoecos.com.ar\/index.php\/en-la-unidad-20-de-las-tunas-se-inauguraron-cuatro-aulas-del-plan-mas-trabajo-menos-reincidencia\/","url":"https:\/\/infoecos.com.ar\/index.php\/en-la-unidad-20-de-las-tunas-se-inauguraron-cuatro-aulas-del-plan-mas-trabajo-menos-reincidencia\/","name":"En la Unidad 20 de Las Tunas se inauguraron cuatro aulas del Plan \"M\u00e1s Trabajo, Menos Reincidencia\" - Infoecos","isPartOf":{"@id":"https:\/\/infoecos.com.ar\/#website"},"primaryImageOfPage":{"@id":"https:\/\/infoecos.com.ar\/index.php\/en-la-unidad-20-de-las-tunas-se-inauguraron-cuatro-aulas-del-plan-mas-trabajo-menos-reincidencia\/#primaryimage"},"image":{"@id":"https:\/\/infoecos.com.ar\/index.php\/en-la-unidad-20-de-las-tunas-se-inauguraron-cuatro-aulas-del-plan-mas-trabajo-menos-reincidencia\/#primaryimage"},"thumbnailUrl":"https:\/\/infoecos.com.ar\/wp-content\/uploads\/2021\/10\/U20-4.jpeg","datePublished":"2021-10-06T13:09:25+00:00","dateModified":"2021-10-06T23:09:14+00:00","breadcrumb":{"@id":"https:\/\/infoecos.com.ar\/index.php\/en-la-unidad-20-de-las-tunas-se-inauguraron-cuatro-aulas-del-plan-mas-trabajo-menos-reincidencia\/#breadcrumb"},"inLanguage":"es","potentialAction":[{"@type":"ReadAction","target":["https:\/\/infoecos.com.ar\/index.php\/en-la-unidad-20-de-las-tunas-se-inauguraron-cuatro-aulas-del-plan-mas-trabajo-menos-reincidencia\/"]}]},{"@type":"ImageObject","inLanguage":"es","@id":"https:\/\/infoecos.com.ar\/index.php\/en-la-unidad-20-de-las-tunas-se-inauguraron-cuatro-aulas-del-plan-mas-trabajo-menos-reincidencia\/#primaryimage","url":"https:\/\/infoecos.com.ar\/wp-content\/uploads\/2021\/10\/U20-4.jpeg","contentUrl":"https:\/\/infoecos.com.ar\/wp-content\/uploads\/2021\/10\/U20-4.jpeg","width":1600,"height":1200},{"@type":"BreadcrumbList","@id":"https:\/\/infoecos.com.ar\/index.php\/en-la-unidad-20-de-las-tunas-se-inauguraron-cuatro-aulas-del-plan-mas-trabajo-menos-reincidencia\/#breadcrumb","itemListElement":[{"@type":"ListItem","position":1,"name":"Portada","item":"https:\/\/infoecos.com.ar\/"},{"@type":"ListItem","position":2,"name":"En la Unidad 20 de Las Tunas se inauguraron cuatro aulas del Plan \u00abM\u00e1s Trabajo, Menos Reincidencia\u00bb"}]},{"@type":"WebSite","@id":"https:\/\/infoecos.com.ar\/#website","url":"https:\/\/infoecos.com.ar\/","name":"Infoecos","description":"Noticias de trenque lauquen y la zona","publisher":{"@id":"https:\/\/infoecos.com.ar\/#organization"},"alternateName":"Noticias","potentialAction":[{"@type":"SearchAction","target":{"@type":"EntryPoint","urlTemplate":"https:\/\/infoecos.com.ar\/?s={search_term_string}"},"query-input":{"@type":"PropertyValueSpecification","valueRequired":true,"valueName":"search_term_string"}}],"inLanguage":"es"},{"@type":"Organization","@id":"https:\/\/infoecos.com.ar\/#organization","name":"Infoecos","alternateName":"Noticias","url":"https:\/\/infoecos.com.ar\/","logo":{"@type":"ImageObject","inLanguage":"es","@id":"https:\/\/infoecos.com.ar\/#\/schema\/logo\/image\/","url":"https:\/\/infoecos.com.ar\/wp-content\/uploads\/2024\/03\/cropped-logo.png","contentUrl":"https:\/\/infoecos.com.ar\/wp-content\/uploads\/2024\/03\/cropped-logo.png","width":374,"height":90,"caption":"Infoecos"},"image":{"@id":"https:\/\/infoecos.com.ar\/#\/schema\/logo\/image\/"},"sameAs":["https:\/\/www.facebook.com\/profile.php?id=100063200290284","https:\/\/x.com\/infoecos"]},{"@type":"Person","@id":"https:\/\/infoecos.com.ar\/#\/schema\/person\/8f5ace5ce73b4b4aac4b7245aee6f191","name":"Jorge Matheus","url":"https:\/\/infoecos.com.ar\/index.php\/author\/jomatheus\/"}]}},"featured_image_urls":{"full":["https:\/\/infoecos.com.ar\/wp-content\/uploads\/2021\/10\/U20-4.jpeg",1600,1200,false],"thumbnail":["https:\/\/infoecos.com.ar\/wp-content\/uploads\/2021\/10\/U20-4-150x150.jpeg",150,150,true],"medium":["https:\/\/infoecos.com.ar\/wp-content\/uploads\/2021\/10\/U20-4-460x345.jpeg",460,345,true],"medium_large":["https:\/\/infoecos.com.ar\/wp-content\/uploads\/2021\/10\/U20-4-768x576.jpeg",640,480,true],"large":["https:\/\/infoecos.com.ar\/wp-content\/uploads\/2021\/10\/U20-4-920x690.jpeg",640,480,true],"1536x1536":["https:\/\/infoecos.com.ar\/wp-content\/uploads\/2021\/10\/U20-4-1536x1152.jpeg",1536,1152,true],"2048x2048":["https:\/\/infoecos.com.ar\/wp-content\/uploads\/2021\/10\/U20-4.jpeg",1600,1200,false],"covernews-slider-full":["https:\/\/infoecos.com.ar\/wp-content\/uploads\/2021\/10\/U20-4-1536x1020.jpeg",1077,715,true],"covernews-slider-center":["https:\/\/infoecos.com.ar\/wp-content\/uploads\/2021\/10\/U20-4-936x897.jpeg",522,500,true],"covernews-featured":["https:\/\/infoecos.com.ar\/wp-content\/uploads\/2021\/10\/U20-4-1024x768.jpeg",1024,768,true],"covernews-medium":["https:\/\/infoecos.com.ar\/wp-content\/uploads\/2021\/10\/U20-4-720x380.jpeg",540,285,true],"covernews-medium-square":["https:\/\/infoecos.com.ar\/wp-content\/uploads\/2021\/10\/U20-4-675x450.jpeg",375,250,true]},"author_info":{"info":["Jorge Matheus"]},"category_info":"<a href=\"https:\/\/infoecos.com.ar\/index.php\/category\/c2nota1\/\" rel=\"category tag\">C2 nota 1<\/a>","tag_info":"C2 nota 1","comment_count":"0","_links":{"self":[{"href":"https:\/\/infoecos.com.ar\/index.php\/wp-json\/wp\/v2\/posts\/87710"}],"collection":[{"href":"https:\/\/infoecos.com.ar\/index.php\/wp-json\/wp\/v2\/posts"}],"about":[{"href":"https:\/\/infoecos.com.ar\/index.php\/wp-json\/wp\/v2\/types\/post"}],"author":[{"embeddable":true,"href":"https:\/\/infoecos.com.ar\/index.php\/wp-json\/wp\/v2\/users\/2"}],"replies":[{"embeddable":true,"href":"https:\/\/infoecos.com.ar\/index.php\/wp-json\/wp\/v2\/comments?post=87710"}],"version-history":[{"count":2,"href":"https:\/\/infoecos.com.ar\/index.php\/wp-json\/wp\/v2\/posts\/87710\/revisions"}],"predecessor-version":[{"id":87731,"href":"https:\/\/infoecos.com.ar\/index.php\/wp-json\/wp\/v2\/posts\/87710\/revisions\/87731"}],"wp:featuredmedia":[{"embeddable":true,"href":"https:\/\/infoecos.com.ar\/index.php\/wp-json\/wp\/v2\/media\/87711"}],"wp:attachment":[{"href":"https:\/\/infoecos.com.ar\/index.php\/wp-json\/wp\/v2\/media?parent=87710"}],"wp:term":[{"taxonomy":"category","embeddable":true,"href":"https:\/\/infoecos.com.ar\/index.php\/wp-json\/wp\/v2\/categories?post=87710"},{"taxonomy":"post_tag","embeddable":true,"href":"https:\/\/infoecos.com.ar\/index.php\/wp-json\/wp\/v2\/tags?post=87710"}],"curies":[{"name":"wp","href":"https:\/\/api.w.org\/{rel}","templated":true}]}}