{"id":87721,"date":"2021-10-06T12:00:22","date_gmt":"2021-10-06T15:00:22","guid":{"rendered":"http:\/\/infoecos.com.ar\/?p=87721"},"modified":"2021-10-06T20:07:20","modified_gmt":"2021-10-06T23:07:20","slug":"el-intendente-de-trenque-lauquen-pidio-licencia-hasta-el-proximo-22-de-octubre","status":"publish","type":"post","link":"https:\/\/infoecos.com.ar\/index.php\/el-intendente-de-trenque-lauquen-pidio-licencia-hasta-el-proximo-22-de-octubre\/","title":{"rendered":"El intendente de Trenque Lauquen pidi\u00f3 licencia hasta el pr\u00f3ximo 22 de Octubre"},"content":{"rendered":"\n<p class=\"wp-block-paragraph\">El intendente municipal de Trenque Lauquen, Miguel Fern\u00e1ndez, pidi\u00f3 licencia hasta el pr\u00f3ximo 22 del corriente. Ser\u00e1 reemplazado por Esteban Vidal.<\/p>\n\n\n\n<p class=\"wp-block-paragraph\">El Concejo Deliberante ha sido convocado para las 18 horas de este mi\u00e9rcoles.<\/p>\n\n\n\n<div class=\"wp-block-image\"><figure class=\"aligncenter size-medium\"><img loading=\"lazy\" decoding=\"async\" width=\"460\" height=\"345\" src=\"http:\/\/infoecos.com.ar\/wp-content\/uploads\/2021\/03\/concejodeliberante5-460x345.jpg\" alt=\"\" class=\"wp-image-76459\" srcset=\"https:\/\/infoecos.com.ar\/wp-content\/uploads\/2021\/03\/concejodeliberante5-460x345.jpg 460w, https:\/\/infoecos.com.ar\/wp-content\/uploads\/2021\/03\/concejodeliberante5-920x690.jpg 920w, https:\/\/infoecos.com.ar\/wp-content\/uploads\/2021\/03\/concejodeliberante5-768x576.jpg 768w, https:\/\/infoecos.com.ar\/wp-content\/uploads\/2021\/03\/concejodeliberante5-1536x1152.jpg 1536w, https:\/\/infoecos.com.ar\/wp-content\/uploads\/2021\/03\/concejodeliberante5-1024x768.jpg 1024w, https:\/\/infoecos.com.ar\/wp-content\/uploads\/2021\/03\/concejodeliberante5.jpg 1605w\" sizes=\"auto, (max-width: 460px) 100vw, 460px\" \/><\/figure><\/div>\n\n\n\n<p class=\"wp-block-paragraph\">Miguel Fern\u00e1ndez, como inform\u00f3 nuestro sitio, se intern\u00f3 este martes en la Cl\u00ednica Bazterrica, en la Ciudad Aut\u00f3noma de Buenos Aires. <\/p>\n\n\n\n<p class=\"wp-block-paragraph\">El mandatario comunal en declaraciones que formul\u00f3 a Las Radios de Trenque Lauquen (est\u00e1n publicadas como la informaci\u00f3n m\u00e1s destacada) manifest\u00f3 que se siente bien y que regresa a la ciudad el pr\u00f3ximo martes. Se le colocaron tres stents y realizaron una serie de estudios mediante un novedoso sistema que se utiliza en las intervenciones cardiovasculares.<\/p>\n\n\n\n<p class=\"wp-block-paragraph\"><\/p>\n","protected":false},"excerpt":{"rendered":"<p>Ser\u00e1 reemplazado interinamente por Esteban Vidal<\/p>\n","protected":false},"author":2,"featured_media":87722,"comment_status":"closed","ping_status":"open","sticky":false,"template":"","format":"standard","meta":{"footnotes":""},"categories":[1643],"tags":[5383],"class_list":["post-87721","post","type-post","status-publish","format-standard","has-post-thumbnail","hentry","category-inferior16","tag-se-reune-el-concejo-deliberante"],"featured_image_urls":{"full":["https:\/\/infoecos.com.ar\/wp-content\/uploads\/2021\/10\/1a317c36-b989-4414-8b4d-9e1e6ba81f05.jpg",1204,903,false],"thumbnail":["https:\/\/infoecos.com.ar\/wp-content\/uploads\/2021\/10\/1a317c36-b989-4414-8b4d-9e1e6ba81f05-150x150.jpg",150,150,true],"medium":["https:\/\/infoecos.com.ar\/wp-content\/uploads\/2021\/10\/1a317c36-b989-4414-8b4d-9e1e6ba81f05-460x345.jpg",460,345,true],"medium_large":["https:\/\/infoecos.com.ar\/wp-content\/uploads\/2021\/10\/1a317c36-b989-4414-8b4d-9e1e6ba81f05-768x576.jpg",640,480,true],"large":["https:\/\/infoecos.com.ar\/wp-content\/uploads\/2021\/10\/1a317c36-b989-4414-8b4d-9e1e6ba81f05-920x690.jpg",640,480,true],"1536x1536":["https:\/\/infoecos.com.ar\/wp-content\/uploads\/2021\/10\/1a317c36-b989-4414-8b4d-9e1e6ba81f05.jpg",1204,903,false],"2048x2048":["https:\/\/infoecos.com.ar\/wp-content\/uploads\/2021\/10\/1a317c36-b989-4414-8b4d-9e1e6ba81f05.jpg",1204,903,false],"covernews-slider-full":["https:\/\/infoecos.com.ar\/wp-content\/uploads\/2021\/10\/1a317c36-b989-4414-8b4d-9e1e6ba81f05.jpg",953,715,false],"covernews-slider-center":["https:\/\/infoecos.com.ar\/wp-content\/uploads\/2021\/10\/1a317c36-b989-4414-8b4d-9e1e6ba81f05-936x897.jpg",522,500,true],"covernews-featured":["https:\/\/infoecos.com.ar\/wp-content\/uploads\/2021\/10\/1a317c36-b989-4414-8b4d-9e1e6ba81f05-1024x768.jpg",1024,768,true],"covernews-medium":["https:\/\/infoecos.com.ar\/wp-content\/uploads\/2021\/10\/1a317c36-b989-4414-8b4d-9e1e6ba81f05-720x380.jpg",540,285,true],"covernews-medium-square":["https:\/\/infoecos.com.ar\/wp-content\/uploads\/2021\/10\/1a317c36-b989-4414-8b4d-9e1e6ba81f05-675x450.jpg",375,250,true]},"author_info":{"info":["Jorge Matheus"]},"category_info":"<a href=\"https:\/\/infoecos.com.ar\/index.php\/category\/inferior16\/\" rel=\"category tag\">Bloque inferior - 16<\/a>","tag_info":"Bloque inferior - 16","comment_count":"0","_links":{"self":[{"href":"https:\/\/infoecos.com.ar\/index.php\/wp-json\/wp\/v2\/posts\/87721","targetHints":{"allow":["GET"]}}],"collection":[{"href":"https:\/\/infoecos.com.ar\/index.php\/wp-json\/wp\/v2\/posts"}],"about":[{"href":"https:\/\/infoecos.com.ar\/index.php\/wp-json\/wp\/v2\/types\/post"}],"author":[{"embeddable":true,"href":"https:\/\/infoecos.com.ar\/index.php\/wp-json\/wp\/v2\/users\/2"}],"replies":[{"embeddable":true,"href":"https:\/\/infoecos.com.ar\/index.php\/wp-json\/wp\/v2\/comments?post=87721"}],"version-history":[{"count":1,"href":"https:\/\/infoecos.com.ar\/index.php\/wp-json\/wp\/v2\/posts\/87721\/revisions"}],"predecessor-version":[{"id":87723,"href":"https:\/\/infoecos.com.ar\/index.php\/wp-json\/wp\/v2\/posts\/87721\/revisions\/87723"}],"wp:featuredmedia":[{"embeddable":true,"href":"https:\/\/infoecos.com.ar\/index.php\/wp-json\/wp\/v2\/media\/87722"}],"wp:attachment":[{"href":"https:\/\/infoecos.com.ar\/index.php\/wp-json\/wp\/v2\/media?parent=87721"}],"wp:term":[{"taxonomy":"category","embeddable":true,"href":"https:\/\/infoecos.com.ar\/index.php\/wp-json\/wp\/v2\/categories?post=87721"},{"taxonomy":"post_tag","embeddable":true,"href":"https:\/\/infoecos.com.ar\/index.php\/wp-json\/wp\/v2\/tags?post=87721"}],"curies":[{"name":"wp","href":"https:\/\/api.w.org\/{rel}","templated":true}]}}