{"id":87724,"date":"2021-10-06T12:05:54","date_gmt":"2021-10-06T15:05:54","guid":{"rendered":"http:\/\/infoecos.com.ar\/?p=87724"},"modified":"2021-11-03T17:02:30","modified_gmt":"2021-11-03T20:02:30","slug":"se-reune-la-comision-de-accion-social-y-salud-publica-de-la-camara-de-diputados-de-la-nacion","status":"publish","type":"post","link":"https:\/\/infoecos.com.ar\/index.php\/se-reune-la-comision-de-accion-social-y-salud-publica-de-la-camara-de-diputados-de-la-nacion\/","title":{"rendered":"Se re\u00fane la Comisi\u00f3n de Acci\u00f3n Social y Salud P\u00fablica de la C\u00e1mara de Diputados de la Naci\u00f3n"},"content":{"rendered":"\n<p class=\"wp-block-paragraph\">Reuni\u00f3n informativa de la comisi\u00f3n de Acci\u00f3n Social y Salud P\u00fablica de la C\u00e1mara de Diputados de la Naci\u00f3n para analizar los proyectos de Declaraci\u00f3n de inter\u00e9s p\u00fablico nacional, la prevenci\u00f3n y control de la resistencia antimicrobiana; la respuesta integral a la infecci\u00f3n por el Virus de Inmunodeficiencia Humana \u2013HIV\u2013 las hepatitis virales y las Infecciones de Transmisi\u00f3n Sexual \u2013ITS-; la creaci\u00f3n de un Programa nacional de Cuidado Integral del ni\u00f1o y adolescente con c\u00e1ncer; el proyecto de promoci\u00f3n de la formaci\u00f3n y del desarrollo de la Enfermer\u00eda y procedimientos m\u00e9dico-asistenciales para la atenci\u00f3n de mujeres y personas gestantes frente a la muerte perinatal<\/p>\n\n\n\n<div class=\"wp-block-image\"><figure class=\"aligncenter size-medium\"><img decoding=\"async\" src=\"http:\/\/infoecos.com.ar\/wp-content\/uploads\/DYN718-SDARC-202927-460x259.jpg\" alt=\"\" class=\"wp-image-56788\"\/><figcaption>C\u00e1mara de Diputados de la Naci\u00f3n<\/figcaption><\/figure><\/div>\n\n\n\n<p class=\"wp-block-paragraph\">En TV: Diputados TV<\/p>\n\n\n\n<p class=\"wp-block-paragraph\">En la web: dtv.diputados.gob.ar<\/p>\n\n\n\n<p class=\"wp-block-paragraph\">YouTube: Hcdn.tv<\/p>\n\n\n\n<p class=\"wp-block-paragraph\">FB: \/diputados.argentina<\/p>\n\n\n\n<figure class=\"wp-block-embed is-type-video is-provider-youtube wp-block-embed-youtube wp-embed-aspect-16-9 wp-has-aspect-ratio\"><div class=\"wp-block-embed__wrapper\">\n<iframe loading=\"lazy\" title=\"COMISI\u00d3N COMPLETA: H. C\u00e1mara de Diputados de la Naci\u00f3n - 6 de octubre de 2021\" width=\"640\" height=\"360\" src=\"https:\/\/www.youtube.com\/embed\/07gPYCKD6_8?feature=oembed\" frameborder=\"0\" allow=\"accelerometer; autoplay; clipboard-write; encrypted-media; gyroscope; picture-in-picture; web-share\" referrerpolicy=\"strict-origin-when-cross-origin\" allowfullscreen><\/iframe>\n<\/div><\/figure>\n","protected":false},"excerpt":{"rendered":"<p>En TV: Diputados TV; En la web: dtv.diputados.gob.ar; YouTube: Hcdn.tv; FB: \/diputados.argentina<\/p>\n","protected":false},"author":2,"featured_media":56788,"comment_status":"closed","ping_status":"open","sticky":false,"template":"","format":"standard","meta":{"footnotes":""},"categories":[47],"tags":[5384],"class_list":["post-87724","post","type-post","status-publish","format-standard","has-post-thumbnail","hentry","category-c3nota2","tag-se-puede-seguir-a-traves-del-sitio"],"featured_image_urls":{"full":"","thumbnail":"","medium":"","medium_large":"","large":"","1536x1536":"","2048x2048":"","covernews-slider-full":"","covernews-slider-center":"","covernews-featured":"","covernews-medium":"","covernews-medium-square":""},"author_info":{"info":["Jorge Matheus"]},"category_info":"<a href=\"https:\/\/infoecos.com.ar\/index.php\/category\/c3nota2\/\" rel=\"category tag\">C3 N2<\/a>","tag_info":"C3 N2","comment_count":"0","_links":{"self":[{"href":"https:\/\/infoecos.com.ar\/index.php\/wp-json\/wp\/v2\/posts\/87724","targetHints":{"allow":["GET"]}}],"collection":[{"href":"https:\/\/infoecos.com.ar\/index.php\/wp-json\/wp\/v2\/posts"}],"about":[{"href":"https:\/\/infoecos.com.ar\/index.php\/wp-json\/wp\/v2\/types\/post"}],"author":[{"embeddable":true,"href":"https:\/\/infoecos.com.ar\/index.php\/wp-json\/wp\/v2\/users\/2"}],"replies":[{"embeddable":true,"href":"https:\/\/infoecos.com.ar\/index.php\/wp-json\/wp\/v2\/comments?post=87724"}],"version-history":[{"count":2,"href":"https:\/\/infoecos.com.ar\/index.php\/wp-json\/wp\/v2\/posts\/87724\/revisions"}],"predecessor-version":[{"id":88988,"href":"https:\/\/infoecos.com.ar\/index.php\/wp-json\/wp\/v2\/posts\/87724\/revisions\/88988"}],"wp:attachment":[{"href":"https:\/\/infoecos.com.ar\/index.php\/wp-json\/wp\/v2\/media?parent=87724"}],"wp:term":[{"taxonomy":"category","embeddable":true,"href":"https:\/\/infoecos.com.ar\/index.php\/wp-json\/wp\/v2\/categories?post=87724"},{"taxonomy":"post_tag","embeddable":true,"href":"https:\/\/infoecos.com.ar\/index.php\/wp-json\/wp\/v2\/tags?post=87724"}],"curies":[{"name":"wp","href":"https:\/\/api.w.org\/{rel}","templated":true}]}}