{"id":87738,"date":"2021-10-06T21:00:10","date_gmt":"2021-10-07T00:00:10","guid":{"rendered":"http:\/\/infoecos.com.ar\/?p=87738"},"modified":"2021-10-06T21:00:11","modified_gmt":"2021-10-07T00:00:11","slug":"el-gobernador-estuvo-en-bolivar-y-recorrio-un-tramo-de-la-ruta-provincial-65","status":"publish","type":"post","link":"https:\/\/infoecos.com.ar\/index.php\/el-gobernador-estuvo-en-bolivar-y-recorrio-un-tramo-de-la-ruta-provincial-65\/","title":{"rendered":"El gobernador estuvo en Bol\u00edvar y recorri\u00f3 un tramo de la Ruta Provincial 65"},"content":{"rendered":"\n<p class=\"wp-block-paragraph\">El gobernador de la provincia de Buenos Aires, Axel Kicillof, estuvo este mi\u00e9rcoles en los distritos de Saladillo, Roque P\u00e9rez y Bol\u00edvar. En la capital bolivarense, el mandatario provincial se refiri\u00f3 a los trabajos efectuados en la Ruta provincial n\u00famero 65.<\/p>\n\n\n\n<div class=\"wp-block-image\"><figure class=\"aligncenter size-medium\"><img loading=\"lazy\" decoding=\"async\" width=\"460\" height=\"306\" src=\"http:\/\/infoecos.com.ar\/wp-content\/uploads\/2021\/10\/kicillofenbolivar-460x306.jpg\" alt=\"\" class=\"wp-image-87739\" srcset=\"https:\/\/infoecos.com.ar\/wp-content\/uploads\/2021\/10\/kicillofenbolivar-460x306.jpg 460w, https:\/\/infoecos.com.ar\/wp-content\/uploads\/2021\/10\/kicillofenbolivar-768x512.jpg 768w, https:\/\/infoecos.com.ar\/wp-content\/uploads\/2021\/10\/kicillofenbolivar-675x450.jpg 675w, https:\/\/infoecos.com.ar\/wp-content\/uploads\/2021\/10\/kicillofenbolivar.jpg 887w\" sizes=\"auto, (max-width: 460px) 100vw, 460px\" \/><\/figure><\/div>\n\n\n\n<p class=\"wp-block-paragraph\">\u201cTenemos un futuro inmenso por delante\u201d sintetiz\u00f3 y pidi\u00f3 \u201crecuperar el optimismo y enfocarnos en lo que vinimos hacer\u201d resalt\u00f3 en compa\u00f1\u00eda del intendente Pisano y el candidato a senador provincial, Eduardo \u00abBali\u00bb Bucca. <\/p>\n\n\n\n<p class=\"wp-block-paragraph\">Con relaci\u00f3n a la ruta 65 expres\u00f3 textualmente que las obras fueron \u00abplanificadas, licitadas y empezadas durante la pandemia\u00bb. <\/p>\n\n\n\n<div class=\"wp-block-image\"><figure class=\"aligncenter size-medium\"><img loading=\"lazy\" decoding=\"async\" width=\"460\" height=\"306\" src=\"http:\/\/infoecos.com.ar\/wp-content\/uploads\/2021\/10\/ruta65-460x306.jpg\" alt=\"\" class=\"wp-image-87740\" srcset=\"https:\/\/infoecos.com.ar\/wp-content\/uploads\/2021\/10\/ruta65-460x306.jpg 460w, https:\/\/infoecos.com.ar\/wp-content\/uploads\/2021\/10\/ruta65-768x512.jpg 768w, https:\/\/infoecos.com.ar\/wp-content\/uploads\/2021\/10\/ruta65-675x450.jpg 675w, https:\/\/infoecos.com.ar\/wp-content\/uploads\/2021\/10\/ruta65.jpg 887w\" sizes=\"auto, (max-width: 460px) 100vw, 460px\" \/><\/figure><\/div>\n\n\n\n<p class=\"wp-block-paragraph\">Esta realizaci\u00f3n es de 60 kil\u00f3metros y atravesa los distritos de <strong>Bol\u00edvar<\/strong>, <strong>Guamin\u00ed<\/strong>,\u00a0<strong>Henderson\u00a0<\/strong>y\u00a0<strong>Daireaux<\/strong>.<\/p>\n\n\n\n<p class=\"wp-block-paragraph\">La presencia del gobernador en Bol\u00edvar fue difundida a trav\u00e9s del canal de Youtube de la Casa de Gobierno de la provincia de Buenos Aires.<\/p>\n\n\n\n<figure class=\"wp-block-embed is-type-video is-provider-youtube wp-block-embed-youtube wp-embed-aspect-16-9 wp-has-aspect-ratio\"><div class=\"wp-block-embed__wrapper\">\n<iframe loading=\"lazy\" title=\"06\/10\/2021 | Obra de repavimentaci\u00f3n de la Ruta 65\" width=\"640\" height=\"360\" src=\"https:\/\/www.youtube.com\/embed\/j241iPbjzas?feature=oembed\" frameborder=\"0\" allow=\"accelerometer; autoplay; clipboard-write; encrypted-media; gyroscope; picture-in-picture; web-share\" referrerpolicy=\"strict-origin-when-cross-origin\" allowfullscreen><\/iframe>\n<\/div><\/figure>\n\n\n\n<p class=\"wp-block-paragraph\"><\/p>\n\n\n\n<p class=\"wp-block-paragraph\"><\/p>\n","protected":false},"excerpt":{"rendered":"<p>Expres\u00f3 textualmente que las obras fueron \u00abplanificadas, licitadas y empezadas durante la pandemia\u00bb<\/p>\n","protected":false},"author":2,"featured_media":87741,"comment_status":"closed","ping_status":"open","sticky":false,"template":"","format":"standard","meta":{"footnotes":""},"categories":[46],"tags":[5387],"class_list":["post-87738","post","type-post","status-publish","format-standard","has-post-thumbnail","hentry","category-c2nota2","tag-pidio-recuperar-el-optimismo"],"featured_image_urls":{"full":["https:\/\/infoecos.com.ar\/wp-content\/uploads\/2021\/10\/axel-bolivarjpg.jpg",887,591,false],"thumbnail":["https:\/\/infoecos.com.ar\/wp-content\/uploads\/2021\/10\/axel-bolivarjpg-150x150.jpg",150,150,true],"medium":["https:\/\/infoecos.com.ar\/wp-content\/uploads\/2021\/10\/axel-bolivarjpg-460x306.jpg",460,306,true],"medium_large":["https:\/\/infoecos.com.ar\/wp-content\/uploads\/2021\/10\/axel-bolivarjpg-768x512.jpg",640,427,true],"large":["https:\/\/infoecos.com.ar\/wp-content\/uploads\/2021\/10\/axel-bolivarjpg.jpg",640,426,false],"1536x1536":["https:\/\/infoecos.com.ar\/wp-content\/uploads\/2021\/10\/axel-bolivarjpg.jpg",887,591,false],"2048x2048":["https:\/\/infoecos.com.ar\/wp-content\/uploads\/2021\/10\/axel-bolivarjpg.jpg",887,591,false],"covernews-slider-full":["https:\/\/infoecos.com.ar\/wp-content\/uploads\/2021\/10\/axel-bolivarjpg.jpg",887,591,false],"covernews-slider-center":["https:\/\/infoecos.com.ar\/wp-content\/uploads\/2021\/10\/axel-bolivarjpg.jpg",750,500,false],"covernews-featured":["https:\/\/infoecos.com.ar\/wp-content\/uploads\/2021\/10\/axel-bolivarjpg.jpg",887,591,false],"covernews-medium":["https:\/\/infoecos.com.ar\/wp-content\/uploads\/2021\/10\/axel-bolivarjpg-720x380.jpg",540,285,true],"covernews-medium-square":["https:\/\/infoecos.com.ar\/wp-content\/uploads\/2021\/10\/axel-bolivarjpg-675x450.jpg",375,250,true]},"author_info":{"info":["Jorge Matheus"]},"category_info":"<a href=\"https:\/\/infoecos.com.ar\/index.php\/category\/c2nota2\/\" rel=\"category tag\">C2 N2<\/a>","tag_info":"C2 N2","comment_count":"0","_links":{"self":[{"href":"https:\/\/infoecos.com.ar\/index.php\/wp-json\/wp\/v2\/posts\/87738","targetHints":{"allow":["GET"]}}],"collection":[{"href":"https:\/\/infoecos.com.ar\/index.php\/wp-json\/wp\/v2\/posts"}],"about":[{"href":"https:\/\/infoecos.com.ar\/index.php\/wp-json\/wp\/v2\/types\/post"}],"author":[{"embeddable":true,"href":"https:\/\/infoecos.com.ar\/index.php\/wp-json\/wp\/v2\/users\/2"}],"replies":[{"embeddable":true,"href":"https:\/\/infoecos.com.ar\/index.php\/wp-json\/wp\/v2\/comments?post=87738"}],"version-history":[{"count":1,"href":"https:\/\/infoecos.com.ar\/index.php\/wp-json\/wp\/v2\/posts\/87738\/revisions"}],"predecessor-version":[{"id":87742,"href":"https:\/\/infoecos.com.ar\/index.php\/wp-json\/wp\/v2\/posts\/87738\/revisions\/87742"}],"wp:featuredmedia":[{"embeddable":true,"href":"https:\/\/infoecos.com.ar\/index.php\/wp-json\/wp\/v2\/media\/87741"}],"wp:attachment":[{"href":"https:\/\/infoecos.com.ar\/index.php\/wp-json\/wp\/v2\/media?parent=87738"}],"wp:term":[{"taxonomy":"category","embeddable":true,"href":"https:\/\/infoecos.com.ar\/index.php\/wp-json\/wp\/v2\/categories?post=87738"},{"taxonomy":"post_tag","embeddable":true,"href":"https:\/\/infoecos.com.ar\/index.php\/wp-json\/wp\/v2\/tags?post=87738"}],"curies":[{"name":"wp","href":"https:\/\/api.w.org\/{rel}","templated":true}]}}