{"id":87791,"date":"2021-10-07T06:23:28","date_gmt":"2021-10-07T09:23:28","guid":{"rendered":"http:\/\/infoecos.com.ar\/?p=87791"},"modified":"2021-10-08T15:04:35","modified_gmt":"2021-10-08T18:04:35","slug":"el-diputado-provincial-valentin-miranda-visito-beruti-y-30-de-agosto-manteniendo-multiples-reuniones","status":"publish","type":"post","link":"https:\/\/infoecos.com.ar\/index.php\/el-diputado-provincial-valentin-miranda-visito-beruti-y-30-de-agosto-manteniendo-multiples-reuniones\/","title":{"rendered":"El diputado provincial, Valent\u00edn Miranda, visit\u00f3 Beruti y 30 de Agosto manteniendo m\u00faltiples reuniones"},"content":{"rendered":"\n<p>El diputado trenquelauquense Valent\u00edn Miranda recorri\u00f3 las localidades de 30 de Agosto y Beruti. Se reuni\u00f3 con representantes de instituciones.<\/p>\n\n\n\n<div class=\"wp-block-image\"><figure class=\"aligncenter size-medium\"><img loading=\"lazy\" decoding=\"async\" width=\"460\" height=\"454\" src=\"http:\/\/infoecos.com.ar\/wp-content\/uploads\/2021\/10\/WhatsApp-Image-2021-10-06-at-15.14.45-460x454.jpeg\" alt=\"\" class=\"wp-image-87792\" srcset=\"https:\/\/infoecos.com.ar\/wp-content\/uploads\/2021\/10\/WhatsApp-Image-2021-10-06-at-15.14.45-460x454.jpeg 460w, https:\/\/infoecos.com.ar\/wp-content\/uploads\/2021\/10\/WhatsApp-Image-2021-10-06-at-15.14.45.jpeg 730w\" sizes=\"(max-width: 460px) 100vw, 460px\" \/><\/figure><\/div>\n\n\n\n<p>En Beruti, y acompa\u00f1ado por el concejal Francisco Recoulat y el delegado de esa localidad Fabio Villarreal, se entrevist\u00f3 con los Bomberos Voluntarios del Destacamento con quienes convers\u00f3 sobre las principales necesidades que ata\u00f1en al cuartel.<\/p>\n\n\n\n<p>Tambi\u00e9n estuvo con autoridades de la Escuela Primaria N\u00b0 7 \u201cHip\u00f3lito Yrigoyen\u201d y con el encargado del Destacamento de Polic\u00eda. Intercambi\u00f3 ideas sobre el crecimiento de la localidad y las nuevas oportunidades para la comunidad con los integrantes de la Agrupaci\u00f3n Unidos por el Desarrollo Berutense (UDEBE).<\/p>\n\n\n\n<div class=\"wp-block-image\"><figure class=\"aligncenter size-medium\"><img loading=\"lazy\" decoding=\"async\" width=\"460\" height=\"246\" src=\"http:\/\/infoecos.com.ar\/wp-content\/uploads\/2021\/10\/WhatsApp-Image-2021-10-06-at-15.14.44-460x246.jpeg\" alt=\"\" class=\"wp-image-87793\" srcset=\"https:\/\/infoecos.com.ar\/wp-content\/uploads\/2021\/10\/WhatsApp-Image-2021-10-06-at-15.14.44-460x246.jpeg 460w, https:\/\/infoecos.com.ar\/wp-content\/uploads\/2021\/10\/WhatsApp-Image-2021-10-06-at-15.14.44-768x410.jpeg 768w, https:\/\/infoecos.com.ar\/wp-content\/uploads\/2021\/10\/WhatsApp-Image-2021-10-06-at-15.14.44.jpeg 902w\" sizes=\"(max-width: 460px) 100vw, 460px\" \/><\/figure><\/div>\n\n\n\n<p>Miranda se reuni\u00f3 en 30 de Agosto con referentes de \u201cManos a la masa\u201d, visit\u00f3 Lipolcc, y dialog\u00f3 con dirigentes del Club Sportivo y Recreativo Juventud Unida.<\/p>\n\n\n\n<p>La recorrida por 30 de Agosto fue acompa\u00f1ada por el concejal Francisco Recoulat, el presidente del Sub Comit\u00e9 de la localidad, Santiago Lanati, las dirigentes radicales Alicia Ramudo y Yanina Luj\u00e1n, y el tesorero del Comit\u00e9 distrito UCR, Germ\u00e1n Lauro.<\/p>\n\n\n\n<div class=\"wp-block-image\"><figure class=\"aligncenter size-medium\"><img loading=\"lazy\" decoding=\"async\" width=\"292\" height=\"460\" src=\"http:\/\/infoecos.com.ar\/wp-content\/uploads\/2021\/10\/WhatsApp-Image-2021-10-06-at-15.14.45-1-292x460.jpeg\" alt=\"\" class=\"wp-image-87794\" srcset=\"https:\/\/infoecos.com.ar\/wp-content\/uploads\/2021\/10\/WhatsApp-Image-2021-10-06-at-15.14.45-1-292x460.jpeg 292w, https:\/\/infoecos.com.ar\/wp-content\/uploads\/2021\/10\/WhatsApp-Image-2021-10-06-at-15.14.45-1.jpeg 561w\" sizes=\"(max-width: 292px) 100vw, 292px\" \/><\/figure><\/div>\n\n\n\n<p>Miranda los d\u00edas s\u00e1bados recibe a quien desee acercarse con inquietudes y propuestas a la oficina del Comit\u00e9 Radical de la ciudad de Trenque Lauquen, en calle San Mart\u00edn al 276.<\/p>\n","protected":false},"excerpt":{"rendered":"<p>El legislador reiter\u00f3 que los s\u00e1bados recibe a quienes tengan inquietudes en el comit\u00e9 de la UCR, San Mart\u00edn 276<\/p>\n","protected":false},"author":2,"featured_media":87792,"comment_status":"closed","ping_status":"open","sticky":false,"template":"","format":"standard","meta":{"footnotes":""},"categories":[1341],"tags":[5398],"class_list":["post-87791","post","type-post","status-publish","format-standard","has-post-thumbnail","hentry","category-c1nota7","tag-con-representantes-de-insttuciones"],"yoast_head":"<!-- This site is optimized with the Yoast SEO plugin v23.4 - https:\/\/yoast.com\/wordpress\/plugins\/seo\/ -->\n<title>El diputado provincial, Valent\u00edn Miranda, visit\u00f3 Beruti y 30 de Agosto manteniendo m\u00faltiples reuniones - Infoecos<\/title>\n<meta name=\"robots\" content=\"index, follow, max-snippet:-1, max-image-preview:large, max-video-preview:-1\" \/>\n<link rel=\"canonical\" href=\"https:\/\/infoecos.com.ar\/index.php\/el-diputado-provincial-valentin-miranda-visito-beruti-y-30-de-agosto-manteniendo-multiples-reuniones\/\" \/>\n<meta property=\"og:locale\" content=\"es_ES\" \/>\n<meta property=\"og:type\" content=\"article\" \/>\n<meta property=\"og:title\" content=\"El diputado provincial, Valent\u00edn Miranda, visit\u00f3 Beruti y 30 de Agosto manteniendo m\u00faltiples reuniones - Infoecos\" \/>\n<meta property=\"og:description\" content=\"El legislador reiter\u00f3 que los s\u00e1bados recibe a quienes tengan inquietudes en el comit\u00e9 de la UCR, San Mart\u00edn 276\" \/>\n<meta property=\"og:url\" content=\"https:\/\/infoecos.com.ar\/index.php\/el-diputado-provincial-valentin-miranda-visito-beruti-y-30-de-agosto-manteniendo-multiples-reuniones\/\" \/>\n<meta property=\"og:site_name\" content=\"Infoecos\" \/>\n<meta property=\"article:publisher\" content=\"https:\/\/www.facebook.com\/profile.php?id=100063200290284\" \/>\n<meta property=\"article:published_time\" content=\"2021-10-07T09:23:28+00:00\" \/>\n<meta property=\"article:modified_time\" content=\"2021-10-08T18:04:35+00:00\" \/>\n<meta property=\"og:image\" content=\"https:\/\/infoecos.com.ar\/wp-content\/uploads\/2021\/10\/WhatsApp-Image-2021-10-06-at-15.14.45.jpeg\" \/>\n\t<meta property=\"og:image:width\" content=\"730\" \/>\n\t<meta property=\"og:image:height\" content=\"720\" \/>\n\t<meta property=\"og:image:type\" content=\"image\/jpeg\" \/>\n<meta name=\"author\" content=\"Jorge Matheus\" \/>\n<meta name=\"twitter:card\" content=\"summary_large_image\" \/>\n<meta name=\"twitter:creator\" content=\"@infoecos\" \/>\n<meta name=\"twitter:site\" content=\"@infoecos\" \/>\n<meta name=\"twitter:label1\" content=\"Escrito por\" \/>\n\t<meta name=\"twitter:data1\" content=\"Jorge Matheus\" \/>\n\t<meta name=\"twitter:label2\" content=\"Tiempo de lectura\" \/>\n\t<meta name=\"twitter:data2\" content=\"1 minuto\" \/>\n<script type=\"application\/ld+json\" class=\"yoast-schema-graph\">{\"@context\":\"https:\/\/schema.org\",\"@graph\":[{\"@type\":\"Article\",\"@id\":\"https:\/\/infoecos.com.ar\/index.php\/el-diputado-provincial-valentin-miranda-visito-beruti-y-30-de-agosto-manteniendo-multiples-reuniones\/#article\",\"isPartOf\":{\"@id\":\"https:\/\/infoecos.com.ar\/index.php\/el-diputado-provincial-valentin-miranda-visito-beruti-y-30-de-agosto-manteniendo-multiples-reuniones\/\"},\"author\":{\"name\":\"Jorge Matheus\",\"@id\":\"https:\/\/infoecos.com.ar\/#\/schema\/person\/8f5ace5ce73b4b4aac4b7245aee6f191\"},\"headline\":\"El diputado provincial, Valent\u00edn Miranda, visit\u00f3 Beruti y 30 de Agosto manteniendo m\u00faltiples reuniones\",\"datePublished\":\"2021-10-07T09:23:28+00:00\",\"dateModified\":\"2021-10-08T18:04:35+00:00\",\"mainEntityOfPage\":{\"@id\":\"https:\/\/infoecos.com.ar\/index.php\/el-diputado-provincial-valentin-miranda-visito-beruti-y-30-de-agosto-manteniendo-multiples-reuniones\/\"},\"wordCount\":224,\"publisher\":{\"@id\":\"https:\/\/infoecos.com.ar\/#organization\"},\"image\":{\"@id\":\"https:\/\/infoecos.com.ar\/index.php\/el-diputado-provincial-valentin-miranda-visito-beruti-y-30-de-agosto-manteniendo-multiples-reuniones\/#primaryimage\"},\"thumbnailUrl\":\"https:\/\/infoecos.com.ar\/wp-content\/uploads\/2021\/10\/WhatsApp-Image-2021-10-06-at-15.14.45.jpeg\",\"keywords\":[\"CON REPRESENTANTES DE INSTTUCIONES\"],\"articleSection\":[\"C1 nota 7\"],\"inLanguage\":\"es\"},{\"@type\":\"WebPage\",\"@id\":\"https:\/\/infoecos.com.ar\/index.php\/el-diputado-provincial-valentin-miranda-visito-beruti-y-30-de-agosto-manteniendo-multiples-reuniones\/\",\"url\":\"https:\/\/infoecos.com.ar\/index.php\/el-diputado-provincial-valentin-miranda-visito-beruti-y-30-de-agosto-manteniendo-multiples-reuniones\/\",\"name\":\"El diputado provincial, Valent\u00edn Miranda, visit\u00f3 Beruti y 30 de Agosto manteniendo m\u00faltiples reuniones - Infoecos\",\"isPartOf\":{\"@id\":\"https:\/\/infoecos.com.ar\/#website\"},\"primaryImageOfPage\":{\"@id\":\"https:\/\/infoecos.com.ar\/index.php\/el-diputado-provincial-valentin-miranda-visito-beruti-y-30-de-agosto-manteniendo-multiples-reuniones\/#primaryimage\"},\"image\":{\"@id\":\"https:\/\/infoecos.com.ar\/index.php\/el-diputado-provincial-valentin-miranda-visito-beruti-y-30-de-agosto-manteniendo-multiples-reuniones\/#primaryimage\"},\"thumbnailUrl\":\"https:\/\/infoecos.com.ar\/wp-content\/uploads\/2021\/10\/WhatsApp-Image-2021-10-06-at-15.14.45.jpeg\",\"datePublished\":\"2021-10-07T09:23:28+00:00\",\"dateModified\":\"2021-10-08T18:04:35+00:00\",\"breadcrumb\":{\"@id\":\"https:\/\/infoecos.com.ar\/index.php\/el-diputado-provincial-valentin-miranda-visito-beruti-y-30-de-agosto-manteniendo-multiples-reuniones\/#breadcrumb\"},\"inLanguage\":\"es\",\"potentialAction\":[{\"@type\":\"ReadAction\",\"target\":[\"https:\/\/infoecos.com.ar\/index.php\/el-diputado-provincial-valentin-miranda-visito-beruti-y-30-de-agosto-manteniendo-multiples-reuniones\/\"]}]},{\"@type\":\"ImageObject\",\"inLanguage\":\"es\",\"@id\":\"https:\/\/infoecos.com.ar\/index.php\/el-diputado-provincial-valentin-miranda-visito-beruti-y-30-de-agosto-manteniendo-multiples-reuniones\/#primaryimage\",\"url\":\"https:\/\/infoecos.com.ar\/wp-content\/uploads\/2021\/10\/WhatsApp-Image-2021-10-06-at-15.14.45.jpeg\",\"contentUrl\":\"https:\/\/infoecos.com.ar\/wp-content\/uploads\/2021\/10\/WhatsApp-Image-2021-10-06-at-15.14.45.jpeg\",\"width\":730,\"height\":720},{\"@type\":\"BreadcrumbList\",\"@id\":\"https:\/\/infoecos.com.ar\/index.php\/el-diputado-provincial-valentin-miranda-visito-beruti-y-30-de-agosto-manteniendo-multiples-reuniones\/#breadcrumb\",\"itemListElement\":[{\"@type\":\"ListItem\",\"position\":1,\"name\":\"Portada\",\"item\":\"https:\/\/infoecos.com.ar\/\"},{\"@type\":\"ListItem\",\"position\":2,\"name\":\"El diputado provincial, Valent\u00edn Miranda, visit\u00f3 Beruti y 30 de Agosto manteniendo m\u00faltiples reuniones\"}]},{\"@type\":\"WebSite\",\"@id\":\"https:\/\/infoecos.com.ar\/#website\",\"url\":\"https:\/\/infoecos.com.ar\/\",\"name\":\"Infoecos\",\"description\":\"Noticias de trenque lauquen y la zona\",\"publisher\":{\"@id\":\"https:\/\/infoecos.com.ar\/#organization\"},\"alternateName\":\"Noticias\",\"potentialAction\":[{\"@type\":\"SearchAction\",\"target\":{\"@type\":\"EntryPoint\",\"urlTemplate\":\"https:\/\/infoecos.com.ar\/?s={search_term_string}\"},\"query-input\":{\"@type\":\"PropertyValueSpecification\",\"valueRequired\":true,\"valueName\":\"search_term_string\"}}],\"inLanguage\":\"es\"},{\"@type\":\"Organization\",\"@id\":\"https:\/\/infoecos.com.ar\/#organization\",\"name\":\"Infoecos\",\"alternateName\":\"Noticias\",\"url\":\"https:\/\/infoecos.com.ar\/\",\"logo\":{\"@type\":\"ImageObject\",\"inLanguage\":\"es\",\"@id\":\"https:\/\/infoecos.com.ar\/#\/schema\/logo\/image\/\",\"url\":\"https:\/\/infoecos.com.ar\/wp-content\/uploads\/2024\/03\/cropped-logo.png\",\"contentUrl\":\"https:\/\/infoecos.com.ar\/wp-content\/uploads\/2024\/03\/cropped-logo.png\",\"width\":374,\"height\":90,\"caption\":\"Infoecos\"},\"image\":{\"@id\":\"https:\/\/infoecos.com.ar\/#\/schema\/logo\/image\/\"},\"sameAs\":[\"https:\/\/www.facebook.com\/profile.php?id=100063200290284\",\"https:\/\/x.com\/infoecos\"]},{\"@type\":\"Person\",\"@id\":\"https:\/\/infoecos.com.ar\/#\/schema\/person\/8f5ace5ce73b4b4aac4b7245aee6f191\",\"name\":\"Jorge Matheus\",\"url\":\"https:\/\/infoecos.com.ar\/index.php\/author\/jomatheus\/\"}]}<\/script>\n<!-- \/ Yoast SEO plugin. -->","yoast_head_json":{"title":"El diputado provincial, Valent\u00edn Miranda, visit\u00f3 Beruti y 30 de Agosto manteniendo m\u00faltiples reuniones - Infoecos","robots":{"index":"index","follow":"follow","max-snippet":"max-snippet:-1","max-image-preview":"max-image-preview:large","max-video-preview":"max-video-preview:-1"},"canonical":"https:\/\/infoecos.com.ar\/index.php\/el-diputado-provincial-valentin-miranda-visito-beruti-y-30-de-agosto-manteniendo-multiples-reuniones\/","og_locale":"es_ES","og_type":"article","og_title":"El diputado provincial, Valent\u00edn Miranda, visit\u00f3 Beruti y 30 de Agosto manteniendo m\u00faltiples reuniones - Infoecos","og_description":"El legislador reiter\u00f3 que los s\u00e1bados recibe a quienes tengan inquietudes en el comit\u00e9 de la UCR, San Mart\u00edn 276","og_url":"https:\/\/infoecos.com.ar\/index.php\/el-diputado-provincial-valentin-miranda-visito-beruti-y-30-de-agosto-manteniendo-multiples-reuniones\/","og_site_name":"Infoecos","article_publisher":"https:\/\/www.facebook.com\/profile.php?id=100063200290284","article_published_time":"2021-10-07T09:23:28+00:00","article_modified_time":"2021-10-08T18:04:35+00:00","og_image":[{"width":730,"height":720,"url":"https:\/\/infoecos.com.ar\/wp-content\/uploads\/2021\/10\/WhatsApp-Image-2021-10-06-at-15.14.45.jpeg","type":"image\/jpeg"}],"author":"Jorge Matheus","twitter_card":"summary_large_image","twitter_creator":"@infoecos","twitter_site":"@infoecos","twitter_misc":{"Escrito por":"Jorge Matheus","Tiempo de lectura":"1 minuto"},"schema":{"@context":"https:\/\/schema.org","@graph":[{"@type":"Article","@id":"https:\/\/infoecos.com.ar\/index.php\/el-diputado-provincial-valentin-miranda-visito-beruti-y-30-de-agosto-manteniendo-multiples-reuniones\/#article","isPartOf":{"@id":"https:\/\/infoecos.com.ar\/index.php\/el-diputado-provincial-valentin-miranda-visito-beruti-y-30-de-agosto-manteniendo-multiples-reuniones\/"},"author":{"name":"Jorge Matheus","@id":"https:\/\/infoecos.com.ar\/#\/schema\/person\/8f5ace5ce73b4b4aac4b7245aee6f191"},"headline":"El diputado provincial, Valent\u00edn Miranda, visit\u00f3 Beruti y 30 de Agosto manteniendo m\u00faltiples reuniones","datePublished":"2021-10-07T09:23:28+00:00","dateModified":"2021-10-08T18:04:35+00:00","mainEntityOfPage":{"@id":"https:\/\/infoecos.com.ar\/index.php\/el-diputado-provincial-valentin-miranda-visito-beruti-y-30-de-agosto-manteniendo-multiples-reuniones\/"},"wordCount":224,"publisher":{"@id":"https:\/\/infoecos.com.ar\/#organization"},"image":{"@id":"https:\/\/infoecos.com.ar\/index.php\/el-diputado-provincial-valentin-miranda-visito-beruti-y-30-de-agosto-manteniendo-multiples-reuniones\/#primaryimage"},"thumbnailUrl":"https:\/\/infoecos.com.ar\/wp-content\/uploads\/2021\/10\/WhatsApp-Image-2021-10-06-at-15.14.45.jpeg","keywords":["CON REPRESENTANTES DE INSTTUCIONES"],"articleSection":["C1 nota 7"],"inLanguage":"es"},{"@type":"WebPage","@id":"https:\/\/infoecos.com.ar\/index.php\/el-diputado-provincial-valentin-miranda-visito-beruti-y-30-de-agosto-manteniendo-multiples-reuniones\/","url":"https:\/\/infoecos.com.ar\/index.php\/el-diputado-provincial-valentin-miranda-visito-beruti-y-30-de-agosto-manteniendo-multiples-reuniones\/","name":"El diputado provincial, Valent\u00edn Miranda, visit\u00f3 Beruti y 30 de Agosto manteniendo m\u00faltiples reuniones - Infoecos","isPartOf":{"@id":"https:\/\/infoecos.com.ar\/#website"},"primaryImageOfPage":{"@id":"https:\/\/infoecos.com.ar\/index.php\/el-diputado-provincial-valentin-miranda-visito-beruti-y-30-de-agosto-manteniendo-multiples-reuniones\/#primaryimage"},"image":{"@id":"https:\/\/infoecos.com.ar\/index.php\/el-diputado-provincial-valentin-miranda-visito-beruti-y-30-de-agosto-manteniendo-multiples-reuniones\/#primaryimage"},"thumbnailUrl":"https:\/\/infoecos.com.ar\/wp-content\/uploads\/2021\/10\/WhatsApp-Image-2021-10-06-at-15.14.45.jpeg","datePublished":"2021-10-07T09:23:28+00:00","dateModified":"2021-10-08T18:04:35+00:00","breadcrumb":{"@id":"https:\/\/infoecos.com.ar\/index.php\/el-diputado-provincial-valentin-miranda-visito-beruti-y-30-de-agosto-manteniendo-multiples-reuniones\/#breadcrumb"},"inLanguage":"es","potentialAction":[{"@type":"ReadAction","target":["https:\/\/infoecos.com.ar\/index.php\/el-diputado-provincial-valentin-miranda-visito-beruti-y-30-de-agosto-manteniendo-multiples-reuniones\/"]}]},{"@type":"ImageObject","inLanguage":"es","@id":"https:\/\/infoecos.com.ar\/index.php\/el-diputado-provincial-valentin-miranda-visito-beruti-y-30-de-agosto-manteniendo-multiples-reuniones\/#primaryimage","url":"https:\/\/infoecos.com.ar\/wp-content\/uploads\/2021\/10\/WhatsApp-Image-2021-10-06-at-15.14.45.jpeg","contentUrl":"https:\/\/infoecos.com.ar\/wp-content\/uploads\/2021\/10\/WhatsApp-Image-2021-10-06-at-15.14.45.jpeg","width":730,"height":720},{"@type":"BreadcrumbList","@id":"https:\/\/infoecos.com.ar\/index.php\/el-diputado-provincial-valentin-miranda-visito-beruti-y-30-de-agosto-manteniendo-multiples-reuniones\/#breadcrumb","itemListElement":[{"@type":"ListItem","position":1,"name":"Portada","item":"https:\/\/infoecos.com.ar\/"},{"@type":"ListItem","position":2,"name":"El diputado provincial, Valent\u00edn Miranda, visit\u00f3 Beruti y 30 de Agosto manteniendo m\u00faltiples reuniones"}]},{"@type":"WebSite","@id":"https:\/\/infoecos.com.ar\/#website","url":"https:\/\/infoecos.com.ar\/","name":"Infoecos","description":"Noticias de trenque lauquen y la zona","publisher":{"@id":"https:\/\/infoecos.com.ar\/#organization"},"alternateName":"Noticias","potentialAction":[{"@type":"SearchAction","target":{"@type":"EntryPoint","urlTemplate":"https:\/\/infoecos.com.ar\/?s={search_term_string}"},"query-input":{"@type":"PropertyValueSpecification","valueRequired":true,"valueName":"search_term_string"}}],"inLanguage":"es"},{"@type":"Organization","@id":"https:\/\/infoecos.com.ar\/#organization","name":"Infoecos","alternateName":"Noticias","url":"https:\/\/infoecos.com.ar\/","logo":{"@type":"ImageObject","inLanguage":"es","@id":"https:\/\/infoecos.com.ar\/#\/schema\/logo\/image\/","url":"https:\/\/infoecos.com.ar\/wp-content\/uploads\/2024\/03\/cropped-logo.png","contentUrl":"https:\/\/infoecos.com.ar\/wp-content\/uploads\/2024\/03\/cropped-logo.png","width":374,"height":90,"caption":"Infoecos"},"image":{"@id":"https:\/\/infoecos.com.ar\/#\/schema\/logo\/image\/"},"sameAs":["https:\/\/www.facebook.com\/profile.php?id=100063200290284","https:\/\/x.com\/infoecos"]},{"@type":"Person","@id":"https:\/\/infoecos.com.ar\/#\/schema\/person\/8f5ace5ce73b4b4aac4b7245aee6f191","name":"Jorge Matheus","url":"https:\/\/infoecos.com.ar\/index.php\/author\/jomatheus\/"}]}},"featured_image_urls":{"full":["https:\/\/infoecos.com.ar\/wp-content\/uploads\/2021\/10\/WhatsApp-Image-2021-10-06-at-15.14.45.jpeg",730,720,false],"thumbnail":["https:\/\/infoecos.com.ar\/wp-content\/uploads\/2021\/10\/WhatsApp-Image-2021-10-06-at-15.14.45-150x150.jpeg",150,150,true],"medium":["https:\/\/infoecos.com.ar\/wp-content\/uploads\/2021\/10\/WhatsApp-Image-2021-10-06-at-15.14.45-460x454.jpeg",460,454,true],"medium_large":["https:\/\/infoecos.com.ar\/wp-content\/uploads\/2021\/10\/WhatsApp-Image-2021-10-06-at-15.14.45.jpeg",640,631,false],"large":["https:\/\/infoecos.com.ar\/wp-content\/uploads\/2021\/10\/WhatsApp-Image-2021-10-06-at-15.14.45.jpeg",640,631,false],"1536x1536":["https:\/\/infoecos.com.ar\/wp-content\/uploads\/2021\/10\/WhatsApp-Image-2021-10-06-at-15.14.45.jpeg",730,720,false],"2048x2048":["https:\/\/infoecos.com.ar\/wp-content\/uploads\/2021\/10\/WhatsApp-Image-2021-10-06-at-15.14.45.jpeg",730,720,false],"covernews-slider-full":["https:\/\/infoecos.com.ar\/wp-content\/uploads\/2021\/10\/WhatsApp-Image-2021-10-06-at-15.14.45.jpeg",725,715,false],"covernews-slider-center":["https:\/\/infoecos.com.ar\/wp-content\/uploads\/2021\/10\/WhatsApp-Image-2021-10-06-at-15.14.45.jpeg",507,500,false],"covernews-featured":["https:\/\/infoecos.com.ar\/wp-content\/uploads\/2021\/10\/WhatsApp-Image-2021-10-06-at-15.14.45.jpeg",730,720,false],"covernews-medium":["https:\/\/infoecos.com.ar\/wp-content\/uploads\/2021\/10\/WhatsApp-Image-2021-10-06-at-15.14.45-720x380.jpeg",540,285,true],"covernews-medium-square":["https:\/\/infoecos.com.ar\/wp-content\/uploads\/2021\/10\/WhatsApp-Image-2021-10-06-at-15.14.45-675x450.jpeg",375,250,true]},"author_info":{"info":["Jorge Matheus"]},"category_info":"<a href=\"https:\/\/infoecos.com.ar\/index.php\/category\/c1nota7\/\" rel=\"category tag\">C1 nota 7<\/a>","tag_info":"C1 nota 7","comment_count":"0","_links":{"self":[{"href":"https:\/\/infoecos.com.ar\/index.php\/wp-json\/wp\/v2\/posts\/87791"}],"collection":[{"href":"https:\/\/infoecos.com.ar\/index.php\/wp-json\/wp\/v2\/posts"}],"about":[{"href":"https:\/\/infoecos.com.ar\/index.php\/wp-json\/wp\/v2\/types\/post"}],"author":[{"embeddable":true,"href":"https:\/\/infoecos.com.ar\/index.php\/wp-json\/wp\/v2\/users\/2"}],"replies":[{"embeddable":true,"href":"https:\/\/infoecos.com.ar\/index.php\/wp-json\/wp\/v2\/comments?post=87791"}],"version-history":[{"count":1,"href":"https:\/\/infoecos.com.ar\/index.php\/wp-json\/wp\/v2\/posts\/87791\/revisions"}],"predecessor-version":[{"id":87795,"href":"https:\/\/infoecos.com.ar\/index.php\/wp-json\/wp\/v2\/posts\/87791\/revisions\/87795"}],"wp:featuredmedia":[{"embeddable":true,"href":"https:\/\/infoecos.com.ar\/index.php\/wp-json\/wp\/v2\/media\/87792"}],"wp:attachment":[{"href":"https:\/\/infoecos.com.ar\/index.php\/wp-json\/wp\/v2\/media?parent=87791"}],"wp:term":[{"taxonomy":"category","embeddable":true,"href":"https:\/\/infoecos.com.ar\/index.php\/wp-json\/wp\/v2\/categories?post=87791"},{"taxonomy":"post_tag","embeddable":true,"href":"https:\/\/infoecos.com.ar\/index.php\/wp-json\/wp\/v2\/tags?post=87791"}],"curies":[{"name":"wp","href":"https:\/\/api.w.org\/{rel}","templated":true}]}}