{"id":87847,"date":"2021-10-09T07:57:02","date_gmt":"2021-10-09T10:57:02","guid":{"rendered":"http:\/\/infoecos.com.ar\/?p=87847"},"modified":"2021-10-09T07:58:08","modified_gmt":"2021-10-09T10:58:08","slug":"87847","status":"publish","type":"post","link":"https:\/\/infoecos.com.ar\/index.php\/87847\/","title":{"rendered":"El 9 de octubre del 2007 condenan a cadena perpetua a Christian Von Wernich"},"content":{"rendered":"\n<p class=\"wp-block-paragraph\">El ex capell\u00e1n de la Polic\u00eda bonaerense Christian Von Wernich es condenado a reclusi\u00f3n perpetua por su participaci\u00f3n en m\u00faltiples delitos de lesa humanidad cometidos por miembros de esa fuerza de seguridad durante la \u00faltima dictadura c\u00edvico militar.<\/p>\n\n\n\n<p class=\"wp-block-paragraph\">En La Plata, el ex capell\u00e1n de la polic\u00eda bonaerense es condenado por genocidio. \u00a0<\/p>\n\n\n\n<div class=\"wp-block-image\"><figure class=\"aligncenter size-medium\"><img loading=\"lazy\" decoding=\"async\" width=\"460\" height=\"259\" src=\"http:\/\/infoecos.com.ar\/wp-content\/uploads\/2021\/10\/vonwernich-460x259.jpg\" alt=\"\" class=\"wp-image-87848\" srcset=\"https:\/\/infoecos.com.ar\/wp-content\/uploads\/2021\/10\/vonwernich-460x259.jpg 460w, https:\/\/infoecos.com.ar\/wp-content\/uploads\/2021\/10\/vonwernich-768x432.jpg 768w, https:\/\/infoecos.com.ar\/wp-content\/uploads\/2021\/10\/vonwernich.jpg 847w\" sizes=\"auto, (max-width: 460px) 100vw, 460px\" \/><\/figure><\/div>\n\n\n\n<p class=\"wp-block-paragraph\">Fue parte del Estado terrorista durante la dictadura, a las \u00f3rdenes de Ram\u00f3n Camps y Miguel Etchecolatz. <\/p>\n\n\n\n<p class=\"wp-block-paragraph\">La Justicia le impone una pena de reclusi\u00f3n perpetua por 34 casos de privaci\u00f3n ilegal de la libertad, 31 de tortura y 7 homicidios calificados.<\/p>\n","protected":false},"excerpt":{"rendered":"<p>Fue parte del Estado terrorista durante la dictadura, a las \u00f3rdenes de Ram\u00f3n Camps y Miguel Etchecolatz<\/p>\n","protected":false},"author":2,"featured_media":87848,"comment_status":"closed","ping_status":"open","sticky":false,"template":"","format":"standard","meta":{"footnotes":""},"categories":[51],"tags":[5054],"class_list":["post-87847","post","type-post","status-publish","format-standard","has-post-thumbnail","hentry","category-c2nota4","tag-iecos-efemerides"],"featured_image_urls":{"full":["https:\/\/infoecos.com.ar\/wp-content\/uploads\/2021\/10\/vonwernich.jpg",847,476,false],"thumbnail":["https:\/\/infoecos.com.ar\/wp-content\/uploads\/2021\/10\/vonwernich-150x150.jpg",150,150,true],"medium":["https:\/\/infoecos.com.ar\/wp-content\/uploads\/2021\/10\/vonwernich-460x259.jpg",460,259,true],"medium_large":["https:\/\/infoecos.com.ar\/wp-content\/uploads\/2021\/10\/vonwernich-768x432.jpg",640,360,true],"large":["https:\/\/infoecos.com.ar\/wp-content\/uploads\/2021\/10\/vonwernich.jpg",640,360,false],"1536x1536":["https:\/\/infoecos.com.ar\/wp-content\/uploads\/2021\/10\/vonwernich.jpg",847,476,false],"2048x2048":["https:\/\/infoecos.com.ar\/wp-content\/uploads\/2021\/10\/vonwernich.jpg",847,476,false],"covernews-slider-full":["https:\/\/infoecos.com.ar\/wp-content\/uploads\/2021\/10\/vonwernich.jpg",847,476,false],"covernews-slider-center":["https:\/\/infoecos.com.ar\/wp-content\/uploads\/2021\/10\/vonwernich.jpg",800,450,false],"covernews-featured":["https:\/\/infoecos.com.ar\/wp-content\/uploads\/2021\/10\/vonwernich.jpg",847,476,false],"covernews-medium":["https:\/\/infoecos.com.ar\/wp-content\/uploads\/2021\/10\/vonwernich-720x380.jpg",540,285,true],"covernews-medium-square":["https:\/\/infoecos.com.ar\/wp-content\/uploads\/2021\/10\/vonwernich-675x450.jpg",375,250,true]},"author_info":{"info":["Jorge Matheus"]},"category_info":"<a href=\"https:\/\/infoecos.com.ar\/index.php\/category\/c2nota4\/\" rel=\"category tag\">C2 N4<\/a>","tag_info":"C2 N4","comment_count":"0","_links":{"self":[{"href":"https:\/\/infoecos.com.ar\/index.php\/wp-json\/wp\/v2\/posts\/87847","targetHints":{"allow":["GET"]}}],"collection":[{"href":"https:\/\/infoecos.com.ar\/index.php\/wp-json\/wp\/v2\/posts"}],"about":[{"href":"https:\/\/infoecos.com.ar\/index.php\/wp-json\/wp\/v2\/types\/post"}],"author":[{"embeddable":true,"href":"https:\/\/infoecos.com.ar\/index.php\/wp-json\/wp\/v2\/users\/2"}],"replies":[{"embeddable":true,"href":"https:\/\/infoecos.com.ar\/index.php\/wp-json\/wp\/v2\/comments?post=87847"}],"version-history":[{"count":2,"href":"https:\/\/infoecos.com.ar\/index.php\/wp-json\/wp\/v2\/posts\/87847\/revisions"}],"predecessor-version":[{"id":87851,"href":"https:\/\/infoecos.com.ar\/index.php\/wp-json\/wp\/v2\/posts\/87847\/revisions\/87851"}],"wp:featuredmedia":[{"embeddable":true,"href":"https:\/\/infoecos.com.ar\/index.php\/wp-json\/wp\/v2\/media\/87848"}],"wp:attachment":[{"href":"https:\/\/infoecos.com.ar\/index.php\/wp-json\/wp\/v2\/media?parent=87847"}],"wp:term":[{"taxonomy":"category","embeddable":true,"href":"https:\/\/infoecos.com.ar\/index.php\/wp-json\/wp\/v2\/categories?post=87847"},{"taxonomy":"post_tag","embeddable":true,"href":"https:\/\/infoecos.com.ar\/index.php\/wp-json\/wp\/v2\/tags?post=87847"}],"curies":[{"name":"wp","href":"https:\/\/api.w.org\/{rel}","templated":true}]}}