{"id":87856,"date":"2021-10-09T08:13:08","date_gmt":"2021-10-09T11:13:08","guid":{"rendered":"http:\/\/infoecos.com.ar\/?p=87856"},"modified":"2021-10-13T06:27:41","modified_gmt":"2021-10-13T09:27:41","slug":"los-dias-23-y-24-de-octubre-se-realizara-la-la-12a-edicion-de-la-fiesta-provincial-del-automovilismo","status":"publish","type":"post","link":"https:\/\/infoecos.com.ar\/index.php\/los-dias-23-y-24-de-octubre-se-realizara-la-la-12a-edicion-de-la-fiesta-provincial-del-automovilismo\/","title":{"rendered":"Los d\u00edas 23 y 24 de octubre se realizar\u00e1 la la 12\u00aa edici\u00f3n de la Fiesta Provincial del Automovilismo"},"content":{"rendered":"\n<p class=\"wp-block-paragraph\">La presentaci\u00f3n fue encabezada por el intendente de Arrecifes, Javier Olaeta, quien estuvo acompa\u00f1ado por el presidente del Arrecifes Autom\u00f3vil Club, Daniel Alberti; el director de Turismo, Guillermo Di Giovanni; el presidente de la C\u00e1mara de Comercio e Industria, Ricardo Zerda; la directora de Cultura, Stella Arzuaga y el secretario de Producci\u00f3n, Javier Bra\u00f1a.<\/p>\n\n\n\n<div class=\"wp-block-image\"><figure class=\"aligncenter size-medium\"><img loading=\"lazy\" decoding=\"async\" width=\"460\" height=\"259\" src=\"http:\/\/infoecos.com.ar\/wp-content\/uploads\/2021\/10\/arrecifesfiestaauto-460x259.jpg\" alt=\"\" class=\"wp-image-87857\" srcset=\"https:\/\/infoecos.com.ar\/wp-content\/uploads\/2021\/10\/arrecifesfiestaauto-460x259.jpg 460w, https:\/\/infoecos.com.ar\/wp-content\/uploads\/2021\/10\/arrecifesfiestaauto-768x433.jpg 768w, https:\/\/infoecos.com.ar\/wp-content\/uploads\/2021\/10\/arrecifesfiestaauto.jpg 800w\" sizes=\"auto, (max-width: 460px) 100vw, 460px\" \/><\/figure><\/div>\n\n\n\n<p class=\"wp-block-paragraph\">Seg\u00fan consigna <strong>El Pergaminense<\/strong>, entre las principales novedades anunciadas para esta nueva edici\u00f3n, se resalt\u00f3 que habr\u00e1 mayor tiempo de actividad en pista con autos de todas las categor\u00edas zonales y nacionales girando, el compromiso de la C\u00e1mara de Comercio e Industria de participar activamente de esta fiesta, y brindar a quienes lleguen a visitarla atracciones gratuitas para todas las edades y shows en vivo.<\/p>\n\n\n\n<p class=\"wp-block-paragraph\">Cerrar\u00e1 la jornada de domingo con la presencia de un n\u00famero musical de primer nivel, para el que se est\u00e1n ultimando detalles antes de realizar su anuncio.<\/p>\n\n\n\n<p class=\"wp-block-paragraph\"><strong>Fuente: infogei.com<\/strong><\/p>\n","protected":false},"excerpt":{"rendered":"<p>La presentaci\u00f3n fue encabezada por el intendente de Arrecifes, Javier Olaeta, quien estuvo acompa\u00f1ado por&#8230;<\/p>\n","protected":false},"author":2,"featured_media":87857,"comment_status":"closed","ping_status":"open","sticky":false,"template":"","format":"standard","meta":{"footnotes":""},"categories":[200],"tags":[5411],"class_list":["post-87856","post","type-post","status-publish","format-standard","has-post-thumbnail","hentry","category-inferior8","tag-en-la-cuna-de-campeones-arrecifes"],"featured_image_urls":{"full":["https:\/\/infoecos.com.ar\/wp-content\/uploads\/2021\/10\/arrecifesfiestaauto.jpg",800,451,false],"thumbnail":["https:\/\/infoecos.com.ar\/wp-content\/uploads\/2021\/10\/arrecifesfiestaauto-150x150.jpg",150,150,true],"medium":["https:\/\/infoecos.com.ar\/wp-content\/uploads\/2021\/10\/arrecifesfiestaauto-460x259.jpg",460,259,true],"medium_large":["https:\/\/infoecos.com.ar\/wp-content\/uploads\/2021\/10\/arrecifesfiestaauto-768x433.jpg",640,361,true],"large":["https:\/\/infoecos.com.ar\/wp-content\/uploads\/2021\/10\/arrecifesfiestaauto.jpg",640,361,false],"1536x1536":["https:\/\/infoecos.com.ar\/wp-content\/uploads\/2021\/10\/arrecifesfiestaauto.jpg",800,451,false],"2048x2048":["https:\/\/infoecos.com.ar\/wp-content\/uploads\/2021\/10\/arrecifesfiestaauto.jpg",800,451,false],"covernews-slider-full":["https:\/\/infoecos.com.ar\/wp-content\/uploads\/2021\/10\/arrecifesfiestaauto.jpg",800,451,false],"covernews-slider-center":["https:\/\/infoecos.com.ar\/wp-content\/uploads\/2021\/10\/arrecifesfiestaauto.jpg",800,451,false],"covernews-featured":["https:\/\/infoecos.com.ar\/wp-content\/uploads\/2021\/10\/arrecifesfiestaauto.jpg",800,451,false],"covernews-medium":["https:\/\/infoecos.com.ar\/wp-content\/uploads\/2021\/10\/arrecifesfiestaauto-720x380.jpg",540,285,true],"covernews-medium-square":["https:\/\/infoecos.com.ar\/wp-content\/uploads\/2021\/10\/arrecifesfiestaauto-675x450.jpg",375,250,true]},"author_info":{"info":["Jorge Matheus"]},"category_info":"<a href=\"https:\/\/infoecos.com.ar\/index.php\/category\/inferior8\/\" rel=\"category tag\">Bloque inferior - 8<\/a>","tag_info":"Bloque inferior - 8","comment_count":"0","_links":{"self":[{"href":"https:\/\/infoecos.com.ar\/index.php\/wp-json\/wp\/v2\/posts\/87856","targetHints":{"allow":["GET"]}}],"collection":[{"href":"https:\/\/infoecos.com.ar\/index.php\/wp-json\/wp\/v2\/posts"}],"about":[{"href":"https:\/\/infoecos.com.ar\/index.php\/wp-json\/wp\/v2\/types\/post"}],"author":[{"embeddable":true,"href":"https:\/\/infoecos.com.ar\/index.php\/wp-json\/wp\/v2\/users\/2"}],"replies":[{"embeddable":true,"href":"https:\/\/infoecos.com.ar\/index.php\/wp-json\/wp\/v2\/comments?post=87856"}],"version-history":[{"count":2,"href":"https:\/\/infoecos.com.ar\/index.php\/wp-json\/wp\/v2\/posts\/87856\/revisions"}],"predecessor-version":[{"id":87860,"href":"https:\/\/infoecos.com.ar\/index.php\/wp-json\/wp\/v2\/posts\/87856\/revisions\/87860"}],"wp:featuredmedia":[{"embeddable":true,"href":"https:\/\/infoecos.com.ar\/index.php\/wp-json\/wp\/v2\/media\/87857"}],"wp:attachment":[{"href":"https:\/\/infoecos.com.ar\/index.php\/wp-json\/wp\/v2\/media?parent=87856"}],"wp:term":[{"taxonomy":"category","embeddable":true,"href":"https:\/\/infoecos.com.ar\/index.php\/wp-json\/wp\/v2\/categories?post=87856"},{"taxonomy":"post_tag","embeddable":true,"href":"https:\/\/infoecos.com.ar\/index.php\/wp-json\/wp\/v2\/tags?post=87856"}],"curies":[{"name":"wp","href":"https:\/\/api.w.org\/{rel}","templated":true}]}}