{"id":87869,"date":"2021-10-09T08:59:00","date_gmt":"2021-10-09T11:59:00","guid":{"rendered":"http:\/\/infoecos.com.ar\/?p=87869"},"modified":"2021-10-13T06:26:49","modified_gmt":"2021-10-13T09:26:49","slug":"en-a-exposicion-rural-de-coronel-suarez-la-cabana-la-bellaca-gano-el-primer-campeon-macho-aberdeen-angus","status":"publish","type":"post","link":"https:\/\/infoecos.com.ar\/index.php\/en-a-exposicion-rural-de-coronel-suarez-la-cabana-la-bellaca-gano-el-primer-campeon-macho-aberdeen-angus\/","title":{"rendered":"En la Exposici\u00f3n Rural de Coronel Su\u00e1rez la caba\u00f1a \u00abLa Bellaca\u00bb gan\u00f3 el primer campe\u00f3n macho Aberdeen Angus"},"content":{"rendered":"\n<h5 class=\"wp-block-heading\">Este viernes se llev\u00f3 a cabo la Jura de la 102 edici\u00f3n de la Exposici\u00f3n Rural de Coronel Su\u00e1rez.<\/h5>\n\n\n\n<h5 class=\"wp-block-heading\"><strong>Fueron 15 las caba\u00f1as participantes. La Bellaca de Salliquel\u00f3 gan\u00f3 el primer campe\u00f3n masculino Aberdeen Angus, mientras que el gran campe\u00f3n macho puro de pedigree&nbsp; fue la caba\u00f1a \u201cAnteojito\u201d de Sucesores de Juan Luis Guisilieri.<\/strong><\/h5>\n\n\n\n<div class=\"wp-block-image\"><figure class=\"aligncenter size-medium\"><img loading=\"lazy\" decoding=\"async\" width=\"460\" height=\"259\" src=\"http:\/\/infoecos.com.ar\/wp-content\/uploads\/2021\/10\/Jura-1-460x259.jpeg\" alt=\"\" class=\"wp-image-87870\" srcset=\"https:\/\/infoecos.com.ar\/wp-content\/uploads\/2021\/10\/Jura-1-460x259.jpeg 460w, https:\/\/infoecos.com.ar\/wp-content\/uploads\/2021\/10\/Jura-1-920x517.jpeg 920w, https:\/\/infoecos.com.ar\/wp-content\/uploads\/2021\/10\/Jura-1-768x432.jpeg 768w, https:\/\/infoecos.com.ar\/wp-content\/uploads\/2021\/10\/Jura-1-1536x864.jpeg 1536w, https:\/\/infoecos.com.ar\/wp-content\/uploads\/2021\/10\/Jura-1-1024x576.jpeg 1024w, https:\/\/infoecos.com.ar\/wp-content\/uploads\/2021\/10\/Jura-1.jpeg 1599w\" sizes=\"(max-width: 460px) 100vw, 460px\" \/><\/figure><\/div>\n\n\n\n<p>Con una muestra que este a\u00f1o ser\u00e1 solo ganadera debido a las restricciones por la pandemia, este viernes se llev\u00f3 a cabo la jura de los grandes campeones de la 102\u00aa Exposici\u00f3n Ganadera de Coronel Su\u00e1rez, organizada por la Sociedad Rural local.<\/p>\n\n\n\n<p>El evento comenz\u00f3 a las 14, con ejemplares bovinos Aberdeen Angus y Polled Hereford, y ovinos Corriedale y Hampshire Down. Las ventas, en tanto, se desarrollar\u00e1n hoy desde las 10, a cargo de la firma Saenz Valiente, Bullrich y C\u00eda. La exposici\u00f3n cuenta con el patrocinio del Circuito Angus Bonaerense, la Asociaci\u00f3n Argentina de Criadores de Hereford y la Asociaci\u00f3n Argentina de Criadores de Corriedale.<\/p>\n","protected":false},"excerpt":{"rendered":"<p>Este viernes se llev\u00f3 a cabo la Jura de la 102 edici\u00f3n de la Exposici\u00f3n&#8230;<\/p>\n","protected":false},"author":2,"featured_media":87870,"comment_status":"closed","ping_status":"open","sticky":false,"template":"","format":"standard","meta":{"footnotes":""},"categories":[26],"tags":[5414],"class_list":["post-87869","post","type-post","status-publish","format-standard","has-post-thumbnail","hentry","category-inferior6","tag-solo-ganadera"],"yoast_head":"<!-- This site is optimized with the Yoast SEO plugin v23.4 - https:\/\/yoast.com\/wordpress\/plugins\/seo\/ -->\n<title>En la Exposici\u00f3n Rural de Coronel Su\u00e1rez la caba\u00f1a &quot;La Bellaca&quot; gan\u00f3 el primer campe\u00f3n macho Aberdeen Angus - Infoecos<\/title>\n<meta name=\"robots\" content=\"index, follow, max-snippet:-1, max-image-preview:large, max-video-preview:-1\" \/>\n<link rel=\"canonical\" href=\"https:\/\/infoecos.com.ar\/index.php\/en-a-exposicion-rural-de-coronel-suarez-la-cabana-la-bellaca-gano-el-primer-campeon-macho-aberdeen-angus\/\" \/>\n<meta property=\"og:locale\" content=\"es_ES\" \/>\n<meta property=\"og:type\" content=\"article\" \/>\n<meta property=\"og:title\" content=\"En la Exposici\u00f3n Rural de Coronel Su\u00e1rez la caba\u00f1a &quot;La Bellaca&quot; gan\u00f3 el primer campe\u00f3n macho Aberdeen Angus - Infoecos\" \/>\n<meta property=\"og:description\" content=\"Este viernes se llev\u00f3 a cabo la Jura de la 102 edici\u00f3n de la Exposici\u00f3n...\" \/>\n<meta property=\"og:url\" content=\"https:\/\/infoecos.com.ar\/index.php\/en-a-exposicion-rural-de-coronel-suarez-la-cabana-la-bellaca-gano-el-primer-campeon-macho-aberdeen-angus\/\" \/>\n<meta property=\"og:site_name\" content=\"Infoecos\" \/>\n<meta property=\"article:publisher\" content=\"https:\/\/www.facebook.com\/profile.php?id=100063200290284\" \/>\n<meta property=\"article:published_time\" content=\"2021-10-09T11:59:00+00:00\" \/>\n<meta property=\"article:modified_time\" content=\"2021-10-13T09:26:49+00:00\" \/>\n<meta property=\"og:image\" content=\"https:\/\/infoecos.com.ar\/wp-content\/uploads\/2021\/10\/Jura-1.jpeg\" \/>\n\t<meta property=\"og:image:width\" content=\"1599\" \/>\n\t<meta property=\"og:image:height\" content=\"899\" \/>\n\t<meta property=\"og:image:type\" content=\"image\/jpeg\" \/>\n<meta name=\"author\" content=\"Jorge Matheus\" \/>\n<meta name=\"twitter:card\" content=\"summary_large_image\" \/>\n<meta name=\"twitter:creator\" content=\"@infoecos\" \/>\n<meta name=\"twitter:site\" content=\"@infoecos\" \/>\n<meta name=\"twitter:label1\" content=\"Escrito por\" \/>\n\t<meta name=\"twitter:data1\" content=\"Jorge Matheus\" \/>\n\t<meta name=\"twitter:label2\" content=\"Tiempo de lectura\" \/>\n\t<meta name=\"twitter:data2\" content=\"1 minuto\" \/>\n<script type=\"application\/ld+json\" class=\"yoast-schema-graph\">{\"@context\":\"https:\/\/schema.org\",\"@graph\":[{\"@type\":\"Article\",\"@id\":\"https:\/\/infoecos.com.ar\/index.php\/en-a-exposicion-rural-de-coronel-suarez-la-cabana-la-bellaca-gano-el-primer-campeon-macho-aberdeen-angus\/#article\",\"isPartOf\":{\"@id\":\"https:\/\/infoecos.com.ar\/index.php\/en-a-exposicion-rural-de-coronel-suarez-la-cabana-la-bellaca-gano-el-primer-campeon-macho-aberdeen-angus\/\"},\"author\":{\"name\":\"Jorge Matheus\",\"@id\":\"https:\/\/infoecos.com.ar\/#\/schema\/person\/8f5ace5ce73b4b4aac4b7245aee6f191\"},\"headline\":\"En la Exposici\u00f3n Rural de Coronel Su\u00e1rez la caba\u00f1a \u00abLa Bellaca\u00bb gan\u00f3 el primer campe\u00f3n macho Aberdeen Angus\",\"datePublished\":\"2021-10-09T11:59:00+00:00\",\"dateModified\":\"2021-10-13T09:26:49+00:00\",\"mainEntityOfPage\":{\"@id\":\"https:\/\/infoecos.com.ar\/index.php\/en-a-exposicion-rural-de-coronel-suarez-la-cabana-la-bellaca-gano-el-primer-campeon-macho-aberdeen-angus\/\"},\"wordCount\":194,\"publisher\":{\"@id\":\"https:\/\/infoecos.com.ar\/#organization\"},\"image\":{\"@id\":\"https:\/\/infoecos.com.ar\/index.php\/en-a-exposicion-rural-de-coronel-suarez-la-cabana-la-bellaca-gano-el-primer-campeon-macho-aberdeen-angus\/#primaryimage\"},\"thumbnailUrl\":\"https:\/\/infoecos.com.ar\/wp-content\/uploads\/2021\/10\/Jura-1.jpeg\",\"keywords\":[\"SOLO GANADERA\"],\"articleSection\":[\"Bloque inferior - 6\"],\"inLanguage\":\"es\"},{\"@type\":\"WebPage\",\"@id\":\"https:\/\/infoecos.com.ar\/index.php\/en-a-exposicion-rural-de-coronel-suarez-la-cabana-la-bellaca-gano-el-primer-campeon-macho-aberdeen-angus\/\",\"url\":\"https:\/\/infoecos.com.ar\/index.php\/en-a-exposicion-rural-de-coronel-suarez-la-cabana-la-bellaca-gano-el-primer-campeon-macho-aberdeen-angus\/\",\"name\":\"En la Exposici\u00f3n Rural de Coronel Su\u00e1rez la caba\u00f1a \\\"La Bellaca\\\" gan\u00f3 el primer campe\u00f3n macho Aberdeen Angus - Infoecos\",\"isPartOf\":{\"@id\":\"https:\/\/infoecos.com.ar\/#website\"},\"primaryImageOfPage\":{\"@id\":\"https:\/\/infoecos.com.ar\/index.php\/en-a-exposicion-rural-de-coronel-suarez-la-cabana-la-bellaca-gano-el-primer-campeon-macho-aberdeen-angus\/#primaryimage\"},\"image\":{\"@id\":\"https:\/\/infoecos.com.ar\/index.php\/en-a-exposicion-rural-de-coronel-suarez-la-cabana-la-bellaca-gano-el-primer-campeon-macho-aberdeen-angus\/#primaryimage\"},\"thumbnailUrl\":\"https:\/\/infoecos.com.ar\/wp-content\/uploads\/2021\/10\/Jura-1.jpeg\",\"datePublished\":\"2021-10-09T11:59:00+00:00\",\"dateModified\":\"2021-10-13T09:26:49+00:00\",\"breadcrumb\":{\"@id\":\"https:\/\/infoecos.com.ar\/index.php\/en-a-exposicion-rural-de-coronel-suarez-la-cabana-la-bellaca-gano-el-primer-campeon-macho-aberdeen-angus\/#breadcrumb\"},\"inLanguage\":\"es\",\"potentialAction\":[{\"@type\":\"ReadAction\",\"target\":[\"https:\/\/infoecos.com.ar\/index.php\/en-a-exposicion-rural-de-coronel-suarez-la-cabana-la-bellaca-gano-el-primer-campeon-macho-aberdeen-angus\/\"]}]},{\"@type\":\"ImageObject\",\"inLanguage\":\"es\",\"@id\":\"https:\/\/infoecos.com.ar\/index.php\/en-a-exposicion-rural-de-coronel-suarez-la-cabana-la-bellaca-gano-el-primer-campeon-macho-aberdeen-angus\/#primaryimage\",\"url\":\"https:\/\/infoecos.com.ar\/wp-content\/uploads\/2021\/10\/Jura-1.jpeg\",\"contentUrl\":\"https:\/\/infoecos.com.ar\/wp-content\/uploads\/2021\/10\/Jura-1.jpeg\",\"width\":1599,\"height\":899},{\"@type\":\"BreadcrumbList\",\"@id\":\"https:\/\/infoecos.com.ar\/index.php\/en-a-exposicion-rural-de-coronel-suarez-la-cabana-la-bellaca-gano-el-primer-campeon-macho-aberdeen-angus\/#breadcrumb\",\"itemListElement\":[{\"@type\":\"ListItem\",\"position\":1,\"name\":\"Portada\",\"item\":\"https:\/\/infoecos.com.ar\/\"},{\"@type\":\"ListItem\",\"position\":2,\"name\":\"En la Exposici\u00f3n Rural de Coronel Su\u00e1rez la caba\u00f1a \u00abLa Bellaca\u00bb gan\u00f3 el primer campe\u00f3n macho Aberdeen Angus\"}]},{\"@type\":\"WebSite\",\"@id\":\"https:\/\/infoecos.com.ar\/#website\",\"url\":\"https:\/\/infoecos.com.ar\/\",\"name\":\"Infoecos\",\"description\":\"Noticias de trenque lauquen y la zona\",\"publisher\":{\"@id\":\"https:\/\/infoecos.com.ar\/#organization\"},\"alternateName\":\"Noticias\",\"potentialAction\":[{\"@type\":\"SearchAction\",\"target\":{\"@type\":\"EntryPoint\",\"urlTemplate\":\"https:\/\/infoecos.com.ar\/?s={search_term_string}\"},\"query-input\":{\"@type\":\"PropertyValueSpecification\",\"valueRequired\":true,\"valueName\":\"search_term_string\"}}],\"inLanguage\":\"es\"},{\"@type\":\"Organization\",\"@id\":\"https:\/\/infoecos.com.ar\/#organization\",\"name\":\"Infoecos\",\"alternateName\":\"Noticias\",\"url\":\"https:\/\/infoecos.com.ar\/\",\"logo\":{\"@type\":\"ImageObject\",\"inLanguage\":\"es\",\"@id\":\"https:\/\/infoecos.com.ar\/#\/schema\/logo\/image\/\",\"url\":\"https:\/\/infoecos.com.ar\/wp-content\/uploads\/2024\/03\/cropped-logo.png\",\"contentUrl\":\"https:\/\/infoecos.com.ar\/wp-content\/uploads\/2024\/03\/cropped-logo.png\",\"width\":374,\"height\":90,\"caption\":\"Infoecos\"},\"image\":{\"@id\":\"https:\/\/infoecos.com.ar\/#\/schema\/logo\/image\/\"},\"sameAs\":[\"https:\/\/www.facebook.com\/profile.php?id=100063200290284\",\"https:\/\/x.com\/infoecos\"]},{\"@type\":\"Person\",\"@id\":\"https:\/\/infoecos.com.ar\/#\/schema\/person\/8f5ace5ce73b4b4aac4b7245aee6f191\",\"name\":\"Jorge Matheus\",\"url\":\"https:\/\/infoecos.com.ar\/index.php\/author\/jomatheus\/\"}]}<\/script>\n<!-- \/ Yoast SEO plugin. -->","yoast_head_json":{"title":"En la Exposici\u00f3n Rural de Coronel Su\u00e1rez la caba\u00f1a \"La Bellaca\" gan\u00f3 el primer campe\u00f3n macho Aberdeen Angus - Infoecos","robots":{"index":"index","follow":"follow","max-snippet":"max-snippet:-1","max-image-preview":"max-image-preview:large","max-video-preview":"max-video-preview:-1"},"canonical":"https:\/\/infoecos.com.ar\/index.php\/en-a-exposicion-rural-de-coronel-suarez-la-cabana-la-bellaca-gano-el-primer-campeon-macho-aberdeen-angus\/","og_locale":"es_ES","og_type":"article","og_title":"En la Exposici\u00f3n Rural de Coronel Su\u00e1rez la caba\u00f1a \"La Bellaca\" gan\u00f3 el primer campe\u00f3n macho Aberdeen Angus - Infoecos","og_description":"Este viernes se llev\u00f3 a cabo la Jura de la 102 edici\u00f3n de la Exposici\u00f3n...","og_url":"https:\/\/infoecos.com.ar\/index.php\/en-a-exposicion-rural-de-coronel-suarez-la-cabana-la-bellaca-gano-el-primer-campeon-macho-aberdeen-angus\/","og_site_name":"Infoecos","article_publisher":"https:\/\/www.facebook.com\/profile.php?id=100063200290284","article_published_time":"2021-10-09T11:59:00+00:00","article_modified_time":"2021-10-13T09:26:49+00:00","og_image":[{"width":1599,"height":899,"url":"https:\/\/infoecos.com.ar\/wp-content\/uploads\/2021\/10\/Jura-1.jpeg","type":"image\/jpeg"}],"author":"Jorge Matheus","twitter_card":"summary_large_image","twitter_creator":"@infoecos","twitter_site":"@infoecos","twitter_misc":{"Escrito por":"Jorge Matheus","Tiempo de lectura":"1 minuto"},"schema":{"@context":"https:\/\/schema.org","@graph":[{"@type":"Article","@id":"https:\/\/infoecos.com.ar\/index.php\/en-a-exposicion-rural-de-coronel-suarez-la-cabana-la-bellaca-gano-el-primer-campeon-macho-aberdeen-angus\/#article","isPartOf":{"@id":"https:\/\/infoecos.com.ar\/index.php\/en-a-exposicion-rural-de-coronel-suarez-la-cabana-la-bellaca-gano-el-primer-campeon-macho-aberdeen-angus\/"},"author":{"name":"Jorge Matheus","@id":"https:\/\/infoecos.com.ar\/#\/schema\/person\/8f5ace5ce73b4b4aac4b7245aee6f191"},"headline":"En la Exposici\u00f3n Rural de Coronel Su\u00e1rez la caba\u00f1a \u00abLa Bellaca\u00bb gan\u00f3 el primer campe\u00f3n macho Aberdeen Angus","datePublished":"2021-10-09T11:59:00+00:00","dateModified":"2021-10-13T09:26:49+00:00","mainEntityOfPage":{"@id":"https:\/\/infoecos.com.ar\/index.php\/en-a-exposicion-rural-de-coronel-suarez-la-cabana-la-bellaca-gano-el-primer-campeon-macho-aberdeen-angus\/"},"wordCount":194,"publisher":{"@id":"https:\/\/infoecos.com.ar\/#organization"},"image":{"@id":"https:\/\/infoecos.com.ar\/index.php\/en-a-exposicion-rural-de-coronel-suarez-la-cabana-la-bellaca-gano-el-primer-campeon-macho-aberdeen-angus\/#primaryimage"},"thumbnailUrl":"https:\/\/infoecos.com.ar\/wp-content\/uploads\/2021\/10\/Jura-1.jpeg","keywords":["SOLO GANADERA"],"articleSection":["Bloque inferior - 6"],"inLanguage":"es"},{"@type":"WebPage","@id":"https:\/\/infoecos.com.ar\/index.php\/en-a-exposicion-rural-de-coronel-suarez-la-cabana-la-bellaca-gano-el-primer-campeon-macho-aberdeen-angus\/","url":"https:\/\/infoecos.com.ar\/index.php\/en-a-exposicion-rural-de-coronel-suarez-la-cabana-la-bellaca-gano-el-primer-campeon-macho-aberdeen-angus\/","name":"En la Exposici\u00f3n Rural de Coronel Su\u00e1rez la caba\u00f1a \"La Bellaca\" gan\u00f3 el primer campe\u00f3n macho Aberdeen Angus - Infoecos","isPartOf":{"@id":"https:\/\/infoecos.com.ar\/#website"},"primaryImageOfPage":{"@id":"https:\/\/infoecos.com.ar\/index.php\/en-a-exposicion-rural-de-coronel-suarez-la-cabana-la-bellaca-gano-el-primer-campeon-macho-aberdeen-angus\/#primaryimage"},"image":{"@id":"https:\/\/infoecos.com.ar\/index.php\/en-a-exposicion-rural-de-coronel-suarez-la-cabana-la-bellaca-gano-el-primer-campeon-macho-aberdeen-angus\/#primaryimage"},"thumbnailUrl":"https:\/\/infoecos.com.ar\/wp-content\/uploads\/2021\/10\/Jura-1.jpeg","datePublished":"2021-10-09T11:59:00+00:00","dateModified":"2021-10-13T09:26:49+00:00","breadcrumb":{"@id":"https:\/\/infoecos.com.ar\/index.php\/en-a-exposicion-rural-de-coronel-suarez-la-cabana-la-bellaca-gano-el-primer-campeon-macho-aberdeen-angus\/#breadcrumb"},"inLanguage":"es","potentialAction":[{"@type":"ReadAction","target":["https:\/\/infoecos.com.ar\/index.php\/en-a-exposicion-rural-de-coronel-suarez-la-cabana-la-bellaca-gano-el-primer-campeon-macho-aberdeen-angus\/"]}]},{"@type":"ImageObject","inLanguage":"es","@id":"https:\/\/infoecos.com.ar\/index.php\/en-a-exposicion-rural-de-coronel-suarez-la-cabana-la-bellaca-gano-el-primer-campeon-macho-aberdeen-angus\/#primaryimage","url":"https:\/\/infoecos.com.ar\/wp-content\/uploads\/2021\/10\/Jura-1.jpeg","contentUrl":"https:\/\/infoecos.com.ar\/wp-content\/uploads\/2021\/10\/Jura-1.jpeg","width":1599,"height":899},{"@type":"BreadcrumbList","@id":"https:\/\/infoecos.com.ar\/index.php\/en-a-exposicion-rural-de-coronel-suarez-la-cabana-la-bellaca-gano-el-primer-campeon-macho-aberdeen-angus\/#breadcrumb","itemListElement":[{"@type":"ListItem","position":1,"name":"Portada","item":"https:\/\/infoecos.com.ar\/"},{"@type":"ListItem","position":2,"name":"En la Exposici\u00f3n Rural de Coronel Su\u00e1rez la caba\u00f1a \u00abLa Bellaca\u00bb gan\u00f3 el primer campe\u00f3n macho Aberdeen Angus"}]},{"@type":"WebSite","@id":"https:\/\/infoecos.com.ar\/#website","url":"https:\/\/infoecos.com.ar\/","name":"Infoecos","description":"Noticias de trenque lauquen y la zona","publisher":{"@id":"https:\/\/infoecos.com.ar\/#organization"},"alternateName":"Noticias","potentialAction":[{"@type":"SearchAction","target":{"@type":"EntryPoint","urlTemplate":"https:\/\/infoecos.com.ar\/?s={search_term_string}"},"query-input":{"@type":"PropertyValueSpecification","valueRequired":true,"valueName":"search_term_string"}}],"inLanguage":"es"},{"@type":"Organization","@id":"https:\/\/infoecos.com.ar\/#organization","name":"Infoecos","alternateName":"Noticias","url":"https:\/\/infoecos.com.ar\/","logo":{"@type":"ImageObject","inLanguage":"es","@id":"https:\/\/infoecos.com.ar\/#\/schema\/logo\/image\/","url":"https:\/\/infoecos.com.ar\/wp-content\/uploads\/2024\/03\/cropped-logo.png","contentUrl":"https:\/\/infoecos.com.ar\/wp-content\/uploads\/2024\/03\/cropped-logo.png","width":374,"height":90,"caption":"Infoecos"},"image":{"@id":"https:\/\/infoecos.com.ar\/#\/schema\/logo\/image\/"},"sameAs":["https:\/\/www.facebook.com\/profile.php?id=100063200290284","https:\/\/x.com\/infoecos"]},{"@type":"Person","@id":"https:\/\/infoecos.com.ar\/#\/schema\/person\/8f5ace5ce73b4b4aac4b7245aee6f191","name":"Jorge Matheus","url":"https:\/\/infoecos.com.ar\/index.php\/author\/jomatheus\/"}]}},"featured_image_urls":{"full":["https:\/\/infoecos.com.ar\/wp-content\/uploads\/2021\/10\/Jura-1.jpeg",1599,899,false],"thumbnail":["https:\/\/infoecos.com.ar\/wp-content\/uploads\/2021\/10\/Jura-1-150x150.jpeg",150,150,true],"medium":["https:\/\/infoecos.com.ar\/wp-content\/uploads\/2021\/10\/Jura-1-460x259.jpeg",460,259,true],"medium_large":["https:\/\/infoecos.com.ar\/wp-content\/uploads\/2021\/10\/Jura-1-768x432.jpeg",640,360,true],"large":["https:\/\/infoecos.com.ar\/wp-content\/uploads\/2021\/10\/Jura-1-920x517.jpeg",640,360,true],"1536x1536":["https:\/\/infoecos.com.ar\/wp-content\/uploads\/2021\/10\/Jura-1-1536x864.jpeg",1536,864,true],"2048x2048":["https:\/\/infoecos.com.ar\/wp-content\/uploads\/2021\/10\/Jura-1.jpeg",1599,899,false],"covernews-slider-full":["https:\/\/infoecos.com.ar\/wp-content\/uploads\/2021\/10\/Jura-1-1536x899.jpeg",1115,653,true],"covernews-slider-center":["https:\/\/infoecos.com.ar\/wp-content\/uploads\/2021\/10\/Jura-1-936x897.jpeg",522,500,true],"covernews-featured":["https:\/\/infoecos.com.ar\/wp-content\/uploads\/2021\/10\/Jura-1-1024x576.jpeg",1024,576,true],"covernews-medium":["https:\/\/infoecos.com.ar\/wp-content\/uploads\/2021\/10\/Jura-1-720x380.jpeg",540,285,true],"covernews-medium-square":["https:\/\/infoecos.com.ar\/wp-content\/uploads\/2021\/10\/Jura-1-675x450.jpeg",375,250,true]},"author_info":{"info":["Jorge Matheus"]},"category_info":"<a href=\"https:\/\/infoecos.com.ar\/index.php\/category\/inferior6\/\" rel=\"category tag\">Bloque inferior - 6<\/a>","tag_info":"Bloque inferior - 6","comment_count":"0","_links":{"self":[{"href":"https:\/\/infoecos.com.ar\/index.php\/wp-json\/wp\/v2\/posts\/87869"}],"collection":[{"href":"https:\/\/infoecos.com.ar\/index.php\/wp-json\/wp\/v2\/posts"}],"about":[{"href":"https:\/\/infoecos.com.ar\/index.php\/wp-json\/wp\/v2\/types\/post"}],"author":[{"embeddable":true,"href":"https:\/\/infoecos.com.ar\/index.php\/wp-json\/wp\/v2\/users\/2"}],"replies":[{"embeddable":true,"href":"https:\/\/infoecos.com.ar\/index.php\/wp-json\/wp\/v2\/comments?post=87869"}],"version-history":[{"count":2,"href":"https:\/\/infoecos.com.ar\/index.php\/wp-json\/wp\/v2\/posts\/87869\/revisions"}],"predecessor-version":[{"id":87895,"href":"https:\/\/infoecos.com.ar\/index.php\/wp-json\/wp\/v2\/posts\/87869\/revisions\/87895"}],"wp:featuredmedia":[{"embeddable":true,"href":"https:\/\/infoecos.com.ar\/index.php\/wp-json\/wp\/v2\/media\/87870"}],"wp:attachment":[{"href":"https:\/\/infoecos.com.ar\/index.php\/wp-json\/wp\/v2\/media?parent=87869"}],"wp:term":[{"taxonomy":"category","embeddable":true,"href":"https:\/\/infoecos.com.ar\/index.php\/wp-json\/wp\/v2\/categories?post=87869"},{"taxonomy":"post_tag","embeddable":true,"href":"https:\/\/infoecos.com.ar\/index.php\/wp-json\/wp\/v2\/tags?post=87869"}],"curies":[{"name":"wp","href":"https:\/\/api.w.org\/{rel}","templated":true}]}}