{"id":87970,"date":"2021-10-13T04:45:12","date_gmt":"2021-10-13T07:45:12","guid":{"rendered":"http:\/\/infoecos.com.ar\/?p=87970"},"modified":"2021-10-13T04:46:46","modified_gmt":"2021-10-13T07:46:46","slug":"reconocimiento-para-la-oficial-evangelina-erro-y-el-subteniente-andres-uriarte-de-la-policia-de-trenque-lauquen","status":"publish","type":"post","link":"https:\/\/infoecos.com.ar\/index.php\/reconocimiento-para-la-oficial-evangelina-erro-y-el-subteniente-andres-uriarte-de-la-policia-de-trenque-lauquen\/","title":{"rendered":"Reconocimiento para Evangelina Erro, y Andr\u00e9s Uriarte, de la Polic\u00eda de Trenque Lauquen"},"content":{"rendered":"\n<p class=\"wp-block-paragraph\">La \u00abUni\u00f3n de Asociaciones Sanmartinianas\u00bb distingui\u00f3 con un Diploma de Honor a los efectivos policiales de la Comisar\u00eda 1ra. de Trenque Lauquen, Subteniente Andr\u00e9s Daniel Uriarte y Oficial Evangelina Nair Erro, con motivo a que el d\u00eda 10 de Septiembre del corriente a\u00f1o le realizaron \u201cmaniobras de Reanimaci\u00f3n Cardiopulmonar (<strong>RCP<\/strong>),\u00a0 a un hombre que acababa de sufrir un infarto en la puerta de su vivienda en Trenque Lauquen\u00bb. <\/p>\n\n\n\n<div class=\"wp-block-image is-style-default\"><figure class=\"aligncenter size-medium\"><img loading=\"lazy\" decoding=\"async\" width=\"261\" height=\"460\" src=\"http:\/\/infoecos.com.ar\/wp-content\/uploads\/2021\/10\/reconocimientoapolicias-261x460.jpg\" alt=\"\" class=\"wp-image-87971\" srcset=\"https:\/\/infoecos.com.ar\/wp-content\/uploads\/2021\/10\/reconocimientoapolicias-261x460.jpg 261w, https:\/\/infoecos.com.ar\/wp-content\/uploads\/2021\/10\/reconocimientoapolicias-523x920.jpg 523w, https:\/\/infoecos.com.ar\/wp-content\/uploads\/2021\/10\/reconocimientoapolicias.jpg 727w\" sizes=\"auto, (max-width: 261px) 100vw, 261px\" \/><\/figure><\/div>\n\n\n\n<p class=\"wp-block-paragraph\">Los miembros de las fuerzas de seguridad bonaerense pasaban patrullando por la zona de la ciudad donde reside el vecino y producto de su acci\u00f3n le salvaron la vida.<\/p>\n\n\n\n<p class=\"wp-block-paragraph\">El diploma que se les envi\u00f3 est\u00e1 firmado por Mercedes Lanez Soria, presidente de la Uni\u00f3n de Asociaciones Sanmartinianas y la delegada de Zona Oeste, Miriam Echeverr\u00eda. Reconocen en el mismo los valores y vocaci\u00f3n de servicio de Evangelina Erro y Daniel Uriarte. <\/p>\n\n\n\n<p class=\"wp-block-paragraph\">La oficial Erro public\u00f3 su alegr\u00eda se\u00f1alando que \u00ab<strong>un nuevo reconocimiento<\/strong> <strong>que me hace sentir que algo bien estoy haciendo, como siempre lo digo soy quien soy hoy en d\u00eda, gracias a ella mi mayor orgullo, mi mam\u00e1, quien me ense\u00f1\u00f3 todo los valores, y como siempre el apoyo desde que entr\u00e9 a la instituci\u00f3n, de mi familia y amigos<\/strong>\u00ab.<\/p>\n\n\n\n<div class=\"wp-block-image is-style-default\"><figure class=\"aligncenter size-medium\"><img loading=\"lazy\" decoding=\"async\" width=\"460\" height=\"460\" src=\"http:\/\/infoecos.com.ar\/wp-content\/uploads\/2021\/10\/evaerro-460x460.jpg\" alt=\"\" class=\"wp-image-87972\" srcset=\"https:\/\/infoecos.com.ar\/wp-content\/uploads\/2021\/10\/evaerro-460x460.jpg 460w, https:\/\/infoecos.com.ar\/wp-content\/uploads\/2021\/10\/evaerro-150x150.jpg 150w, https:\/\/infoecos.com.ar\/wp-content\/uploads\/2021\/10\/evaerro.jpg 720w\" sizes=\"auto, (max-width: 460px) 100vw, 460px\" \/><\/figure><\/div>\n","protected":false},"excerpt":{"rendered":"<p>El d\u00eda 10 de Septiembre del corriente a\u00f1o le realizaron \u201cmaniobras de Reanimaci\u00f3n Cardiopulmonar (RCP),  a un vecino y le salvaron la vida<\/p>\n","protected":false},"author":2,"featured_media":20630,"comment_status":"closed","ping_status":"open","sticky":false,"template":"","format":"standard","meta":{"footnotes":""},"categories":[24],"tags":[5428],"class_list":["post-87970","post","type-post","status-publish","format-standard","has-post-thumbnail","hentry","category-c1nota3","tag-de-la-union-de-asociaciones-sanmartinianas"],"featured_image_urls":{"full":"","thumbnail":"","medium":"","medium_large":"","large":"","1536x1536":"","2048x2048":"","covernews-slider-full":"","covernews-slider-center":"","covernews-featured":"","covernews-medium":"","covernews-medium-square":""},"author_info":{"info":["Jorge Matheus"]},"category_info":"<a href=\"https:\/\/infoecos.com.ar\/index.php\/category\/c1nota3\/\" rel=\"category tag\">C1 N3<\/a>","tag_info":"C1 N3","comment_count":"0","_links":{"self":[{"href":"https:\/\/infoecos.com.ar\/index.php\/wp-json\/wp\/v2\/posts\/87970","targetHints":{"allow":["GET"]}}],"collection":[{"href":"https:\/\/infoecos.com.ar\/index.php\/wp-json\/wp\/v2\/posts"}],"about":[{"href":"https:\/\/infoecos.com.ar\/index.php\/wp-json\/wp\/v2\/types\/post"}],"author":[{"embeddable":true,"href":"https:\/\/infoecos.com.ar\/index.php\/wp-json\/wp\/v2\/users\/2"}],"replies":[{"embeddable":true,"href":"https:\/\/infoecos.com.ar\/index.php\/wp-json\/wp\/v2\/comments?post=87970"}],"version-history":[{"count":2,"href":"https:\/\/infoecos.com.ar\/index.php\/wp-json\/wp\/v2\/posts\/87970\/revisions"}],"predecessor-version":[{"id":87975,"href":"https:\/\/infoecos.com.ar\/index.php\/wp-json\/wp\/v2\/posts\/87970\/revisions\/87975"}],"wp:attachment":[{"href":"https:\/\/infoecos.com.ar\/index.php\/wp-json\/wp\/v2\/media?parent=87970"}],"wp:term":[{"taxonomy":"category","embeddable":true,"href":"https:\/\/infoecos.com.ar\/index.php\/wp-json\/wp\/v2\/categories?post=87970"},{"taxonomy":"post_tag","embeddable":true,"href":"https:\/\/infoecos.com.ar\/index.php\/wp-json\/wp\/v2\/tags?post=87970"}],"curies":[{"name":"wp","href":"https:\/\/api.w.org\/{rel}","templated":true}]}}