{"id":88028,"date":"2021-10-14T14:59:25","date_gmt":"2021-10-14T17:59:25","guid":{"rendered":"http:\/\/infoecos.com.ar\/?p=88028"},"modified":"2021-10-14T15:31:35","modified_gmt":"2021-10-14T18:31:35","slug":"massa-recibio-en-la-camara-de-diputados-de-la-nacion-a-90-jovenes-profesionales-y-estudiantes-de-todo-el-pais","status":"publish","type":"post","link":"https:\/\/infoecos.com.ar\/index.php\/massa-recibio-en-la-camara-de-diputados-de-la-nacion-a-90-jovenes-profesionales-y-estudiantes-de-todo-el-pais\/","title":{"rendered":"Massa recibi\u00f3 en la C\u00e1mara de Diputados de la Naci\u00f3n a 90 j\u00f3venes profesionales y estudiantes de todo el pa\u00eds"},"content":{"rendered":"\n<p class=\"wp-block-paragraph\">El titular de la C\u00e1mara de Diputados de la Naci\u00f3n, Sergio Massa, recibi\u00f3 en el Congreso a j\u00f3venes estudiantes universitarios y profesionales en distintas \u00e1reas, provenientes de las 24 filiales que la fundaci\u00f3n tiene en el pa\u00eds. <\/p>\n\n\n\n<div class=\"wp-block-image is-style-default\"><figure class=\"aligncenter size-medium\"><img loading=\"lazy\" decoding=\"async\" width=\"460\" height=\"306\" src=\"http:\/\/infoecos.com.ar\/wp-content\/uploads\/2021\/10\/masasergio3-460x306.jpg\" alt=\"\" class=\"wp-image-88029\" srcset=\"https:\/\/infoecos.com.ar\/wp-content\/uploads\/2021\/10\/masasergio3-460x306.jpg 460w, https:\/\/infoecos.com.ar\/wp-content\/uploads\/2021\/10\/masasergio3-920x613.jpg 920w, https:\/\/infoecos.com.ar\/wp-content\/uploads\/2021\/10\/masasergio3-768x512.jpg 768w, https:\/\/infoecos.com.ar\/wp-content\/uploads\/2021\/10\/masasergio3-675x450.jpg 675w, https:\/\/infoecos.com.ar\/wp-content\/uploads\/2021\/10\/masasergio3.jpg 1024w\" sizes=\"auto, (max-width: 460px) 100vw, 460px\" \/><\/figure><\/div>\n\n\n\n<p class=\"wp-block-paragraph\">La actividad se realiz\u00f3 en el marco del Seminario Pa\u00eds Federal, que lleva adelante la FURP y que cada a\u00f1o convoca a j\u00f3venes con perfil de liderazgo de todo el territorio para ser parte de un ciclo intensivo con una agenda de conferencias, talleres y debates a cargo de las principales figuras de la pol\u00edtica nacional, funcionarios de gobierno, referentes del sector privado, de la academia y sociedad civil en general.<\/p>\n\n\n\n<div class=\"wp-block-image is-style-default\"><figure class=\"aligncenter size-medium\"><img loading=\"lazy\" decoding=\"async\" width=\"460\" height=\"307\" src=\"http:\/\/infoecos.com.ar\/wp-content\/uploads\/2021\/10\/massasergio-460x307.jpg\" alt=\"\" class=\"wp-image-88030\" srcset=\"https:\/\/infoecos.com.ar\/wp-content\/uploads\/2021\/10\/massasergio-460x307.jpg 460w, https:\/\/infoecos.com.ar\/wp-content\/uploads\/2021\/10\/massasergio-920x613.jpg 920w, https:\/\/infoecos.com.ar\/wp-content\/uploads\/2021\/10\/massasergio-768x512.jpg 768w, https:\/\/infoecos.com.ar\/wp-content\/uploads\/2021\/10\/massasergio-1024x682.jpg 1024w, https:\/\/infoecos.com.ar\/wp-content\/uploads\/2021\/10\/massasergio-675x450.jpg 675w, https:\/\/infoecos.com.ar\/wp-content\/uploads\/2021\/10\/massasergio.jpg 1280w\" sizes=\"auto, (max-width: 460px) 100vw, 460px\" \/><\/figure><\/div>\n\n\n\n<p class=\"wp-block-paragraph\">Durante el transcurso de la charla, que se extendi\u00f3 a lo largo de casi dos horas, Massa escuch\u00f3 las diferentes consultas e inquietudes de los j\u00f3venes, para luego dar paso a un intercambio de preguntas y respuestas, din\u00e1mica en la que el presidente de la C\u00e1mara baja los alent\u00f3 a aprovechar \u201cla oportunidad para sentirse parte de un \u00e1mbito que les permite construir v\u00ednculos y pensar para adelante, comprendiendo que la Argentina y el mundo van hacia un cambio institucional, para marcarnos cu\u00e1l debe ser la nueva agenda en t\u00e9rminos productivos, de desarrollo educativo y social que tenemos que poner en discusi\u00f3n para construir la Argentina del Siglo XXI\u00bb.<\/p>\n\n\n\n<div class=\"wp-block-image is-style-default\"><figure class=\"aligncenter size-medium\"><img loading=\"lazy\" decoding=\"async\" width=\"460\" height=\"306\" src=\"http:\/\/infoecos.com.ar\/wp-content\/uploads\/2021\/10\/massasergio1-460x306.jpg\" alt=\"\" class=\"wp-image-88031\" srcset=\"https:\/\/infoecos.com.ar\/wp-content\/uploads\/2021\/10\/massasergio1-460x306.jpg 460w, https:\/\/infoecos.com.ar\/wp-content\/uploads\/2021\/10\/massasergio1-920x613.jpg 920w, https:\/\/infoecos.com.ar\/wp-content\/uploads\/2021\/10\/massasergio1-768x512.jpg 768w, https:\/\/infoecos.com.ar\/wp-content\/uploads\/2021\/10\/massasergio1-1536x1020.jpg 1536w, https:\/\/infoecos.com.ar\/wp-content\/uploads\/2021\/10\/massasergio1-1024x682.jpg 1024w, https:\/\/infoecos.com.ar\/wp-content\/uploads\/2021\/10\/massasergio1-675x450.jpg 675w, https:\/\/infoecos.com.ar\/wp-content\/uploads\/2021\/10\/massasergio1.jpg 1600w\" sizes=\"auto, (max-width: 460px) 100vw, 460px\" \/><\/figure><\/div>\n\n\n\n<p class=\"wp-block-paragraph\">\u00abUna sociedad no funciona si no tiene l\u00edderes y ustedes eligieron construirse como l\u00edderes, y es muy importante que nosotros tengamos la capacidad de escucharlos e incorporarlos, pero tambi\u00e9n es muy importante que ustedes tengan siempre presente esa convicci\u00f3n que los trajo hasta ac\u00e1 y peleen por su lugar. Los lugares se construyen sobre la base de ideas, sue\u00f1os, pero sobre todo con convicciones\u00bb, remarc\u00f3 adem\u00e1s Massa.<\/p>\n\n\n\n<div class=\"wp-block-image is-style-default\"><figure class=\"aligncenter size-medium\"><img loading=\"lazy\" decoding=\"async\" width=\"460\" height=\"307\" src=\"http:\/\/infoecos.com.ar\/wp-content\/uploads\/2021\/10\/massasergio2-460x307.jpg\" alt=\"\" class=\"wp-image-88032\" srcset=\"https:\/\/infoecos.com.ar\/wp-content\/uploads\/2021\/10\/massasergio2-460x307.jpg 460w, https:\/\/infoecos.com.ar\/wp-content\/uploads\/2021\/10\/massasergio2-920x613.jpg 920w, https:\/\/infoecos.com.ar\/wp-content\/uploads\/2021\/10\/massasergio2-768x512.jpg 768w, https:\/\/infoecos.com.ar\/wp-content\/uploads\/2021\/10\/massasergio2-1024x682.jpg 1024w, https:\/\/infoecos.com.ar\/wp-content\/uploads\/2021\/10\/massasergio2-675x450.jpg 675w, https:\/\/infoecos.com.ar\/wp-content\/uploads\/2021\/10\/massasergio2.jpg 1280w\" sizes=\"auto, (max-width: 460px) 100vw, 460px\" \/><\/figure><\/div>\n\n\n\n<p class=\"wp-block-paragraph\">La FURP es una instituci\u00f3n privada de bien p\u00fablico, cuyo objetivo principal es contribuir a la formaci\u00f3n de j\u00f3venes dirigentes de extracci\u00f3n universitaria, brind\u00e1ndoles un mayor conocimiento en materia pol\u00edtica, econ\u00f3mica y social, a fin de contribuir a su mejor desempe\u00f1o en los \u00e1mbitos en que participen.<\/p>\n","protected":false},"excerpt":{"rendered":"<p>En el Sal\u00f3n de los Pasos Perdidos, con motivo del 35\u00b0 Seminario Pa\u00eds Federal que organiza la Fundaci\u00f3n Universitaria del R\u00edo de la Plata<\/p>\n","protected":false},"author":2,"featured_media":88029,"comment_status":"closed","ping_status":"open","sticky":false,"template":"","format":"standard","meta":{"footnotes":""},"categories":[28],"tags":[5437],"class_list":["post-88028","post","type-post","status-publish","format-standard","has-post-thumbnail","hentry","category-c1nota1","tag-en-el-marco-del-seminario-pais-federal"],"featured_image_urls":{"full":["https:\/\/infoecos.com.ar\/wp-content\/uploads\/2021\/10\/masasergio3.jpg",1024,682,false],"thumbnail":["https:\/\/infoecos.com.ar\/wp-content\/uploads\/2021\/10\/masasergio3-150x150.jpg",150,150,true],"medium":["https:\/\/infoecos.com.ar\/wp-content\/uploads\/2021\/10\/masasergio3-460x306.jpg",460,306,true],"medium_large":["https:\/\/infoecos.com.ar\/wp-content\/uploads\/2021\/10\/masasergio3-768x512.jpg",640,427,true],"large":["https:\/\/infoecos.com.ar\/wp-content\/uploads\/2021\/10\/masasergio3-920x613.jpg",640,426,true],"1536x1536":["https:\/\/infoecos.com.ar\/wp-content\/uploads\/2021\/10\/masasergio3.jpg",1024,682,false],"2048x2048":["https:\/\/infoecos.com.ar\/wp-content\/uploads\/2021\/10\/masasergio3.jpg",1024,682,false],"covernews-slider-full":["https:\/\/infoecos.com.ar\/wp-content\/uploads\/2021\/10\/masasergio3.jpg",1024,682,false],"covernews-slider-center":["https:\/\/infoecos.com.ar\/wp-content\/uploads\/2021\/10\/masasergio3-936x682.jpg",686,500,true],"covernews-featured":["https:\/\/infoecos.com.ar\/wp-content\/uploads\/2021\/10\/masasergio3.jpg",1024,682,false],"covernews-medium":["https:\/\/infoecos.com.ar\/wp-content\/uploads\/2021\/10\/masasergio3-720x380.jpg",540,285,true],"covernews-medium-square":["https:\/\/infoecos.com.ar\/wp-content\/uploads\/2021\/10\/masasergio3-675x450.jpg",375,250,true]},"author_info":{"info":["Jorge Matheus"]},"category_info":"<a href=\"https:\/\/infoecos.com.ar\/index.php\/category\/c1nota1\/\" rel=\"category tag\">C1 N1<\/a>","tag_info":"C1 N1","comment_count":"0","_links":{"self":[{"href":"https:\/\/infoecos.com.ar\/index.php\/wp-json\/wp\/v2\/posts\/88028","targetHints":{"allow":["GET"]}}],"collection":[{"href":"https:\/\/infoecos.com.ar\/index.php\/wp-json\/wp\/v2\/posts"}],"about":[{"href":"https:\/\/infoecos.com.ar\/index.php\/wp-json\/wp\/v2\/types\/post"}],"author":[{"embeddable":true,"href":"https:\/\/infoecos.com.ar\/index.php\/wp-json\/wp\/v2\/users\/2"}],"replies":[{"embeddable":true,"href":"https:\/\/infoecos.com.ar\/index.php\/wp-json\/wp\/v2\/comments?post=88028"}],"version-history":[{"count":1,"href":"https:\/\/infoecos.com.ar\/index.php\/wp-json\/wp\/v2\/posts\/88028\/revisions"}],"predecessor-version":[{"id":88033,"href":"https:\/\/infoecos.com.ar\/index.php\/wp-json\/wp\/v2\/posts\/88028\/revisions\/88033"}],"wp:featuredmedia":[{"embeddable":true,"href":"https:\/\/infoecos.com.ar\/index.php\/wp-json\/wp\/v2\/media\/88029"}],"wp:attachment":[{"href":"https:\/\/infoecos.com.ar\/index.php\/wp-json\/wp\/v2\/media?parent=88028"}],"wp:term":[{"taxonomy":"category","embeddable":true,"href":"https:\/\/infoecos.com.ar\/index.php\/wp-json\/wp\/v2\/categories?post=88028"},{"taxonomy":"post_tag","embeddable":true,"href":"https:\/\/infoecos.com.ar\/index.php\/wp-json\/wp\/v2\/tags?post=88028"}],"curies":[{"name":"wp","href":"https:\/\/api.w.org\/{rel}","templated":true}]}}