{"id":88050,"date":"2021-10-15T03:52:38","date_gmt":"2021-10-15T06:52:38","guid":{"rendered":"http:\/\/infoecos.com.ar\/?p=88050"},"modified":"2021-10-15T03:54:52","modified_gmt":"2021-10-15T06:54:52","slug":"la-inflacion-del-mes-de-septiembre-supero-a-la-de-agosto-marcando-el-35","status":"publish","type":"post","link":"https:\/\/infoecos.com.ar\/index.php\/la-inflacion-del-mes-de-septiembre-supero-a-la-de-agosto-marcando-el-35\/","title":{"rendered":"La inflaci\u00f3n del mes de Septiembre super\u00f3 a la de Agosto marcando el 3,5 %"},"content":{"rendered":"\n<p>El Instituto Nacional de Estad\u00edstica y Censos (INDEC), public\u00f3 el informe de los aumentos en los precios de los productos en Argentina. El \u00cdndice de Precios al Consumidor marc\u00f3 una inflaci\u00f3n del 3,5 % para el mes de septiembre, una cifra mayor a la de agosto que marcaba 2,5% de aumento.<\/p>\n\n\n\n<div class=\"wp-block-image is-style-default\"><figure class=\"aligncenter size-medium\"><img loading=\"lazy\" decoding=\"async\" width=\"460\" height=\"322\" src=\"http:\/\/infoecos.com.ar\/wp-content\/uploads\/2021\/10\/indec1-460x322.jpg\" alt=\"\" class=\"wp-image-88051\" srcset=\"https:\/\/infoecos.com.ar\/wp-content\/uploads\/2021\/10\/indec1-460x322.jpg 460w, https:\/\/infoecos.com.ar\/wp-content\/uploads\/2021\/10\/indec1.jpg 680w\" sizes=\"(max-width: 460px) 100vw, 460px\" \/><\/figure><\/div>\n\n\n\n<p>El&nbsp;<strong>INDEC&nbsp;<\/strong>lo inform\u00f3 a trav\u00e9s del estudio que realizan mes a mes sobre la suba de los precios. A trav\u00e9s de&nbsp;<strong>Twitter<\/strong>, el organismo estableci\u00f3 una serie de datos principales para entender las estad\u00edsticas que se utilizaron para el an\u00e1lisis. \u201c<strong>Gran Buenos Aires fue la regi\u00f3n de mayor aumento mensual<\/strong>&nbsp;(3,8%); y Noreste, la de menor (2,8%)\u201d, redact\u00f3 el perfil de la instituci\u00f3n p\u00fablica.E<\/p>\n\n\n\n<p>En el desglose de la informaci\u00f3n se puede comprender que&nbsp;los alimentos y bebidas no alcoh\u00f3licas, fueron la principal categor\u00eda con mayor incidencia de cambio&nbsp;mensual en todas las regiones de Argentina. Dicho incremento se vio reflejado en las frutas; verduras, tub\u00e9rculos y legumbres; as\u00ed como en azucares, dulces, chocolate y golosinas.<\/p>\n\n\n\n<div class=\"wp-block-image is-style-default\"><figure class=\"aligncenter size-medium\"><img loading=\"lazy\" decoding=\"async\" width=\"460\" height=\"283\" src=\"http:\/\/infoecos.com.ar\/wp-content\/uploads\/2021\/10\/indec2-460x283.jpg\" alt=\"\" class=\"wp-image-88052\" srcset=\"https:\/\/infoecos.com.ar\/wp-content\/uploads\/2021\/10\/indec2-460x283.jpg 460w, https:\/\/infoecos.com.ar\/wp-content\/uploads\/2021\/10\/indec2.jpg 680w\" sizes=\"(max-width: 460px) 100vw, 460px\" \/><\/figure><\/div>\n\n\n\n<p>La divisi\u00f3n de mayor incremento del mes de septiembre a nivel pa\u00eds, fue en las&nbsp;prendas de vestir y calzado&nbsp;(con una suba del&nbsp;6%), seguida por las&nbsp;bebidas alcoh\u00f3licas y tabaco&nbsp;(5,9%), y en tercer lugar aparece la&nbsp;salud (4,3%) con el aumento de las prepagas. <\/p>\n\n\n\n<p>En el informe se esclarece que las dos divisiones de menor aumento en septiembre se dieron en los&nbsp;bienes y servicios varios (2,2%)&nbsp;y en lo relacionado a la&nbsp;vivienda, agua, electricidad, gas y otros combustibles (1,9%).<\/p>\n\n\n\n<p>La inflaci\u00f3n en lo que va del a\u00f1o&nbsp;2020 es del 32% y se prev\u00e9 que sobrepase el 40%. <\/p>\n\n\n\n<div class=\"wp-block-image is-style-default\"><figure class=\"aligncenter size-medium\"><img loading=\"lazy\" decoding=\"async\" width=\"460\" height=\"283\" src=\"http:\/\/infoecos.com.ar\/wp-content\/uploads\/2021\/10\/indec3-460x283.jpg\" alt=\"\" class=\"wp-image-88053\" srcset=\"https:\/\/infoecos.com.ar\/wp-content\/uploads\/2021\/10\/indec3-460x283.jpg 460w, https:\/\/infoecos.com.ar\/wp-content\/uploads\/2021\/10\/indec3.jpg 680w\" sizes=\"(max-width: 460px) 100vw, 460px\" \/><\/figure><\/div>\n\n\n\n<p>En resumen el aumento fue del 2,9% en alimentos, del 5,9% en vestimenta, del 4,3% en salud, del 3% en transporte, del 3,8% en recreaci\u00f3n y cultura y del 4,1% en restaurantes,&nbsp;seg\u00fan datos oficiales del&nbsp;INDEC.<\/p>\n\n\n\n<div class=\"wp-block-image is-style-default\"><figure class=\"aligncenter size-medium\"><img loading=\"lazy\" decoding=\"async\" width=\"460\" height=\"273\" src=\"http:\/\/infoecos.com.ar\/wp-content\/uploads\/2021\/10\/frente_indec-1-460x273.jpg\" alt=\"\" class=\"wp-image-88055\" srcset=\"https:\/\/infoecos.com.ar\/wp-content\/uploads\/2021\/10\/frente_indec-1-460x273.jpg 460w, https:\/\/infoecos.com.ar\/wp-content\/uploads\/2021\/10\/frente_indec-1-920x546.jpg 920w, https:\/\/infoecos.com.ar\/wp-content\/uploads\/2021\/10\/frente_indec-1-768x456.jpg 768w, https:\/\/infoecos.com.ar\/wp-content\/uploads\/2021\/10\/frente_indec-1-1536x912.jpg 1536w, https:\/\/infoecos.com.ar\/wp-content\/uploads\/2021\/10\/frente_indec-1-1024x608.jpg 1024w, https:\/\/infoecos.com.ar\/wp-content\/uploads\/2021\/10\/frente_indec-1.jpg 1578w\" sizes=\"(max-width: 460px) 100vw, 460px\" \/><\/figure><\/div>\n","protected":false},"excerpt":{"rendered":"<p>El \u00cdndice de Precios al Consumidor marc\u00f3 una inflaci\u00f3n del 3,5 % para el mes de septiembre<\/p>\n","protected":false},"author":2,"featured_media":88054,"comment_status":"closed","ping_status":"open","sticky":false,"template":"","format":"standard","meta":{"footnotes":""},"categories":[46],"tags":[5441],"class_list":["post-88050","post","type-post","status-publish","format-standard","has-post-thumbnail","hentry","category-c2nota2","tag-dato-que-preocupa"],"yoast_head":"<!-- This site is optimized with the Yoast SEO plugin v23.4 - https:\/\/yoast.com\/wordpress\/plugins\/seo\/ -->\n<title>La inflaci\u00f3n del mes de Septiembre super\u00f3 a la de Agosto marcando el 3,5 % - Infoecos<\/title>\n<meta name=\"robots\" content=\"index, follow, max-snippet:-1, max-image-preview:large, max-video-preview:-1\" \/>\n<link rel=\"canonical\" href=\"https:\/\/infoecos.com.ar\/index.php\/la-inflacion-del-mes-de-septiembre-supero-a-la-de-agosto-marcando-el-35\/\" \/>\n<meta property=\"og:locale\" content=\"es_ES\" \/>\n<meta property=\"og:type\" content=\"article\" \/>\n<meta property=\"og:title\" content=\"La inflaci\u00f3n del mes de Septiembre super\u00f3 a la de Agosto marcando el 3,5 % - Infoecos\" \/>\n<meta property=\"og:description\" content=\"El \u00cdndice de Precios al Consumidor marc\u00f3 una inflaci\u00f3n del 3,5 % para el mes de septiembre\" \/>\n<meta property=\"og:url\" content=\"https:\/\/infoecos.com.ar\/index.php\/la-inflacion-del-mes-de-septiembre-supero-a-la-de-agosto-marcando-el-35\/\" \/>\n<meta property=\"og:site_name\" content=\"Infoecos\" \/>\n<meta property=\"article:publisher\" content=\"https:\/\/www.facebook.com\/profile.php?id=100063200290284\" \/>\n<meta property=\"article:published_time\" content=\"2021-10-15T06:52:38+00:00\" \/>\n<meta property=\"article:modified_time\" content=\"2021-10-15T06:54:52+00:00\" \/>\n<meta property=\"og:image\" content=\"https:\/\/infoecos.com.ar\/wp-content\/uploads\/2021\/10\/frente_indec.jpg\" \/>\n\t<meta property=\"og:image:width\" content=\"1578\" \/>\n\t<meta property=\"og:image:height\" content=\"937\" \/>\n\t<meta property=\"og:image:type\" content=\"image\/jpeg\" \/>\n<meta name=\"author\" content=\"Jorge Matheus\" \/>\n<meta name=\"twitter:card\" content=\"summary_large_image\" \/>\n<meta name=\"twitter:creator\" content=\"@infoecos\" \/>\n<meta name=\"twitter:site\" content=\"@infoecos\" \/>\n<meta name=\"twitter:label1\" content=\"Escrito por\" \/>\n\t<meta name=\"twitter:data1\" content=\"Jorge Matheus\" \/>\n\t<meta name=\"twitter:label2\" content=\"Tiempo de lectura\" \/>\n\t<meta name=\"twitter:data2\" content=\"2 minutos\" \/>\n<script type=\"application\/ld+json\" class=\"yoast-schema-graph\">{\"@context\":\"https:\/\/schema.org\",\"@graph\":[{\"@type\":\"Article\",\"@id\":\"https:\/\/infoecos.com.ar\/index.php\/la-inflacion-del-mes-de-septiembre-supero-a-la-de-agosto-marcando-el-35\/#article\",\"isPartOf\":{\"@id\":\"https:\/\/infoecos.com.ar\/index.php\/la-inflacion-del-mes-de-septiembre-supero-a-la-de-agosto-marcando-el-35\/\"},\"author\":{\"name\":\"Jorge Matheus\",\"@id\":\"https:\/\/infoecos.com.ar\/#\/schema\/person\/8f5ace5ce73b4b4aac4b7245aee6f191\"},\"headline\":\"La inflaci\u00f3n del mes de Septiembre super\u00f3 a la de Agosto marcando el 3,5 %\",\"datePublished\":\"2021-10-15T06:52:38+00:00\",\"dateModified\":\"2021-10-15T06:54:52+00:00\",\"mainEntityOfPage\":{\"@id\":\"https:\/\/infoecos.com.ar\/index.php\/la-inflacion-del-mes-de-septiembre-supero-a-la-de-agosto-marcando-el-35\/\"},\"wordCount\":342,\"publisher\":{\"@id\":\"https:\/\/infoecos.com.ar\/#organization\"},\"image\":{\"@id\":\"https:\/\/infoecos.com.ar\/index.php\/la-inflacion-del-mes-de-septiembre-supero-a-la-de-agosto-marcando-el-35\/#primaryimage\"},\"thumbnailUrl\":\"https:\/\/infoecos.com.ar\/wp-content\/uploads\/2021\/10\/frente_indec.jpg\",\"keywords\":[\"DATO QUE PREOCUPA\"],\"articleSection\":[\"C2 N2\"],\"inLanguage\":\"es\"},{\"@type\":\"WebPage\",\"@id\":\"https:\/\/infoecos.com.ar\/index.php\/la-inflacion-del-mes-de-septiembre-supero-a-la-de-agosto-marcando-el-35\/\",\"url\":\"https:\/\/infoecos.com.ar\/index.php\/la-inflacion-del-mes-de-septiembre-supero-a-la-de-agosto-marcando-el-35\/\",\"name\":\"La inflaci\u00f3n del mes de Septiembre super\u00f3 a la de Agosto marcando el 3,5 % - Infoecos\",\"isPartOf\":{\"@id\":\"https:\/\/infoecos.com.ar\/#website\"},\"primaryImageOfPage\":{\"@id\":\"https:\/\/infoecos.com.ar\/index.php\/la-inflacion-del-mes-de-septiembre-supero-a-la-de-agosto-marcando-el-35\/#primaryimage\"},\"image\":{\"@id\":\"https:\/\/infoecos.com.ar\/index.php\/la-inflacion-del-mes-de-septiembre-supero-a-la-de-agosto-marcando-el-35\/#primaryimage\"},\"thumbnailUrl\":\"https:\/\/infoecos.com.ar\/wp-content\/uploads\/2021\/10\/frente_indec.jpg\",\"datePublished\":\"2021-10-15T06:52:38+00:00\",\"dateModified\":\"2021-10-15T06:54:52+00:00\",\"breadcrumb\":{\"@id\":\"https:\/\/infoecos.com.ar\/index.php\/la-inflacion-del-mes-de-septiembre-supero-a-la-de-agosto-marcando-el-35\/#breadcrumb\"},\"inLanguage\":\"es\",\"potentialAction\":[{\"@type\":\"ReadAction\",\"target\":[\"https:\/\/infoecos.com.ar\/index.php\/la-inflacion-del-mes-de-septiembre-supero-a-la-de-agosto-marcando-el-35\/\"]}]},{\"@type\":\"ImageObject\",\"inLanguage\":\"es\",\"@id\":\"https:\/\/infoecos.com.ar\/index.php\/la-inflacion-del-mes-de-septiembre-supero-a-la-de-agosto-marcando-el-35\/#primaryimage\",\"url\":\"https:\/\/infoecos.com.ar\/wp-content\/uploads\/2021\/10\/frente_indec.jpg\",\"contentUrl\":\"https:\/\/infoecos.com.ar\/wp-content\/uploads\/2021\/10\/frente_indec.jpg\",\"width\":1578,\"height\":937},{\"@type\":\"BreadcrumbList\",\"@id\":\"https:\/\/infoecos.com.ar\/index.php\/la-inflacion-del-mes-de-septiembre-supero-a-la-de-agosto-marcando-el-35\/#breadcrumb\",\"itemListElement\":[{\"@type\":\"ListItem\",\"position\":1,\"name\":\"Portada\",\"item\":\"https:\/\/infoecos.com.ar\/\"},{\"@type\":\"ListItem\",\"position\":2,\"name\":\"La inflaci\u00f3n del mes de Septiembre super\u00f3 a la de Agosto marcando el 3,5 %\"}]},{\"@type\":\"WebSite\",\"@id\":\"https:\/\/infoecos.com.ar\/#website\",\"url\":\"https:\/\/infoecos.com.ar\/\",\"name\":\"Infoecos\",\"description\":\"Noticias de trenque lauquen y la zona\",\"publisher\":{\"@id\":\"https:\/\/infoecos.com.ar\/#organization\"},\"alternateName\":\"Noticias\",\"potentialAction\":[{\"@type\":\"SearchAction\",\"target\":{\"@type\":\"EntryPoint\",\"urlTemplate\":\"https:\/\/infoecos.com.ar\/?s={search_term_string}\"},\"query-input\":{\"@type\":\"PropertyValueSpecification\",\"valueRequired\":true,\"valueName\":\"search_term_string\"}}],\"inLanguage\":\"es\"},{\"@type\":\"Organization\",\"@id\":\"https:\/\/infoecos.com.ar\/#organization\",\"name\":\"Infoecos\",\"alternateName\":\"Noticias\",\"url\":\"https:\/\/infoecos.com.ar\/\",\"logo\":{\"@type\":\"ImageObject\",\"inLanguage\":\"es\",\"@id\":\"https:\/\/infoecos.com.ar\/#\/schema\/logo\/image\/\",\"url\":\"https:\/\/infoecos.com.ar\/wp-content\/uploads\/2024\/03\/cropped-logo.png\",\"contentUrl\":\"https:\/\/infoecos.com.ar\/wp-content\/uploads\/2024\/03\/cropped-logo.png\",\"width\":374,\"height\":90,\"caption\":\"Infoecos\"},\"image\":{\"@id\":\"https:\/\/infoecos.com.ar\/#\/schema\/logo\/image\/\"},\"sameAs\":[\"https:\/\/www.facebook.com\/profile.php?id=100063200290284\",\"https:\/\/x.com\/infoecos\"]},{\"@type\":\"Person\",\"@id\":\"https:\/\/infoecos.com.ar\/#\/schema\/person\/8f5ace5ce73b4b4aac4b7245aee6f191\",\"name\":\"Jorge Matheus\",\"url\":\"https:\/\/infoecos.com.ar\/index.php\/author\/jomatheus\/\"}]}<\/script>\n<!-- \/ Yoast SEO plugin. -->","yoast_head_json":{"title":"La inflaci\u00f3n del mes de Septiembre super\u00f3 a la de Agosto marcando el 3,5 % - Infoecos","robots":{"index":"index","follow":"follow","max-snippet":"max-snippet:-1","max-image-preview":"max-image-preview:large","max-video-preview":"max-video-preview:-1"},"canonical":"https:\/\/infoecos.com.ar\/index.php\/la-inflacion-del-mes-de-septiembre-supero-a-la-de-agosto-marcando-el-35\/","og_locale":"es_ES","og_type":"article","og_title":"La inflaci\u00f3n del mes de Septiembre super\u00f3 a la de Agosto marcando el 3,5 % - Infoecos","og_description":"El \u00cdndice de Precios al Consumidor marc\u00f3 una inflaci\u00f3n del 3,5 % para el mes de septiembre","og_url":"https:\/\/infoecos.com.ar\/index.php\/la-inflacion-del-mes-de-septiembre-supero-a-la-de-agosto-marcando-el-35\/","og_site_name":"Infoecos","article_publisher":"https:\/\/www.facebook.com\/profile.php?id=100063200290284","article_published_time":"2021-10-15T06:52:38+00:00","article_modified_time":"2021-10-15T06:54:52+00:00","og_image":[{"width":1578,"height":937,"url":"https:\/\/infoecos.com.ar\/wp-content\/uploads\/2021\/10\/frente_indec.jpg","type":"image\/jpeg"}],"author":"Jorge Matheus","twitter_card":"summary_large_image","twitter_creator":"@infoecos","twitter_site":"@infoecos","twitter_misc":{"Escrito por":"Jorge Matheus","Tiempo de lectura":"2 minutos"},"schema":{"@context":"https:\/\/schema.org","@graph":[{"@type":"Article","@id":"https:\/\/infoecos.com.ar\/index.php\/la-inflacion-del-mes-de-septiembre-supero-a-la-de-agosto-marcando-el-35\/#article","isPartOf":{"@id":"https:\/\/infoecos.com.ar\/index.php\/la-inflacion-del-mes-de-septiembre-supero-a-la-de-agosto-marcando-el-35\/"},"author":{"name":"Jorge Matheus","@id":"https:\/\/infoecos.com.ar\/#\/schema\/person\/8f5ace5ce73b4b4aac4b7245aee6f191"},"headline":"La inflaci\u00f3n del mes de Septiembre super\u00f3 a la de Agosto marcando el 3,5 %","datePublished":"2021-10-15T06:52:38+00:00","dateModified":"2021-10-15T06:54:52+00:00","mainEntityOfPage":{"@id":"https:\/\/infoecos.com.ar\/index.php\/la-inflacion-del-mes-de-septiembre-supero-a-la-de-agosto-marcando-el-35\/"},"wordCount":342,"publisher":{"@id":"https:\/\/infoecos.com.ar\/#organization"},"image":{"@id":"https:\/\/infoecos.com.ar\/index.php\/la-inflacion-del-mes-de-septiembre-supero-a-la-de-agosto-marcando-el-35\/#primaryimage"},"thumbnailUrl":"https:\/\/infoecos.com.ar\/wp-content\/uploads\/2021\/10\/frente_indec.jpg","keywords":["DATO QUE PREOCUPA"],"articleSection":["C2 N2"],"inLanguage":"es"},{"@type":"WebPage","@id":"https:\/\/infoecos.com.ar\/index.php\/la-inflacion-del-mes-de-septiembre-supero-a-la-de-agosto-marcando-el-35\/","url":"https:\/\/infoecos.com.ar\/index.php\/la-inflacion-del-mes-de-septiembre-supero-a-la-de-agosto-marcando-el-35\/","name":"La inflaci\u00f3n del mes de Septiembre super\u00f3 a la de Agosto marcando el 3,5 % - Infoecos","isPartOf":{"@id":"https:\/\/infoecos.com.ar\/#website"},"primaryImageOfPage":{"@id":"https:\/\/infoecos.com.ar\/index.php\/la-inflacion-del-mes-de-septiembre-supero-a-la-de-agosto-marcando-el-35\/#primaryimage"},"image":{"@id":"https:\/\/infoecos.com.ar\/index.php\/la-inflacion-del-mes-de-septiembre-supero-a-la-de-agosto-marcando-el-35\/#primaryimage"},"thumbnailUrl":"https:\/\/infoecos.com.ar\/wp-content\/uploads\/2021\/10\/frente_indec.jpg","datePublished":"2021-10-15T06:52:38+00:00","dateModified":"2021-10-15T06:54:52+00:00","breadcrumb":{"@id":"https:\/\/infoecos.com.ar\/index.php\/la-inflacion-del-mes-de-septiembre-supero-a-la-de-agosto-marcando-el-35\/#breadcrumb"},"inLanguage":"es","potentialAction":[{"@type":"ReadAction","target":["https:\/\/infoecos.com.ar\/index.php\/la-inflacion-del-mes-de-septiembre-supero-a-la-de-agosto-marcando-el-35\/"]}]},{"@type":"ImageObject","inLanguage":"es","@id":"https:\/\/infoecos.com.ar\/index.php\/la-inflacion-del-mes-de-septiembre-supero-a-la-de-agosto-marcando-el-35\/#primaryimage","url":"https:\/\/infoecos.com.ar\/wp-content\/uploads\/2021\/10\/frente_indec.jpg","contentUrl":"https:\/\/infoecos.com.ar\/wp-content\/uploads\/2021\/10\/frente_indec.jpg","width":1578,"height":937},{"@type":"BreadcrumbList","@id":"https:\/\/infoecos.com.ar\/index.php\/la-inflacion-del-mes-de-septiembre-supero-a-la-de-agosto-marcando-el-35\/#breadcrumb","itemListElement":[{"@type":"ListItem","position":1,"name":"Portada","item":"https:\/\/infoecos.com.ar\/"},{"@type":"ListItem","position":2,"name":"La inflaci\u00f3n del mes de Septiembre super\u00f3 a la de Agosto marcando el 3,5 %"}]},{"@type":"WebSite","@id":"https:\/\/infoecos.com.ar\/#website","url":"https:\/\/infoecos.com.ar\/","name":"Infoecos","description":"Noticias de trenque lauquen y la zona","publisher":{"@id":"https:\/\/infoecos.com.ar\/#organization"},"alternateName":"Noticias","potentialAction":[{"@type":"SearchAction","target":{"@type":"EntryPoint","urlTemplate":"https:\/\/infoecos.com.ar\/?s={search_term_string}"},"query-input":{"@type":"PropertyValueSpecification","valueRequired":true,"valueName":"search_term_string"}}],"inLanguage":"es"},{"@type":"Organization","@id":"https:\/\/infoecos.com.ar\/#organization","name":"Infoecos","alternateName":"Noticias","url":"https:\/\/infoecos.com.ar\/","logo":{"@type":"ImageObject","inLanguage":"es","@id":"https:\/\/infoecos.com.ar\/#\/schema\/logo\/image\/","url":"https:\/\/infoecos.com.ar\/wp-content\/uploads\/2024\/03\/cropped-logo.png","contentUrl":"https:\/\/infoecos.com.ar\/wp-content\/uploads\/2024\/03\/cropped-logo.png","width":374,"height":90,"caption":"Infoecos"},"image":{"@id":"https:\/\/infoecos.com.ar\/#\/schema\/logo\/image\/"},"sameAs":["https:\/\/www.facebook.com\/profile.php?id=100063200290284","https:\/\/x.com\/infoecos"]},{"@type":"Person","@id":"https:\/\/infoecos.com.ar\/#\/schema\/person\/8f5ace5ce73b4b4aac4b7245aee6f191","name":"Jorge Matheus","url":"https:\/\/infoecos.com.ar\/index.php\/author\/jomatheus\/"}]}},"featured_image_urls":{"full":["https:\/\/infoecos.com.ar\/wp-content\/uploads\/2021\/10\/frente_indec.jpg",1578,937,false],"thumbnail":["https:\/\/infoecos.com.ar\/wp-content\/uploads\/2021\/10\/frente_indec-150x150.jpg",150,150,true],"medium":["https:\/\/infoecos.com.ar\/wp-content\/uploads\/2021\/10\/frente_indec-460x273.jpg",460,273,true],"medium_large":["https:\/\/infoecos.com.ar\/wp-content\/uploads\/2021\/10\/frente_indec-768x456.jpg",640,380,true],"large":["https:\/\/infoecos.com.ar\/wp-content\/uploads\/2021\/10\/frente_indec-920x546.jpg",640,380,true],"1536x1536":["https:\/\/infoecos.com.ar\/wp-content\/uploads\/2021\/10\/frente_indec-1536x912.jpg",1536,912,true],"2048x2048":["https:\/\/infoecos.com.ar\/wp-content\/uploads\/2021\/10\/frente_indec.jpg",1578,937,false],"covernews-slider-full":["https:\/\/infoecos.com.ar\/wp-content\/uploads\/2021\/10\/frente_indec-1536x937.jpg",1115,680,true],"covernews-slider-center":["https:\/\/infoecos.com.ar\/wp-content\/uploads\/2021\/10\/frente_indec-936x897.jpg",522,500,true],"covernews-featured":["https:\/\/infoecos.com.ar\/wp-content\/uploads\/2021\/10\/frente_indec-1024x608.jpg",1024,608,true],"covernews-medium":["https:\/\/infoecos.com.ar\/wp-content\/uploads\/2021\/10\/frente_indec-720x380.jpg",540,285,true],"covernews-medium-square":["https:\/\/infoecos.com.ar\/wp-content\/uploads\/2021\/10\/frente_indec-675x450.jpg",375,250,true]},"author_info":{"info":["Jorge Matheus"]},"category_info":"<a href=\"https:\/\/infoecos.com.ar\/index.php\/category\/c2nota2\/\" rel=\"category tag\">C2 N2<\/a>","tag_info":"C2 N2","comment_count":"0","_links":{"self":[{"href":"https:\/\/infoecos.com.ar\/index.php\/wp-json\/wp\/v2\/posts\/88050"}],"collection":[{"href":"https:\/\/infoecos.com.ar\/index.php\/wp-json\/wp\/v2\/posts"}],"about":[{"href":"https:\/\/infoecos.com.ar\/index.php\/wp-json\/wp\/v2\/types\/post"}],"author":[{"embeddable":true,"href":"https:\/\/infoecos.com.ar\/index.php\/wp-json\/wp\/v2\/users\/2"}],"replies":[{"embeddable":true,"href":"https:\/\/infoecos.com.ar\/index.php\/wp-json\/wp\/v2\/comments?post=88050"}],"version-history":[{"count":2,"href":"https:\/\/infoecos.com.ar\/index.php\/wp-json\/wp\/v2\/posts\/88050\/revisions"}],"predecessor-version":[{"id":88057,"href":"https:\/\/infoecos.com.ar\/index.php\/wp-json\/wp\/v2\/posts\/88050\/revisions\/88057"}],"wp:featuredmedia":[{"embeddable":true,"href":"https:\/\/infoecos.com.ar\/index.php\/wp-json\/wp\/v2\/media\/88054"}],"wp:attachment":[{"href":"https:\/\/infoecos.com.ar\/index.php\/wp-json\/wp\/v2\/media?parent=88050"}],"wp:term":[{"taxonomy":"category","embeddable":true,"href":"https:\/\/infoecos.com.ar\/index.php\/wp-json\/wp\/v2\/categories?post=88050"},{"taxonomy":"post_tag","embeddable":true,"href":"https:\/\/infoecos.com.ar\/index.php\/wp-json\/wp\/v2\/tags?post=88050"}],"curies":[{"name":"wp","href":"https:\/\/api.w.org\/{rel}","templated":true}]}}