{"id":88111,"date":"2021-10-15T07:07:53","date_gmt":"2021-10-15T10:07:53","guid":{"rendered":"http:\/\/infoecos.com.ar\/?p=88111"},"modified":"2021-10-15T07:07:54","modified_gmt":"2021-10-15T10:07:54","slug":"se-celebra-hoy-el-dia-mundial-del-lavado-de-manos","status":"publish","type":"post","link":"https:\/\/infoecos.com.ar\/index.php\/se-celebra-hoy-el-dia-mundial-del-lavado-de-manos\/","title":{"rendered":"Se celebra hoy el D\u00eda Mundial del Lavado de Manos"},"content":{"rendered":"\n<p class=\"wp-block-paragraph\">Se celebra el D\u00eda Mundial del Lavado de Manos instituido por la Organizaci\u00f3n Mundial de la Salud para concientizar sobre la importancia de esa pr\u00e1ctica efectiva y econ\u00f3mica, que puede prevenir enfermedades infecciosas y salvar vidas.\u00a0<\/p>\n\n\n\n<div class=\"wp-block-image is-style-default\"><figure class=\"aligncenter size-large\"><img loading=\"lazy\" decoding=\"async\" width=\"612\" height=\"408\" src=\"http:\/\/infoecos.com.ar\/wp-content\/uploads\/2021\/10\/lavadodemanos.jpg\" alt=\"\" class=\"wp-image-88112\" srcset=\"https:\/\/infoecos.com.ar\/wp-content\/uploads\/2021\/10\/lavadodemanos.jpg 612w, https:\/\/infoecos.com.ar\/wp-content\/uploads\/2021\/10\/lavadodemanos-460x307.jpg 460w\" sizes=\"auto, (max-width: 612px) 100vw, 612px\" \/><\/figure><\/div>\n\n\n\n<h3 class=\"wp-block-heading\">\u00bfCu\u00e1l es la mejor forma de lavarse las manos?<\/h3>\n\n\n\n<p class=\"wp-block-paragraph\">Aqu\u00ed tiene c\u00f3mo quitarse los g\u00e9rmenes de encima. Ense\u00f1e a sus hijos a lavarse las manos, o a\u00fan mejor, l\u00e1vese las manos junto con sus hijos a menudo para que aprendan la importancia de este h\u00e1bito.<\/p>\n\n\n\n<ol class=\"wp-block-list\"><li><strong>M\u00f3jese las manos<\/strong>&nbsp;con agua corriente limpia (tibia o fr\u00eda). Aseg\u00farese de que el agua no est\u00e1 demasiado caliente para las manos de los m\u00e1s peque\u00f1os.<\/li><li><strong>Use jab\u00f3n<\/strong>&nbsp;y fr\u00f3tese las manos en\u00e9rgicamente durante aproximadamente 20 segundos. No hace falta que utilice un jab\u00f3n antibacteriano; sirve cualquier tipo de jab\u00f3n.<\/li><li>Aseg\u00farese de que se lava bien el&nbsp;<strong>\u00e1rea entre los dedos<\/strong>, los dorsos de las manos y debajo de las u\u00f1as, donde a los g\u00e9rmenes les encanta esconderse. \u00a1Y no se olvide de las mu\u00f1ecas!<\/li><li><strong>Enju\u00e1guese las manos y s\u00e9queselas<\/strong>&nbsp;bien con una toalla limpia y seca.<\/li><\/ol>\n\n\n\n<h3 class=\"wp-block-heading\">\u00bfCu\u00e1ndo nos debemos lavar las manos?<\/h3>\n\n\n\n<p class=\"wp-block-paragraph\">Para poner fin a la propagaci\u00f3n de g\u00e9rmenes entre los miembros de su familia, haga que lavarse las manos sea un h\u00e1bito regular para todos. Es especialmente importante practicarlo:<\/p>\n\n\n\n<ul class=\"wp-block-list\"><li>antes de comer y de cocinar<\/li><li>despu\u00e9s de ir al ba\u00f1o<\/li><li>despu\u00e9s de limpiar la casa<\/li><li>despu\u00e9s de tocar animales, incluyendo las mascotas de su familia<\/li><li>despu\u00e9s de visitar o cuidar de amigos o familiares enfermos<\/li><li>despu\u00e9s de sonarse la nariz, toser o estornudar<\/li><li>despu\u00e9s de estar en el exterior (jugando, haciendo jardiner\u00eda, sacando de paseo al perro, etc.)<\/li><\/ul>\n\n\n\n<h3 class=\"wp-block-heading\">\u00bfEn qu\u00e9 ayuda el hecho de tener las manos limpias?<\/h3>\n\n\n\n<p class=\"wp-block-paragraph\">Lavarse la manos adecuadamente es la primera l\u00ednea de defensa contra la propagaci\u00f3n de muchas enfermedades, desde un resfriado o catarro com\u00fan\u00a0hasta enfermedades m\u00e1s graves, como la meningitis, la bronquitis, la gripe, la hepatitis A y muchos tipos de diarrea.\u00a0<\/p>\n\n\n\n<h3 class=\"wp-block-heading\">\u00bfC\u00f3mo se propagan los g\u00e9rmenes?<\/h3>\n\n\n\n<p class=\"wp-block-paragraph\">Los g\u00e9rmenes se pueden propagar de muchas formas diferentes, como:<\/p>\n\n\n\n<ul class=\"wp-block-list\"><li>al tocar unas manos sucias<\/li><li>al cambiar los pa\u00f1ales<\/li><li>a trav\u00e9s de agua o comida contaminadas<\/li><li>a trav\u00e9s de las gotitas expulsadas en el aire durante la tos o los estornudos<\/li><li>a trav\u00e9s de superficies contaminadas<\/li><li>a trav\u00e9s del contacto con fluidos corporales de una persona enferma<\/li><\/ul>\n\n\n\n<p class=\"wp-block-paragraph\">Si los ni\u00f1os entran en contacto con g\u00e9rmenes, se pueden infectar solo al tocarse los ojos, la nariz o la boca. Y una vez infectados, solo suele ser cuesti\u00f3n de tiempo que toda la familia se contagie y acabe contrayendo la misma enfermedad.<\/p>\n\n\n\n<p class=\"wp-block-paragraph\">Por lo tanto, \u00a1no subestime la importancia de lavarse las manos! El poco tiempo que su familia invertir\u00e1 en lavarse las manos, le ahorrar\u00e1 muchas visitas a la consulta del m\u00e9dico.<\/p>\n","protected":false},"excerpt":{"rendered":"<p>Instituido por la Organizaci\u00f3n Mundial de la Salud. Hay material con recomendaciones provisto por organismos internacionales en esta noticia<\/p>\n","protected":false},"author":2,"featured_media":88112,"comment_status":"closed","ping_status":"open","sticky":false,"template":"","format":"standard","meta":{"footnotes":""},"categories":[50],"tags":[5054],"class_list":["post-88111","post","type-post","status-publish","format-standard","has-post-thumbnail","hentry","category-c1nota4","tag-iecos-efemerides"],"featured_image_urls":{"full":["https:\/\/infoecos.com.ar\/wp-content\/uploads\/2021\/10\/lavadodemanos.jpg",612,408,false],"thumbnail":["https:\/\/infoecos.com.ar\/wp-content\/uploads\/2021\/10\/lavadodemanos-150x150.jpg",150,150,true],"medium":["https:\/\/infoecos.com.ar\/wp-content\/uploads\/2021\/10\/lavadodemanos-460x307.jpg",460,307,true],"medium_large":["https:\/\/infoecos.com.ar\/wp-content\/uploads\/2021\/10\/lavadodemanos.jpg",612,408,false],"large":["https:\/\/infoecos.com.ar\/wp-content\/uploads\/2021\/10\/lavadodemanos.jpg",612,408,false],"1536x1536":["https:\/\/infoecos.com.ar\/wp-content\/uploads\/2021\/10\/lavadodemanos.jpg",612,408,false],"2048x2048":["https:\/\/infoecos.com.ar\/wp-content\/uploads\/2021\/10\/lavadodemanos.jpg",612,408,false],"covernews-slider-full":["https:\/\/infoecos.com.ar\/wp-content\/uploads\/2021\/10\/lavadodemanos.jpg",612,408,false],"covernews-slider-center":["https:\/\/infoecos.com.ar\/wp-content\/uploads\/2021\/10\/lavadodemanos.jpg",612,408,false],"covernews-featured":["https:\/\/infoecos.com.ar\/wp-content\/uploads\/2021\/10\/lavadodemanos.jpg",612,408,false],"covernews-medium":["https:\/\/infoecos.com.ar\/wp-content\/uploads\/2021\/10\/lavadodemanos-612x380.jpg",540,335,true],"covernews-medium-square":["https:\/\/infoecos.com.ar\/wp-content\/uploads\/2021\/10\/lavadodemanos.jpg",375,250,false]},"author_info":{"info":["Jorge Matheus"]},"category_info":"<a href=\"https:\/\/infoecos.com.ar\/index.php\/category\/c1nota4\/\" rel=\"category tag\">C1 N4<\/a>","tag_info":"C1 N4","comment_count":"0","_links":{"self":[{"href":"https:\/\/infoecos.com.ar\/index.php\/wp-json\/wp\/v2\/posts\/88111","targetHints":{"allow":["GET"]}}],"collection":[{"href":"https:\/\/infoecos.com.ar\/index.php\/wp-json\/wp\/v2\/posts"}],"about":[{"href":"https:\/\/infoecos.com.ar\/index.php\/wp-json\/wp\/v2\/types\/post"}],"author":[{"embeddable":true,"href":"https:\/\/infoecos.com.ar\/index.php\/wp-json\/wp\/v2\/users\/2"}],"replies":[{"embeddable":true,"href":"https:\/\/infoecos.com.ar\/index.php\/wp-json\/wp\/v2\/comments?post=88111"}],"version-history":[{"count":1,"href":"https:\/\/infoecos.com.ar\/index.php\/wp-json\/wp\/v2\/posts\/88111\/revisions"}],"predecessor-version":[{"id":88113,"href":"https:\/\/infoecos.com.ar\/index.php\/wp-json\/wp\/v2\/posts\/88111\/revisions\/88113"}],"wp:featuredmedia":[{"embeddable":true,"href":"https:\/\/infoecos.com.ar\/index.php\/wp-json\/wp\/v2\/media\/88112"}],"wp:attachment":[{"href":"https:\/\/infoecos.com.ar\/index.php\/wp-json\/wp\/v2\/media?parent=88111"}],"wp:term":[{"taxonomy":"category","embeddable":true,"href":"https:\/\/infoecos.com.ar\/index.php\/wp-json\/wp\/v2\/categories?post=88111"},{"taxonomy":"post_tag","embeddable":true,"href":"https:\/\/infoecos.com.ar\/index.php\/wp-json\/wp\/v2\/tags?post=88111"}],"curies":[{"name":"wp","href":"https:\/\/api.w.org\/{rel}","templated":true}]}}