{"id":88125,"date":"2021-10-15T15:37:26","date_gmt":"2021-10-15T18:37:26","guid":{"rendered":"http:\/\/infoecos.com.ar\/?p=88125"},"modified":"2021-10-15T15:37:26","modified_gmt":"2021-10-15T18:37:26","slug":"juntos-de-la-4-seccion-electoral-se-reunira-en-general-arenales-asisten-los-candidatos-de-trenque-lauquen","status":"publish","type":"post","link":"https:\/\/infoecos.com.ar\/index.php\/juntos-de-la-4-seccion-electoral-se-reunira-en-general-arenales-asisten-los-candidatos-de-trenque-lauquen\/","title":{"rendered":"\u00abJuntos\u00bb de la 4\u00b0 Secci\u00f3n Electoral se re\u00fanir\u00e1 en General Arenales: asisten los candidatos de Trenque Lauquen"},"content":{"rendered":"\n<p class=\"wp-block-paragraph\">Los candidatos a concejales de Juntos de Trenque Lauquen participar\u00e1n de un encuentro seccional en el distrito de General Arenales, donde la anfitriona ser\u00e1 la primera candidata a senadora por la Cuarta Secci\u00f3n Electoral, \u00c9rica Revilla.<\/p>\n\n\n\n<div class=\"wp-block-image is-style-default\"><figure class=\"aligncenter size-medium\"><img loading=\"lazy\" decoding=\"async\" width=\"460\" height=\"427\" src=\"http:\/\/infoecos.com.ar\/wp-content\/uploads\/2021\/10\/WhatsApp-Image-2021-10-15-at-11.03.12-460x427.jpeg\" alt=\"\" class=\"wp-image-88126\" srcset=\"https:\/\/infoecos.com.ar\/wp-content\/uploads\/2021\/10\/WhatsApp-Image-2021-10-15-at-11.03.12-460x427.jpeg 460w, https:\/\/infoecos.com.ar\/wp-content\/uploads\/2021\/10\/WhatsApp-Image-2021-10-15-at-11.03.12.jpeg 540w\" sizes=\"auto, (max-width: 460px) 100vw, 460px\" \/><\/figure><\/div>\n\n\n\n<p class=\"wp-block-paragraph\">A la jornada asistir\u00e1n los candidatos a concejales y senadores de Juntos de los 19 Municipios de la secci\u00f3n representados por la UCR, el PRO, la Coalici\u00f3n C\u00edvica, el Partido del Di\u00e1logo y los vecinalistas aliados de los distritos de Bragado, Rivadavia y General Villegas. Tambi\u00e9n se espera la presencia de dirigentes provinciales y nacionales.<\/p>\n\n\n\n<p class=\"wp-block-paragraph\">La comitiva de Trenque Lauquen ser\u00e1 encabezada por el primer candidato a concejal, Francisco Recoulat, quien estar\u00e1 acompa\u00f1ado por otros integrantes de la lista como Alicia Ramudo, Alberto Rodr\u00edguez Mera, Alejandro Casola y los candidatos a consejeros escolares David Siles y Ra\u00fal Gonz\u00e1lez.<\/p>\n\n\n\n<p class=\"wp-block-paragraph\">Adem\u00e1s, los principales dirigentes del Comit\u00e9 de la UCR y el PRO de Trenque Lauquen conformaron una Mesa conjunta para definir y organizar las acciones de la campa\u00f1a electoral con vistas a las elecciones generales legislativas del pr\u00f3ximo 14 de noviembre.<\/p>\n\n\n\n<div class=\"wp-block-image is-style-default\"><figure class=\"aligncenter size-medium\"><img loading=\"lazy\" decoding=\"async\" width=\"460\" height=\"345\" src=\"http:\/\/infoecos.com.ar\/wp-content\/uploads\/2021\/10\/WhatsApp-Image-2021-10-15-at-10.00.23-460x345.jpeg\" alt=\"\" class=\"wp-image-88127\" srcset=\"https:\/\/infoecos.com.ar\/wp-content\/uploads\/2021\/10\/WhatsApp-Image-2021-10-15-at-10.00.23-460x345.jpeg 460w, https:\/\/infoecos.com.ar\/wp-content\/uploads\/2021\/10\/WhatsApp-Image-2021-10-15-at-10.00.23.jpeg 700w\" sizes=\"auto, (max-width: 460px) 100vw, 460px\" \/><\/figure><\/div>\n\n\n\n<p class=\"wp-block-paragraph\">En ese marco, ya se avanz\u00f3 con distintos grupos de adherentes y militantes de todas las edades en la colocaci\u00f3n de los pasacalles en distintos puntos del distrito, llegando a todas las localidades y respetando los tiempos que impone la Ley Electoral para este tipo de actividades.<\/p>\n\n\n\n<p class=\"wp-block-paragraph\">En los pr\u00f3ximos d\u00edas, y tal como se realiz\u00f3 en las elecciones PASO, los candidatos estar\u00e1n cerca de la poblaci\u00f3n para acercar mediante distintas plataformas las propuestas de campa\u00f1a.<\/p>\n\n\n\n<p class=\"wp-block-paragraph\"><\/p>\n","protected":false},"excerpt":{"rendered":"<p>Se conform\u00f3 una Mesa conjunta entre la UCR y el PRO para llevar a cabo la campa\u00f1a con vistas a las elecciones del 14 de noviembre<\/p>\n","protected":false},"author":2,"featured_media":88126,"comment_status":"closed","ping_status":"open","sticky":false,"template":"","format":"standard","meta":{"footnotes":""},"categories":[28],"tags":[5451],"class_list":["post-88125","post","type-post","status-publish","format-standard","has-post-thumbnail","hentry","category-c1nota1","tag-encabezados-por-francisco-recoulat"],"featured_image_urls":{"full":["https:\/\/infoecos.com.ar\/wp-content\/uploads\/2021\/10\/WhatsApp-Image-2021-10-15-at-11.03.12.jpeg",540,501,false],"thumbnail":["https:\/\/infoecos.com.ar\/wp-content\/uploads\/2021\/10\/WhatsApp-Image-2021-10-15-at-11.03.12-150x150.jpeg",150,150,true],"medium":["https:\/\/infoecos.com.ar\/wp-content\/uploads\/2021\/10\/WhatsApp-Image-2021-10-15-at-11.03.12-460x427.jpeg",460,427,true],"medium_large":["https:\/\/infoecos.com.ar\/wp-content\/uploads\/2021\/10\/WhatsApp-Image-2021-10-15-at-11.03.12.jpeg",540,501,false],"large":["https:\/\/infoecos.com.ar\/wp-content\/uploads\/2021\/10\/WhatsApp-Image-2021-10-15-at-11.03.12.jpeg",540,501,false],"1536x1536":["https:\/\/infoecos.com.ar\/wp-content\/uploads\/2021\/10\/WhatsApp-Image-2021-10-15-at-11.03.12.jpeg",540,501,false],"2048x2048":["https:\/\/infoecos.com.ar\/wp-content\/uploads\/2021\/10\/WhatsApp-Image-2021-10-15-at-11.03.12.jpeg",540,501,false],"covernews-slider-full":["https:\/\/infoecos.com.ar\/wp-content\/uploads\/2021\/10\/WhatsApp-Image-2021-10-15-at-11.03.12.jpeg",540,501,false],"covernews-slider-center":["https:\/\/infoecos.com.ar\/wp-content\/uploads\/2021\/10\/WhatsApp-Image-2021-10-15-at-11.03.12.jpeg",539,500,false],"covernews-featured":["https:\/\/infoecos.com.ar\/wp-content\/uploads\/2021\/10\/WhatsApp-Image-2021-10-15-at-11.03.12.jpeg",540,501,false],"covernews-medium":["https:\/\/infoecos.com.ar\/wp-content\/uploads\/2021\/10\/WhatsApp-Image-2021-10-15-at-11.03.12-540x380.jpeg",483,340,true],"covernews-medium-square":["https:\/\/infoecos.com.ar\/wp-content\/uploads\/2021\/10\/WhatsApp-Image-2021-10-15-at-11.03.12-540x450.jpeg",300,250,true]},"author_info":{"info":["Jorge Matheus"]},"category_info":"<a href=\"https:\/\/infoecos.com.ar\/index.php\/category\/c1nota1\/\" rel=\"category tag\">C1 N1<\/a>","tag_info":"C1 N1","comment_count":"0","_links":{"self":[{"href":"https:\/\/infoecos.com.ar\/index.php\/wp-json\/wp\/v2\/posts\/88125","targetHints":{"allow":["GET"]}}],"collection":[{"href":"https:\/\/infoecos.com.ar\/index.php\/wp-json\/wp\/v2\/posts"}],"about":[{"href":"https:\/\/infoecos.com.ar\/index.php\/wp-json\/wp\/v2\/types\/post"}],"author":[{"embeddable":true,"href":"https:\/\/infoecos.com.ar\/index.php\/wp-json\/wp\/v2\/users\/2"}],"replies":[{"embeddable":true,"href":"https:\/\/infoecos.com.ar\/index.php\/wp-json\/wp\/v2\/comments?post=88125"}],"version-history":[{"count":1,"href":"https:\/\/infoecos.com.ar\/index.php\/wp-json\/wp\/v2\/posts\/88125\/revisions"}],"predecessor-version":[{"id":88128,"href":"https:\/\/infoecos.com.ar\/index.php\/wp-json\/wp\/v2\/posts\/88125\/revisions\/88128"}],"wp:featuredmedia":[{"embeddable":true,"href":"https:\/\/infoecos.com.ar\/index.php\/wp-json\/wp\/v2\/media\/88126"}],"wp:attachment":[{"href":"https:\/\/infoecos.com.ar\/index.php\/wp-json\/wp\/v2\/media?parent=88125"}],"wp:term":[{"taxonomy":"category","embeddable":true,"href":"https:\/\/infoecos.com.ar\/index.php\/wp-json\/wp\/v2\/categories?post=88125"},{"taxonomy":"post_tag","embeddable":true,"href":"https:\/\/infoecos.com.ar\/index.php\/wp-json\/wp\/v2\/tags?post=88125"}],"curies":[{"name":"wp","href":"https:\/\/api.w.org\/{rel}","templated":true}]}}