{"id":88135,"date":"2021-10-15T16:07:41","date_gmt":"2021-10-15T19:07:41","guid":{"rendered":"http:\/\/infoecos.com.ar\/?p=88135"},"modified":"2021-10-18T05:32:30","modified_gmt":"2021-10-18T08:32:30","slug":"kicillof-hoy-la-educacion-publica-volvio-a-ser-un-eje-central-del-desarrollo-de-la-provincia","status":"publish","type":"post","link":"https:\/\/infoecos.com.ar\/index.php\/kicillof-hoy-la-educacion-publica-volvio-a-ser-un-eje-central-del-desarrollo-de-la-provincia\/","title":{"rendered":"Kicillof: \u201cHoy la educaci\u00f3n p\u00fablica volvi\u00f3 a ser un eje central del desarrollo de la Provincia\u00bb"},"content":{"rendered":"\n<p>El gobernador de la provincia de Buenos Aires, Axel Kicillof, encabez\u00f3 este viernes en el municipio de Malvinas Argentinas la inauguraci\u00f3n del nuevo edificio de la Escuela Primaria N\u00b0 31, que fue reconstruido tras sufrir un incendio en diciembre de 2019. <\/p>\n\n\n\n<div class=\"wp-block-image is-style-default\"><figure class=\"aligncenter size-medium\"><img loading=\"lazy\" decoding=\"async\" width=\"460\" height=\"312\" src=\"http:\/\/infoecos.com.ar\/wp-content\/uploads\/2021\/10\/2021_10_15-AK-Malvinas-ArgentinasDON_0331-460x312.jpg\" alt=\"\" class=\"wp-image-88136\" srcset=\"https:\/\/infoecos.com.ar\/wp-content\/uploads\/2021\/10\/2021_10_15-AK-Malvinas-ArgentinasDON_0331-460x312.jpg 460w, https:\/\/infoecos.com.ar\/wp-content\/uploads\/2021\/10\/2021_10_15-AK-Malvinas-ArgentinasDON_0331-920x623.jpg 920w, https:\/\/infoecos.com.ar\/wp-content\/uploads\/2021\/10\/2021_10_15-AK-Malvinas-ArgentinasDON_0331-768x520.jpg 768w, https:\/\/infoecos.com.ar\/wp-content\/uploads\/2021\/10\/2021_10_15-AK-Malvinas-ArgentinasDON_0331-1536x1040.jpg 1536w, https:\/\/infoecos.com.ar\/wp-content\/uploads\/2021\/10\/2021_10_15-AK-Malvinas-ArgentinasDON_0331-2048x1387.jpg 2048w, https:\/\/infoecos.com.ar\/wp-content\/uploads\/2021\/10\/2021_10_15-AK-Malvinas-ArgentinasDON_0331-1024x694.jpg 1024w\" sizes=\"(max-width: 460px) 100vw, 460px\" \/><\/figure><\/div>\n\n\n\n<p>Participaron la directora general de Cultura y Educaci\u00f3n, Agustina Vila; la ministra de Gobierno, Cristina \u00c1lvarez Rodr\u00edguez; el ministro de Infraestructura y Servicios P\u00fablicos, Leonardo Nardini; la intendenta local, Noelia Correa; el senador bonaerense Luis Vivona; y la concejala Sol Jim\u00e9nez.<\/p>\n\n\n\n<p>Desde el Barrio Panamericano de la localidad de Pablo Nogu\u00e9s, Kicillof destac\u00f3: \u201cDonde hab\u00eda ruinas producto de un incendio, hoy hay una escuela m\u00e1s linda, m\u00e1s grande y en mejores condiciones para toda la comunidad educativa\u201d. \u201cEsta es una de las 42 escuelas que hemos terminado en estos dos a\u00f1os que estuvieron atravesados adem\u00e1s por la pandemia\u201d, indic\u00f3.<\/p>\n\n\n\n<div class=\"wp-block-image is-style-default\"><figure class=\"aligncenter size-medium\"><img loading=\"lazy\" decoding=\"async\" width=\"460\" height=\"307\" src=\"http:\/\/infoecos.com.ar\/wp-content\/uploads\/2021\/10\/2021_10_15-AK-Malvinas-ArgentinasDON_0468-460x307.jpg\" alt=\"\" class=\"wp-image-88137\" srcset=\"https:\/\/infoecos.com.ar\/wp-content\/uploads\/2021\/10\/2021_10_15-AK-Malvinas-ArgentinasDON_0468-460x307.jpg 460w, https:\/\/infoecos.com.ar\/wp-content\/uploads\/2021\/10\/2021_10_15-AK-Malvinas-ArgentinasDON_0468-920x613.jpg 920w, https:\/\/infoecos.com.ar\/wp-content\/uploads\/2021\/10\/2021_10_15-AK-Malvinas-ArgentinasDON_0468-768x512.jpg 768w, https:\/\/infoecos.com.ar\/wp-content\/uploads\/2021\/10\/2021_10_15-AK-Malvinas-ArgentinasDON_0468-1536x1023.jpg 1536w, https:\/\/infoecos.com.ar\/wp-content\/uploads\/2021\/10\/2021_10_15-AK-Malvinas-ArgentinasDON_0468-2048x1365.jpg 2048w, https:\/\/infoecos.com.ar\/wp-content\/uploads\/2021\/10\/2021_10_15-AK-Malvinas-ArgentinasDON_0468-1024x682.jpg 1024w, https:\/\/infoecos.com.ar\/wp-content\/uploads\/2021\/10\/2021_10_15-AK-Malvinas-ArgentinasDON_0468-675x450.jpg 675w\" sizes=\"(max-width: 460px) 100vw, 460px\" \/><\/figure><\/div>\n\n\n\n<p>\u201cHoy la educaci\u00f3n p\u00fablica volvi\u00f3 a ser un eje central del desarrollo de la Provincia y de todos los y las bonaerenses\u201d, afirm\u00f3 el Gobernador, al tiempo que valor\u00f3 que \u201ca nosotros no nos gusta prometer, nos dedicamos a trabajar para transformar la realidad de nuestro pueblo: ya hemos concluido 3.200 obras para reparar escuelas que ten\u00edan problemas edilicios y fallas en sus instalaciones\u201d.<\/p>\n\n\n\n<p>\u201cTras el incendio, nos pusimos manos a la obra para que todos y todas vieran que la reconstrucci\u00f3n de la escuela iba a ser una realidad\u201d, explic\u00f3 Vila y agradeci\u00f3 \u201cel profundo esfuerzo de docentes, auxiliares, familias y cada uno y cada una de las estudiantes para seguir ense\u00f1ando y aprendiendo en un contexto muy dif\u00edcil\u201d.&nbsp;<\/p>\n\n\n\n<div class=\"wp-block-image is-style-default\"><figure class=\"aligncenter size-medium\"><img loading=\"lazy\" decoding=\"async\" width=\"460\" height=\"306\" src=\"http:\/\/infoecos.com.ar\/wp-content\/uploads\/2021\/10\/2021_10_15-AK-Malvinas-ArgentinasDON_0569-460x306.jpg\" alt=\"\" class=\"wp-image-88138\" srcset=\"https:\/\/infoecos.com.ar\/wp-content\/uploads\/2021\/10\/2021_10_15-AK-Malvinas-ArgentinasDON_0569-460x306.jpg 460w, https:\/\/infoecos.com.ar\/wp-content\/uploads\/2021\/10\/2021_10_15-AK-Malvinas-ArgentinasDON_0569-920x612.jpg 920w, https:\/\/infoecos.com.ar\/wp-content\/uploads\/2021\/10\/2021_10_15-AK-Malvinas-ArgentinasDON_0569-768x511.jpg 768w, https:\/\/infoecos.com.ar\/wp-content\/uploads\/2021\/10\/2021_10_15-AK-Malvinas-ArgentinasDON_0569-1536x1020.jpg 1536w, https:\/\/infoecos.com.ar\/wp-content\/uploads\/2021\/10\/2021_10_15-AK-Malvinas-ArgentinasDON_0569-2048x1363.jpg 2048w, https:\/\/infoecos.com.ar\/wp-content\/uploads\/2021\/10\/2021_10_15-AK-Malvinas-ArgentinasDON_0569-1024x682.jpg 1024w, https:\/\/infoecos.com.ar\/wp-content\/uploads\/2021\/10\/2021_10_15-AK-Malvinas-ArgentinasDON_0569-675x450.jpg 675w\" sizes=\"(max-width: 460px) 100vw, 460px\" \/><\/figure><\/div>\n\n\n\n<p>En el marco del programa Escuelas a la Obra, la Provincia invirti\u00f3 85 millones de pesos para la reconstrucci\u00f3n de la sede de la escuela 31, que hab\u00eda sufrido la destrucci\u00f3n total.<\/p>\n","protected":false},"excerpt":{"rendered":"<p>\u00abYa hemos concluido 3.200 obras para reparar escuelas que ten\u00edan problemas edilicios y fallas en sus instalaciones\u201d, dijo entre otras cosas<\/p>\n","protected":false},"author":2,"featured_media":88137,"comment_status":"closed","ping_status":"open","sticky":false,"template":"","format":"standard","meta":{"footnotes":""},"categories":[201],"tags":[5453],"class_list":["post-88135","post","type-post","status-publish","format-standard","has-post-thumbnail","hentry","category-inferior9","tag-el-gobernador-en-malvinas-argentinas"],"yoast_head":"<!-- This site is optimized with the Yoast SEO plugin v23.4 - https:\/\/yoast.com\/wordpress\/plugins\/seo\/ -->\n<title>Kicillof: \u201cHoy la educaci\u00f3n p\u00fablica volvi\u00f3 a ser un eje central del desarrollo de la Provincia&quot; - Infoecos<\/title>\n<meta name=\"robots\" content=\"index, follow, max-snippet:-1, max-image-preview:large, max-video-preview:-1\" \/>\n<link rel=\"canonical\" href=\"https:\/\/infoecos.com.ar\/index.php\/kicillof-hoy-la-educacion-publica-volvio-a-ser-un-eje-central-del-desarrollo-de-la-provincia\/\" \/>\n<meta property=\"og:locale\" content=\"es_ES\" \/>\n<meta property=\"og:type\" content=\"article\" \/>\n<meta property=\"og:title\" content=\"Kicillof: \u201cHoy la educaci\u00f3n p\u00fablica volvi\u00f3 a ser un eje central del desarrollo de la Provincia&quot; - Infoecos\" \/>\n<meta property=\"og:description\" content=\"&quot;Ya hemos concluido 3.200 obras para reparar escuelas que ten\u00edan problemas edilicios y fallas en sus instalaciones\u201d, dijo entre otras cosas\" \/>\n<meta property=\"og:url\" content=\"https:\/\/infoecos.com.ar\/index.php\/kicillof-hoy-la-educacion-publica-volvio-a-ser-un-eje-central-del-desarrollo-de-la-provincia\/\" \/>\n<meta property=\"og:site_name\" content=\"Infoecos\" \/>\n<meta property=\"article:publisher\" content=\"https:\/\/www.facebook.com\/profile.php?id=100063200290284\" \/>\n<meta property=\"article:published_time\" content=\"2021-10-15T19:07:41+00:00\" \/>\n<meta property=\"article:modified_time\" content=\"2021-10-18T08:32:30+00:00\" \/>\n<meta property=\"og:image\" content=\"https:\/\/infoecos.com.ar\/wp-content\/uploads\/2021\/10\/2021_10_15-AK-Malvinas-ArgentinasDON_0468-scaled.jpg\" \/>\n\t<meta property=\"og:image:width\" content=\"2560\" \/>\n\t<meta property=\"og:image:height\" content=\"1706\" \/>\n\t<meta property=\"og:image:type\" content=\"image\/jpeg\" \/>\n<meta name=\"author\" content=\"Jorge Matheus\" \/>\n<meta name=\"twitter:card\" content=\"summary_large_image\" \/>\n<meta name=\"twitter:creator\" content=\"@infoecos\" \/>\n<meta name=\"twitter:site\" content=\"@infoecos\" \/>\n<meta name=\"twitter:label1\" content=\"Escrito por\" \/>\n\t<meta name=\"twitter:data1\" content=\"Jorge Matheus\" \/>\n\t<meta name=\"twitter:label2\" content=\"Tiempo de lectura\" \/>\n\t<meta name=\"twitter:data2\" content=\"2 minutos\" \/>\n<script type=\"application\/ld+json\" class=\"yoast-schema-graph\">{\"@context\":\"https:\/\/schema.org\",\"@graph\":[{\"@type\":\"Article\",\"@id\":\"https:\/\/infoecos.com.ar\/index.php\/kicillof-hoy-la-educacion-publica-volvio-a-ser-un-eje-central-del-desarrollo-de-la-provincia\/#article\",\"isPartOf\":{\"@id\":\"https:\/\/infoecos.com.ar\/index.php\/kicillof-hoy-la-educacion-publica-volvio-a-ser-un-eje-central-del-desarrollo-de-la-provincia\/\"},\"author\":{\"name\":\"Jorge Matheus\",\"@id\":\"https:\/\/infoecos.com.ar\/#\/schema\/person\/8f5ace5ce73b4b4aac4b7245aee6f191\"},\"headline\":\"Kicillof: \u201cHoy la educaci\u00f3n p\u00fablica volvi\u00f3 a ser un eje central del desarrollo de la Provincia\u00bb\",\"datePublished\":\"2021-10-15T19:07:41+00:00\",\"dateModified\":\"2021-10-18T08:32:30+00:00\",\"mainEntityOfPage\":{\"@id\":\"https:\/\/infoecos.com.ar\/index.php\/kicillof-hoy-la-educacion-publica-volvio-a-ser-un-eje-central-del-desarrollo-de-la-provincia\/\"},\"wordCount\":325,\"publisher\":{\"@id\":\"https:\/\/infoecos.com.ar\/#organization\"},\"image\":{\"@id\":\"https:\/\/infoecos.com.ar\/index.php\/kicillof-hoy-la-educacion-publica-volvio-a-ser-un-eje-central-del-desarrollo-de-la-provincia\/#primaryimage\"},\"thumbnailUrl\":\"https:\/\/infoecos.com.ar\/wp-content\/uploads\/2021\/10\/2021_10_15-AK-Malvinas-ArgentinasDON_0468-scaled.jpg\",\"keywords\":[\"EL GOBERNADOR EN MALVINAS ARGENTINAS\"],\"articleSection\":[\"Bloque inferior - 9\"],\"inLanguage\":\"es\"},{\"@type\":\"WebPage\",\"@id\":\"https:\/\/infoecos.com.ar\/index.php\/kicillof-hoy-la-educacion-publica-volvio-a-ser-un-eje-central-del-desarrollo-de-la-provincia\/\",\"url\":\"https:\/\/infoecos.com.ar\/index.php\/kicillof-hoy-la-educacion-publica-volvio-a-ser-un-eje-central-del-desarrollo-de-la-provincia\/\",\"name\":\"Kicillof: \u201cHoy la educaci\u00f3n p\u00fablica volvi\u00f3 a ser un eje central del desarrollo de la Provincia\\\" - Infoecos\",\"isPartOf\":{\"@id\":\"https:\/\/infoecos.com.ar\/#website\"},\"primaryImageOfPage\":{\"@id\":\"https:\/\/infoecos.com.ar\/index.php\/kicillof-hoy-la-educacion-publica-volvio-a-ser-un-eje-central-del-desarrollo-de-la-provincia\/#primaryimage\"},\"image\":{\"@id\":\"https:\/\/infoecos.com.ar\/index.php\/kicillof-hoy-la-educacion-publica-volvio-a-ser-un-eje-central-del-desarrollo-de-la-provincia\/#primaryimage\"},\"thumbnailUrl\":\"https:\/\/infoecos.com.ar\/wp-content\/uploads\/2021\/10\/2021_10_15-AK-Malvinas-ArgentinasDON_0468-scaled.jpg\",\"datePublished\":\"2021-10-15T19:07:41+00:00\",\"dateModified\":\"2021-10-18T08:32:30+00:00\",\"breadcrumb\":{\"@id\":\"https:\/\/infoecos.com.ar\/index.php\/kicillof-hoy-la-educacion-publica-volvio-a-ser-un-eje-central-del-desarrollo-de-la-provincia\/#breadcrumb\"},\"inLanguage\":\"es\",\"potentialAction\":[{\"@type\":\"ReadAction\",\"target\":[\"https:\/\/infoecos.com.ar\/index.php\/kicillof-hoy-la-educacion-publica-volvio-a-ser-un-eje-central-del-desarrollo-de-la-provincia\/\"]}]},{\"@type\":\"ImageObject\",\"inLanguage\":\"es\",\"@id\":\"https:\/\/infoecos.com.ar\/index.php\/kicillof-hoy-la-educacion-publica-volvio-a-ser-un-eje-central-del-desarrollo-de-la-provincia\/#primaryimage\",\"url\":\"https:\/\/infoecos.com.ar\/wp-content\/uploads\/2021\/10\/2021_10_15-AK-Malvinas-ArgentinasDON_0468-scaled.jpg\",\"contentUrl\":\"https:\/\/infoecos.com.ar\/wp-content\/uploads\/2021\/10\/2021_10_15-AK-Malvinas-ArgentinasDON_0468-scaled.jpg\",\"width\":2560,\"height\":1706},{\"@type\":\"BreadcrumbList\",\"@id\":\"https:\/\/infoecos.com.ar\/index.php\/kicillof-hoy-la-educacion-publica-volvio-a-ser-un-eje-central-del-desarrollo-de-la-provincia\/#breadcrumb\",\"itemListElement\":[{\"@type\":\"ListItem\",\"position\":1,\"name\":\"Portada\",\"item\":\"https:\/\/infoecos.com.ar\/\"},{\"@type\":\"ListItem\",\"position\":2,\"name\":\"Kicillof: \u201cHoy la educaci\u00f3n p\u00fablica volvi\u00f3 a ser un eje central del desarrollo de la Provincia\u00bb\"}]},{\"@type\":\"WebSite\",\"@id\":\"https:\/\/infoecos.com.ar\/#website\",\"url\":\"https:\/\/infoecos.com.ar\/\",\"name\":\"Infoecos\",\"description\":\"Noticias de trenque lauquen y la zona\",\"publisher\":{\"@id\":\"https:\/\/infoecos.com.ar\/#organization\"},\"alternateName\":\"Noticias\",\"potentialAction\":[{\"@type\":\"SearchAction\",\"target\":{\"@type\":\"EntryPoint\",\"urlTemplate\":\"https:\/\/infoecos.com.ar\/?s={search_term_string}\"},\"query-input\":{\"@type\":\"PropertyValueSpecification\",\"valueRequired\":true,\"valueName\":\"search_term_string\"}}],\"inLanguage\":\"es\"},{\"@type\":\"Organization\",\"@id\":\"https:\/\/infoecos.com.ar\/#organization\",\"name\":\"Infoecos\",\"alternateName\":\"Noticias\",\"url\":\"https:\/\/infoecos.com.ar\/\",\"logo\":{\"@type\":\"ImageObject\",\"inLanguage\":\"es\",\"@id\":\"https:\/\/infoecos.com.ar\/#\/schema\/logo\/image\/\",\"url\":\"https:\/\/infoecos.com.ar\/wp-content\/uploads\/2024\/03\/cropped-logo.png\",\"contentUrl\":\"https:\/\/infoecos.com.ar\/wp-content\/uploads\/2024\/03\/cropped-logo.png\",\"width\":374,\"height\":90,\"caption\":\"Infoecos\"},\"image\":{\"@id\":\"https:\/\/infoecos.com.ar\/#\/schema\/logo\/image\/\"},\"sameAs\":[\"https:\/\/www.facebook.com\/profile.php?id=100063200290284\",\"https:\/\/x.com\/infoecos\"]},{\"@type\":\"Person\",\"@id\":\"https:\/\/infoecos.com.ar\/#\/schema\/person\/8f5ace5ce73b4b4aac4b7245aee6f191\",\"name\":\"Jorge Matheus\",\"url\":\"https:\/\/infoecos.com.ar\/index.php\/author\/jomatheus\/\"}]}<\/script>\n<!-- \/ Yoast SEO plugin. -->","yoast_head_json":{"title":"Kicillof: \u201cHoy la educaci\u00f3n p\u00fablica volvi\u00f3 a ser un eje central del desarrollo de la Provincia\" - Infoecos","robots":{"index":"index","follow":"follow","max-snippet":"max-snippet:-1","max-image-preview":"max-image-preview:large","max-video-preview":"max-video-preview:-1"},"canonical":"https:\/\/infoecos.com.ar\/index.php\/kicillof-hoy-la-educacion-publica-volvio-a-ser-un-eje-central-del-desarrollo-de-la-provincia\/","og_locale":"es_ES","og_type":"article","og_title":"Kicillof: \u201cHoy la educaci\u00f3n p\u00fablica volvi\u00f3 a ser un eje central del desarrollo de la Provincia\" - Infoecos","og_description":"\"Ya hemos concluido 3.200 obras para reparar escuelas que ten\u00edan problemas edilicios y fallas en sus instalaciones\u201d, dijo entre otras cosas","og_url":"https:\/\/infoecos.com.ar\/index.php\/kicillof-hoy-la-educacion-publica-volvio-a-ser-un-eje-central-del-desarrollo-de-la-provincia\/","og_site_name":"Infoecos","article_publisher":"https:\/\/www.facebook.com\/profile.php?id=100063200290284","article_published_time":"2021-10-15T19:07:41+00:00","article_modified_time":"2021-10-18T08:32:30+00:00","og_image":[{"width":2560,"height":1706,"url":"https:\/\/infoecos.com.ar\/wp-content\/uploads\/2021\/10\/2021_10_15-AK-Malvinas-ArgentinasDON_0468-scaled.jpg","type":"image\/jpeg"}],"author":"Jorge Matheus","twitter_card":"summary_large_image","twitter_creator":"@infoecos","twitter_site":"@infoecos","twitter_misc":{"Escrito por":"Jorge Matheus","Tiempo de lectura":"2 minutos"},"schema":{"@context":"https:\/\/schema.org","@graph":[{"@type":"Article","@id":"https:\/\/infoecos.com.ar\/index.php\/kicillof-hoy-la-educacion-publica-volvio-a-ser-un-eje-central-del-desarrollo-de-la-provincia\/#article","isPartOf":{"@id":"https:\/\/infoecos.com.ar\/index.php\/kicillof-hoy-la-educacion-publica-volvio-a-ser-un-eje-central-del-desarrollo-de-la-provincia\/"},"author":{"name":"Jorge Matheus","@id":"https:\/\/infoecos.com.ar\/#\/schema\/person\/8f5ace5ce73b4b4aac4b7245aee6f191"},"headline":"Kicillof: \u201cHoy la educaci\u00f3n p\u00fablica volvi\u00f3 a ser un eje central del desarrollo de la Provincia\u00bb","datePublished":"2021-10-15T19:07:41+00:00","dateModified":"2021-10-18T08:32:30+00:00","mainEntityOfPage":{"@id":"https:\/\/infoecos.com.ar\/index.php\/kicillof-hoy-la-educacion-publica-volvio-a-ser-un-eje-central-del-desarrollo-de-la-provincia\/"},"wordCount":325,"publisher":{"@id":"https:\/\/infoecos.com.ar\/#organization"},"image":{"@id":"https:\/\/infoecos.com.ar\/index.php\/kicillof-hoy-la-educacion-publica-volvio-a-ser-un-eje-central-del-desarrollo-de-la-provincia\/#primaryimage"},"thumbnailUrl":"https:\/\/infoecos.com.ar\/wp-content\/uploads\/2021\/10\/2021_10_15-AK-Malvinas-ArgentinasDON_0468-scaled.jpg","keywords":["EL GOBERNADOR EN MALVINAS ARGENTINAS"],"articleSection":["Bloque inferior - 9"],"inLanguage":"es"},{"@type":"WebPage","@id":"https:\/\/infoecos.com.ar\/index.php\/kicillof-hoy-la-educacion-publica-volvio-a-ser-un-eje-central-del-desarrollo-de-la-provincia\/","url":"https:\/\/infoecos.com.ar\/index.php\/kicillof-hoy-la-educacion-publica-volvio-a-ser-un-eje-central-del-desarrollo-de-la-provincia\/","name":"Kicillof: \u201cHoy la educaci\u00f3n p\u00fablica volvi\u00f3 a ser un eje central del desarrollo de la Provincia\" - Infoecos","isPartOf":{"@id":"https:\/\/infoecos.com.ar\/#website"},"primaryImageOfPage":{"@id":"https:\/\/infoecos.com.ar\/index.php\/kicillof-hoy-la-educacion-publica-volvio-a-ser-un-eje-central-del-desarrollo-de-la-provincia\/#primaryimage"},"image":{"@id":"https:\/\/infoecos.com.ar\/index.php\/kicillof-hoy-la-educacion-publica-volvio-a-ser-un-eje-central-del-desarrollo-de-la-provincia\/#primaryimage"},"thumbnailUrl":"https:\/\/infoecos.com.ar\/wp-content\/uploads\/2021\/10\/2021_10_15-AK-Malvinas-ArgentinasDON_0468-scaled.jpg","datePublished":"2021-10-15T19:07:41+00:00","dateModified":"2021-10-18T08:32:30+00:00","breadcrumb":{"@id":"https:\/\/infoecos.com.ar\/index.php\/kicillof-hoy-la-educacion-publica-volvio-a-ser-un-eje-central-del-desarrollo-de-la-provincia\/#breadcrumb"},"inLanguage":"es","potentialAction":[{"@type":"ReadAction","target":["https:\/\/infoecos.com.ar\/index.php\/kicillof-hoy-la-educacion-publica-volvio-a-ser-un-eje-central-del-desarrollo-de-la-provincia\/"]}]},{"@type":"ImageObject","inLanguage":"es","@id":"https:\/\/infoecos.com.ar\/index.php\/kicillof-hoy-la-educacion-publica-volvio-a-ser-un-eje-central-del-desarrollo-de-la-provincia\/#primaryimage","url":"https:\/\/infoecos.com.ar\/wp-content\/uploads\/2021\/10\/2021_10_15-AK-Malvinas-ArgentinasDON_0468-scaled.jpg","contentUrl":"https:\/\/infoecos.com.ar\/wp-content\/uploads\/2021\/10\/2021_10_15-AK-Malvinas-ArgentinasDON_0468-scaled.jpg","width":2560,"height":1706},{"@type":"BreadcrumbList","@id":"https:\/\/infoecos.com.ar\/index.php\/kicillof-hoy-la-educacion-publica-volvio-a-ser-un-eje-central-del-desarrollo-de-la-provincia\/#breadcrumb","itemListElement":[{"@type":"ListItem","position":1,"name":"Portada","item":"https:\/\/infoecos.com.ar\/"},{"@type":"ListItem","position":2,"name":"Kicillof: \u201cHoy la educaci\u00f3n p\u00fablica volvi\u00f3 a ser un eje central del desarrollo de la Provincia\u00bb"}]},{"@type":"WebSite","@id":"https:\/\/infoecos.com.ar\/#website","url":"https:\/\/infoecos.com.ar\/","name":"Infoecos","description":"Noticias de trenque lauquen y la zona","publisher":{"@id":"https:\/\/infoecos.com.ar\/#organization"},"alternateName":"Noticias","potentialAction":[{"@type":"SearchAction","target":{"@type":"EntryPoint","urlTemplate":"https:\/\/infoecos.com.ar\/?s={search_term_string}"},"query-input":{"@type":"PropertyValueSpecification","valueRequired":true,"valueName":"search_term_string"}}],"inLanguage":"es"},{"@type":"Organization","@id":"https:\/\/infoecos.com.ar\/#organization","name":"Infoecos","alternateName":"Noticias","url":"https:\/\/infoecos.com.ar\/","logo":{"@type":"ImageObject","inLanguage":"es","@id":"https:\/\/infoecos.com.ar\/#\/schema\/logo\/image\/","url":"https:\/\/infoecos.com.ar\/wp-content\/uploads\/2024\/03\/cropped-logo.png","contentUrl":"https:\/\/infoecos.com.ar\/wp-content\/uploads\/2024\/03\/cropped-logo.png","width":374,"height":90,"caption":"Infoecos"},"image":{"@id":"https:\/\/infoecos.com.ar\/#\/schema\/logo\/image\/"},"sameAs":["https:\/\/www.facebook.com\/profile.php?id=100063200290284","https:\/\/x.com\/infoecos"]},{"@type":"Person","@id":"https:\/\/infoecos.com.ar\/#\/schema\/person\/8f5ace5ce73b4b4aac4b7245aee6f191","name":"Jorge Matheus","url":"https:\/\/infoecos.com.ar\/index.php\/author\/jomatheus\/"}]}},"featured_image_urls":{"full":["https:\/\/infoecos.com.ar\/wp-content\/uploads\/2021\/10\/2021_10_15-AK-Malvinas-ArgentinasDON_0468-scaled.jpg",2560,1706,false],"thumbnail":["https:\/\/infoecos.com.ar\/wp-content\/uploads\/2021\/10\/2021_10_15-AK-Malvinas-ArgentinasDON_0468-150x150.jpg",150,150,true],"medium":["https:\/\/infoecos.com.ar\/wp-content\/uploads\/2021\/10\/2021_10_15-AK-Malvinas-ArgentinasDON_0468-460x307.jpg",460,307,true],"medium_large":["https:\/\/infoecos.com.ar\/wp-content\/uploads\/2021\/10\/2021_10_15-AK-Malvinas-ArgentinasDON_0468-768x512.jpg",640,427,true],"large":["https:\/\/infoecos.com.ar\/wp-content\/uploads\/2021\/10\/2021_10_15-AK-Malvinas-ArgentinasDON_0468-920x613.jpg",640,426,true],"1536x1536":["https:\/\/infoecos.com.ar\/wp-content\/uploads\/2021\/10\/2021_10_15-AK-Malvinas-ArgentinasDON_0468-1536x1023.jpg",1536,1023,true],"2048x2048":["https:\/\/infoecos.com.ar\/wp-content\/uploads\/2021\/10\/2021_10_15-AK-Malvinas-ArgentinasDON_0468-2048x1365.jpg",2048,1365,true],"covernews-slider-full":["https:\/\/infoecos.com.ar\/wp-content\/uploads\/2021\/10\/2021_10_15-AK-Malvinas-ArgentinasDON_0468-1536x1020.jpg",1077,715,true],"covernews-slider-center":["https:\/\/infoecos.com.ar\/wp-content\/uploads\/2021\/10\/2021_10_15-AK-Malvinas-ArgentinasDON_0468-936x897.jpg",522,500,true],"covernews-featured":["https:\/\/infoecos.com.ar\/wp-content\/uploads\/2021\/10\/2021_10_15-AK-Malvinas-ArgentinasDON_0468-1024x682.jpg",1024,682,true],"covernews-medium":["https:\/\/infoecos.com.ar\/wp-content\/uploads\/2021\/10\/2021_10_15-AK-Malvinas-ArgentinasDON_0468-720x380.jpg",540,285,true],"covernews-medium-square":["https:\/\/infoecos.com.ar\/wp-content\/uploads\/2021\/10\/2021_10_15-AK-Malvinas-ArgentinasDON_0468-675x450.jpg",375,250,true]},"author_info":{"info":["Jorge Matheus"]},"category_info":"<a href=\"https:\/\/infoecos.com.ar\/index.php\/category\/inferior9\/\" rel=\"category tag\">Bloque inferior - 9<\/a>","tag_info":"Bloque inferior - 9","comment_count":"0","_links":{"self":[{"href":"https:\/\/infoecos.com.ar\/index.php\/wp-json\/wp\/v2\/posts\/88135"}],"collection":[{"href":"https:\/\/infoecos.com.ar\/index.php\/wp-json\/wp\/v2\/posts"}],"about":[{"href":"https:\/\/infoecos.com.ar\/index.php\/wp-json\/wp\/v2\/types\/post"}],"author":[{"embeddable":true,"href":"https:\/\/infoecos.com.ar\/index.php\/wp-json\/wp\/v2\/users\/2"}],"replies":[{"embeddable":true,"href":"https:\/\/infoecos.com.ar\/index.php\/wp-json\/wp\/v2\/comments?post=88135"}],"version-history":[{"count":2,"href":"https:\/\/infoecos.com.ar\/index.php\/wp-json\/wp\/v2\/posts\/88135\/revisions"}],"predecessor-version":[{"id":88239,"href":"https:\/\/infoecos.com.ar\/index.php\/wp-json\/wp\/v2\/posts\/88135\/revisions\/88239"}],"wp:featuredmedia":[{"embeddable":true,"href":"https:\/\/infoecos.com.ar\/index.php\/wp-json\/wp\/v2\/media\/88137"}],"wp:attachment":[{"href":"https:\/\/infoecos.com.ar\/index.php\/wp-json\/wp\/v2\/media?parent=88135"}],"wp:term":[{"taxonomy":"category","embeddable":true,"href":"https:\/\/infoecos.com.ar\/index.php\/wp-json\/wp\/v2\/categories?post=88135"},{"taxonomy":"post_tag","embeddable":true,"href":"https:\/\/infoecos.com.ar\/index.php\/wp-json\/wp\/v2\/tags?post=88135"}],"curies":[{"name":"wp","href":"https:\/\/api.w.org\/{rel}","templated":true}]}}