{"id":88157,"date":"2021-10-16T15:00:03","date_gmt":"2021-10-16T18:00:03","guid":{"rendered":"http:\/\/infoecos.com.ar\/?p=88157"},"modified":"2021-10-18T04:22:21","modified_gmt":"2021-10-18T07:22:21","slug":"celebraron-el-aniversario-de-garre-con-variados-actos-reconocimiento-a-coco-vicente-y-gerardo-alzogaray","status":"publish","type":"post","link":"https:\/\/infoecos.com.ar\/index.php\/celebraron-el-aniversario-de-garre-con-variados-actos-reconocimiento-a-coco-vicente-y-gerardo-alzogaray\/","title":{"rendered":"Celebraron el aniversario de Garr\u00e9 con variados actos: reconocimiento a \u00abCoco\u00bb Vicente y Gerardo Alzogaray"},"content":{"rendered":"\n<p>Se desarrollaron el viernes los actos conmemorativos del 110 aniversario de la localidad de Garr\u00e9. La ceremonia protocolar fue compartida con las autoridades municipales de Trenque Lauquen y Tres Lomas, en virtud de que dos sectores de esa comunidad est\u00e1n geogr\u00e1ficamente ubicados en esos distritos. Se da una circunstancia especial y que no tiene antecedentes en el pa\u00eds. Confluyen en Garr\u00e9, tres distritos. Incluso hay un punto material de referencia que lo marca. <\/p>\n\n\n\n<div class=\"wp-block-image is-style-default\"><figure class=\"aligncenter size-medium\"><img loading=\"lazy\" decoding=\"async\" width=\"460\" height=\"307\" src=\"http:\/\/infoecos.com.ar\/wp-content\/uploads\/2021\/10\/246044116_4468622919843173_4806667035427016832_n-460x307.jpg\" alt=\"\" class=\"wp-image-88158\" srcset=\"https:\/\/infoecos.com.ar\/wp-content\/uploads\/2021\/10\/246044116_4468622919843173_4806667035427016832_n-460x307.jpg 460w, https:\/\/infoecos.com.ar\/wp-content\/uploads\/2021\/10\/246044116_4468622919843173_4806667035427016832_n-920x613.jpg 920w, https:\/\/infoecos.com.ar\/wp-content\/uploads\/2021\/10\/246044116_4468622919843173_4806667035427016832_n-768x512.jpg 768w, https:\/\/infoecos.com.ar\/wp-content\/uploads\/2021\/10\/246044116_4468622919843173_4806667035427016832_n-675x450.jpg 675w, https:\/\/infoecos.com.ar\/wp-content\/uploads\/2021\/10\/246044116_4468622919843173_4806667035427016832_n.jpg 960w\" sizes=\"(max-width: 460px) 100vw, 460px\" \/><figcaption>Garr\u00e9 acto protocolar<\/figcaption><\/figure><\/div>\n\n\n\n<p>Hablaron en el acto Delfina Correa y Micaela Mart\u00ednez. Se procedi\u00f3 a la entrega de reconocimientos a los nuevos profesionales que hab\u00eda sido previamente registrados. Recibieron la correspondiente menci\u00f3n Viviana Mail\u00e9n Diego, Juli\u00e1n Ben\u00e9itez, Bettina Valencia, Lis Gaita, Abril Badal, Mail\u00e9n Benito Mori, Bautista Almeida, Micaela Ver\u00f3n, Gian Franco L\u00f3pez, Shirly Fr\u00edas y Magal\u00ed Comes.<\/p>\n\n\n\n<p>El municipio de Guamin\u00ed tambi\u00e9n reconoci\u00f3 a los alumnos de la Escuela Primaria N\u00b0 32 \u201cAlejandro de Aguado\u201d, quienes pasaron a la instancia regional de la Feria de Arte, Ciencias, Tecnolog\u00eda y Educaci\u00f3n, con del proyecto: \u00abQue Respiramos\u00bb. Se trata de un extenso trabajo de investigaci\u00f3n con los medidores de di\u00f3xido de carbono que fueron enviados por la direcci\u00f3n de Cultura y Educaci\u00f3n a las instituciones educativas. Tambi\u00e9n se distingui\u00f3 a \u00c1ngel \u201cCoco\u201d Vicente que inici\u00f3 su carrera como pelotaris desde muy joven, coron\u00e1ndose campe\u00f3n de la liga de Guamin\u00ed, integrando la selecci\u00f3n distrital por m\u00e1s de 10 a\u00f1os y recorriendo gran parte del pa\u00eds; y Gerardo Alzogaray, oriundo de la Colonia 17, comenz\u00f3 su camino en el club de la Liga Cultural y Deportiva de Tres Lomas, ganando cuatro campeonatos y saliendo m\u00e1ximo goleador. En 1972 ingres\u00f3 a la liga de Guamin\u00ed, defendiendo los colores del Club Social y Deportivo Garr\u00e9 y definiendo el campeonato tambi\u00e9n como m\u00e1ximo convertidor del torneo.<\/p>\n\n\n\n<div class=\"wp-block-image is-style-default\"><figure class=\"aligncenter size-medium\"><img loading=\"lazy\" decoding=\"async\" width=\"460\" height=\"307\" src=\"http:\/\/infoecos.com.ar\/wp-content\/uploads\/2021\/10\/246126006_4468623629843102_2851182977607069821_n-460x307.jpg\" alt=\"\" class=\"wp-image-88159\" srcset=\"https:\/\/infoecos.com.ar\/wp-content\/uploads\/2021\/10\/246126006_4468623629843102_2851182977607069821_n-460x307.jpg 460w, https:\/\/infoecos.com.ar\/wp-content\/uploads\/2021\/10\/246126006_4468623629843102_2851182977607069821_n-920x613.jpg 920w, https:\/\/infoecos.com.ar\/wp-content\/uploads\/2021\/10\/246126006_4468623629843102_2851182977607069821_n-768x512.jpg 768w, https:\/\/infoecos.com.ar\/wp-content\/uploads\/2021\/10\/246126006_4468623629843102_2851182977607069821_n-675x450.jpg 675w, https:\/\/infoecos.com.ar\/wp-content\/uploads\/2021\/10\/246126006_4468623629843102_2851182977607069821_n.jpg 960w\" sizes=\"(max-width: 460px) 100vw, 460px\" \/><figcaption>Garr\u00e9 reconocimiento a Vicente y Alzogaray<\/figcaption><\/figure><\/div>\n\n\n\n<p>A continuaci\u00f3n se homenaje\u00f3 al periodista Juan Carlos Natale, quien hace 25 a\u00f1os fund\u00f3 la emisora de radio \u201cFrecuencia 9\u201d . Se reconoci\u00f3 al Jard\u00edn de Infantes N\u00b0 904 \u201cRosario Vera Pe\u00f1aloza\u201d en sus primero 60 a\u00f1os de vida acompa\u00f1ando el crecimiento de los peque\u00f1os. <\/p>\n\n\n\n<div class=\"wp-block-image is-style-default\"><figure class=\"aligncenter size-medium\"><img loading=\"lazy\" decoding=\"async\" width=\"460\" height=\"307\" src=\"http:\/\/infoecos.com.ar\/wp-content\/uploads\/2021\/10\/garreaniversario3-460x307.jpg\" alt=\"\" class=\"wp-image-88160\" srcset=\"https:\/\/infoecos.com.ar\/wp-content\/uploads\/2021\/10\/garreaniversario3-460x307.jpg 460w, https:\/\/infoecos.com.ar\/wp-content\/uploads\/2021\/10\/garreaniversario3-920x614.jpg 920w, https:\/\/infoecos.com.ar\/wp-content\/uploads\/2021\/10\/garreaniversario3-768x513.jpg 768w, https:\/\/infoecos.com.ar\/wp-content\/uploads\/2021\/10\/garreaniversario3-675x450.jpg 675w, https:\/\/infoecos.com.ar\/wp-content\/uploads\/2021\/10\/garreaniversario3.jpg 960w\" sizes=\"(max-width: 460px) 100vw, 460px\" \/><figcaption>Intendente de Guamin\u00ed, Nobre Ferreira y Mart\u00edn Borraz\u00e1s<\/figcaption><\/figure><\/div>\n\n\n\n<p>Con la actuaci\u00f3n del Jard\u00edn de Infantes N\u00b0904 y la presentaci\u00f3n de artistas locales acompa\u00f1ado por el profesor Alejandro Zuv\u00ed, comenz\u00f3 la velada art\u00edstica. En la sucesi\u00f3n de los n\u00fameros culturales, hicieron lo propio los alumnos del taller municipal de Estilizaci\u00f3n y Malambo a cargo del profesor Ismael Feito y el conjunto \u201cSalve Rock\u201d, que antecedi\u00f3 la actuaci\u00f3n de Alex Freiding, semifinalista de \u201cLa Voz Argentina\u201d que hizo vibrar la noche con su voz y sus mejores interpretaciones. Como broche de oro, actu\u00f3 la banda \u201cWopa\u201d.<\/p>\n\n\n\n<figure class=\"wp-block-gallery columns-3 is-cropped wp-block-gallery-1 is-layout-flex wp-block-gallery-is-layout-flex\"><ul class=\"blocks-gallery-grid\"><li class=\"blocks-gallery-item\"><figure><img loading=\"lazy\" decoding=\"async\" width=\"920\" height=\"614\" src=\"http:\/\/infoecos.com.ar\/wp-content\/uploads\/2021\/10\/245606644_4468628286509303_6716223779838528815_n-920x614.jpg\" alt=\"\" data-id=\"88164\" data-full-url=\"http:\/\/infoecos.com.ar\/wp-content\/uploads\/2021\/10\/245606644_4468628286509303_6716223779838528815_n.jpg\" data-link=\"http:\/\/infoecos.com.ar\/?attachment_id=88164\" class=\"wp-image-88164\" srcset=\"https:\/\/infoecos.com.ar\/wp-content\/uploads\/2021\/10\/245606644_4468628286509303_6716223779838528815_n-920x614.jpg 920w, https:\/\/infoecos.com.ar\/wp-content\/uploads\/2021\/10\/245606644_4468628286509303_6716223779838528815_n-460x307.jpg 460w, https:\/\/infoecos.com.ar\/wp-content\/uploads\/2021\/10\/245606644_4468628286509303_6716223779838528815_n-768x513.jpg 768w, https:\/\/infoecos.com.ar\/wp-content\/uploads\/2021\/10\/245606644_4468628286509303_6716223779838528815_n-675x450.jpg 675w, https:\/\/infoecos.com.ar\/wp-content\/uploads\/2021\/10\/245606644_4468628286509303_6716223779838528815_n.jpg 960w\" sizes=\"(max-width: 920px) 100vw, 920px\" \/><figcaption class=\"blocks-gallery-item__caption\">Garr\u00e9 110 a\u00f1os <\/figcaption><\/figure><\/li><li class=\"blocks-gallery-item\"><figure><img loading=\"lazy\" decoding=\"async\" width=\"920\" height=\"614\" src=\"http:\/\/infoecos.com.ar\/wp-content\/uploads\/2021\/10\/245652793_4468624946509637_4991288182486864451_n-1-920x614.jpg\" alt=\"\" data-id=\"88165\" data-full-url=\"http:\/\/infoecos.com.ar\/wp-content\/uploads\/2021\/10\/245652793_4468624946509637_4991288182486864451_n-1.jpg\" data-link=\"http:\/\/infoecos.com.ar\/?attachment_id=88165\" class=\"wp-image-88165\" srcset=\"https:\/\/infoecos.com.ar\/wp-content\/uploads\/2021\/10\/245652793_4468624946509637_4991288182486864451_n-1-920x614.jpg 920w, https:\/\/infoecos.com.ar\/wp-content\/uploads\/2021\/10\/245652793_4468624946509637_4991288182486864451_n-1-460x307.jpg 460w, https:\/\/infoecos.com.ar\/wp-content\/uploads\/2021\/10\/245652793_4468624946509637_4991288182486864451_n-1-768x513.jpg 768w, https:\/\/infoecos.com.ar\/wp-content\/uploads\/2021\/10\/245652793_4468624946509637_4991288182486864451_n-1-675x450.jpg 675w, https:\/\/infoecos.com.ar\/wp-content\/uploads\/2021\/10\/245652793_4468624946509637_4991288182486864451_n-1.jpg 960w\" sizes=\"(max-width: 920px) 100vw, 920px\" \/><figcaption class=\"blocks-gallery-item__caption\">Garr\u00e9 110 a\u00f1os<\/figcaption><\/figure><\/li><li class=\"blocks-gallery-item\"><figure><img loading=\"lazy\" decoding=\"async\" width=\"920\" height=\"613\" src=\"http:\/\/infoecos.com.ar\/wp-content\/uploads\/2021\/10\/245655627_4468621446509987_6509165503562800640_n-920x613.jpg\" alt=\"\" data-id=\"88166\" data-full-url=\"http:\/\/infoecos.com.ar\/wp-content\/uploads\/2021\/10\/245655627_4468621446509987_6509165503562800640_n.jpg\" data-link=\"http:\/\/infoecos.com.ar\/?attachment_id=88166\" class=\"wp-image-88166\" srcset=\"https:\/\/infoecos.com.ar\/wp-content\/uploads\/2021\/10\/245655627_4468621446509987_6509165503562800640_n-920x613.jpg 920w, https:\/\/infoecos.com.ar\/wp-content\/uploads\/2021\/10\/245655627_4468621446509987_6509165503562800640_n-460x307.jpg 460w, https:\/\/infoecos.com.ar\/wp-content\/uploads\/2021\/10\/245655627_4468621446509987_6509165503562800640_n-768x512.jpg 768w, https:\/\/infoecos.com.ar\/wp-content\/uploads\/2021\/10\/245655627_4468621446509987_6509165503562800640_n-675x450.jpg 675w, https:\/\/infoecos.com.ar\/wp-content\/uploads\/2021\/10\/245655627_4468621446509987_6509165503562800640_n.jpg 960w\" sizes=\"(max-width: 920px) 100vw, 920px\" \/><figcaption class=\"blocks-gallery-item__caption\">Garr\u00e9 Nobre Ferreira<\/figcaption><\/figure><\/li><li class=\"blocks-gallery-item\"><figure><img loading=\"lazy\" decoding=\"async\" width=\"920\" height=\"613\" src=\"http:\/\/infoecos.com.ar\/wp-content\/uploads\/2021\/10\/245663615_4468622486509883_1251965223890233372_n-920x613.jpg\" alt=\"\" data-id=\"88168\" data-full-url=\"http:\/\/infoecos.com.ar\/wp-content\/uploads\/2021\/10\/245663615_4468622486509883_1251965223890233372_n.jpg\" data-link=\"http:\/\/infoecos.com.ar\/?attachment_id=88168\" class=\"wp-image-88168\" srcset=\"https:\/\/infoecos.com.ar\/wp-content\/uploads\/2021\/10\/245663615_4468622486509883_1251965223890233372_n-920x613.jpg 920w, https:\/\/infoecos.com.ar\/wp-content\/uploads\/2021\/10\/245663615_4468622486509883_1251965223890233372_n-460x307.jpg 460w, https:\/\/infoecos.com.ar\/wp-content\/uploads\/2021\/10\/245663615_4468622486509883_1251965223890233372_n-768x512.jpg 768w, https:\/\/infoecos.com.ar\/wp-content\/uploads\/2021\/10\/245663615_4468622486509883_1251965223890233372_n-675x450.jpg 675w, https:\/\/infoecos.com.ar\/wp-content\/uploads\/2021\/10\/245663615_4468622486509883_1251965223890233372_n.jpg 960w\" sizes=\"(max-width: 920px) 100vw, 920px\" \/><figcaption class=\"blocks-gallery-item__caption\">Garr\u00e9 reconocimiento a Vicente<\/figcaption><\/figure><\/li><li class=\"blocks-gallery-item\"><figure><img loading=\"lazy\" decoding=\"async\" width=\"920\" height=\"613\" src=\"http:\/\/infoecos.com.ar\/wp-content\/uploads\/2021\/10\/245667539_4468626779842787_570418811914794932_n-1-920x613.jpg\" alt=\"\" data-id=\"88169\" data-full-url=\"http:\/\/infoecos.com.ar\/wp-content\/uploads\/2021\/10\/245667539_4468626779842787_570418811914794932_n-1.jpg\" data-link=\"http:\/\/infoecos.com.ar\/?attachment_id=88169\" class=\"wp-image-88169\" srcset=\"https:\/\/infoecos.com.ar\/wp-content\/uploads\/2021\/10\/245667539_4468626779842787_570418811914794932_n-1-920x613.jpg 920w, https:\/\/infoecos.com.ar\/wp-content\/uploads\/2021\/10\/245667539_4468626779842787_570418811914794932_n-1-460x307.jpg 460w, https:\/\/infoecos.com.ar\/wp-content\/uploads\/2021\/10\/245667539_4468626779842787_570418811914794932_n-1-768x512.jpg 768w, https:\/\/infoecos.com.ar\/wp-content\/uploads\/2021\/10\/245667539_4468626779842787_570418811914794932_n-1-675x450.jpg 675w, https:\/\/infoecos.com.ar\/wp-content\/uploads\/2021\/10\/245667539_4468626779842787_570418811914794932_n-1.jpg 960w\" sizes=\"(max-width: 920px) 100vw, 920px\" \/><figcaption class=\"blocks-gallery-item__caption\">Garr\u00e9 espect\u00e1culo por los 110 a\u00f1os<\/figcaption><\/figure><\/li><li class=\"blocks-gallery-item\"><figure><img loading=\"lazy\" decoding=\"async\" width=\"920\" height=\"613\" src=\"http:\/\/infoecos.com.ar\/wp-content\/uploads\/2021\/10\/245672930_4468625206509611_2985195692440962217_n-920x613.jpg\" alt=\"\" data-id=\"88170\" data-full-url=\"http:\/\/infoecos.com.ar\/wp-content\/uploads\/2021\/10\/245672930_4468625206509611_2985195692440962217_n.jpg\" data-link=\"http:\/\/infoecos.com.ar\/?attachment_id=88170\" class=\"wp-image-88170\" srcset=\"https:\/\/infoecos.com.ar\/wp-content\/uploads\/2021\/10\/245672930_4468625206509611_2985195692440962217_n-920x613.jpg 920w, https:\/\/infoecos.com.ar\/wp-content\/uploads\/2021\/10\/245672930_4468625206509611_2985195692440962217_n-460x307.jpg 460w, https:\/\/infoecos.com.ar\/wp-content\/uploads\/2021\/10\/245672930_4468625206509611_2985195692440962217_n-768x512.jpg 768w, https:\/\/infoecos.com.ar\/wp-content\/uploads\/2021\/10\/245672930_4468625206509611_2985195692440962217_n-675x450.jpg 675w, https:\/\/infoecos.com.ar\/wp-content\/uploads\/2021\/10\/245672930_4468625206509611_2985195692440962217_n.jpg 960w\" sizes=\"(max-width: 920px) 100vw, 920px\" \/><figcaption class=\"blocks-gallery-item__caption\">Garr\u00e9 espect\u00e1culo por los 110 a\u00f1os<\/figcaption><\/figure><\/li><li class=\"blocks-gallery-item\"><figure><img loading=\"lazy\" decoding=\"async\" width=\"920\" height=\"614\" src=\"http:\/\/infoecos.com.ar\/wp-content\/uploads\/2021\/10\/245672934_4468625649842900_9136670619901363510_n-920x614.jpg\" alt=\"\" data-id=\"88171\" data-full-url=\"http:\/\/infoecos.com.ar\/wp-content\/uploads\/2021\/10\/245672934_4468625649842900_9136670619901363510_n.jpg\" data-link=\"http:\/\/infoecos.com.ar\/?attachment_id=88171\" class=\"wp-image-88171\" srcset=\"https:\/\/infoecos.com.ar\/wp-content\/uploads\/2021\/10\/245672934_4468625649842900_9136670619901363510_n-920x614.jpg 920w, https:\/\/infoecos.com.ar\/wp-content\/uploads\/2021\/10\/245672934_4468625649842900_9136670619901363510_n-460x307.jpg 460w, https:\/\/infoecos.com.ar\/wp-content\/uploads\/2021\/10\/245672934_4468625649842900_9136670619901363510_n-768x513.jpg 768w, https:\/\/infoecos.com.ar\/wp-content\/uploads\/2021\/10\/245672934_4468625649842900_9136670619901363510_n-675x450.jpg 675w, https:\/\/infoecos.com.ar\/wp-content\/uploads\/2021\/10\/245672934_4468625649842900_9136670619901363510_n.jpg 960w\" sizes=\"(max-width: 920px) 100vw, 920px\" \/><figcaption class=\"blocks-gallery-item__caption\">Garr\u00e9 espect\u00e1culo por los 110 a\u00f1os<\/figcaption><\/figure><\/li><li class=\"blocks-gallery-item\"><figure><img loading=\"lazy\" decoding=\"async\" width=\"920\" height=\"614\" src=\"http:\/\/infoecos.com.ar\/wp-content\/uploads\/2021\/10\/245688655_4468627849842680_5348054859723290191_n-920x614.jpg\" alt=\"\" data-id=\"88172\" data-full-url=\"http:\/\/infoecos.com.ar\/wp-content\/uploads\/2021\/10\/245688655_4468627849842680_5348054859723290191_n.jpg\" data-link=\"http:\/\/infoecos.com.ar\/?attachment_id=88172\" class=\"wp-image-88172\" srcset=\"https:\/\/infoecos.com.ar\/wp-content\/uploads\/2021\/10\/245688655_4468627849842680_5348054859723290191_n-920x614.jpg 920w, https:\/\/infoecos.com.ar\/wp-content\/uploads\/2021\/10\/245688655_4468627849842680_5348054859723290191_n-460x307.jpg 460w, https:\/\/infoecos.com.ar\/wp-content\/uploads\/2021\/10\/245688655_4468627849842680_5348054859723290191_n-768x513.jpg 768w, https:\/\/infoecos.com.ar\/wp-content\/uploads\/2021\/10\/245688655_4468627849842680_5348054859723290191_n-675x450.jpg 675w, https:\/\/infoecos.com.ar\/wp-content\/uploads\/2021\/10\/245688655_4468627849842680_5348054859723290191_n.jpg 960w\" sizes=\"(max-width: 920px) 100vw, 920px\" \/><figcaption class=\"blocks-gallery-item__caption\">Garr\u00e9 espect\u00e1culo por los 110 a\u00f1os<\/figcaption><\/figure><\/li><li class=\"blocks-gallery-item\"><figure><img loading=\"lazy\" decoding=\"async\" width=\"920\" height=\"614\" src=\"http:\/\/infoecos.com.ar\/wp-content\/uploads\/2021\/10\/245702854_4468628536509278_665552527985296784_n-920x614.jpg\" alt=\"\" data-id=\"88173\" data-full-url=\"http:\/\/infoecos.com.ar\/wp-content\/uploads\/2021\/10\/245702854_4468628536509278_665552527985296784_n.jpg\" data-link=\"http:\/\/infoecos.com.ar\/?attachment_id=88173\" class=\"wp-image-88173\" srcset=\"https:\/\/infoecos.com.ar\/wp-content\/uploads\/2021\/10\/245702854_4468628536509278_665552527985296784_n-920x614.jpg 920w, https:\/\/infoecos.com.ar\/wp-content\/uploads\/2021\/10\/245702854_4468628536509278_665552527985296784_n-460x307.jpg 460w, https:\/\/infoecos.com.ar\/wp-content\/uploads\/2021\/10\/245702854_4468628536509278_665552527985296784_n-768x513.jpg 768w, https:\/\/infoecos.com.ar\/wp-content\/uploads\/2021\/10\/245702854_4468628536509278_665552527985296784_n-675x450.jpg 675w, https:\/\/infoecos.com.ar\/wp-content\/uploads\/2021\/10\/245702854_4468628536509278_665552527985296784_n.jpg 960w\" sizes=\"(max-width: 920px) 100vw, 920px\" \/><figcaption class=\"blocks-gallery-item__caption\">Garr\u00e9 espect\u00e1culo por los 110 a\u00f1os<\/figcaption><\/figure><\/li><li class=\"blocks-gallery-item\"><figure><img loading=\"lazy\" decoding=\"async\" width=\"920\" height=\"613\" src=\"http:\/\/infoecos.com.ar\/wp-content\/uploads\/2021\/10\/245721831_4468628709842594_2809429795909295452_n-920x613.jpg\" alt=\"\" data-id=\"88174\" data-full-url=\"http:\/\/infoecos.com.ar\/wp-content\/uploads\/2021\/10\/245721831_4468628709842594_2809429795909295452_n.jpg\" data-link=\"http:\/\/infoecos.com.ar\/?attachment_id=88174\" class=\"wp-image-88174\" srcset=\"https:\/\/infoecos.com.ar\/wp-content\/uploads\/2021\/10\/245721831_4468628709842594_2809429795909295452_n-920x613.jpg 920w, https:\/\/infoecos.com.ar\/wp-content\/uploads\/2021\/10\/245721831_4468628709842594_2809429795909295452_n-460x307.jpg 460w, https:\/\/infoecos.com.ar\/wp-content\/uploads\/2021\/10\/245721831_4468628709842594_2809429795909295452_n-768x512.jpg 768w, https:\/\/infoecos.com.ar\/wp-content\/uploads\/2021\/10\/245721831_4468628709842594_2809429795909295452_n-675x450.jpg 675w, https:\/\/infoecos.com.ar\/wp-content\/uploads\/2021\/10\/245721831_4468628709842594_2809429795909295452_n.jpg 960w\" sizes=\"(max-width: 920px) 100vw, 920px\" \/><figcaption class=\"blocks-gallery-item__caption\">Garr\u00e9 espect\u00e1culo por los 110 a\u00f1os<\/figcaption><\/figure><\/li><li class=\"blocks-gallery-item\"><figure><img loading=\"lazy\" decoding=\"async\" width=\"614\" height=\"920\" src=\"http:\/\/infoecos.com.ar\/wp-content\/uploads\/2021\/10\/245761674_4468624759842989_2913908440797957553_n-614x920.jpg\" alt=\"\" data-id=\"88175\" data-full-url=\"http:\/\/infoecos.com.ar\/wp-content\/uploads\/2021\/10\/245761674_4468624759842989_2913908440797957553_n.jpg\" data-link=\"http:\/\/infoecos.com.ar\/?attachment_id=88175\" class=\"wp-image-88175\" srcset=\"https:\/\/infoecos.com.ar\/wp-content\/uploads\/2021\/10\/245761674_4468624759842989_2913908440797957553_n-614x920.jpg 614w, https:\/\/infoecos.com.ar\/wp-content\/uploads\/2021\/10\/245761674_4468624759842989_2913908440797957553_n-307x460.jpg 307w, https:\/\/infoecos.com.ar\/wp-content\/uploads\/2021\/10\/245761674_4468624759842989_2913908440797957553_n.jpg 641w\" sizes=\"(max-width: 614px) 100vw, 614px\" \/><figcaption class=\"blocks-gallery-item__caption\">Garr\u00e9 espect\u00e1culo por los 110 a\u00f1os<\/figcaption><\/figure><\/li><li class=\"blocks-gallery-item\"><figure><img loading=\"lazy\" decoding=\"async\" width=\"920\" height=\"613\" src=\"http:\/\/infoecos.com.ar\/wp-content\/uploads\/2021\/10\/245779501_4468623813176417_6986910391299247537_n-1-920x613.jpg\" alt=\"\" data-id=\"88176\" data-full-url=\"http:\/\/infoecos.com.ar\/wp-content\/uploads\/2021\/10\/245779501_4468623813176417_6986910391299247537_n-1.jpg\" data-link=\"http:\/\/infoecos.com.ar\/?attachment_id=88176\" class=\"wp-image-88176\" srcset=\"https:\/\/infoecos.com.ar\/wp-content\/uploads\/2021\/10\/245779501_4468623813176417_6986910391299247537_n-1-920x613.jpg 920w, https:\/\/infoecos.com.ar\/wp-content\/uploads\/2021\/10\/245779501_4468623813176417_6986910391299247537_n-1-460x307.jpg 460w, https:\/\/infoecos.com.ar\/wp-content\/uploads\/2021\/10\/245779501_4468623813176417_6986910391299247537_n-1-768x512.jpg 768w, https:\/\/infoecos.com.ar\/wp-content\/uploads\/2021\/10\/245779501_4468623813176417_6986910391299247537_n-1-675x450.jpg 675w, https:\/\/infoecos.com.ar\/wp-content\/uploads\/2021\/10\/245779501_4468623813176417_6986910391299247537_n-1.jpg 960w\" sizes=\"(max-width: 920px) 100vw, 920px\" \/><figcaption class=\"blocks-gallery-item__caption\">Garr\u00e9 reconocimiento a Juan Carlos Natale<\/figcaption><\/figure><\/li><li class=\"blocks-gallery-item\"><figure><img loading=\"lazy\" decoding=\"async\" width=\"920\" height=\"613\" src=\"http:\/\/infoecos.com.ar\/wp-content\/uploads\/2021\/10\/245779501_4468623813176417_6986910391299247537_n-920x613.jpg\" alt=\"\" data-id=\"88177\" data-full-url=\"http:\/\/infoecos.com.ar\/wp-content\/uploads\/2021\/10\/245779501_4468623813176417_6986910391299247537_n.jpg\" data-link=\"http:\/\/infoecos.com.ar\/?attachment_id=88177\" class=\"wp-image-88177\" srcset=\"https:\/\/infoecos.com.ar\/wp-content\/uploads\/2021\/10\/245779501_4468623813176417_6986910391299247537_n-920x613.jpg 920w, https:\/\/infoecos.com.ar\/wp-content\/uploads\/2021\/10\/245779501_4468623813176417_6986910391299247537_n-460x307.jpg 460w, https:\/\/infoecos.com.ar\/wp-content\/uploads\/2021\/10\/245779501_4468623813176417_6986910391299247537_n-768x512.jpg 768w, https:\/\/infoecos.com.ar\/wp-content\/uploads\/2021\/10\/245779501_4468623813176417_6986910391299247537_n-675x450.jpg 675w, https:\/\/infoecos.com.ar\/wp-content\/uploads\/2021\/10\/245779501_4468623813176417_6986910391299247537_n.jpg 960w\" sizes=\"(max-width: 920px) 100vw, 920px\" \/><figcaption class=\"blocks-gallery-item__caption\">Garr\u00e9 reconocimiento a Juan Carlos Natale<\/figcaption><\/figure><\/li><li class=\"blocks-gallery-item\"><figure><img loading=\"lazy\" decoding=\"async\" width=\"920\" height=\"614\" src=\"http:\/\/infoecos.com.ar\/wp-content\/uploads\/2021\/10\/245803961_4468628943175904_7758396798107528149_n-920x614.jpg\" alt=\"\" data-id=\"88178\" data-full-url=\"http:\/\/infoecos.com.ar\/wp-content\/uploads\/2021\/10\/245803961_4468628943175904_7758396798107528149_n.jpg\" data-link=\"http:\/\/infoecos.com.ar\/?attachment_id=88178\" class=\"wp-image-88178\" srcset=\"https:\/\/infoecos.com.ar\/wp-content\/uploads\/2021\/10\/245803961_4468628943175904_7758396798107528149_n-920x614.jpg 920w, https:\/\/infoecos.com.ar\/wp-content\/uploads\/2021\/10\/245803961_4468628943175904_7758396798107528149_n-460x307.jpg 460w, https:\/\/infoecos.com.ar\/wp-content\/uploads\/2021\/10\/245803961_4468628943175904_7758396798107528149_n-768x513.jpg 768w, https:\/\/infoecos.com.ar\/wp-content\/uploads\/2021\/10\/245803961_4468628943175904_7758396798107528149_n-675x450.jpg 675w, https:\/\/infoecos.com.ar\/wp-content\/uploads\/2021\/10\/245803961_4468628943175904_7758396798107528149_n.jpg 960w\" sizes=\"(max-width: 920px) 100vw, 920px\" \/><figcaption class=\"blocks-gallery-item__caption\">Garr\u00e9 espect\u00e1culo por los 110 a\u00f1os<\/figcaption><\/figure><\/li><li class=\"blocks-gallery-item\"><figure><img loading=\"lazy\" decoding=\"async\" width=\"920\" height=\"614\" src=\"http:\/\/infoecos.com.ar\/wp-content\/uploads\/2021\/10\/245812587_4468625409842924_236914830682613262_n-920x614.jpg\" alt=\"\" data-id=\"88179\" data-full-url=\"http:\/\/infoecos.com.ar\/wp-content\/uploads\/2021\/10\/245812587_4468625409842924_236914830682613262_n.jpg\" data-link=\"http:\/\/infoecos.com.ar\/?attachment_id=88179\" class=\"wp-image-88179\" srcset=\"https:\/\/infoecos.com.ar\/wp-content\/uploads\/2021\/10\/245812587_4468625409842924_236914830682613262_n-920x614.jpg 920w, https:\/\/infoecos.com.ar\/wp-content\/uploads\/2021\/10\/245812587_4468625409842924_236914830682613262_n-460x307.jpg 460w, https:\/\/infoecos.com.ar\/wp-content\/uploads\/2021\/10\/245812587_4468625409842924_236914830682613262_n-768x513.jpg 768w, https:\/\/infoecos.com.ar\/wp-content\/uploads\/2021\/10\/245812587_4468625409842924_236914830682613262_n-675x450.jpg 675w, https:\/\/infoecos.com.ar\/wp-content\/uploads\/2021\/10\/245812587_4468625409842924_236914830682613262_n.jpg 960w\" sizes=\"(max-width: 920px) 100vw, 920px\" \/><figcaption class=\"blocks-gallery-item__caption\">Garr\u00e9 espect\u00e1culo por los 110 a\u00f1os<\/figcaption><\/figure><\/li><li class=\"blocks-gallery-item\"><figure><img loading=\"lazy\" decoding=\"async\" width=\"920\" height=\"614\" src=\"http:\/\/infoecos.com.ar\/wp-content\/uploads\/2021\/10\/245812601_4468627523176046_3073026369062415485_n-920x614.jpg\" alt=\"\" data-id=\"88180\" data-full-url=\"http:\/\/infoecos.com.ar\/wp-content\/uploads\/2021\/10\/245812601_4468627523176046_3073026369062415485_n.jpg\" data-link=\"http:\/\/infoecos.com.ar\/?attachment_id=88180\" class=\"wp-image-88180\" srcset=\"https:\/\/infoecos.com.ar\/wp-content\/uploads\/2021\/10\/245812601_4468627523176046_3073026369062415485_n-920x614.jpg 920w, https:\/\/infoecos.com.ar\/wp-content\/uploads\/2021\/10\/245812601_4468627523176046_3073026369062415485_n-460x307.jpg 460w, https:\/\/infoecos.com.ar\/wp-content\/uploads\/2021\/10\/245812601_4468627523176046_3073026369062415485_n-768x513.jpg 768w, https:\/\/infoecos.com.ar\/wp-content\/uploads\/2021\/10\/245812601_4468627523176046_3073026369062415485_n-675x450.jpg 675w, https:\/\/infoecos.com.ar\/wp-content\/uploads\/2021\/10\/245812601_4468627523176046_3073026369062415485_n.jpg 960w\" sizes=\"(max-width: 920px) 100vw, 920px\" \/><figcaption class=\"blocks-gallery-item__caption\">Garr\u00e9 espect\u00e1culo por los 110 a\u00f1os<\/figcaption><\/figure><\/li><li class=\"blocks-gallery-item\"><figure><img loading=\"lazy\" decoding=\"async\" width=\"920\" height=\"613\" src=\"http:\/\/infoecos.com.ar\/wp-content\/uploads\/2021\/10\/245928014_4468621139843351_6923157757664992113_n-1-920x613.jpg\" alt=\"\" data-id=\"88181\" data-full-url=\"http:\/\/infoecos.com.ar\/wp-content\/uploads\/2021\/10\/245928014_4468621139843351_6923157757664992113_n-1.jpg\" data-link=\"http:\/\/infoecos.com.ar\/?attachment_id=88181\" class=\"wp-image-88181\" srcset=\"https:\/\/infoecos.com.ar\/wp-content\/uploads\/2021\/10\/245928014_4468621139843351_6923157757664992113_n-1-920x613.jpg 920w, https:\/\/infoecos.com.ar\/wp-content\/uploads\/2021\/10\/245928014_4468621139843351_6923157757664992113_n-1-460x307.jpg 460w, https:\/\/infoecos.com.ar\/wp-content\/uploads\/2021\/10\/245928014_4468621139843351_6923157757664992113_n-1-768x512.jpg 768w, https:\/\/infoecos.com.ar\/wp-content\/uploads\/2021\/10\/245928014_4468621139843351_6923157757664992113_n-1-675x450.jpg 675w, https:\/\/infoecos.com.ar\/wp-content\/uploads\/2021\/10\/245928014_4468621139843351_6923157757664992113_n-1.jpg 960w\" sizes=\"(max-width: 920px) 100vw, 920px\" \/><figcaption class=\"blocks-gallery-item__caption\">Garr\u00e9 espect\u00e1culo por los 110 a\u00f1os<\/figcaption><\/figure><\/li><li class=\"blocks-gallery-item\"><figure><img loading=\"lazy\" decoding=\"async\" width=\"920\" height=\"613\" src=\"http:\/\/infoecos.com.ar\/wp-content\/uploads\/2021\/10\/245940062_4468622256509906_6473527275279166252_n-920x613.jpg\" alt=\"\" data-id=\"88185\" data-full-url=\"http:\/\/infoecos.com.ar\/wp-content\/uploads\/2021\/10\/245940062_4468622256509906_6473527275279166252_n.jpg\" data-link=\"http:\/\/infoecos.com.ar\/?attachment_id=88185\" class=\"wp-image-88185\" srcset=\"https:\/\/infoecos.com.ar\/wp-content\/uploads\/2021\/10\/245940062_4468622256509906_6473527275279166252_n-920x613.jpg 920w, https:\/\/infoecos.com.ar\/wp-content\/uploads\/2021\/10\/245940062_4468622256509906_6473527275279166252_n-460x307.jpg 460w, https:\/\/infoecos.com.ar\/wp-content\/uploads\/2021\/10\/245940062_4468622256509906_6473527275279166252_n-768x512.jpg 768w, https:\/\/infoecos.com.ar\/wp-content\/uploads\/2021\/10\/245940062_4468622256509906_6473527275279166252_n-675x450.jpg 675w, https:\/\/infoecos.com.ar\/wp-content\/uploads\/2021\/10\/245940062_4468622256509906_6473527275279166252_n.jpg 960w\" sizes=\"(max-width: 920px) 100vw, 920px\" \/><figcaption class=\"blocks-gallery-item__caption\">Garr\u00e9 110 a\u00f1os<\/figcaption><\/figure><\/li><li class=\"blocks-gallery-item\"><figure><img loading=\"lazy\" decoding=\"async\" width=\"920\" height=\"614\" src=\"http:\/\/infoecos.com.ar\/wp-content\/uploads\/2021\/10\/245967800_4468623133176485_593765611697980934_n-920x614.jpg\" alt=\"\" data-id=\"88186\" data-full-url=\"http:\/\/infoecos.com.ar\/wp-content\/uploads\/2021\/10\/245967800_4468623133176485_593765611697980934_n.jpg\" data-link=\"http:\/\/infoecos.com.ar\/?attachment_id=88186\" class=\"wp-image-88186\" srcset=\"https:\/\/infoecos.com.ar\/wp-content\/uploads\/2021\/10\/245967800_4468623133176485_593765611697980934_n-920x614.jpg 920w, https:\/\/infoecos.com.ar\/wp-content\/uploads\/2021\/10\/245967800_4468623133176485_593765611697980934_n-460x307.jpg 460w, https:\/\/infoecos.com.ar\/wp-content\/uploads\/2021\/10\/245967800_4468623133176485_593765611697980934_n-768x513.jpg 768w, https:\/\/infoecos.com.ar\/wp-content\/uploads\/2021\/10\/245967800_4468623133176485_593765611697980934_n-675x450.jpg 675w, https:\/\/infoecos.com.ar\/wp-content\/uploads\/2021\/10\/245967800_4468623133176485_593765611697980934_n.jpg 960w\" sizes=\"(max-width: 920px) 100vw, 920px\" \/><figcaption class=\"blocks-gallery-item__caption\">Garr\u00e9 saludo Nobre Ferreira y Borrazas<\/figcaption><\/figure><\/li><li class=\"blocks-gallery-item\"><figure><img loading=\"lazy\" decoding=\"async\" width=\"920\" height=\"614\" src=\"http:\/\/infoecos.com.ar\/wp-content\/uploads\/2021\/10\/245994619_4468628059842659_6873150365754753688_n-920x614.jpg\" alt=\"\" data-id=\"88187\" data-full-url=\"http:\/\/infoecos.com.ar\/wp-content\/uploads\/2021\/10\/245994619_4468628059842659_6873150365754753688_n.jpg\" data-link=\"http:\/\/infoecos.com.ar\/?attachment_id=88187\" class=\"wp-image-88187\" srcset=\"https:\/\/infoecos.com.ar\/wp-content\/uploads\/2021\/10\/245994619_4468628059842659_6873150365754753688_n-920x614.jpg 920w, https:\/\/infoecos.com.ar\/wp-content\/uploads\/2021\/10\/245994619_4468628059842659_6873150365754753688_n-460x307.jpg 460w, https:\/\/infoecos.com.ar\/wp-content\/uploads\/2021\/10\/245994619_4468628059842659_6873150365754753688_n-768x513.jpg 768w, https:\/\/infoecos.com.ar\/wp-content\/uploads\/2021\/10\/245994619_4468628059842659_6873150365754753688_n-675x450.jpg 675w, https:\/\/infoecos.com.ar\/wp-content\/uploads\/2021\/10\/245994619_4468628059842659_6873150365754753688_n.jpg 960w\" sizes=\"(max-width: 920px) 100vw, 920px\" \/><figcaption class=\"blocks-gallery-item__caption\">Garr\u00e9 espect\u00e1culo por los 110 a\u00f1os<\/figcaption><\/figure><\/li><li class=\"blocks-gallery-item\"><figure><img loading=\"lazy\" decoding=\"async\" width=\"920\" height=\"613\" src=\"http:\/\/infoecos.com.ar\/wp-content\/uploads\/2021\/10\/246028447_4468626526509479_4792985033744192148_n-920x613.jpg\" alt=\"\" data-id=\"88188\" data-full-url=\"http:\/\/infoecos.com.ar\/wp-content\/uploads\/2021\/10\/246028447_4468626526509479_4792985033744192148_n.jpg\" data-link=\"http:\/\/infoecos.com.ar\/?attachment_id=88188\" class=\"wp-image-88188\" srcset=\"https:\/\/infoecos.com.ar\/wp-content\/uploads\/2021\/10\/246028447_4468626526509479_4792985033744192148_n-920x613.jpg 920w, https:\/\/infoecos.com.ar\/wp-content\/uploads\/2021\/10\/246028447_4468626526509479_4792985033744192148_n-460x307.jpg 460w, https:\/\/infoecos.com.ar\/wp-content\/uploads\/2021\/10\/246028447_4468626526509479_4792985033744192148_n-768x512.jpg 768w, https:\/\/infoecos.com.ar\/wp-content\/uploads\/2021\/10\/246028447_4468626526509479_4792985033744192148_n-675x450.jpg 675w, https:\/\/infoecos.com.ar\/wp-content\/uploads\/2021\/10\/246028447_4468626526509479_4792985033744192148_n.jpg 960w\" sizes=\"(max-width: 920px) 100vw, 920px\" \/><figcaption class=\"blocks-gallery-item__caption\">Garr\u00e9 espect\u00e1culo por los 110 a\u00f1os<\/figcaption><\/figure><\/li><li class=\"blocks-gallery-item\"><figure><img loading=\"lazy\" decoding=\"async\" width=\"920\" height=\"614\" src=\"http:\/\/infoecos.com.ar\/wp-content\/uploads\/2021\/10\/246028469_4468624499843015_8117024876580190158_n-920x614.jpg\" alt=\"\" data-id=\"88189\" data-full-url=\"http:\/\/infoecos.com.ar\/wp-content\/uploads\/2021\/10\/246028469_4468624499843015_8117024876580190158_n.jpg\" data-link=\"http:\/\/infoecos.com.ar\/?attachment_id=88189\" class=\"wp-image-88189\" srcset=\"https:\/\/infoecos.com.ar\/wp-content\/uploads\/2021\/10\/246028469_4468624499843015_8117024876580190158_n-920x614.jpg 920w, https:\/\/infoecos.com.ar\/wp-content\/uploads\/2021\/10\/246028469_4468624499843015_8117024876580190158_n-460x307.jpg 460w, https:\/\/infoecos.com.ar\/wp-content\/uploads\/2021\/10\/246028469_4468624499843015_8117024876580190158_n-768x513.jpg 768w, https:\/\/infoecos.com.ar\/wp-content\/uploads\/2021\/10\/246028469_4468624499843015_8117024876580190158_n-675x450.jpg 675w, https:\/\/infoecos.com.ar\/wp-content\/uploads\/2021\/10\/246028469_4468624499843015_8117024876580190158_n.jpg 960w\" sizes=\"(max-width: 920px) 100vw, 920px\" \/><figcaption class=\"blocks-gallery-item__caption\">Garr\u00e9 espect\u00e1culo por los 110 a\u00f1os<\/figcaption><\/figure><\/li><li class=\"blocks-gallery-item\"><figure><img loading=\"lazy\" decoding=\"async\" width=\"920\" height=\"613\" src=\"http:\/\/infoecos.com.ar\/wp-content\/uploads\/2021\/10\/246057510_4468621676509964_7318875884681770527_n-920x613.jpg\" alt=\"\" data-id=\"88191\" data-full-url=\"http:\/\/infoecos.com.ar\/wp-content\/uploads\/2021\/10\/246057510_4468621676509964_7318875884681770527_n.jpg\" data-link=\"http:\/\/infoecos.com.ar\/?attachment_id=88191\" class=\"wp-image-88191\" srcset=\"https:\/\/infoecos.com.ar\/wp-content\/uploads\/2021\/10\/246057510_4468621676509964_7318875884681770527_n-920x613.jpg 920w, https:\/\/infoecos.com.ar\/wp-content\/uploads\/2021\/10\/246057510_4468621676509964_7318875884681770527_n-460x307.jpg 460w, https:\/\/infoecos.com.ar\/wp-content\/uploads\/2021\/10\/246057510_4468621676509964_7318875884681770527_n-768x512.jpg 768w, https:\/\/infoecos.com.ar\/wp-content\/uploads\/2021\/10\/246057510_4468621676509964_7318875884681770527_n-675x450.jpg 675w, https:\/\/infoecos.com.ar\/wp-content\/uploads\/2021\/10\/246057510_4468621676509964_7318875884681770527_n.jpg 960w\" sizes=\"(max-width: 920px) 100vw, 920px\" \/><figcaption class=\"blocks-gallery-item__caption\">Garr\u00e9 110 a\u00f1os <\/figcaption><\/figure><\/li><li class=\"blocks-gallery-item\"><figure><img loading=\"lazy\" decoding=\"async\" width=\"920\" height=\"614\" src=\"http:\/\/infoecos.com.ar\/wp-content\/uploads\/2021\/10\/246065985_4468623363176462_2037691817797118024_n-920x614.jpg\" alt=\"\" data-id=\"88193\" data-full-url=\"http:\/\/infoecos.com.ar\/wp-content\/uploads\/2021\/10\/246065985_4468623363176462_2037691817797118024_n.jpg\" data-link=\"http:\/\/infoecos.com.ar\/?attachment_id=88193\" class=\"wp-image-88193\" srcset=\"https:\/\/infoecos.com.ar\/wp-content\/uploads\/2021\/10\/246065985_4468623363176462_2037691817797118024_n-920x614.jpg 920w, https:\/\/infoecos.com.ar\/wp-content\/uploads\/2021\/10\/246065985_4468623363176462_2037691817797118024_n-460x307.jpg 460w, https:\/\/infoecos.com.ar\/wp-content\/uploads\/2021\/10\/246065985_4468623363176462_2037691817797118024_n-768x513.jpg 768w, https:\/\/infoecos.com.ar\/wp-content\/uploads\/2021\/10\/246065985_4468623363176462_2037691817797118024_n-675x450.jpg 675w, https:\/\/infoecos.com.ar\/wp-content\/uploads\/2021\/10\/246065985_4468623363176462_2037691817797118024_n.jpg 960w\" sizes=\"(max-width: 920px) 100vw, 920px\" \/><figcaption class=\"blocks-gallery-item__caption\">Garr\u00e9 discurso Nobre Ferreira<\/figcaption><\/figure><\/li><li class=\"blocks-gallery-item\"><figure><img loading=\"lazy\" decoding=\"async\" width=\"920\" height=\"614\" src=\"http:\/\/infoecos.com.ar\/wp-content\/uploads\/2021\/10\/246067734_4468626969842768_4145044032989187552_n-920x614.jpg\" alt=\"\" data-id=\"88194\" data-full-url=\"http:\/\/infoecos.com.ar\/wp-content\/uploads\/2021\/10\/246067734_4468626969842768_4145044032989187552_n.jpg\" data-link=\"http:\/\/infoecos.com.ar\/?attachment_id=88194\" class=\"wp-image-88194\" srcset=\"https:\/\/infoecos.com.ar\/wp-content\/uploads\/2021\/10\/246067734_4468626969842768_4145044032989187552_n-920x614.jpg 920w, https:\/\/infoecos.com.ar\/wp-content\/uploads\/2021\/10\/246067734_4468626969842768_4145044032989187552_n-460x307.jpg 460w, https:\/\/infoecos.com.ar\/wp-content\/uploads\/2021\/10\/246067734_4468626969842768_4145044032989187552_n-768x513.jpg 768w, https:\/\/infoecos.com.ar\/wp-content\/uploads\/2021\/10\/246067734_4468626969842768_4145044032989187552_n-675x450.jpg 675w, https:\/\/infoecos.com.ar\/wp-content\/uploads\/2021\/10\/246067734_4468626969842768_4145044032989187552_n.jpg 960w\" sizes=\"(max-width: 920px) 100vw, 920px\" \/><figcaption class=\"blocks-gallery-item__caption\">Garr\u00e9 espect\u00e1culo por los 110 a\u00f1os<\/figcaption><\/figure><\/li><li class=\"blocks-gallery-item\"><figure><img loading=\"lazy\" decoding=\"async\" width=\"920\" height=\"613\" src=\"http:\/\/infoecos.com.ar\/wp-content\/uploads\/2021\/10\/246126006_4468623629843102_2851182977607069821_n-1-920x613.jpg\" alt=\"\" data-id=\"88195\" data-full-url=\"http:\/\/infoecos.com.ar\/wp-content\/uploads\/2021\/10\/246126006_4468623629843102_2851182977607069821_n-1.jpg\" data-link=\"http:\/\/infoecos.com.ar\/?attachment_id=88195\" class=\"wp-image-88195\" srcset=\"https:\/\/infoecos.com.ar\/wp-content\/uploads\/2021\/10\/246126006_4468623629843102_2851182977607069821_n-1-920x613.jpg 920w, https:\/\/infoecos.com.ar\/wp-content\/uploads\/2021\/10\/246126006_4468623629843102_2851182977607069821_n-1-460x307.jpg 460w, https:\/\/infoecos.com.ar\/wp-content\/uploads\/2021\/10\/246126006_4468623629843102_2851182977607069821_n-1-768x512.jpg 768w, https:\/\/infoecos.com.ar\/wp-content\/uploads\/2021\/10\/246126006_4468623629843102_2851182977607069821_n-1-675x450.jpg 675w, https:\/\/infoecos.com.ar\/wp-content\/uploads\/2021\/10\/246126006_4468623629843102_2851182977607069821_n-1.jpg 960w\" sizes=\"(max-width: 920px) 100vw, 920px\" \/><figcaption class=\"blocks-gallery-item__caption\">Garr\u00e9 reconocimiento a Vicente<\/figcaption><\/figure><\/li><li class=\"blocks-gallery-item\"><figure><img loading=\"lazy\" decoding=\"async\" width=\"920\" height=\"613\" src=\"http:\/\/infoecos.com.ar\/wp-content\/uploads\/2021\/10\/246135000_4468622006509931_6248668810083329560_n-1-920x613.jpg\" alt=\"\" data-id=\"88197\" data-full-url=\"http:\/\/infoecos.com.ar\/wp-content\/uploads\/2021\/10\/246135000_4468622006509931_6248668810083329560_n-1.jpg\" data-link=\"http:\/\/infoecos.com.ar\/?attachment_id=88197\" class=\"wp-image-88197\" srcset=\"https:\/\/infoecos.com.ar\/wp-content\/uploads\/2021\/10\/246135000_4468622006509931_6248668810083329560_n-1-920x613.jpg 920w, https:\/\/infoecos.com.ar\/wp-content\/uploads\/2021\/10\/246135000_4468622006509931_6248668810083329560_n-1-460x307.jpg 460w, https:\/\/infoecos.com.ar\/wp-content\/uploads\/2021\/10\/246135000_4468622006509931_6248668810083329560_n-1-768x512.jpg 768w, https:\/\/infoecos.com.ar\/wp-content\/uploads\/2021\/10\/246135000_4468622006509931_6248668810083329560_n-1-675x450.jpg 675w, https:\/\/infoecos.com.ar\/wp-content\/uploads\/2021\/10\/246135000_4468622006509931_6248668810083329560_n-1.jpg 960w\" sizes=\"(max-width: 920px) 100vw, 920px\" \/><figcaption class=\"blocks-gallery-item__caption\">Garr\u00e9 110 a\u00f1os<\/figcaption><\/figure><\/li><li class=\"blocks-gallery-item\"><figure><img loading=\"lazy\" decoding=\"async\" width=\"920\" height=\"614\" src=\"http:\/\/infoecos.com.ar\/wp-content\/uploads\/2021\/10\/246148573_4468624289843036_973502959008817_n-920x614.jpg\" alt=\"\" data-id=\"88199\" data-full-url=\"http:\/\/infoecos.com.ar\/wp-content\/uploads\/2021\/10\/246148573_4468624289843036_973502959008817_n.jpg\" data-link=\"http:\/\/infoecos.com.ar\/?attachment_id=88199\" class=\"wp-image-88199\" srcset=\"https:\/\/infoecos.com.ar\/wp-content\/uploads\/2021\/10\/246148573_4468624289843036_973502959008817_n-920x614.jpg 920w, https:\/\/infoecos.com.ar\/wp-content\/uploads\/2021\/10\/246148573_4468624289843036_973502959008817_n-460x307.jpg 460w, https:\/\/infoecos.com.ar\/wp-content\/uploads\/2021\/10\/246148573_4468624289843036_973502959008817_n-768x513.jpg 768w, https:\/\/infoecos.com.ar\/wp-content\/uploads\/2021\/10\/246148573_4468624289843036_973502959008817_n-675x450.jpg 675w, https:\/\/infoecos.com.ar\/wp-content\/uploads\/2021\/10\/246148573_4468624289843036_973502959008817_n.jpg 960w\" sizes=\"(max-width: 920px) 100vw, 920px\" \/><figcaption class=\"blocks-gallery-item__caption\">Garr\u00e9 110 a\u00f1os<\/figcaption><\/figure><\/li><li class=\"blocks-gallery-item\"><figure><img loading=\"lazy\" decoding=\"async\" width=\"920\" height=\"613\" src=\"http:\/\/infoecos.com.ar\/wp-content\/uploads\/2021\/10\/246151275_4468622719843193_837748315559268203_n-920x613.jpg\" alt=\"\" data-id=\"88200\" data-full-url=\"http:\/\/infoecos.com.ar\/wp-content\/uploads\/2021\/10\/246151275_4468622719843193_837748315559268203_n.jpg\" data-link=\"http:\/\/infoecos.com.ar\/?attachment_id=88200\" class=\"wp-image-88200\" srcset=\"https:\/\/infoecos.com.ar\/wp-content\/uploads\/2021\/10\/246151275_4468622719843193_837748315559268203_n-920x613.jpg 920w, https:\/\/infoecos.com.ar\/wp-content\/uploads\/2021\/10\/246151275_4468622719843193_837748315559268203_n-460x307.jpg 460w, https:\/\/infoecos.com.ar\/wp-content\/uploads\/2021\/10\/246151275_4468622719843193_837748315559268203_n-768x512.jpg 768w, https:\/\/infoecos.com.ar\/wp-content\/uploads\/2021\/10\/246151275_4468622719843193_837748315559268203_n-675x450.jpg 675w, https:\/\/infoecos.com.ar\/wp-content\/uploads\/2021\/10\/246151275_4468622719843193_837748315559268203_n.jpg 960w\" sizes=\"(max-width: 920px) 100vw, 920px\" \/><figcaption class=\"blocks-gallery-item__caption\">Garr\u00e9 110 a\u00f1os<\/figcaption><\/figure><\/li><li class=\"blocks-gallery-item\"><figure><img loading=\"lazy\" decoding=\"async\" width=\"920\" height=\"613\" src=\"http:\/\/infoecos.com.ar\/wp-content\/uploads\/2021\/10\/246205138_4468624059843059_6027889528192803485_n-920x613.jpg\" alt=\"\" data-id=\"88201\" data-full-url=\"http:\/\/infoecos.com.ar\/wp-content\/uploads\/2021\/10\/246205138_4468624059843059_6027889528192803485_n.jpg\" data-link=\"http:\/\/infoecos.com.ar\/?attachment_id=88201\" class=\"wp-image-88201\" srcset=\"https:\/\/infoecos.com.ar\/wp-content\/uploads\/2021\/10\/246205138_4468624059843059_6027889528192803485_n-920x613.jpg 920w, https:\/\/infoecos.com.ar\/wp-content\/uploads\/2021\/10\/246205138_4468624059843059_6027889528192803485_n-460x307.jpg 460w, https:\/\/infoecos.com.ar\/wp-content\/uploads\/2021\/10\/246205138_4468624059843059_6027889528192803485_n-768x512.jpg 768w, https:\/\/infoecos.com.ar\/wp-content\/uploads\/2021\/10\/246205138_4468624059843059_6027889528192803485_n-675x450.jpg 675w, https:\/\/infoecos.com.ar\/wp-content\/uploads\/2021\/10\/246205138_4468624059843059_6027889528192803485_n.jpg 960w\" sizes=\"(max-width: 920px) 100vw, 920px\" \/><figcaption class=\"blocks-gallery-item__caption\">Garr\u00e9 autoridades de Garr\u00e9 y T.Lauquen<\/figcaption><\/figure><\/li><li class=\"blocks-gallery-item\"><figure><img loading=\"lazy\" decoding=\"async\" width=\"920\" height=\"613\" src=\"http:\/\/infoecos.com.ar\/wp-content\/uploads\/2021\/10\/246243285_4468626269842838_891058808385992003_n-920x613.jpg\" alt=\"\" data-id=\"88203\" data-full-url=\"http:\/\/infoecos.com.ar\/wp-content\/uploads\/2021\/10\/246243285_4468626269842838_891058808385992003_n.jpg\" data-link=\"http:\/\/infoecos.com.ar\/?attachment_id=88203\" class=\"wp-image-88203\" srcset=\"https:\/\/infoecos.com.ar\/wp-content\/uploads\/2021\/10\/246243285_4468626269842838_891058808385992003_n-920x613.jpg 920w, https:\/\/infoecos.com.ar\/wp-content\/uploads\/2021\/10\/246243285_4468626269842838_891058808385992003_n-460x307.jpg 460w, https:\/\/infoecos.com.ar\/wp-content\/uploads\/2021\/10\/246243285_4468626269842838_891058808385992003_n-768x512.jpg 768w, https:\/\/infoecos.com.ar\/wp-content\/uploads\/2021\/10\/246243285_4468626269842838_891058808385992003_n-675x450.jpg 675w, https:\/\/infoecos.com.ar\/wp-content\/uploads\/2021\/10\/246243285_4468626269842838_891058808385992003_n.jpg 960w\" sizes=\"(max-width: 920px) 100vw, 920px\" \/><figcaption class=\"blocks-gallery-item__caption\">Garr\u00e9 espect\u00e1culo por los 110 a\u00f1os<\/figcaption><\/figure><\/li><li class=\"blocks-gallery-item\"><figure><img loading=\"lazy\" decoding=\"async\" width=\"920\" height=\"614\" src=\"http:\/\/infoecos.com.ar\/wp-content\/uploads\/2021\/10\/246287779_4468627179842747_3183763096322513524_n-920x614.jpg\" alt=\"\" data-id=\"88204\" data-full-url=\"http:\/\/infoecos.com.ar\/wp-content\/uploads\/2021\/10\/246287779_4468627179842747_3183763096322513524_n.jpg\" data-link=\"http:\/\/infoecos.com.ar\/?attachment_id=88204\" class=\"wp-image-88204\" srcset=\"https:\/\/infoecos.com.ar\/wp-content\/uploads\/2021\/10\/246287779_4468627179842747_3183763096322513524_n-920x614.jpg 920w, https:\/\/infoecos.com.ar\/wp-content\/uploads\/2021\/10\/246287779_4468627179842747_3183763096322513524_n-460x307.jpg 460w, https:\/\/infoecos.com.ar\/wp-content\/uploads\/2021\/10\/246287779_4468627179842747_3183763096322513524_n-768x513.jpg 768w, https:\/\/infoecos.com.ar\/wp-content\/uploads\/2021\/10\/246287779_4468627179842747_3183763096322513524_n-675x450.jpg 675w, https:\/\/infoecos.com.ar\/wp-content\/uploads\/2021\/10\/246287779_4468627179842747_3183763096322513524_n.jpg 960w\" sizes=\"(max-width: 920px) 100vw, 920px\" \/><figcaption class=\"blocks-gallery-item__caption\">Garr\u00e9 acto 110 a\u00f1os <\/figcaption><\/figure><\/li><li class=\"blocks-gallery-item\"><figure><img loading=\"lazy\" decoding=\"async\" width=\"920\" height=\"613\" src=\"http:\/\/infoecos.com.ar\/wp-content\/uploads\/2021\/10\/garreaniversario1-920x613.jpg\" alt=\"\" data-id=\"88205\" data-full-url=\"http:\/\/infoecos.com.ar\/wp-content\/uploads\/2021\/10\/garreaniversario1.jpg\" data-link=\"http:\/\/infoecos.com.ar\/?attachment_id=88205\" class=\"wp-image-88205\" srcset=\"https:\/\/infoecos.com.ar\/wp-content\/uploads\/2021\/10\/garreaniversario1-920x613.jpg 920w, https:\/\/infoecos.com.ar\/wp-content\/uploads\/2021\/10\/garreaniversario1-460x307.jpg 460w, https:\/\/infoecos.com.ar\/wp-content\/uploads\/2021\/10\/garreaniversario1-768x512.jpg 768w, https:\/\/infoecos.com.ar\/wp-content\/uploads\/2021\/10\/garreaniversario1-675x450.jpg 675w, https:\/\/infoecos.com.ar\/wp-content\/uploads\/2021\/10\/garreaniversario1.jpg 960w\" sizes=\"(max-width: 920px) 100vw, 920px\" \/><figcaption class=\"blocks-gallery-item__caption\">Garr\u00e9 acto 110 a\u00f1os<\/figcaption><\/figure><\/li><li class=\"blocks-gallery-item\"><figure><img loading=\"lazy\" decoding=\"async\" width=\"920\" height=\"614\" src=\"http:\/\/infoecos.com.ar\/wp-content\/uploads\/2021\/10\/garreaniversario5-920x614.jpg\" alt=\"\" data-id=\"88209\" data-full-url=\"http:\/\/infoecos.com.ar\/wp-content\/uploads\/2021\/10\/garreaniversario5.jpg\" data-link=\"http:\/\/infoecos.com.ar\/?attachment_id=88209\" class=\"wp-image-88209\" srcset=\"https:\/\/infoecos.com.ar\/wp-content\/uploads\/2021\/10\/garreaniversario5-920x614.jpg 920w, https:\/\/infoecos.com.ar\/wp-content\/uploads\/2021\/10\/garreaniversario5-460x307.jpg 460w, https:\/\/infoecos.com.ar\/wp-content\/uploads\/2021\/10\/garreaniversario5-768x513.jpg 768w, https:\/\/infoecos.com.ar\/wp-content\/uploads\/2021\/10\/garreaniversario5-675x450.jpg 675w, https:\/\/infoecos.com.ar\/wp-content\/uploads\/2021\/10\/garreaniversario5.jpg 960w\" sizes=\"(max-width: 920px) 100vw, 920px\" \/><\/figure><\/li><\/ul><\/figure>\n","protected":false},"excerpt":{"rendered":"<p>La ceremonia protocolar fue compartida con las autoridades municipales de Trenque Lauquen y Tres Lomas<\/p>\n","protected":false},"author":2,"featured_media":88163,"comment_status":"closed","ping_status":"open","sticky":false,"template":"","format":"standard","meta":{"footnotes":""},"categories":[198],"tags":[5470],"class_list":["post-88157","post","type-post","status-publish","format-standard","has-post-thumbnail","hentry","category-c1nota5","tag-acto-protocolar-y-fiesta-popular"],"yoast_head":"<!-- This site is optimized with the Yoast SEO plugin v23.4 - https:\/\/yoast.com\/wordpress\/plugins\/seo\/ -->\n<title>Celebraron el aniversario de Garr\u00e9 con variados actos: reconocimiento a &quot;Coco&quot; Vicente y Gerardo Alzogaray - Infoecos<\/title>\n<meta name=\"robots\" content=\"index, follow, max-snippet:-1, max-image-preview:large, max-video-preview:-1\" \/>\n<link rel=\"canonical\" href=\"https:\/\/infoecos.com.ar\/index.php\/celebraron-el-aniversario-de-garre-con-variados-actos-reconocimiento-a-coco-vicente-y-gerardo-alzogaray\/\" \/>\n<meta property=\"og:locale\" content=\"es_ES\" \/>\n<meta property=\"og:type\" content=\"article\" \/>\n<meta property=\"og:title\" content=\"Celebraron el aniversario de Garr\u00e9 con variados actos: reconocimiento a &quot;Coco&quot; Vicente y Gerardo Alzogaray - Infoecos\" \/>\n<meta property=\"og:description\" content=\"La ceremonia protocolar fue compartida con las autoridades municipales de Trenque Lauquen y Tres Lomas\" \/>\n<meta property=\"og:url\" content=\"https:\/\/infoecos.com.ar\/index.php\/celebraron-el-aniversario-de-garre-con-variados-actos-reconocimiento-a-coco-vicente-y-gerardo-alzogaray\/\" \/>\n<meta property=\"og:site_name\" content=\"Infoecos\" \/>\n<meta property=\"article:publisher\" content=\"https:\/\/www.facebook.com\/profile.php?id=100063200290284\" \/>\n<meta property=\"article:published_time\" content=\"2021-10-16T18:00:03+00:00\" \/>\n<meta property=\"article:modified_time\" content=\"2021-10-18T07:22:21+00:00\" \/>\n<meta property=\"og:image\" content=\"https:\/\/infoecos.com.ar\/wp-content\/uploads\/2021\/10\/garreaniversario2.jpg\" \/>\n\t<meta property=\"og:image:width\" content=\"960\" \/>\n\t<meta property=\"og:image:height\" content=\"640\" \/>\n\t<meta property=\"og:image:type\" content=\"image\/jpeg\" \/>\n<meta name=\"author\" content=\"Jorge Matheus\" \/>\n<meta name=\"twitter:card\" content=\"summary_large_image\" \/>\n<meta name=\"twitter:creator\" content=\"@infoecos\" \/>\n<meta name=\"twitter:site\" content=\"@infoecos\" \/>\n<meta name=\"twitter:label1\" content=\"Escrito por\" \/>\n\t<meta name=\"twitter:data1\" content=\"Jorge Matheus\" \/>\n\t<meta name=\"twitter:label2\" content=\"Tiempo de lectura\" \/>\n\t<meta name=\"twitter:data2\" content=\"3 minutos\" \/>\n<script type=\"application\/ld+json\" class=\"yoast-schema-graph\">{\"@context\":\"https:\/\/schema.org\",\"@graph\":[{\"@type\":\"Article\",\"@id\":\"https:\/\/infoecos.com.ar\/index.php\/celebraron-el-aniversario-de-garre-con-variados-actos-reconocimiento-a-coco-vicente-y-gerardo-alzogaray\/#article\",\"isPartOf\":{\"@id\":\"https:\/\/infoecos.com.ar\/index.php\/celebraron-el-aniversario-de-garre-con-variados-actos-reconocimiento-a-coco-vicente-y-gerardo-alzogaray\/\"},\"author\":{\"name\":\"Jorge Matheus\",\"@id\":\"https:\/\/infoecos.com.ar\/#\/schema\/person\/8f5ace5ce73b4b4aac4b7245aee6f191\"},\"headline\":\"Celebraron el aniversario de Garr\u00e9 con variados actos: reconocimiento a \u00abCoco\u00bb Vicente y Gerardo Alzogaray\",\"datePublished\":\"2021-10-16T18:00:03+00:00\",\"dateModified\":\"2021-10-18T07:22:21+00:00\",\"mainEntityOfPage\":{\"@id\":\"https:\/\/infoecos.com.ar\/index.php\/celebraron-el-aniversario-de-garre-con-variados-actos-reconocimiento-a-coco-vicente-y-gerardo-alzogaray\/\"},\"wordCount\":672,\"publisher\":{\"@id\":\"https:\/\/infoecos.com.ar\/#organization\"},\"image\":{\"@id\":\"https:\/\/infoecos.com.ar\/index.php\/celebraron-el-aniversario-de-garre-con-variados-actos-reconocimiento-a-coco-vicente-y-gerardo-alzogaray\/#primaryimage\"},\"thumbnailUrl\":\"https:\/\/infoecos.com.ar\/wp-content\/uploads\/2021\/10\/garreaniversario2.jpg\",\"keywords\":[\"ACTO PROTOCOLAR Y FIESTA POPULAR\"],\"articleSection\":[\"C1 nota 5\"],\"inLanguage\":\"es\"},{\"@type\":\"WebPage\",\"@id\":\"https:\/\/infoecos.com.ar\/index.php\/celebraron-el-aniversario-de-garre-con-variados-actos-reconocimiento-a-coco-vicente-y-gerardo-alzogaray\/\",\"url\":\"https:\/\/infoecos.com.ar\/index.php\/celebraron-el-aniversario-de-garre-con-variados-actos-reconocimiento-a-coco-vicente-y-gerardo-alzogaray\/\",\"name\":\"Celebraron el aniversario de Garr\u00e9 con variados actos: reconocimiento a \\\"Coco\\\" Vicente y Gerardo Alzogaray - Infoecos\",\"isPartOf\":{\"@id\":\"https:\/\/infoecos.com.ar\/#website\"},\"primaryImageOfPage\":{\"@id\":\"https:\/\/infoecos.com.ar\/index.php\/celebraron-el-aniversario-de-garre-con-variados-actos-reconocimiento-a-coco-vicente-y-gerardo-alzogaray\/#primaryimage\"},\"image\":{\"@id\":\"https:\/\/infoecos.com.ar\/index.php\/celebraron-el-aniversario-de-garre-con-variados-actos-reconocimiento-a-coco-vicente-y-gerardo-alzogaray\/#primaryimage\"},\"thumbnailUrl\":\"https:\/\/infoecos.com.ar\/wp-content\/uploads\/2021\/10\/garreaniversario2.jpg\",\"datePublished\":\"2021-10-16T18:00:03+00:00\",\"dateModified\":\"2021-10-18T07:22:21+00:00\",\"breadcrumb\":{\"@id\":\"https:\/\/infoecos.com.ar\/index.php\/celebraron-el-aniversario-de-garre-con-variados-actos-reconocimiento-a-coco-vicente-y-gerardo-alzogaray\/#breadcrumb\"},\"inLanguage\":\"es\",\"potentialAction\":[{\"@type\":\"ReadAction\",\"target\":[\"https:\/\/infoecos.com.ar\/index.php\/celebraron-el-aniversario-de-garre-con-variados-actos-reconocimiento-a-coco-vicente-y-gerardo-alzogaray\/\"]}]},{\"@type\":\"ImageObject\",\"inLanguage\":\"es\",\"@id\":\"https:\/\/infoecos.com.ar\/index.php\/celebraron-el-aniversario-de-garre-con-variados-actos-reconocimiento-a-coco-vicente-y-gerardo-alzogaray\/#primaryimage\",\"url\":\"https:\/\/infoecos.com.ar\/wp-content\/uploads\/2021\/10\/garreaniversario2.jpg\",\"contentUrl\":\"https:\/\/infoecos.com.ar\/wp-content\/uploads\/2021\/10\/garreaniversario2.jpg\",\"width\":960,\"height\":640},{\"@type\":\"BreadcrumbList\",\"@id\":\"https:\/\/infoecos.com.ar\/index.php\/celebraron-el-aniversario-de-garre-con-variados-actos-reconocimiento-a-coco-vicente-y-gerardo-alzogaray\/#breadcrumb\",\"itemListElement\":[{\"@type\":\"ListItem\",\"position\":1,\"name\":\"Portada\",\"item\":\"https:\/\/infoecos.com.ar\/\"},{\"@type\":\"ListItem\",\"position\":2,\"name\":\"Celebraron el aniversario de Garr\u00e9 con variados actos: reconocimiento a \u00abCoco\u00bb Vicente y Gerardo Alzogaray\"}]},{\"@type\":\"WebSite\",\"@id\":\"https:\/\/infoecos.com.ar\/#website\",\"url\":\"https:\/\/infoecos.com.ar\/\",\"name\":\"Infoecos\",\"description\":\"Noticias de trenque lauquen y la zona\",\"publisher\":{\"@id\":\"https:\/\/infoecos.com.ar\/#organization\"},\"alternateName\":\"Noticias\",\"potentialAction\":[{\"@type\":\"SearchAction\",\"target\":{\"@type\":\"EntryPoint\",\"urlTemplate\":\"https:\/\/infoecos.com.ar\/?s={search_term_string}\"},\"query-input\":{\"@type\":\"PropertyValueSpecification\",\"valueRequired\":true,\"valueName\":\"search_term_string\"}}],\"inLanguage\":\"es\"},{\"@type\":\"Organization\",\"@id\":\"https:\/\/infoecos.com.ar\/#organization\",\"name\":\"Infoecos\",\"alternateName\":\"Noticias\",\"url\":\"https:\/\/infoecos.com.ar\/\",\"logo\":{\"@type\":\"ImageObject\",\"inLanguage\":\"es\",\"@id\":\"https:\/\/infoecos.com.ar\/#\/schema\/logo\/image\/\",\"url\":\"https:\/\/infoecos.com.ar\/wp-content\/uploads\/2024\/03\/cropped-logo.png\",\"contentUrl\":\"https:\/\/infoecos.com.ar\/wp-content\/uploads\/2024\/03\/cropped-logo.png\",\"width\":374,\"height\":90,\"caption\":\"Infoecos\"},\"image\":{\"@id\":\"https:\/\/infoecos.com.ar\/#\/schema\/logo\/image\/\"},\"sameAs\":[\"https:\/\/www.facebook.com\/profile.php?id=100063200290284\",\"https:\/\/x.com\/infoecos\"]},{\"@type\":\"Person\",\"@id\":\"https:\/\/infoecos.com.ar\/#\/schema\/person\/8f5ace5ce73b4b4aac4b7245aee6f191\",\"name\":\"Jorge Matheus\",\"url\":\"https:\/\/infoecos.com.ar\/index.php\/author\/jomatheus\/\"}]}<\/script>\n<!-- \/ Yoast SEO plugin. -->","yoast_head_json":{"title":"Celebraron el aniversario de Garr\u00e9 con variados actos: reconocimiento a \"Coco\" Vicente y Gerardo Alzogaray - Infoecos","robots":{"index":"index","follow":"follow","max-snippet":"max-snippet:-1","max-image-preview":"max-image-preview:large","max-video-preview":"max-video-preview:-1"},"canonical":"https:\/\/infoecos.com.ar\/index.php\/celebraron-el-aniversario-de-garre-con-variados-actos-reconocimiento-a-coco-vicente-y-gerardo-alzogaray\/","og_locale":"es_ES","og_type":"article","og_title":"Celebraron el aniversario de Garr\u00e9 con variados actos: reconocimiento a \"Coco\" Vicente y Gerardo Alzogaray - Infoecos","og_description":"La ceremonia protocolar fue compartida con las autoridades municipales de Trenque Lauquen y Tres Lomas","og_url":"https:\/\/infoecos.com.ar\/index.php\/celebraron-el-aniversario-de-garre-con-variados-actos-reconocimiento-a-coco-vicente-y-gerardo-alzogaray\/","og_site_name":"Infoecos","article_publisher":"https:\/\/www.facebook.com\/profile.php?id=100063200290284","article_published_time":"2021-10-16T18:00:03+00:00","article_modified_time":"2021-10-18T07:22:21+00:00","og_image":[{"width":960,"height":640,"url":"https:\/\/infoecos.com.ar\/wp-content\/uploads\/2021\/10\/garreaniversario2.jpg","type":"image\/jpeg"}],"author":"Jorge Matheus","twitter_card":"summary_large_image","twitter_creator":"@infoecos","twitter_site":"@infoecos","twitter_misc":{"Escrito por":"Jorge Matheus","Tiempo de lectura":"3 minutos"},"schema":{"@context":"https:\/\/schema.org","@graph":[{"@type":"Article","@id":"https:\/\/infoecos.com.ar\/index.php\/celebraron-el-aniversario-de-garre-con-variados-actos-reconocimiento-a-coco-vicente-y-gerardo-alzogaray\/#article","isPartOf":{"@id":"https:\/\/infoecos.com.ar\/index.php\/celebraron-el-aniversario-de-garre-con-variados-actos-reconocimiento-a-coco-vicente-y-gerardo-alzogaray\/"},"author":{"name":"Jorge Matheus","@id":"https:\/\/infoecos.com.ar\/#\/schema\/person\/8f5ace5ce73b4b4aac4b7245aee6f191"},"headline":"Celebraron el aniversario de Garr\u00e9 con variados actos: reconocimiento a \u00abCoco\u00bb Vicente y Gerardo Alzogaray","datePublished":"2021-10-16T18:00:03+00:00","dateModified":"2021-10-18T07:22:21+00:00","mainEntityOfPage":{"@id":"https:\/\/infoecos.com.ar\/index.php\/celebraron-el-aniversario-de-garre-con-variados-actos-reconocimiento-a-coco-vicente-y-gerardo-alzogaray\/"},"wordCount":672,"publisher":{"@id":"https:\/\/infoecos.com.ar\/#organization"},"image":{"@id":"https:\/\/infoecos.com.ar\/index.php\/celebraron-el-aniversario-de-garre-con-variados-actos-reconocimiento-a-coco-vicente-y-gerardo-alzogaray\/#primaryimage"},"thumbnailUrl":"https:\/\/infoecos.com.ar\/wp-content\/uploads\/2021\/10\/garreaniversario2.jpg","keywords":["ACTO PROTOCOLAR Y FIESTA POPULAR"],"articleSection":["C1 nota 5"],"inLanguage":"es"},{"@type":"WebPage","@id":"https:\/\/infoecos.com.ar\/index.php\/celebraron-el-aniversario-de-garre-con-variados-actos-reconocimiento-a-coco-vicente-y-gerardo-alzogaray\/","url":"https:\/\/infoecos.com.ar\/index.php\/celebraron-el-aniversario-de-garre-con-variados-actos-reconocimiento-a-coco-vicente-y-gerardo-alzogaray\/","name":"Celebraron el aniversario de Garr\u00e9 con variados actos: reconocimiento a \"Coco\" Vicente y Gerardo Alzogaray - Infoecos","isPartOf":{"@id":"https:\/\/infoecos.com.ar\/#website"},"primaryImageOfPage":{"@id":"https:\/\/infoecos.com.ar\/index.php\/celebraron-el-aniversario-de-garre-con-variados-actos-reconocimiento-a-coco-vicente-y-gerardo-alzogaray\/#primaryimage"},"image":{"@id":"https:\/\/infoecos.com.ar\/index.php\/celebraron-el-aniversario-de-garre-con-variados-actos-reconocimiento-a-coco-vicente-y-gerardo-alzogaray\/#primaryimage"},"thumbnailUrl":"https:\/\/infoecos.com.ar\/wp-content\/uploads\/2021\/10\/garreaniversario2.jpg","datePublished":"2021-10-16T18:00:03+00:00","dateModified":"2021-10-18T07:22:21+00:00","breadcrumb":{"@id":"https:\/\/infoecos.com.ar\/index.php\/celebraron-el-aniversario-de-garre-con-variados-actos-reconocimiento-a-coco-vicente-y-gerardo-alzogaray\/#breadcrumb"},"inLanguage":"es","potentialAction":[{"@type":"ReadAction","target":["https:\/\/infoecos.com.ar\/index.php\/celebraron-el-aniversario-de-garre-con-variados-actos-reconocimiento-a-coco-vicente-y-gerardo-alzogaray\/"]}]},{"@type":"ImageObject","inLanguage":"es","@id":"https:\/\/infoecos.com.ar\/index.php\/celebraron-el-aniversario-de-garre-con-variados-actos-reconocimiento-a-coco-vicente-y-gerardo-alzogaray\/#primaryimage","url":"https:\/\/infoecos.com.ar\/wp-content\/uploads\/2021\/10\/garreaniversario2.jpg","contentUrl":"https:\/\/infoecos.com.ar\/wp-content\/uploads\/2021\/10\/garreaniversario2.jpg","width":960,"height":640},{"@type":"BreadcrumbList","@id":"https:\/\/infoecos.com.ar\/index.php\/celebraron-el-aniversario-de-garre-con-variados-actos-reconocimiento-a-coco-vicente-y-gerardo-alzogaray\/#breadcrumb","itemListElement":[{"@type":"ListItem","position":1,"name":"Portada","item":"https:\/\/infoecos.com.ar\/"},{"@type":"ListItem","position":2,"name":"Celebraron el aniversario de Garr\u00e9 con variados actos: reconocimiento a \u00abCoco\u00bb Vicente y Gerardo Alzogaray"}]},{"@type":"WebSite","@id":"https:\/\/infoecos.com.ar\/#website","url":"https:\/\/infoecos.com.ar\/","name":"Infoecos","description":"Noticias de trenque lauquen y la zona","publisher":{"@id":"https:\/\/infoecos.com.ar\/#organization"},"alternateName":"Noticias","potentialAction":[{"@type":"SearchAction","target":{"@type":"EntryPoint","urlTemplate":"https:\/\/infoecos.com.ar\/?s={search_term_string}"},"query-input":{"@type":"PropertyValueSpecification","valueRequired":true,"valueName":"search_term_string"}}],"inLanguage":"es"},{"@type":"Organization","@id":"https:\/\/infoecos.com.ar\/#organization","name":"Infoecos","alternateName":"Noticias","url":"https:\/\/infoecos.com.ar\/","logo":{"@type":"ImageObject","inLanguage":"es","@id":"https:\/\/infoecos.com.ar\/#\/schema\/logo\/image\/","url":"https:\/\/infoecos.com.ar\/wp-content\/uploads\/2024\/03\/cropped-logo.png","contentUrl":"https:\/\/infoecos.com.ar\/wp-content\/uploads\/2024\/03\/cropped-logo.png","width":374,"height":90,"caption":"Infoecos"},"image":{"@id":"https:\/\/infoecos.com.ar\/#\/schema\/logo\/image\/"},"sameAs":["https:\/\/www.facebook.com\/profile.php?id=100063200290284","https:\/\/x.com\/infoecos"]},{"@type":"Person","@id":"https:\/\/infoecos.com.ar\/#\/schema\/person\/8f5ace5ce73b4b4aac4b7245aee6f191","name":"Jorge Matheus","url":"https:\/\/infoecos.com.ar\/index.php\/author\/jomatheus\/"}]}},"featured_image_urls":{"full":["https:\/\/infoecos.com.ar\/wp-content\/uploads\/2021\/10\/garreaniversario2.jpg",960,640,false],"thumbnail":["https:\/\/infoecos.com.ar\/wp-content\/uploads\/2021\/10\/garreaniversario2-150x150.jpg",150,150,true],"medium":["https:\/\/infoecos.com.ar\/wp-content\/uploads\/2021\/10\/garreaniversario2-460x307.jpg",460,307,true],"medium_large":["https:\/\/infoecos.com.ar\/wp-content\/uploads\/2021\/10\/garreaniversario2-768x512.jpg",640,427,true],"large":["https:\/\/infoecos.com.ar\/wp-content\/uploads\/2021\/10\/garreaniversario2-920x613.jpg",640,426,true],"1536x1536":["https:\/\/infoecos.com.ar\/wp-content\/uploads\/2021\/10\/garreaniversario2.jpg",960,640,false],"2048x2048":["https:\/\/infoecos.com.ar\/wp-content\/uploads\/2021\/10\/garreaniversario2.jpg",960,640,false],"covernews-slider-full":["https:\/\/infoecos.com.ar\/wp-content\/uploads\/2021\/10\/garreaniversario2.jpg",960,640,false],"covernews-slider-center":["https:\/\/infoecos.com.ar\/wp-content\/uploads\/2021\/10\/garreaniversario2-936x640.jpg",731,500,true],"covernews-featured":["https:\/\/infoecos.com.ar\/wp-content\/uploads\/2021\/10\/garreaniversario2.jpg",960,640,false],"covernews-medium":["https:\/\/infoecos.com.ar\/wp-content\/uploads\/2021\/10\/garreaniversario2-720x380.jpg",540,285,true],"covernews-medium-square":["https:\/\/infoecos.com.ar\/wp-content\/uploads\/2021\/10\/garreaniversario2-675x450.jpg",375,250,true]},"author_info":{"info":["Jorge Matheus"]},"category_info":"<a href=\"https:\/\/infoecos.com.ar\/index.php\/category\/c1nota5\/\" rel=\"category tag\">C1 nota 5<\/a>","tag_info":"C1 nota 5","comment_count":"0","_links":{"self":[{"href":"https:\/\/infoecos.com.ar\/index.php\/wp-json\/wp\/v2\/posts\/88157"}],"collection":[{"href":"https:\/\/infoecos.com.ar\/index.php\/wp-json\/wp\/v2\/posts"}],"about":[{"href":"https:\/\/infoecos.com.ar\/index.php\/wp-json\/wp\/v2\/types\/post"}],"author":[{"embeddable":true,"href":"https:\/\/infoecos.com.ar\/index.php\/wp-json\/wp\/v2\/users\/2"}],"replies":[{"embeddable":true,"href":"https:\/\/infoecos.com.ar\/index.php\/wp-json\/wp\/v2\/comments?post=88157"}],"version-history":[{"count":2,"href":"https:\/\/infoecos.com.ar\/index.php\/wp-json\/wp\/v2\/posts\/88157\/revisions"}],"predecessor-version":[{"id":88322,"href":"https:\/\/infoecos.com.ar\/index.php\/wp-json\/wp\/v2\/posts\/88157\/revisions\/88322"}],"wp:featuredmedia":[{"embeddable":true,"href":"https:\/\/infoecos.com.ar\/index.php\/wp-json\/wp\/v2\/media\/88163"}],"wp:attachment":[{"href":"https:\/\/infoecos.com.ar\/index.php\/wp-json\/wp\/v2\/media?parent=88157"}],"wp:term":[{"taxonomy":"category","embeddable":true,"href":"https:\/\/infoecos.com.ar\/index.php\/wp-json\/wp\/v2\/categories?post=88157"},{"taxonomy":"post_tag","embeddable":true,"href":"https:\/\/infoecos.com.ar\/index.php\/wp-json\/wp\/v2\/tags?post=88157"}],"curies":[{"name":"wp","href":"https:\/\/api.w.org\/{rel}","templated":true}]}}