{"id":88235,"date":"2021-10-16T17:43:26","date_gmt":"2021-10-16T20:43:26","guid":{"rendered":"http:\/\/infoecos.com.ar\/?p=88235"},"modified":"2021-10-18T04:48:24","modified_gmt":"2021-10-18T07:48:24","slug":"marta-cohen-tenemos-que-dar-la-tercera-dosis-a-los-seis-meses-de-la-segunda","status":"publish","type":"post","link":"https:\/\/infoecos.com.ar\/index.php\/marta-cohen-tenemos-que-dar-la-tercera-dosis-a-los-seis-meses-de-la-segunda\/","title":{"rendered":"Marta Cohen: \u00abtenemos que dar la tercera dosis a los seis meses de la segunda\u00bb"},"content":{"rendered":"\n<p>La argentina radicada en&nbsp;<strong>Reino Unido<\/strong>,&nbsp;<strong>Marta Cohen<\/strong>, asegur\u00f3 que&nbsp;<a rel=\"noreferrer noopener\" href=\"https:\/\/radiomitre.cienradios.com\/sociedad\/carla-vizzotti-adelanto-que-se-aplicaran-terceras-dosis-el-ano-proximo\/\" target=\"_blank\">la idea del Gobierno nacional de aplicar terceras dosis contra el&nbsp;<strong>coronavirus&nbsp;<\/strong>a partir del 2022<\/a>&nbsp;\u201ces tarde\u201d.\u201c<\/p>\n\n\n\n<p>\u00abEs tarde. Quienes se vacunaron con&nbsp;<strong>Pfizer&nbsp;<\/strong>hace m\u00e1s de seis meses baja su efectividad del 90 al 47%, estudiado en 3 millones de vacunados\u201d, se\u00f1al\u00f3, en di\u00e1logo con<em>&nbsp;Radio Mitre.<\/em><\/p>\n\n\n\n<div class=\"wp-block-image is-style-default\"><figure class=\"aligncenter size-medium\"><img loading=\"lazy\" decoding=\"async\" width=\"460\" height=\"259\" src=\"http:\/\/infoecos.com.ar\/wp-content\/uploads\/cohenmarta-460x259.jpg\" alt=\"\" class=\"wp-image-62652\" srcset=\"https:\/\/infoecos.com.ar\/wp-content\/uploads\/cohenmarta-460x259.jpg 460w, https:\/\/infoecos.com.ar\/wp-content\/uploads\/cohenmarta-920x518.jpg 920w, https:\/\/infoecos.com.ar\/wp-content\/uploads\/cohenmarta-768x432.jpg 768w, https:\/\/infoecos.com.ar\/wp-content\/uploads\/cohenmarta.jpg 1004w\" sizes=\"(max-width: 460px) 100vw, 460px\" \/><\/figure><\/div>\n\n\n\n<p>\u201cCuando la eficacia baja al 50%, deja de ser eficaz la vacuna\u201d, marc\u00f3 la especialista de la salud. \u201cTenemos que dar tercera dosis a los seis meses de la segunda dosis\u201d, subray\u00f3 la doctora, quien alert\u00f3: \u201cUna persona de 75 a\u00f1os que recibi\u00f3&nbsp;<strong>Sinopharm&nbsp;<\/strong>tiene 0% de protecci\u00f3n si se vacun\u00f3 hace seis u ocho meses\u201d. Para la experta, \u201chay que vacunar prioritariamente al personal de salud, a quienes tienen comorbilidades y adultos mayores\u201d.<\/p>\n\n\n\n<p>En ese contexto, se mostr\u00f3 en contra de que el plan de vacunaci\u00f3n en Argentina est\u00e9 apuntado a menores de edad, dado una significativa diferencia en el nivel de mortalidad si se lo compara con los adultos mayores.<\/p>\n\n\n\n<div class=\"wp-block-image is-style-default\"><figure class=\"aligncenter size-medium\"><img loading=\"lazy\" decoding=\"async\" width=\"460\" height=\"307\" src=\"http:\/\/infoecos.com.ar\/wp-content\/uploads\/2021\/07\/cohenyvizzotti-460x307.jpg\" alt=\"\" class=\"wp-image-81771\" srcset=\"https:\/\/infoecos.com.ar\/wp-content\/uploads\/2021\/07\/cohenyvizzotti-460x307.jpg 460w, https:\/\/infoecos.com.ar\/wp-content\/uploads\/2021\/07\/cohenyvizzotti-768x512.jpg 768w, https:\/\/infoecos.com.ar\/wp-content\/uploads\/2021\/07\/cohenyvizzotti-675x450.jpg 675w, https:\/\/infoecos.com.ar\/wp-content\/uploads\/2021\/07\/cohenyvizzotti.jpg 879w\" sizes=\"(max-width: 460px) 100vw, 460px\" \/><\/figure><\/div>\n\n\n\n<p>\u201cLa mortalidad en adultos mayores des de 1 en 8, mientras que en el caso de los menores es de 1 a 2 en un mill\u00f3n\u201d, se\u00f1al\u00f3 la pediatra. \u201cCuando el Gobierno habla del 60% de personas vacunados, hay que pensar si esas personas tienen los efectos de la vacuna. Es muy importante hacer la estrategia de todo eso\u201d, destac\u00f3. Para Marta Cohen, \u201cla tercera tiene que ser de <a rel=\"noreferrer noopener\" href=\"https:\/\/radiomitre.cienradios.com\/mundo\/afirman-que-las-vacunas-de-pfizer-y-moderna-son-los-mejores-refuerzos-contra-el-coronavirus\/\" target=\"_blank\"><strong>Oxford, Pfizer&nbsp;<\/strong>o<strong>&nbsp;Moderna<\/strong><\/a>\u201d.<\/p>\n\n\n\n<p>Por otro lado, fue consultada acerca de la posibilidad de que la Federaci\u00f3n Rusa haya copiado la f\u00f3rmula de Oxford para crear&nbsp;<strong>Sputnik V<\/strong>: \u201cNo creo que haya sido un robo de f\u00f3rmula de la vacuna. Es similar a la de Oxford, pero no creo que haya habido robo. Son m\u00e9todos que ya se ven\u00eda trabajado\u201d.<\/p>\n","protected":false},"excerpt":{"rendered":"<p>\u00abEs tarde. Quienes se vacunaron con Pfizer hace m\u00e1s de seis meses baja su efectividad del 90 al 47%, estudiado en 3 millones de vacunados\u201d, se\u00f1al\u00f3 en di\u00e1logo con Radio Mitre<\/p>\n","protected":false},"author":2,"featured_media":62652,"comment_status":"closed","ping_status":"open","sticky":false,"template":"","format":"standard","meta":{"footnotes":""},"categories":[200],"tags":[2538],"class_list":["post-88235","post","type-post","status-publish","format-standard","has-post-thumbnail","hentry","category-inferior8","tag-declaraciones-a-radio-mitre"],"yoast_head":"<!-- This site is optimized with the Yoast SEO plugin v23.4 - https:\/\/yoast.com\/wordpress\/plugins\/seo\/ -->\n<title>Marta Cohen: &quot;tenemos que dar la tercera dosis a los seis meses de la segunda&quot; - Infoecos<\/title>\n<meta name=\"robots\" content=\"index, follow, max-snippet:-1, max-image-preview:large, max-video-preview:-1\" \/>\n<link rel=\"canonical\" href=\"https:\/\/infoecos.com.ar\/index.php\/marta-cohen-tenemos-que-dar-la-tercera-dosis-a-los-seis-meses-de-la-segunda\/\" \/>\n<meta property=\"og:locale\" content=\"es_ES\" \/>\n<meta property=\"og:type\" content=\"article\" \/>\n<meta property=\"og:title\" content=\"Marta Cohen: &quot;tenemos que dar la tercera dosis a los seis meses de la segunda&quot; - Infoecos\" \/>\n<meta property=\"og:description\" content=\"&quot;Es tarde. Quienes se vacunaron con Pfizer hace m\u00e1s de seis meses baja su efectividad del 90 al 47%, estudiado en 3 millones de vacunados\u201d, se\u00f1al\u00f3 en di\u00e1logo con Radio Mitre\" \/>\n<meta property=\"og:url\" content=\"https:\/\/infoecos.com.ar\/index.php\/marta-cohen-tenemos-que-dar-la-tercera-dosis-a-los-seis-meses-de-la-segunda\/\" \/>\n<meta property=\"og:site_name\" content=\"Infoecos\" \/>\n<meta property=\"article:publisher\" content=\"https:\/\/www.facebook.com\/profile.php?id=100063200290284\" \/>\n<meta property=\"article:published_time\" content=\"2021-10-16T20:43:26+00:00\" \/>\n<meta property=\"article:modified_time\" content=\"2021-10-18T07:48:24+00:00\" \/>\n<meta property=\"og:image\" content=\"https:\/\/infoecos.com.ar\/wp-content\/uploads\/cohenmarta.jpg\" \/>\n\t<meta property=\"og:image:width\" content=\"1004\" \/>\n\t<meta property=\"og:image:height\" content=\"565\" \/>\n\t<meta property=\"og:image:type\" content=\"image\/jpeg\" \/>\n<meta name=\"author\" content=\"Jorge Matheus\" \/>\n<meta name=\"twitter:card\" content=\"summary_large_image\" \/>\n<meta name=\"twitter:creator\" content=\"@infoecos\" \/>\n<meta name=\"twitter:site\" content=\"@infoecos\" \/>\n<meta name=\"twitter:label1\" content=\"Escrito por\" \/>\n\t<meta name=\"twitter:data1\" content=\"Jorge Matheus\" \/>\n\t<meta name=\"twitter:label2\" content=\"Tiempo de lectura\" \/>\n\t<meta name=\"twitter:data2\" content=\"2 minutos\" \/>\n<script type=\"application\/ld+json\" class=\"yoast-schema-graph\">{\"@context\":\"https:\/\/schema.org\",\"@graph\":[{\"@type\":\"Article\",\"@id\":\"https:\/\/infoecos.com.ar\/index.php\/marta-cohen-tenemos-que-dar-la-tercera-dosis-a-los-seis-meses-de-la-segunda\/#article\",\"isPartOf\":{\"@id\":\"https:\/\/infoecos.com.ar\/index.php\/marta-cohen-tenemos-que-dar-la-tercera-dosis-a-los-seis-meses-de-la-segunda\/\"},\"author\":{\"name\":\"Jorge Matheus\",\"@id\":\"https:\/\/infoecos.com.ar\/#\/schema\/person\/8f5ace5ce73b4b4aac4b7245aee6f191\"},\"headline\":\"Marta Cohen: \u00abtenemos que dar la tercera dosis a los seis meses de la segunda\u00bb\",\"datePublished\":\"2021-10-16T20:43:26+00:00\",\"dateModified\":\"2021-10-18T07:48:24+00:00\",\"mainEntityOfPage\":{\"@id\":\"https:\/\/infoecos.com.ar\/index.php\/marta-cohen-tenemos-que-dar-la-tercera-dosis-a-los-seis-meses-de-la-segunda\/\"},\"wordCount\":330,\"publisher\":{\"@id\":\"https:\/\/infoecos.com.ar\/#organization\"},\"image\":{\"@id\":\"https:\/\/infoecos.com.ar\/index.php\/marta-cohen-tenemos-que-dar-la-tercera-dosis-a-los-seis-meses-de-la-segunda\/#primaryimage\"},\"thumbnailUrl\":\"https:\/\/infoecos.com.ar\/wp-content\/uploads\/cohenmarta.jpg\",\"keywords\":[\"DECLARACIONES A RADIO MITRE\"],\"articleSection\":[\"Bloque inferior - 8\"],\"inLanguage\":\"es\"},{\"@type\":\"WebPage\",\"@id\":\"https:\/\/infoecos.com.ar\/index.php\/marta-cohen-tenemos-que-dar-la-tercera-dosis-a-los-seis-meses-de-la-segunda\/\",\"url\":\"https:\/\/infoecos.com.ar\/index.php\/marta-cohen-tenemos-que-dar-la-tercera-dosis-a-los-seis-meses-de-la-segunda\/\",\"name\":\"Marta Cohen: \\\"tenemos que dar la tercera dosis a los seis meses de la segunda\\\" - Infoecos\",\"isPartOf\":{\"@id\":\"https:\/\/infoecos.com.ar\/#website\"},\"primaryImageOfPage\":{\"@id\":\"https:\/\/infoecos.com.ar\/index.php\/marta-cohen-tenemos-que-dar-la-tercera-dosis-a-los-seis-meses-de-la-segunda\/#primaryimage\"},\"image\":{\"@id\":\"https:\/\/infoecos.com.ar\/index.php\/marta-cohen-tenemos-que-dar-la-tercera-dosis-a-los-seis-meses-de-la-segunda\/#primaryimage\"},\"thumbnailUrl\":\"https:\/\/infoecos.com.ar\/wp-content\/uploads\/cohenmarta.jpg\",\"datePublished\":\"2021-10-16T20:43:26+00:00\",\"dateModified\":\"2021-10-18T07:48:24+00:00\",\"breadcrumb\":{\"@id\":\"https:\/\/infoecos.com.ar\/index.php\/marta-cohen-tenemos-que-dar-la-tercera-dosis-a-los-seis-meses-de-la-segunda\/#breadcrumb\"},\"inLanguage\":\"es\",\"potentialAction\":[{\"@type\":\"ReadAction\",\"target\":[\"https:\/\/infoecos.com.ar\/index.php\/marta-cohen-tenemos-que-dar-la-tercera-dosis-a-los-seis-meses-de-la-segunda\/\"]}]},{\"@type\":\"ImageObject\",\"inLanguage\":\"es\",\"@id\":\"https:\/\/infoecos.com.ar\/index.php\/marta-cohen-tenemos-que-dar-la-tercera-dosis-a-los-seis-meses-de-la-segunda\/#primaryimage\",\"url\":\"https:\/\/infoecos.com.ar\/wp-content\/uploads\/cohenmarta.jpg\",\"contentUrl\":\"https:\/\/infoecos.com.ar\/wp-content\/uploads\/cohenmarta.jpg\",\"width\":1004,\"height\":565},{\"@type\":\"BreadcrumbList\",\"@id\":\"https:\/\/infoecos.com.ar\/index.php\/marta-cohen-tenemos-que-dar-la-tercera-dosis-a-los-seis-meses-de-la-segunda\/#breadcrumb\",\"itemListElement\":[{\"@type\":\"ListItem\",\"position\":1,\"name\":\"Portada\",\"item\":\"https:\/\/infoecos.com.ar\/\"},{\"@type\":\"ListItem\",\"position\":2,\"name\":\"Marta Cohen: \u00abtenemos que dar la tercera dosis a los seis meses de la segunda\u00bb\"}]},{\"@type\":\"WebSite\",\"@id\":\"https:\/\/infoecos.com.ar\/#website\",\"url\":\"https:\/\/infoecos.com.ar\/\",\"name\":\"Infoecos\",\"description\":\"Noticias de trenque lauquen y la zona\",\"publisher\":{\"@id\":\"https:\/\/infoecos.com.ar\/#organization\"},\"alternateName\":\"Noticias\",\"potentialAction\":[{\"@type\":\"SearchAction\",\"target\":{\"@type\":\"EntryPoint\",\"urlTemplate\":\"https:\/\/infoecos.com.ar\/?s={search_term_string}\"},\"query-input\":{\"@type\":\"PropertyValueSpecification\",\"valueRequired\":true,\"valueName\":\"search_term_string\"}}],\"inLanguage\":\"es\"},{\"@type\":\"Organization\",\"@id\":\"https:\/\/infoecos.com.ar\/#organization\",\"name\":\"Infoecos\",\"alternateName\":\"Noticias\",\"url\":\"https:\/\/infoecos.com.ar\/\",\"logo\":{\"@type\":\"ImageObject\",\"inLanguage\":\"es\",\"@id\":\"https:\/\/infoecos.com.ar\/#\/schema\/logo\/image\/\",\"url\":\"https:\/\/infoecos.com.ar\/wp-content\/uploads\/2024\/03\/cropped-logo.png\",\"contentUrl\":\"https:\/\/infoecos.com.ar\/wp-content\/uploads\/2024\/03\/cropped-logo.png\",\"width\":374,\"height\":90,\"caption\":\"Infoecos\"},\"image\":{\"@id\":\"https:\/\/infoecos.com.ar\/#\/schema\/logo\/image\/\"},\"sameAs\":[\"https:\/\/www.facebook.com\/profile.php?id=100063200290284\",\"https:\/\/x.com\/infoecos\"]},{\"@type\":\"Person\",\"@id\":\"https:\/\/infoecos.com.ar\/#\/schema\/person\/8f5ace5ce73b4b4aac4b7245aee6f191\",\"name\":\"Jorge Matheus\",\"url\":\"https:\/\/infoecos.com.ar\/index.php\/author\/jomatheus\/\"}]}<\/script>\n<!-- \/ Yoast SEO plugin. -->","yoast_head_json":{"title":"Marta Cohen: \"tenemos que dar la tercera dosis a los seis meses de la segunda\" - Infoecos","robots":{"index":"index","follow":"follow","max-snippet":"max-snippet:-1","max-image-preview":"max-image-preview:large","max-video-preview":"max-video-preview:-1"},"canonical":"https:\/\/infoecos.com.ar\/index.php\/marta-cohen-tenemos-que-dar-la-tercera-dosis-a-los-seis-meses-de-la-segunda\/","og_locale":"es_ES","og_type":"article","og_title":"Marta Cohen: \"tenemos que dar la tercera dosis a los seis meses de la segunda\" - Infoecos","og_description":"\"Es tarde. Quienes se vacunaron con Pfizer hace m\u00e1s de seis meses baja su efectividad del 90 al 47%, estudiado en 3 millones de vacunados\u201d, se\u00f1al\u00f3 en di\u00e1logo con Radio Mitre","og_url":"https:\/\/infoecos.com.ar\/index.php\/marta-cohen-tenemos-que-dar-la-tercera-dosis-a-los-seis-meses-de-la-segunda\/","og_site_name":"Infoecos","article_publisher":"https:\/\/www.facebook.com\/profile.php?id=100063200290284","article_published_time":"2021-10-16T20:43:26+00:00","article_modified_time":"2021-10-18T07:48:24+00:00","og_image":[{"width":1004,"height":565,"url":"https:\/\/infoecos.com.ar\/wp-content\/uploads\/cohenmarta.jpg","type":"image\/jpeg"}],"author":"Jorge Matheus","twitter_card":"summary_large_image","twitter_creator":"@infoecos","twitter_site":"@infoecos","twitter_misc":{"Escrito por":"Jorge Matheus","Tiempo de lectura":"2 minutos"},"schema":{"@context":"https:\/\/schema.org","@graph":[{"@type":"Article","@id":"https:\/\/infoecos.com.ar\/index.php\/marta-cohen-tenemos-que-dar-la-tercera-dosis-a-los-seis-meses-de-la-segunda\/#article","isPartOf":{"@id":"https:\/\/infoecos.com.ar\/index.php\/marta-cohen-tenemos-que-dar-la-tercera-dosis-a-los-seis-meses-de-la-segunda\/"},"author":{"name":"Jorge Matheus","@id":"https:\/\/infoecos.com.ar\/#\/schema\/person\/8f5ace5ce73b4b4aac4b7245aee6f191"},"headline":"Marta Cohen: \u00abtenemos que dar la tercera dosis a los seis meses de la segunda\u00bb","datePublished":"2021-10-16T20:43:26+00:00","dateModified":"2021-10-18T07:48:24+00:00","mainEntityOfPage":{"@id":"https:\/\/infoecos.com.ar\/index.php\/marta-cohen-tenemos-que-dar-la-tercera-dosis-a-los-seis-meses-de-la-segunda\/"},"wordCount":330,"publisher":{"@id":"https:\/\/infoecos.com.ar\/#organization"},"image":{"@id":"https:\/\/infoecos.com.ar\/index.php\/marta-cohen-tenemos-que-dar-la-tercera-dosis-a-los-seis-meses-de-la-segunda\/#primaryimage"},"thumbnailUrl":"https:\/\/infoecos.com.ar\/wp-content\/uploads\/cohenmarta.jpg","keywords":["DECLARACIONES A RADIO MITRE"],"articleSection":["Bloque inferior - 8"],"inLanguage":"es"},{"@type":"WebPage","@id":"https:\/\/infoecos.com.ar\/index.php\/marta-cohen-tenemos-que-dar-la-tercera-dosis-a-los-seis-meses-de-la-segunda\/","url":"https:\/\/infoecos.com.ar\/index.php\/marta-cohen-tenemos-que-dar-la-tercera-dosis-a-los-seis-meses-de-la-segunda\/","name":"Marta Cohen: \"tenemos que dar la tercera dosis a los seis meses de la segunda\" - Infoecos","isPartOf":{"@id":"https:\/\/infoecos.com.ar\/#website"},"primaryImageOfPage":{"@id":"https:\/\/infoecos.com.ar\/index.php\/marta-cohen-tenemos-que-dar-la-tercera-dosis-a-los-seis-meses-de-la-segunda\/#primaryimage"},"image":{"@id":"https:\/\/infoecos.com.ar\/index.php\/marta-cohen-tenemos-que-dar-la-tercera-dosis-a-los-seis-meses-de-la-segunda\/#primaryimage"},"thumbnailUrl":"https:\/\/infoecos.com.ar\/wp-content\/uploads\/cohenmarta.jpg","datePublished":"2021-10-16T20:43:26+00:00","dateModified":"2021-10-18T07:48:24+00:00","breadcrumb":{"@id":"https:\/\/infoecos.com.ar\/index.php\/marta-cohen-tenemos-que-dar-la-tercera-dosis-a-los-seis-meses-de-la-segunda\/#breadcrumb"},"inLanguage":"es","potentialAction":[{"@type":"ReadAction","target":["https:\/\/infoecos.com.ar\/index.php\/marta-cohen-tenemos-que-dar-la-tercera-dosis-a-los-seis-meses-de-la-segunda\/"]}]},{"@type":"ImageObject","inLanguage":"es","@id":"https:\/\/infoecos.com.ar\/index.php\/marta-cohen-tenemos-que-dar-la-tercera-dosis-a-los-seis-meses-de-la-segunda\/#primaryimage","url":"https:\/\/infoecos.com.ar\/wp-content\/uploads\/cohenmarta.jpg","contentUrl":"https:\/\/infoecos.com.ar\/wp-content\/uploads\/cohenmarta.jpg","width":1004,"height":565},{"@type":"BreadcrumbList","@id":"https:\/\/infoecos.com.ar\/index.php\/marta-cohen-tenemos-que-dar-la-tercera-dosis-a-los-seis-meses-de-la-segunda\/#breadcrumb","itemListElement":[{"@type":"ListItem","position":1,"name":"Portada","item":"https:\/\/infoecos.com.ar\/"},{"@type":"ListItem","position":2,"name":"Marta Cohen: \u00abtenemos que dar la tercera dosis a los seis meses de la segunda\u00bb"}]},{"@type":"WebSite","@id":"https:\/\/infoecos.com.ar\/#website","url":"https:\/\/infoecos.com.ar\/","name":"Infoecos","description":"Noticias de trenque lauquen y la zona","publisher":{"@id":"https:\/\/infoecos.com.ar\/#organization"},"alternateName":"Noticias","potentialAction":[{"@type":"SearchAction","target":{"@type":"EntryPoint","urlTemplate":"https:\/\/infoecos.com.ar\/?s={search_term_string}"},"query-input":{"@type":"PropertyValueSpecification","valueRequired":true,"valueName":"search_term_string"}}],"inLanguage":"es"},{"@type":"Organization","@id":"https:\/\/infoecos.com.ar\/#organization","name":"Infoecos","alternateName":"Noticias","url":"https:\/\/infoecos.com.ar\/","logo":{"@type":"ImageObject","inLanguage":"es","@id":"https:\/\/infoecos.com.ar\/#\/schema\/logo\/image\/","url":"https:\/\/infoecos.com.ar\/wp-content\/uploads\/2024\/03\/cropped-logo.png","contentUrl":"https:\/\/infoecos.com.ar\/wp-content\/uploads\/2024\/03\/cropped-logo.png","width":374,"height":90,"caption":"Infoecos"},"image":{"@id":"https:\/\/infoecos.com.ar\/#\/schema\/logo\/image\/"},"sameAs":["https:\/\/www.facebook.com\/profile.php?id=100063200290284","https:\/\/x.com\/infoecos"]},{"@type":"Person","@id":"https:\/\/infoecos.com.ar\/#\/schema\/person\/8f5ace5ce73b4b4aac4b7245aee6f191","name":"Jorge Matheus","url":"https:\/\/infoecos.com.ar\/index.php\/author\/jomatheus\/"}]}},"featured_image_urls":{"full":["https:\/\/infoecos.com.ar\/wp-content\/uploads\/cohenmarta.jpg",1004,565,false],"thumbnail":["https:\/\/infoecos.com.ar\/wp-content\/uploads\/cohenmarta-150x150.jpg",150,150,true],"medium":["https:\/\/infoecos.com.ar\/wp-content\/uploads\/cohenmarta-460x259.jpg",460,259,true],"medium_large":["https:\/\/infoecos.com.ar\/wp-content\/uploads\/cohenmarta-768x432.jpg",640,360,true],"large":["https:\/\/infoecos.com.ar\/wp-content\/uploads\/cohenmarta-920x518.jpg",640,360,true],"1536x1536":["https:\/\/infoecos.com.ar\/wp-content\/uploads\/cohenmarta.jpg",1004,565,false],"2048x2048":["https:\/\/infoecos.com.ar\/wp-content\/uploads\/cohenmarta.jpg",1004,565,false],"covernews-slider-full":["https:\/\/infoecos.com.ar\/wp-content\/uploads\/cohenmarta.jpg",1004,565,false],"covernews-slider-center":["https:\/\/infoecos.com.ar\/wp-content\/uploads\/cohenmarta-936x565.jpg",800,483,true],"covernews-featured":["https:\/\/infoecos.com.ar\/wp-content\/uploads\/cohenmarta.jpg",1004,565,false],"covernews-medium":["https:\/\/infoecos.com.ar\/wp-content\/uploads\/cohenmarta-720x380.jpg",540,285,true],"covernews-medium-square":["https:\/\/infoecos.com.ar\/wp-content\/uploads\/cohenmarta-675x450.jpg",375,250,true]},"author_info":{"info":["Jorge Matheus"]},"category_info":"<a href=\"https:\/\/infoecos.com.ar\/index.php\/category\/inferior8\/\" rel=\"category tag\">Bloque inferior - 8<\/a>","tag_info":"Bloque inferior - 8","comment_count":"0","_links":{"self":[{"href":"https:\/\/infoecos.com.ar\/index.php\/wp-json\/wp\/v2\/posts\/88235"}],"collection":[{"href":"https:\/\/infoecos.com.ar\/index.php\/wp-json\/wp\/v2\/posts"}],"about":[{"href":"https:\/\/infoecos.com.ar\/index.php\/wp-json\/wp\/v2\/types\/post"}],"author":[{"embeddable":true,"href":"https:\/\/infoecos.com.ar\/index.php\/wp-json\/wp\/v2\/users\/2"}],"replies":[{"embeddable":true,"href":"https:\/\/infoecos.com.ar\/index.php\/wp-json\/wp\/v2\/comments?post=88235"}],"version-history":[{"count":2,"href":"https:\/\/infoecos.com.ar\/index.php\/wp-json\/wp\/v2\/posts\/88235\/revisions"}],"predecessor-version":[{"id":88237,"href":"https:\/\/infoecos.com.ar\/index.php\/wp-json\/wp\/v2\/posts\/88235\/revisions\/88237"}],"wp:featuredmedia":[{"embeddable":true,"href":"https:\/\/infoecos.com.ar\/index.php\/wp-json\/wp\/v2\/media\/62652"}],"wp:attachment":[{"href":"https:\/\/infoecos.com.ar\/index.php\/wp-json\/wp\/v2\/media?parent=88235"}],"wp:term":[{"taxonomy":"category","embeddable":true,"href":"https:\/\/infoecos.com.ar\/index.php\/wp-json\/wp\/v2\/categories?post=88235"},{"taxonomy":"post_tag","embeddable":true,"href":"https:\/\/infoecos.com.ar\/index.php\/wp-json\/wp\/v2\/tags?post=88235"}],"curies":[{"name":"wp","href":"https:\/\/api.w.org\/{rel}","templated":true}]}}