{"id":88241,"date":"2021-10-18T01:17:31","date_gmt":"2021-10-18T04:17:31","guid":{"rendered":"http:\/\/infoecos.com.ar\/?p=88241"},"modified":"2021-10-18T17:38:01","modified_gmt":"2021-10-18T20:38:01","slug":"juntos-de-la-4-seccion-electoral-confiado-en-repetir-la-eleccion-del-2017-para-senadores-provinciales","status":"publish","type":"post","link":"https:\/\/infoecos.com.ar\/index.php\/juntos-de-la-4-seccion-electoral-confiado-en-repetir-la-eleccion-del-2017-para-senadores-provinciales\/","title":{"rendered":"Juntos de la 4\u00b0 Secci\u00f3n Electoral confiado en repetir la elecci\u00f3n del 2017 para senadores provinciales"},"content":{"rendered":"\n<p class=\"wp-block-paragraph\">Juntos se reuni\u00f3 en la ciudad de General Arenales el pasado s\u00e1bado en lo que podr\u00eda interpretarse como el lanzamiento para las elecciones del pr\u00f3ximo 14 de Noviembre. <\/p>\n\n\n\n<div class=\"wp-block-image is-style-default\"><figure class=\"aligncenter size-medium\"><img loading=\"lazy\" decoding=\"async\" width=\"460\" height=\"307\" src=\"http:\/\/infoecos.com.ar\/wp-content\/uploads\/2021\/10\/ucrgeneralvarenales2-460x307.jpg\" alt=\"\" class=\"wp-image-88242\" srcset=\"https:\/\/infoecos.com.ar\/wp-content\/uploads\/2021\/10\/ucrgeneralvarenales2-460x307.jpg 460w, https:\/\/infoecos.com.ar\/wp-content\/uploads\/2021\/10\/ucrgeneralvarenales2-920x613.jpg 920w, https:\/\/infoecos.com.ar\/wp-content\/uploads\/2021\/10\/ucrgeneralvarenales2-768x512.jpg 768w, https:\/\/infoecos.com.ar\/wp-content\/uploads\/2021\/10\/ucrgeneralvarenales2-1536x1024.jpg 1536w, https:\/\/infoecos.com.ar\/wp-content\/uploads\/2021\/10\/ucrgeneralvarenales2-1024x683.jpg 1024w, https:\/\/infoecos.com.ar\/wp-content\/uploads\/2021\/10\/ucrgeneralvarenales2-675x450.jpg 675w, https:\/\/infoecos.com.ar\/wp-content\/uploads\/2021\/10\/ucrgeneralvarenales2.jpg 1800w\" sizes=\"auto, (max-width: 460px) 100vw, 460px\" \/><\/figure><\/div>\n\n\n\n<p class=\"wp-block-paragraph\">El encuentro fue convocado por la candidata a senadora provincial en primer lugar por la cuarta secci\u00f3n electoral, Erica Revilla, actual mandataria comunal y vicepresidenta de la Uni\u00f3n C\u00edvica Radical de la provincia de Buenos Aires. Se registr\u00f3 la presencia de los aspirantes a ocupar m\u00e1s lugares en las legislaturas nacional, bonaerense y municipios de la circunscripci\u00f3n. Incluso estuvieron presentes referentes del PRO, la Coalici\u00f3n C\u00edvica, el Partidos del Di\u00e1logo y de los distritos de Bragado, Rivadavia y General Villegas.<\/p>\n\n\n\n<div class=\"wp-block-image is-style-default\"><figure class=\"aligncenter size-medium\"><img loading=\"lazy\" decoding=\"async\" width=\"460\" height=\"307\" src=\"http:\/\/infoecos.com.ar\/wp-content\/uploads\/2021\/10\/ucrgeneralarenales3-460x307.jpg\" alt=\"\" class=\"wp-image-88243\" srcset=\"https:\/\/infoecos.com.ar\/wp-content\/uploads\/2021\/10\/ucrgeneralarenales3-460x307.jpg 460w, https:\/\/infoecos.com.ar\/wp-content\/uploads\/2021\/10\/ucrgeneralarenales3-920x613.jpg 920w, https:\/\/infoecos.com.ar\/wp-content\/uploads\/2021\/10\/ucrgeneralarenales3-768x512.jpg 768w, https:\/\/infoecos.com.ar\/wp-content\/uploads\/2021\/10\/ucrgeneralarenales3-1536x1024.jpg 1536w, https:\/\/infoecos.com.ar\/wp-content\/uploads\/2021\/10\/ucrgeneralarenales3-1024x683.jpg 1024w, https:\/\/infoecos.com.ar\/wp-content\/uploads\/2021\/10\/ucrgeneralarenales3-675x450.jpg 675w, https:\/\/infoecos.com.ar\/wp-content\/uploads\/2021\/10\/ucrgeneralarenales3.jpg 1800w\" sizes=\"auto, (max-width: 460px) 100vw, 460px\" \/><\/figure><\/div>\n\n\n\n<p class=\"wp-block-paragraph\">La convocante a trav\u00e9s de las redes sociales expres\u00f3 que \u00abel encuentro de hoy (el s\u00e1bado) me llena de gratitud y orgullo, porque somos un espacio lleno de convicciones y fuerza para consolidar el resultado de las Paso el pr\u00f3ximo 14 de noviembre\u00bb.<\/p>\n\n\n\n<div class=\"wp-block-image is-style-default\"><figure class=\"aligncenter size-medium\"><img loading=\"lazy\" decoding=\"async\" width=\"460\" height=\"307\" src=\"http:\/\/infoecos.com.ar\/wp-content\/uploads\/2021\/10\/ucrgeneralarenales4-460x307.jpg\" alt=\"\" class=\"wp-image-88244\" srcset=\"https:\/\/infoecos.com.ar\/wp-content\/uploads\/2021\/10\/ucrgeneralarenales4-460x307.jpg 460w, https:\/\/infoecos.com.ar\/wp-content\/uploads\/2021\/10\/ucrgeneralarenales4-920x613.jpg 920w, https:\/\/infoecos.com.ar\/wp-content\/uploads\/2021\/10\/ucrgeneralarenales4-768x512.jpg 768w, https:\/\/infoecos.com.ar\/wp-content\/uploads\/2021\/10\/ucrgeneralarenales4-1536x1024.jpg 1536w, https:\/\/infoecos.com.ar\/wp-content\/uploads\/2021\/10\/ucrgeneralarenales4-1024x683.jpg 1024w, https:\/\/infoecos.com.ar\/wp-content\/uploads\/2021\/10\/ucrgeneralarenales4-675x450.jpg 675w, https:\/\/infoecos.com.ar\/wp-content\/uploads\/2021\/10\/ucrgeneralarenales4.jpg 1800w\" sizes=\"auto, (max-width: 460px) 100vw, 460px\" \/><\/figure><\/div>\n\n\n\n<p class=\"wp-block-paragraph\">Durante el desarrollo de la reuni\u00f3n, todos los expositores, dejaron en claro que hay confianza de repetir la elecci\u00f3n del 2017 que posibilit\u00f3 sumar 5 bancas sobre 7, para la c\u00e1mara alta en la provincia de Buenos Aires. en juego para el Senado provincial.&nbsp;<\/p>\n\n\n\n<figure class=\"wp-block-gallery columns-3 is-cropped wp-block-gallery-1 is-layout-flex wp-block-gallery-is-layout-flex\"><ul class=\"blocks-gallery-grid\"><li class=\"blocks-gallery-item\"><figure><img loading=\"lazy\" decoding=\"async\" width=\"880\" height=\"586\" src=\"http:\/\/infoecos.com.ar\/wp-content\/uploads\/2021\/10\/juntosgeneralarenales.jpg\" alt=\"\" data-id=\"88245\" data-link=\"http:\/\/infoecos.com.ar\/?attachment_id=88245\" class=\"wp-image-88245\" srcset=\"https:\/\/infoecos.com.ar\/wp-content\/uploads\/2021\/10\/juntosgeneralarenales.jpg 880w, https:\/\/infoecos.com.ar\/wp-content\/uploads\/2021\/10\/juntosgeneralarenales-460x306.jpg 460w, https:\/\/infoecos.com.ar\/wp-content\/uploads\/2021\/10\/juntosgeneralarenales-768x511.jpg 768w, https:\/\/infoecos.com.ar\/wp-content\/uploads\/2021\/10\/juntosgeneralarenales-675x450.jpg 675w\" sizes=\"auto, (max-width: 880px) 100vw, 880px\" \/><\/figure><\/li><li class=\"blocks-gallery-item\"><figure><img loading=\"lazy\" decoding=\"async\" width=\"920\" height=\"447\" src=\"http:\/\/infoecos.com.ar\/wp-content\/uploads\/2021\/10\/ucrengenerarenales-920x447.jpg\" alt=\"\" data-id=\"88246\" data-full-url=\"http:\/\/infoecos.com.ar\/wp-content\/uploads\/2021\/10\/ucrengenerarenales.jpg\" data-link=\"http:\/\/infoecos.com.ar\/?attachment_id=88246\" class=\"wp-image-88246\" srcset=\"https:\/\/infoecos.com.ar\/wp-content\/uploads\/2021\/10\/ucrengenerarenales-920x447.jpg 920w, https:\/\/infoecos.com.ar\/wp-content\/uploads\/2021\/10\/ucrengenerarenales-460x224.jpg 460w, https:\/\/infoecos.com.ar\/wp-content\/uploads\/2021\/10\/ucrengenerarenales-768x373.jpg 768w, https:\/\/infoecos.com.ar\/wp-content\/uploads\/2021\/10\/ucrengenerarenales-1024x498.jpg 1024w, https:\/\/infoecos.com.ar\/wp-content\/uploads\/2021\/10\/ucrengenerarenales.jpg 1316w\" sizes=\"auto, (max-width: 920px) 100vw, 920px\" \/><\/figure><\/li><li class=\"blocks-gallery-item\"><figure><img loading=\"lazy\" decoding=\"async\" width=\"920\" height=\"480\" src=\"http:\/\/infoecos.com.ar\/wp-content\/uploads\/2021\/10\/ucrgeneralarenales1-920x480.jpg\" alt=\"\" data-id=\"88247\" data-full-url=\"http:\/\/infoecos.com.ar\/wp-content\/uploads\/2021\/10\/ucrgeneralarenales1.jpg\" data-link=\"http:\/\/infoecos.com.ar\/?attachment_id=88247\" class=\"wp-image-88247\" srcset=\"https:\/\/infoecos.com.ar\/wp-content\/uploads\/2021\/10\/ucrgeneralarenales1-920x480.jpg 920w, https:\/\/infoecos.com.ar\/wp-content\/uploads\/2021\/10\/ucrgeneralarenales1-460x240.jpg 460w, https:\/\/infoecos.com.ar\/wp-content\/uploads\/2021\/10\/ucrgeneralarenales1-768x401.jpg 768w, https:\/\/infoecos.com.ar\/wp-content\/uploads\/2021\/10\/ucrgeneralarenales1.jpg 960w\" sizes=\"auto, (max-width: 920px) 100vw, 920px\" \/><\/figure><\/li><li class=\"blocks-gallery-item\"><figure><img loading=\"lazy\" decoding=\"async\" width=\"920\" height=\"613\" src=\"http:\/\/infoecos.com.ar\/wp-content\/uploads\/2021\/10\/ucrgeneralarenales3-1-920x613.jpg\" alt=\"\" data-id=\"88248\" data-full-url=\"http:\/\/infoecos.com.ar\/wp-content\/uploads\/2021\/10\/ucrgeneralarenales3-1.jpg\" data-link=\"http:\/\/infoecos.com.ar\/?attachment_id=88248\" class=\"wp-image-88248\" srcset=\"https:\/\/infoecos.com.ar\/wp-content\/uploads\/2021\/10\/ucrgeneralarenales3-1-920x613.jpg 920w, https:\/\/infoecos.com.ar\/wp-content\/uploads\/2021\/10\/ucrgeneralarenales3-1-460x307.jpg 460w, https:\/\/infoecos.com.ar\/wp-content\/uploads\/2021\/10\/ucrgeneralarenales3-1-768x512.jpg 768w, https:\/\/infoecos.com.ar\/wp-content\/uploads\/2021\/10\/ucrgeneralarenales3-1-1536x1024.jpg 1536w, https:\/\/infoecos.com.ar\/wp-content\/uploads\/2021\/10\/ucrgeneralarenales3-1-1024x683.jpg 1024w, https:\/\/infoecos.com.ar\/wp-content\/uploads\/2021\/10\/ucrgeneralarenales3-1-675x450.jpg 675w, https:\/\/infoecos.com.ar\/wp-content\/uploads\/2021\/10\/ucrgeneralarenales3-1.jpg 1800w\" sizes=\"auto, (max-width: 920px) 100vw, 920px\" \/><\/figure><\/li><li class=\"blocks-gallery-item\"><figure><img loading=\"lazy\" decoding=\"async\" width=\"920\" height=\"613\" src=\"http:\/\/infoecos.com.ar\/wp-content\/uploads\/2021\/10\/ucrgeneralarenales4-1-920x613.jpg\" alt=\"\" data-id=\"88249\" data-full-url=\"http:\/\/infoecos.com.ar\/wp-content\/uploads\/2021\/10\/ucrgeneralarenales4-1.jpg\" data-link=\"http:\/\/infoecos.com.ar\/?attachment_id=88249\" class=\"wp-image-88249\" srcset=\"https:\/\/infoecos.com.ar\/wp-content\/uploads\/2021\/10\/ucrgeneralarenales4-1-920x613.jpg 920w, https:\/\/infoecos.com.ar\/wp-content\/uploads\/2021\/10\/ucrgeneralarenales4-1-460x307.jpg 460w, https:\/\/infoecos.com.ar\/wp-content\/uploads\/2021\/10\/ucrgeneralarenales4-1-768x512.jpg 768w, https:\/\/infoecos.com.ar\/wp-content\/uploads\/2021\/10\/ucrgeneralarenales4-1-1536x1024.jpg 1536w, https:\/\/infoecos.com.ar\/wp-content\/uploads\/2021\/10\/ucrgeneralarenales4-1-1024x683.jpg 1024w, https:\/\/infoecos.com.ar\/wp-content\/uploads\/2021\/10\/ucrgeneralarenales4-1-675x450.jpg 675w, https:\/\/infoecos.com.ar\/wp-content\/uploads\/2021\/10\/ucrgeneralarenales4-1.jpg 1800w\" sizes=\"auto, (max-width: 920px) 100vw, 920px\" \/><\/figure><\/li><li class=\"blocks-gallery-item\"><figure><img loading=\"lazy\" decoding=\"async\" width=\"920\" height=\"613\" src=\"http:\/\/infoecos.com.ar\/wp-content\/uploads\/2021\/10\/ucrgeneralarenales6-920x613.jpg\" alt=\"\" data-id=\"88250\" data-full-url=\"http:\/\/infoecos.com.ar\/wp-content\/uploads\/2021\/10\/ucrgeneralarenales6.jpg\" data-link=\"http:\/\/infoecos.com.ar\/?attachment_id=88250\" class=\"wp-image-88250\" srcset=\"https:\/\/infoecos.com.ar\/wp-content\/uploads\/2021\/10\/ucrgeneralarenales6-920x613.jpg 920w, https:\/\/infoecos.com.ar\/wp-content\/uploads\/2021\/10\/ucrgeneralarenales6-460x307.jpg 460w, https:\/\/infoecos.com.ar\/wp-content\/uploads\/2021\/10\/ucrgeneralarenales6-768x512.jpg 768w, https:\/\/infoecos.com.ar\/wp-content\/uploads\/2021\/10\/ucrgeneralarenales6-1536x1024.jpg 1536w, https:\/\/infoecos.com.ar\/wp-content\/uploads\/2021\/10\/ucrgeneralarenales6-1024x683.jpg 1024w, https:\/\/infoecos.com.ar\/wp-content\/uploads\/2021\/10\/ucrgeneralarenales6-675x450.jpg 675w, https:\/\/infoecos.com.ar\/wp-content\/uploads\/2021\/10\/ucrgeneralarenales6.jpg 1800w\" sizes=\"auto, (max-width: 920px) 100vw, 920px\" \/><\/figure><\/li><li class=\"blocks-gallery-item\"><figure><img loading=\"lazy\" decoding=\"async\" width=\"920\" height=\"613\" src=\"http:\/\/infoecos.com.ar\/wp-content\/uploads\/2021\/10\/ucrgenerales5-920x613.jpg\" alt=\"\" data-id=\"88251\" data-full-url=\"http:\/\/infoecos.com.ar\/wp-content\/uploads\/2021\/10\/ucrgenerales5.jpg\" data-link=\"http:\/\/infoecos.com.ar\/?attachment_id=88251\" class=\"wp-image-88251\" srcset=\"https:\/\/infoecos.com.ar\/wp-content\/uploads\/2021\/10\/ucrgenerales5-920x613.jpg 920w, https:\/\/infoecos.com.ar\/wp-content\/uploads\/2021\/10\/ucrgenerales5-460x307.jpg 460w, https:\/\/infoecos.com.ar\/wp-content\/uploads\/2021\/10\/ucrgenerales5-768x512.jpg 768w, https:\/\/infoecos.com.ar\/wp-content\/uploads\/2021\/10\/ucrgenerales5-1536x1024.jpg 1536w, https:\/\/infoecos.com.ar\/wp-content\/uploads\/2021\/10\/ucrgenerales5-1024x683.jpg 1024w, https:\/\/infoecos.com.ar\/wp-content\/uploads\/2021\/10\/ucrgenerales5-675x450.jpg 675w, https:\/\/infoecos.com.ar\/wp-content\/uploads\/2021\/10\/ucrgenerales5.jpg 1800w\" sizes=\"auto, (max-width: 920px) 100vw, 920px\" \/><\/figure><\/li><li class=\"blocks-gallery-item\"><figure><img loading=\"lazy\" decoding=\"async\" width=\"920\" height=\"613\" src=\"http:\/\/infoecos.com.ar\/wp-content\/uploads\/2021\/10\/ucrgenerales6-920x613.jpg\" alt=\"\" data-id=\"88252\" data-full-url=\"http:\/\/infoecos.com.ar\/wp-content\/uploads\/2021\/10\/ucrgenerales6.jpg\" data-link=\"http:\/\/infoecos.com.ar\/?attachment_id=88252\" class=\"wp-image-88252\" srcset=\"https:\/\/infoecos.com.ar\/wp-content\/uploads\/2021\/10\/ucrgenerales6-920x613.jpg 920w, https:\/\/infoecos.com.ar\/wp-content\/uploads\/2021\/10\/ucrgenerales6-460x307.jpg 460w, https:\/\/infoecos.com.ar\/wp-content\/uploads\/2021\/10\/ucrgenerales6-768x512.jpg 768w, https:\/\/infoecos.com.ar\/wp-content\/uploads\/2021\/10\/ucrgenerales6-1536x1024.jpg 1536w, https:\/\/infoecos.com.ar\/wp-content\/uploads\/2021\/10\/ucrgenerales6-1024x683.jpg 1024w, https:\/\/infoecos.com.ar\/wp-content\/uploads\/2021\/10\/ucrgenerales6-675x450.jpg 675w, https:\/\/infoecos.com.ar\/wp-content\/uploads\/2021\/10\/ucrgenerales6.jpg 1800w\" sizes=\"auto, (max-width: 920px) 100vw, 920px\" \/><\/figure><\/li><\/ul><\/figure>\n\n\n\n<p class=\"wp-block-paragraph\"><\/p>\n\n\n\n<p class=\"wp-block-paragraph\"><\/p>\n","protected":false},"excerpt":{"rendered":"<p>El encuentro fue convocado por la candidata a senadora provincial en primer lugar por la cuarta secci\u00f3n electoral, Erica Revilla, actual mandataria comunal y vicepresidenta de la Uni\u00f3n C\u00edvica Radical de la provincia de Buenos Aires<\/p>\n","protected":false},"author":2,"featured_media":88253,"comment_status":"closed","ping_status":"open","sticky":false,"template":"","format":"standard","meta":{"footnotes":""},"categories":[198],"tags":[5478],"class_list":["post-88241","post","type-post","status-publish","format-standard","has-post-thumbnail","hentry","category-c1nota5","tag-ya-estan-a-fondo-con-la-campana"],"featured_image_urls":{"full":["https:\/\/infoecos.com.ar\/wp-content\/uploads\/2021\/10\/ucrgeneralvarenales2-1.jpg",1800,1200,false],"thumbnail":["https:\/\/infoecos.com.ar\/wp-content\/uploads\/2021\/10\/ucrgeneralvarenales2-1-150x150.jpg",150,150,true],"medium":["https:\/\/infoecos.com.ar\/wp-content\/uploads\/2021\/10\/ucrgeneralvarenales2-1-460x307.jpg",460,307,true],"medium_large":["https:\/\/infoecos.com.ar\/wp-content\/uploads\/2021\/10\/ucrgeneralvarenales2-1-768x512.jpg",640,427,true],"large":["https:\/\/infoecos.com.ar\/wp-content\/uploads\/2021\/10\/ucrgeneralvarenales2-1-920x613.jpg",640,426,true],"1536x1536":["https:\/\/infoecos.com.ar\/wp-content\/uploads\/2021\/10\/ucrgeneralvarenales2-1-1536x1024.jpg",1536,1024,true],"2048x2048":["https:\/\/infoecos.com.ar\/wp-content\/uploads\/2021\/10\/ucrgeneralvarenales2-1.jpg",1800,1200,false],"covernews-slider-full":["https:\/\/infoecos.com.ar\/wp-content\/uploads\/2021\/10\/ucrgeneralvarenales2-1-1536x1020.jpg",1077,715,true],"covernews-slider-center":["https:\/\/infoecos.com.ar\/wp-content\/uploads\/2021\/10\/ucrgeneralvarenales2-1-936x897.jpg",522,500,true],"covernews-featured":["https:\/\/infoecos.com.ar\/wp-content\/uploads\/2021\/10\/ucrgeneralvarenales2-1-1024x683.jpg",1024,683,true],"covernews-medium":["https:\/\/infoecos.com.ar\/wp-content\/uploads\/2021\/10\/ucrgeneralvarenales2-1-720x380.jpg",540,285,true],"covernews-medium-square":["https:\/\/infoecos.com.ar\/wp-content\/uploads\/2021\/10\/ucrgeneralvarenales2-1-675x450.jpg",375,250,true]},"author_info":{"info":["Jorge Matheus"]},"category_info":"<a href=\"https:\/\/infoecos.com.ar\/index.php\/category\/c1nota5\/\" rel=\"category tag\">C1 nota 5<\/a>","tag_info":"C1 nota 5","comment_count":"0","_links":{"self":[{"href":"https:\/\/infoecos.com.ar\/index.php\/wp-json\/wp\/v2\/posts\/88241","targetHints":{"allow":["GET"]}}],"collection":[{"href":"https:\/\/infoecos.com.ar\/index.php\/wp-json\/wp\/v2\/posts"}],"about":[{"href":"https:\/\/infoecos.com.ar\/index.php\/wp-json\/wp\/v2\/types\/post"}],"author":[{"embeddable":true,"href":"https:\/\/infoecos.com.ar\/index.php\/wp-json\/wp\/v2\/users\/2"}],"replies":[{"embeddable":true,"href":"https:\/\/infoecos.com.ar\/index.php\/wp-json\/wp\/v2\/comments?post=88241"}],"version-history":[{"count":2,"href":"https:\/\/infoecos.com.ar\/index.php\/wp-json\/wp\/v2\/posts\/88241\/revisions"}],"predecessor-version":[{"id":88391,"href":"https:\/\/infoecos.com.ar\/index.php\/wp-json\/wp\/v2\/posts\/88241\/revisions\/88391"}],"wp:featuredmedia":[{"embeddable":true,"href":"https:\/\/infoecos.com.ar\/index.php\/wp-json\/wp\/v2\/media\/88253"}],"wp:attachment":[{"href":"https:\/\/infoecos.com.ar\/index.php\/wp-json\/wp\/v2\/media?parent=88241"}],"wp:term":[{"taxonomy":"category","embeddable":true,"href":"https:\/\/infoecos.com.ar\/index.php\/wp-json\/wp\/v2\/categories?post=88241"},{"taxonomy":"post_tag","embeddable":true,"href":"https:\/\/infoecos.com.ar\/index.php\/wp-json\/wp\/v2\/tags?post=88241"}],"curies":[{"name":"wp","href":"https:\/\/api.w.org\/{rel}","templated":true}]}}