{"id":88275,"date":"2021-10-18T03:07:50","date_gmt":"2021-10-18T06:07:50","guid":{"rendered":"http:\/\/infoecos.com.ar\/?p=88275"},"modified":"2021-10-18T03:07:50","modified_gmt":"2021-10-18T06:07:50","slug":"kreplak-entrego-ambulancias-en-los-distritos-de-guamini-y-tres-lomas-el-sabado","status":"publish","type":"post","link":"https:\/\/infoecos.com.ar\/index.php\/kreplak-entrego-ambulancias-en-los-distritos-de-guamini-y-tres-lomas-el-sabado\/","title":{"rendered":"Kreplak entreg\u00f3 ambulancias en los distritos de Guamin\u00ed y Tres Lomas, el s\u00e1bado"},"content":{"rendered":"\n<p class=\"wp-block-paragraph\">El Ministro de Salud de la Provincia de Buenos Aires; Nicol\u00e1s Kreplak, durante una visita que concret\u00f3 el s\u00e1bado al distrito de Tres Lomas entreg\u00f3 una ambulancia de alta complejidad para el Hospital Municipal Dr. Domingo V. Girotti.<\/p>\n\n\n\n<div class=\"wp-block-image is-style-default\"><figure class=\"aligncenter size-medium\"><img loading=\"lazy\" decoding=\"async\" width=\"460\" height=\"331\" src=\"http:\/\/infoecos.com.ar\/wp-content\/uploads\/2021\/10\/246130113_2032891226863262_2778889890764137851_n-460x331.jpg\" alt=\"\" class=\"wp-image-88276\" srcset=\"https:\/\/infoecos.com.ar\/wp-content\/uploads\/2021\/10\/246130113_2032891226863262_2778889890764137851_n-460x331.jpg 460w, https:\/\/infoecos.com.ar\/wp-content\/uploads\/2021\/10\/246130113_2032891226863262_2778889890764137851_n-920x662.jpg 920w, https:\/\/infoecos.com.ar\/wp-content\/uploads\/2021\/10\/246130113_2032891226863262_2778889890764137851_n-768x552.jpg 768w, https:\/\/infoecos.com.ar\/wp-content\/uploads\/2021\/10\/246130113_2032891226863262_2778889890764137851_n-1536x1105.jpg 1536w, https:\/\/infoecos.com.ar\/wp-content\/uploads\/2021\/10\/246130113_2032891226863262_2778889890764137851_n-1024x737.jpg 1024w, https:\/\/infoecos.com.ar\/wp-content\/uploads\/2021\/10\/246130113_2032891226863262_2778889890764137851_n.jpg 2048w\" sizes=\"auto, (max-width: 460px) 100vw, 460px\" \/><figcaption>Ambulancia entregada en 3 Lomas<\/figcaption><\/figure><\/div>\n\n\n\n<p class=\"wp-block-paragraph\">Ponder\u00f3 a Roberto \u00c1lvarez al manifestar que \u201cTres Lomas tiene un intendente que trabaja y le importa mucho la salud p\u00fablica, y que hizo crecer al hospital de una manera impresionante. Hoy estamos entregando una ambulancia Mercedes Benz de alta complejidad, cuya inversi\u00f3n es de 14 millones de pesos, es una terapia intensiva y tiene todo lo que se pueda necesitar para atender una persona que tenga un accidente en la v\u00eda p\u00fablica o derivar a un paciente de m\u00e1xima complejidad. En estos d\u00edas hemos entregado m\u00e1s de 50 unidades porque queremos seguir haciendo crecer el sistema de salud de la provincia\u201d.<\/p>\n\n\n\n<div class=\"wp-block-image is-style-default\"><figure class=\"aligncenter size-medium\"><img loading=\"lazy\" decoding=\"async\" width=\"460\" height=\"358\" src=\"http:\/\/infoecos.com.ar\/wp-content\/uploads\/2021\/10\/245712930_2032891033529948_3398544377344444807_n-460x358.jpg\" alt=\"\" class=\"wp-image-88277\" srcset=\"https:\/\/infoecos.com.ar\/wp-content\/uploads\/2021\/10\/245712930_2032891033529948_3398544377344444807_n-460x358.jpg 460w, https:\/\/infoecos.com.ar\/wp-content\/uploads\/2021\/10\/245712930_2032891033529948_3398544377344444807_n-920x716.jpg 920w, https:\/\/infoecos.com.ar\/wp-content\/uploads\/2021\/10\/245712930_2032891033529948_3398544377344444807_n-768x598.jpg 768w, https:\/\/infoecos.com.ar\/wp-content\/uploads\/2021\/10\/245712930_2032891033529948_3398544377344444807_n-1536x1196.jpg 1536w, https:\/\/infoecos.com.ar\/wp-content\/uploads\/2021\/10\/245712930_2032891033529948_3398544377344444807_n-1024x797.jpg 1024w, https:\/\/infoecos.com.ar\/wp-content\/uploads\/2021\/10\/245712930_2032891033529948_3398544377344444807_n.jpg 2048w\" sizes=\"auto, (max-width: 460px) 100vw, 460px\" \/><figcaption>Kreplak y Roberto \u00c1lvarez<\/figcaption><\/figure><\/div>\n\n\n\n<p class=\"wp-block-paragraph\">\u00c1lvarez devolvi\u00f3 la gentileza al puntualizar que \u201csiempre el Gobierno nos ayud\u00f3 para que pudi\u00e9ramos equipar nuestro Hospital, hoy con una ambulancia que comenzamos a gestionar hace un tiempo y ahora se hace realidad. Esta nueva unidad de terapia intensiva est\u00e1 dotada con un equipamiento altamente tecnol\u00f3gico. Esto se suma a la obra de ampliaci\u00f3n del Hospital que estamos realizando y a lo que ser\u00e1 la construcci\u00f3n de la nueva sala de oncolog\u00eda. Nosotros siempre priorizamos la salud de nuestra comunidad por sobre todas las cosas\u201d.<\/p>\n\n\n\n<p class=\"wp-block-paragraph\">Luego del acto realizado en el Hospital Municipal, el Ministro de Salud recorri\u00f3 junto al Jefe Comunal la posta de vacunaci\u00f3n contra COVID19, donde actualmente el personal de salud se encuentra vacunando a menores de 3 a 11 a\u00f1os.<\/p>\n\n\n\n<figure class=\"wp-block-gallery columns-3 is-cropped wp-block-gallery-1 is-layout-flex wp-block-gallery-is-layout-flex\"><ul class=\"blocks-gallery-grid\"><li class=\"blocks-gallery-item\"><figure><img loading=\"lazy\" decoding=\"async\" width=\"920\" height=\"716\" src=\"http:\/\/infoecos.com.ar\/wp-content\/uploads\/2021\/10\/245712930_2032891033529948_3398544377344444807_n-1-920x716.jpg\" alt=\"\" data-id=\"88287\" data-link=\"http:\/\/infoecos.com.ar\/?attachment_id=88287\" class=\"wp-image-88287\" srcset=\"https:\/\/infoecos.com.ar\/wp-content\/uploads\/2021\/10\/245712930_2032891033529948_3398544377344444807_n-1-920x716.jpg 920w, https:\/\/infoecos.com.ar\/wp-content\/uploads\/2021\/10\/245712930_2032891033529948_3398544377344444807_n-1-460x358.jpg 460w, https:\/\/infoecos.com.ar\/wp-content\/uploads\/2021\/10\/245712930_2032891033529948_3398544377344444807_n-1-768x598.jpg 768w, https:\/\/infoecos.com.ar\/wp-content\/uploads\/2021\/10\/245712930_2032891033529948_3398544377344444807_n-1-1536x1196.jpg 1536w, https:\/\/infoecos.com.ar\/wp-content\/uploads\/2021\/10\/245712930_2032891033529948_3398544377344444807_n-1-1024x797.jpg 1024w, https:\/\/infoecos.com.ar\/wp-content\/uploads\/2021\/10\/245712930_2032891033529948_3398544377344444807_n-1.jpg 2048w\" sizes=\"auto, (max-width: 920px) 100vw, 920px\" \/><figcaption class=\"blocks-gallery-item__caption\"> Tres Lomas visita de Kreplak <\/figcaption><\/figure><\/li><li class=\"blocks-gallery-item\"><figure><img loading=\"lazy\" decoding=\"async\" width=\"920\" height=\"657\" src=\"http:\/\/infoecos.com.ar\/wp-content\/uploads\/2021\/10\/245796208_2032891210196597_8043276907651137251_n-920x657.jpg\" alt=\"\" data-id=\"88288\" data-link=\"http:\/\/infoecos.com.ar\/?attachment_id=88288\" class=\"wp-image-88288\" srcset=\"https:\/\/infoecos.com.ar\/wp-content\/uploads\/2021\/10\/245796208_2032891210196597_8043276907651137251_n-920x657.jpg 920w, https:\/\/infoecos.com.ar\/wp-content\/uploads\/2021\/10\/245796208_2032891210196597_8043276907651137251_n-460x328.jpg 460w, https:\/\/infoecos.com.ar\/wp-content\/uploads\/2021\/10\/245796208_2032891210196597_8043276907651137251_n-768x548.jpg 768w, https:\/\/infoecos.com.ar\/wp-content\/uploads\/2021\/10\/245796208_2032891210196597_8043276907651137251_n-1536x1097.jpg 1536w, https:\/\/infoecos.com.ar\/wp-content\/uploads\/2021\/10\/245796208_2032891210196597_8043276907651137251_n-1024x731.jpg 1024w, https:\/\/infoecos.com.ar\/wp-content\/uploads\/2021\/10\/245796208_2032891210196597_8043276907651137251_n.jpg 2048w\" sizes=\"auto, (max-width: 920px) 100vw, 920px\" \/><figcaption class=\"blocks-gallery-item__caption\">Tres Lomas visita de Kreplak<\/figcaption><\/figure><\/li><li class=\"blocks-gallery-item\"><figure><img loading=\"lazy\" decoding=\"async\" width=\"880\" height=\"720\" src=\"http:\/\/infoecos.com.ar\/wp-content\/uploads\/2021\/10\/245802965_2032891010196617_6053093628297218317_n-1.jpg\" alt=\"\" data-id=\"88289\" data-link=\"http:\/\/infoecos.com.ar\/?attachment_id=88289\" class=\"wp-image-88289\" srcset=\"https:\/\/infoecos.com.ar\/wp-content\/uploads\/2021\/10\/245802965_2032891010196617_6053093628297218317_n-1.jpg 880w, https:\/\/infoecos.com.ar\/wp-content\/uploads\/2021\/10\/245802965_2032891010196617_6053093628297218317_n-1-460x376.jpg 460w, https:\/\/infoecos.com.ar\/wp-content\/uploads\/2021\/10\/245802965_2032891010196617_6053093628297218317_n-1-768x628.jpg 768w\" sizes=\"auto, (max-width: 880px) 100vw, 880px\" \/><figcaption class=\"blocks-gallery-item__caption\">Tres Lomas visita de Kreplak<\/figcaption><\/figure><\/li><li class=\"blocks-gallery-item\"><figure><img loading=\"lazy\" decoding=\"async\" width=\"920\" height=\"654\" src=\"http:\/\/infoecos.com.ar\/wp-content\/uploads\/2021\/10\/245844445_2032891150196603_406773298039768715_n-920x654.jpg\" alt=\"\" data-id=\"88290\" data-link=\"http:\/\/infoecos.com.ar\/?attachment_id=88290\" class=\"wp-image-88290\" srcset=\"https:\/\/infoecos.com.ar\/wp-content\/uploads\/2021\/10\/245844445_2032891150196603_406773298039768715_n-920x654.jpg 920w, https:\/\/infoecos.com.ar\/wp-content\/uploads\/2021\/10\/245844445_2032891150196603_406773298039768715_n-460x327.jpg 460w, https:\/\/infoecos.com.ar\/wp-content\/uploads\/2021\/10\/245844445_2032891150196603_406773298039768715_n-768x546.jpg 768w, https:\/\/infoecos.com.ar\/wp-content\/uploads\/2021\/10\/245844445_2032891150196603_406773298039768715_n-1536x1091.jpg 1536w, https:\/\/infoecos.com.ar\/wp-content\/uploads\/2021\/10\/245844445_2032891150196603_406773298039768715_n-1024x728.jpg 1024w, https:\/\/infoecos.com.ar\/wp-content\/uploads\/2021\/10\/245844445_2032891150196603_406773298039768715_n.jpg 2048w\" sizes=\"auto, (max-width: 920px) 100vw, 920px\" \/><figcaption class=\"blocks-gallery-item__caption\">Tres Lomas visita de Kreplak<\/figcaption><\/figure><\/li><li class=\"blocks-gallery-item\"><figure><img loading=\"lazy\" decoding=\"async\" width=\"920\" height=\"614\" src=\"http:\/\/infoecos.com.ar\/wp-content\/uploads\/2021\/10\/246345042_4470017566370375_2456711318656296957_n-1-920x614.jpg\" alt=\"\" data-id=\"88291\" data-full-url=\"http:\/\/infoecos.com.ar\/wp-content\/uploads\/2021\/10\/246345042_4470017566370375_2456711318656296957_n-1.jpg\" data-link=\"http:\/\/infoecos.com.ar\/?attachment_id=88291\" class=\"wp-image-88291\" srcset=\"https:\/\/infoecos.com.ar\/wp-content\/uploads\/2021\/10\/246345042_4470017566370375_2456711318656296957_n-1-920x614.jpg 920w, https:\/\/infoecos.com.ar\/wp-content\/uploads\/2021\/10\/246345042_4470017566370375_2456711318656296957_n-1-460x307.jpg 460w, https:\/\/infoecos.com.ar\/wp-content\/uploads\/2021\/10\/246345042_4470017566370375_2456711318656296957_n-1-768x513.jpg 768w, https:\/\/infoecos.com.ar\/wp-content\/uploads\/2021\/10\/246345042_4470017566370375_2456711318656296957_n-1-675x450.jpg 675w, https:\/\/infoecos.com.ar\/wp-content\/uploads\/2021\/10\/246345042_4470017566370375_2456711318656296957_n-1.jpg 960w\" sizes=\"auto, (max-width: 920px) 100vw, 920px\" \/><figcaption class=\"blocks-gallery-item__caption\">Ambulancia entregada en Tres Lomas<\/figcaption><\/figure><\/li><\/ul><\/figure>\n\n\n\n<p class=\"wp-block-paragraph\">Kreplak, en el efector de salud, estuvo junto al Jefe de Gabinete del Ministerio de Salud, Salvador Giorgi; el Director de Regi\u00f3n Sanitaria II, Pedro Hern\u00e1ndez; el Intendente Municipal, Roberto \u00c1lvarez; el Secretario de Salud, Juan March; El Director del Hospital, Nicol\u00e1s Sa\u00f1udo; y la Administradora, No\u00e9 \u00c1lvarez.<\/p>\n\n\n\n<p class=\"wp-block-paragraph\"><strong>En Guamin\u00ed y Casbas<\/strong><\/p>\n\n\n\n<p class=\"wp-block-paragraph\">El ministro Kreplak hab\u00eda estado previamente en el distrito de Guamin\u00ed.<\/p>\n\n\n\n<p class=\"wp-block-paragraph\">Tambi\u00e9n procedi\u00f3 a la entrega de una ambulancia con las mismas caracter\u00edsticas de la entregada en Tres Lomas. Recorri\u00f3 el hospital de la ciudad cabecera.<\/p>\n\n\n\n<div class=\"wp-block-image is-style-default\"><figure class=\"aligncenter size-medium\"><img loading=\"lazy\" decoding=\"async\" width=\"460\" height=\"307\" src=\"http:\/\/infoecos.com.ar\/wp-content\/uploads\/2021\/10\/246134467_4470017666370365_5525408743808892610_n-460x307.jpg\" alt=\"\" class=\"wp-image-88280\" srcset=\"https:\/\/infoecos.com.ar\/wp-content\/uploads\/2021\/10\/246134467_4470017666370365_5525408743808892610_n-460x307.jpg 460w, https:\/\/infoecos.com.ar\/wp-content\/uploads\/2021\/10\/246134467_4470017666370365_5525408743808892610_n-920x613.jpg 920w, https:\/\/infoecos.com.ar\/wp-content\/uploads\/2021\/10\/246134467_4470017666370365_5525408743808892610_n-768x512.jpg 768w, https:\/\/infoecos.com.ar\/wp-content\/uploads\/2021\/10\/246134467_4470017666370365_5525408743808892610_n-675x450.jpg 675w, https:\/\/infoecos.com.ar\/wp-content\/uploads\/2021\/10\/246134467_4470017666370365_5525408743808892610_n.jpg 960w\" sizes=\"auto, (max-width: 460px) 100vw, 460px\" \/><figcaption>Kreplak en el Hospital de Casbas<\/figcaption><\/figure><\/div>\n\n\n\n<p class=\"wp-block-paragraph\">En Casbas, el titular de la cartera provincial junto al jefe comunal, su gabinete y trabajadores de la salud del Hospital Municipal , recorrieron la obra de ampliaci\u00f3n del nosocomio.<\/p>\n\n\n\n<figure class=\"wp-block-gallery columns-3 is-cropped wp-block-gallery-2 is-layout-flex wp-block-gallery-is-layout-flex\"><ul class=\"blocks-gallery-grid\"><li class=\"blocks-gallery-item\"><figure><img loading=\"lazy\" decoding=\"async\" width=\"920\" height=\"613\" src=\"http:\/\/infoecos.com.ar\/wp-content\/uploads\/2021\/10\/243158936_4470018186370313_5609831256705102771_n-920x613.jpg\" alt=\"\" data-id=\"88281\" data-link=\"http:\/\/infoecos.com.ar\/?attachment_id=88281\" class=\"wp-image-88281\" srcset=\"https:\/\/infoecos.com.ar\/wp-content\/uploads\/2021\/10\/243158936_4470018186370313_5609831256705102771_n-920x613.jpg 920w, https:\/\/infoecos.com.ar\/wp-content\/uploads\/2021\/10\/243158936_4470018186370313_5609831256705102771_n-460x307.jpg 460w, https:\/\/infoecos.com.ar\/wp-content\/uploads\/2021\/10\/243158936_4470018186370313_5609831256705102771_n-768x512.jpg 768w, https:\/\/infoecos.com.ar\/wp-content\/uploads\/2021\/10\/243158936_4470018186370313_5609831256705102771_n-675x450.jpg 675w, https:\/\/infoecos.com.ar\/wp-content\/uploads\/2021\/10\/243158936_4470018186370313_5609831256705102771_n.jpg 960w\" sizes=\"auto, (max-width: 920px) 100vw, 920px\" \/><figcaption class=\"blocks-gallery-item__caption\">Casbas &#8211; Visita de Kreplak<\/figcaption><\/figure><\/li><li class=\"blocks-gallery-item\"><figure><img loading=\"lazy\" decoding=\"async\" width=\"852\" height=\"568\" src=\"http:\/\/infoecos.com.ar\/wp-content\/uploads\/2021\/10\/244578276_4470018089703656_3936373937399336066_n.jpg\" alt=\"\" data-id=\"88282\" data-link=\"http:\/\/infoecos.com.ar\/?attachment_id=88282\" class=\"wp-image-88282\" srcset=\"https:\/\/infoecos.com.ar\/wp-content\/uploads\/2021\/10\/244578276_4470018089703656_3936373937399336066_n.jpg 852w, https:\/\/infoecos.com.ar\/wp-content\/uploads\/2021\/10\/244578276_4470018089703656_3936373937399336066_n-460x307.jpg 460w, https:\/\/infoecos.com.ar\/wp-content\/uploads\/2021\/10\/244578276_4470018089703656_3936373937399336066_n-768x512.jpg 768w, https:\/\/infoecos.com.ar\/wp-content\/uploads\/2021\/10\/244578276_4470018089703656_3936373937399336066_n-675x450.jpg 675w\" sizes=\"auto, (max-width: 852px) 100vw, 852px\" \/><figcaption class=\"blocks-gallery-item__caption\">Casbas &#8211; Visita de Kreplak<\/figcaption><\/figure><\/li><li class=\"blocks-gallery-item\"><figure><img loading=\"lazy\" decoding=\"async\" width=\"920\" height=\"614\" src=\"http:\/\/infoecos.com.ar\/wp-content\/uploads\/2021\/10\/246024660_4470017866370345_4290591135423266114_n-920x614.jpg\" alt=\"\" data-id=\"88283\" data-link=\"http:\/\/infoecos.com.ar\/?attachment_id=88283\" class=\"wp-image-88283\" srcset=\"https:\/\/infoecos.com.ar\/wp-content\/uploads\/2021\/10\/246024660_4470017866370345_4290591135423266114_n-920x614.jpg 920w, https:\/\/infoecos.com.ar\/wp-content\/uploads\/2021\/10\/246024660_4470017866370345_4290591135423266114_n-460x307.jpg 460w, https:\/\/infoecos.com.ar\/wp-content\/uploads\/2021\/10\/246024660_4470017866370345_4290591135423266114_n-768x513.jpg 768w, https:\/\/infoecos.com.ar\/wp-content\/uploads\/2021\/10\/246024660_4470017866370345_4290591135423266114_n-675x450.jpg 675w, https:\/\/infoecos.com.ar\/wp-content\/uploads\/2021\/10\/246024660_4470017866370345_4290591135423266114_n.jpg 960w\" sizes=\"auto, (max-width: 920px) 100vw, 920px\" \/><figcaption class=\"blocks-gallery-item__caption\">Casbas &#8211; Visita de Kreplak<\/figcaption><\/figure><\/li><li class=\"blocks-gallery-item\"><figure><img loading=\"lazy\" decoding=\"async\" width=\"920\" height=\"613\" src=\"http:\/\/infoecos.com.ar\/wp-content\/uploads\/2021\/10\/246134467_4470017666370365_5525408743808892610_n-1-920x613.jpg\" alt=\"\" data-id=\"88284\" data-full-url=\"http:\/\/infoecos.com.ar\/wp-content\/uploads\/2021\/10\/246134467_4470017666370365_5525408743808892610_n-1.jpg\" data-link=\"http:\/\/infoecos.com.ar\/?attachment_id=88284\" class=\"wp-image-88284\" srcset=\"https:\/\/infoecos.com.ar\/wp-content\/uploads\/2021\/10\/246134467_4470017666370365_5525408743808892610_n-1-920x613.jpg 920w, https:\/\/infoecos.com.ar\/wp-content\/uploads\/2021\/10\/246134467_4470017666370365_5525408743808892610_n-1-460x307.jpg 460w, https:\/\/infoecos.com.ar\/wp-content\/uploads\/2021\/10\/246134467_4470017666370365_5525408743808892610_n-1-768x512.jpg 768w, https:\/\/infoecos.com.ar\/wp-content\/uploads\/2021\/10\/246134467_4470017666370365_5525408743808892610_n-1-675x450.jpg 675w, https:\/\/infoecos.com.ar\/wp-content\/uploads\/2021\/10\/246134467_4470017666370365_5525408743808892610_n-1.jpg 960w\" sizes=\"auto, (max-width: 920px) 100vw, 920px\" \/><figcaption class=\"blocks-gallery-item__caption\">Casbas &#8211; Visita de Kreplak<\/figcaption><\/figure><\/li><li class=\"blocks-gallery-item\"><figure><img loading=\"lazy\" decoding=\"async\" width=\"920\" height=\"614\" src=\"http:\/\/infoecos.com.ar\/wp-content\/uploads\/2021\/10\/246186155_4470017973037001_8165981801266435951_n-920x614.jpg\" alt=\"\" data-id=\"88285\" data-full-url=\"http:\/\/infoecos.com.ar\/wp-content\/uploads\/2021\/10\/246186155_4470017973037001_8165981801266435951_n.jpg\" data-link=\"http:\/\/infoecos.com.ar\/?attachment_id=88285\" class=\"wp-image-88285\" srcset=\"https:\/\/infoecos.com.ar\/wp-content\/uploads\/2021\/10\/246186155_4470017973037001_8165981801266435951_n-920x614.jpg 920w, https:\/\/infoecos.com.ar\/wp-content\/uploads\/2021\/10\/246186155_4470017973037001_8165981801266435951_n-460x307.jpg 460w, https:\/\/infoecos.com.ar\/wp-content\/uploads\/2021\/10\/246186155_4470017973037001_8165981801266435951_n-768x513.jpg 768w, https:\/\/infoecos.com.ar\/wp-content\/uploads\/2021\/10\/246186155_4470017973037001_8165981801266435951_n-675x450.jpg 675w, https:\/\/infoecos.com.ar\/wp-content\/uploads\/2021\/10\/246186155_4470017973037001_8165981801266435951_n.jpg 960w\" sizes=\"auto, (max-width: 920px) 100vw, 920px\" \/><figcaption class=\"blocks-gallery-item__caption\">Casbas &#8211; Visita de Kreplak<\/figcaption><\/figure><\/li><li class=\"blocks-gallery-item\"><figure><img loading=\"lazy\" decoding=\"async\" width=\"920\" height=\"614\" src=\"http:\/\/infoecos.com.ar\/wp-content\/uploads\/2021\/10\/246345042_4470017566370375_2456711318656296957_n-920x614.jpg\" alt=\"\" data-id=\"88286\" data-full-url=\"http:\/\/infoecos.com.ar\/wp-content\/uploads\/2021\/10\/246345042_4470017566370375_2456711318656296957_n.jpg\" data-link=\"http:\/\/infoecos.com.ar\/?attachment_id=88286\" class=\"wp-image-88286\" srcset=\"https:\/\/infoecos.com.ar\/wp-content\/uploads\/2021\/10\/246345042_4470017566370375_2456711318656296957_n-920x614.jpg 920w, https:\/\/infoecos.com.ar\/wp-content\/uploads\/2021\/10\/246345042_4470017566370375_2456711318656296957_n-460x307.jpg 460w, https:\/\/infoecos.com.ar\/wp-content\/uploads\/2021\/10\/246345042_4470017566370375_2456711318656296957_n-768x513.jpg 768w, https:\/\/infoecos.com.ar\/wp-content\/uploads\/2021\/10\/246345042_4470017566370375_2456711318656296957_n-675x450.jpg 675w, https:\/\/infoecos.com.ar\/wp-content\/uploads\/2021\/10\/246345042_4470017566370375_2456711318656296957_n.jpg 960w\" sizes=\"auto, (max-width: 920px) 100vw, 920px\" \/><figcaption class=\"blocks-gallery-item__caption\">Casbas &#8211; Visita de Kreplak<\/figcaption><\/figure><\/li><\/ul><\/figure>\n","protected":false},"excerpt":{"rendered":"<p>Ponder\u00f3 a Roberto \u00c1lvarez al manifestar que \u201cTres Lomas tiene un intendente que trabaja y le importa mucho la salud p\u00fablica\u00bb. Estuvo en el Hospital Municipal de Casbas<\/p>\n","protected":false},"author":2,"featured_media":88279,"comment_status":"closed","ping_status":"open","sticky":false,"template":"","format":"standard","meta":{"footnotes":""},"categories":[45],"tags":[5463],"class_list":["post-88275","post","type-post","status-publish","format-standard","has-post-thumbnail","hentry","category-c1nota2","tag-terapias-intensivas-moviles"],"featured_image_urls":{"full":["https:\/\/infoecos.com.ar\/wp-content\/uploads\/2021\/10\/245500424_2032891163529935_982599505748845019_n.jpg",2048,1434,false],"thumbnail":["https:\/\/infoecos.com.ar\/wp-content\/uploads\/2021\/10\/245500424_2032891163529935_982599505748845019_n-150x150.jpg",150,150,true],"medium":["https:\/\/infoecos.com.ar\/wp-content\/uploads\/2021\/10\/245500424_2032891163529935_982599505748845019_n-460x322.jpg",460,322,true],"medium_large":["https:\/\/infoecos.com.ar\/wp-content\/uploads\/2021\/10\/245500424_2032891163529935_982599505748845019_n-768x538.jpg",640,448,true],"large":["https:\/\/infoecos.com.ar\/wp-content\/uploads\/2021\/10\/245500424_2032891163529935_982599505748845019_n-920x644.jpg",640,448,true],"1536x1536":["https:\/\/infoecos.com.ar\/wp-content\/uploads\/2021\/10\/245500424_2032891163529935_982599505748845019_n-1536x1076.jpg",1536,1076,true],"2048x2048":["https:\/\/infoecos.com.ar\/wp-content\/uploads\/2021\/10\/245500424_2032891163529935_982599505748845019_n.jpg",2048,1434,false],"covernews-slider-full":["https:\/\/infoecos.com.ar\/wp-content\/uploads\/2021\/10\/245500424_2032891163529935_982599505748845019_n-1536x1020.jpg",1077,715,true],"covernews-slider-center":["https:\/\/infoecos.com.ar\/wp-content\/uploads\/2021\/10\/245500424_2032891163529935_982599505748845019_n-936x897.jpg",522,500,true],"covernews-featured":["https:\/\/infoecos.com.ar\/wp-content\/uploads\/2021\/10\/245500424_2032891163529935_982599505748845019_n-1024x717.jpg",1024,717,true],"covernews-medium":["https:\/\/infoecos.com.ar\/wp-content\/uploads\/2021\/10\/245500424_2032891163529935_982599505748845019_n-720x380.jpg",540,285,true],"covernews-medium-square":["https:\/\/infoecos.com.ar\/wp-content\/uploads\/2021\/10\/245500424_2032891163529935_982599505748845019_n-675x450.jpg",375,250,true]},"author_info":{"info":["Jorge Matheus"]},"category_info":"<a href=\"https:\/\/infoecos.com.ar\/index.php\/category\/c1nota2\/\" rel=\"category tag\">C1 N2<\/a>","tag_info":"C1 N2","comment_count":"0","_links":{"self":[{"href":"https:\/\/infoecos.com.ar\/index.php\/wp-json\/wp\/v2\/posts\/88275","targetHints":{"allow":["GET"]}}],"collection":[{"href":"https:\/\/infoecos.com.ar\/index.php\/wp-json\/wp\/v2\/posts"}],"about":[{"href":"https:\/\/infoecos.com.ar\/index.php\/wp-json\/wp\/v2\/types\/post"}],"author":[{"embeddable":true,"href":"https:\/\/infoecos.com.ar\/index.php\/wp-json\/wp\/v2\/users\/2"}],"replies":[{"embeddable":true,"href":"https:\/\/infoecos.com.ar\/index.php\/wp-json\/wp\/v2\/comments?post=88275"}],"version-history":[{"count":1,"href":"https:\/\/infoecos.com.ar\/index.php\/wp-json\/wp\/v2\/posts\/88275\/revisions"}],"predecessor-version":[{"id":88292,"href":"https:\/\/infoecos.com.ar\/index.php\/wp-json\/wp\/v2\/posts\/88275\/revisions\/88292"}],"wp:featuredmedia":[{"embeddable":true,"href":"https:\/\/infoecos.com.ar\/index.php\/wp-json\/wp\/v2\/media\/88279"}],"wp:attachment":[{"href":"https:\/\/infoecos.com.ar\/index.php\/wp-json\/wp\/v2\/media?parent=88275"}],"wp:term":[{"taxonomy":"category","embeddable":true,"href":"https:\/\/infoecos.com.ar\/index.php\/wp-json\/wp\/v2\/categories?post=88275"},{"taxonomy":"post_tag","embeddable":true,"href":"https:\/\/infoecos.com.ar\/index.php\/wp-json\/wp\/v2\/tags?post=88275"}],"curies":[{"name":"wp","href":"https:\/\/api.w.org\/{rel}","templated":true}]}}