{"id":88361,"date":"2021-10-18T16:29:08","date_gmt":"2021-10-18T19:29:08","guid":{"rendered":"http:\/\/infoecos.com.ar\/?p=88361"},"modified":"2021-10-19T14:56:34","modified_gmt":"2021-10-19T17:56:34","slug":"se-iniciaron-los-trabajos-del-edificio-que-albergara-la-escuela-de-educacion-especial-503-de-30-de-agosto","status":"publish","type":"post","link":"https:\/\/infoecos.com.ar\/index.php\/se-iniciaron-los-trabajos-del-edificio-que-albergara-la-escuela-de-educacion-especial-503-de-30-de-agosto\/","title":{"rendered":"Se iniciaron los trabajos del edificio que albergar\u00e1 la Escuela de Educaci\u00f3n Especial 503 de 30 de Agosto"},"content":{"rendered":"\n<p class=\"wp-block-paragraph\">Se inici\u00f3 la construcci\u00f3n del edificio para la Escuela de Educaci\u00f3n Especial n\u00famero 503 de 30 de Agosto. Estar\u00e1 emplazada en el terreno ubicado en el cruce de las calles Estrada y Rivadavia, en el barrio 29. <\/p>\n\n\n\n<div class=\"wp-block-image is-style-default\"><figure class=\"aligncenter size-medium\"><img loading=\"lazy\" decoding=\"async\" width=\"460\" height=\"307\" src=\"http:\/\/infoecos.com.ar\/wp-content\/uploads\/2021\/10\/Obra-Escuela-503-1-460x307.jpg\" alt=\"\" class=\"wp-image-88362\" srcset=\"https:\/\/infoecos.com.ar\/wp-content\/uploads\/2021\/10\/Obra-Escuela-503-1-460x307.jpg 460w, https:\/\/infoecos.com.ar\/wp-content\/uploads\/2021\/10\/Obra-Escuela-503-1-920x613.jpg 920w, https:\/\/infoecos.com.ar\/wp-content\/uploads\/2021\/10\/Obra-Escuela-503-1-768x512.jpg 768w, https:\/\/infoecos.com.ar\/wp-content\/uploads\/2021\/10\/Obra-Escuela-503-1-1536x1024.jpg 1536w, https:\/\/infoecos.com.ar\/wp-content\/uploads\/2021\/10\/Obra-Escuela-503-1-1024x683.jpg 1024w, https:\/\/infoecos.com.ar\/wp-content\/uploads\/2021\/10\/Obra-Escuela-503-1-675x450.jpg 675w, https:\/\/infoecos.com.ar\/wp-content\/uploads\/2021\/10\/Obra-Escuela-503-1.jpg 2048w\" sizes=\"auto, (max-width: 460px) 100vw, 460px\" \/><\/figure><\/div>\n\n\n\n<p class=\"wp-block-paragraph\">La Escuela tendr\u00e1 una superficie de 372 metros cuadrados cubiertos a los que se sumar\u00e1 otros 19.80 metros semi cubiertos, para un hall de ingreso y dos aulas con expansi\u00f3n al exterior.<\/p>\n\n\n\n<div class=\"wp-block-image is-style-default\"><figure class=\"aligncenter size-medium\"><img loading=\"lazy\" decoding=\"async\" width=\"460\" height=\"307\" src=\"http:\/\/infoecos.com.ar\/wp-content\/uploads\/2021\/10\/Obra-Escuela-503-2-460x307.jpg\" alt=\"\" class=\"wp-image-88363\" srcset=\"https:\/\/infoecos.com.ar\/wp-content\/uploads\/2021\/10\/Obra-Escuela-503-2-460x307.jpg 460w, https:\/\/infoecos.com.ar\/wp-content\/uploads\/2021\/10\/Obra-Escuela-503-2-920x613.jpg 920w, https:\/\/infoecos.com.ar\/wp-content\/uploads\/2021\/10\/Obra-Escuela-503-2-768x512.jpg 768w, https:\/\/infoecos.com.ar\/wp-content\/uploads\/2021\/10\/Obra-Escuela-503-2-1536x1024.jpg 1536w, https:\/\/infoecos.com.ar\/wp-content\/uploads\/2021\/10\/Obra-Escuela-503-2-1024x683.jpg 1024w, https:\/\/infoecos.com.ar\/wp-content\/uploads\/2021\/10\/Obra-Escuela-503-2-675x450.jpg 675w, https:\/\/infoecos.com.ar\/wp-content\/uploads\/2021\/10\/Obra-Escuela-503-2.jpg 2048w\" sizes=\"auto, (max-width: 460px) 100vw, 460px\" \/><\/figure><\/div>\n\n\n\n<p class=\"wp-block-paragraph\">El edificio contar\u00e1 con un Sal\u00f3n de Usos M\u00faltiples (SUM), comedor, cocina con Economato, un sanitario para docentes, dos sanitarios para alumnos y un sanitario para personas con discapacidad motora. Y adem\u00e1s dispondr\u00e1 de un sector para Direcci\u00f3n y un \u00e1rea para Preceptor\u00eda, todo con amplia circulaci\u00f3n.<\/p>\n\n\n\n<div class=\"wp-block-image is-style-default\"><figure class=\"aligncenter size-medium\"><img loading=\"lazy\" decoding=\"async\" width=\"460\" height=\"307\" src=\"http:\/\/infoecos.com.ar\/wp-content\/uploads\/2021\/10\/Obra-Escuela-503-3-460x307.jpg\" alt=\"\" class=\"wp-image-88364\" srcset=\"https:\/\/infoecos.com.ar\/wp-content\/uploads\/2021\/10\/Obra-Escuela-503-3-460x307.jpg 460w, https:\/\/infoecos.com.ar\/wp-content\/uploads\/2021\/10\/Obra-Escuela-503-3-920x613.jpg 920w, https:\/\/infoecos.com.ar\/wp-content\/uploads\/2021\/10\/Obra-Escuela-503-3-768x512.jpg 768w, https:\/\/infoecos.com.ar\/wp-content\/uploads\/2021\/10\/Obra-Escuela-503-3-1536x1024.jpg 1536w, https:\/\/infoecos.com.ar\/wp-content\/uploads\/2021\/10\/Obra-Escuela-503-3-1024x683.jpg 1024w, https:\/\/infoecos.com.ar\/wp-content\/uploads\/2021\/10\/Obra-Escuela-503-3-675x450.jpg 675w, https:\/\/infoecos.com.ar\/wp-content\/uploads\/2021\/10\/Obra-Escuela-503-3.jpg 2048w\" sizes=\"auto, (max-width: 460px) 100vw, 460px\" \/><\/figure><\/div>\n\n\n\n<p class=\"wp-block-paragraph\">La sede de la Escuela de Educaci\u00f3n Especial n\u00b0503 quedar\u00e1 ubicada en un sector en el que durante los \u00faltimos a\u00f1os fue refaccionada la Escuela n\u00b07 y se hizo el nuevo edificio del Jard\u00edn n\u00b0 903.<\/p>\n","protected":false},"excerpt":{"rendered":"<p>La Escuela tendr\u00e1 una superficie de 372 metros cuadrados cubiertos a los que se sumar\u00e1 otros 19.80 metros semi cubiertos, para un hall de ingreso y dos aulas con expansi\u00f3n al exterior<\/p>\n","protected":false},"author":2,"featured_media":88362,"comment_status":"closed","ping_status":"open","sticky":false,"template":"","format":"standard","meta":{"footnotes":""},"categories":[198],"tags":[],"class_list":["post-88361","post","type-post","status-publish","format-standard","has-post-thumbnail","hentry","category-c1nota5"],"featured_image_urls":{"full":["https:\/\/infoecos.com.ar\/wp-content\/uploads\/2021\/10\/Obra-Escuela-503-1.jpg",2048,1365,false],"thumbnail":["https:\/\/infoecos.com.ar\/wp-content\/uploads\/2021\/10\/Obra-Escuela-503-1-150x150.jpg",150,150,true],"medium":["https:\/\/infoecos.com.ar\/wp-content\/uploads\/2021\/10\/Obra-Escuela-503-1-460x307.jpg",460,307,true],"medium_large":["https:\/\/infoecos.com.ar\/wp-content\/uploads\/2021\/10\/Obra-Escuela-503-1-768x512.jpg",640,427,true],"large":["https:\/\/infoecos.com.ar\/wp-content\/uploads\/2021\/10\/Obra-Escuela-503-1-920x613.jpg",640,426,true],"1536x1536":["https:\/\/infoecos.com.ar\/wp-content\/uploads\/2021\/10\/Obra-Escuela-503-1-1536x1024.jpg",1536,1024,true],"2048x2048":["https:\/\/infoecos.com.ar\/wp-content\/uploads\/2021\/10\/Obra-Escuela-503-1.jpg",2048,1365,false],"covernews-slider-full":["https:\/\/infoecos.com.ar\/wp-content\/uploads\/2021\/10\/Obra-Escuela-503-1-1536x1020.jpg",1077,715,true],"covernews-slider-center":["https:\/\/infoecos.com.ar\/wp-content\/uploads\/2021\/10\/Obra-Escuela-503-1-936x897.jpg",522,500,true],"covernews-featured":["https:\/\/infoecos.com.ar\/wp-content\/uploads\/2021\/10\/Obra-Escuela-503-1-1024x683.jpg",1024,683,true],"covernews-medium":["https:\/\/infoecos.com.ar\/wp-content\/uploads\/2021\/10\/Obra-Escuela-503-1-720x380.jpg",540,285,true],"covernews-medium-square":["https:\/\/infoecos.com.ar\/wp-content\/uploads\/2021\/10\/Obra-Escuela-503-1-675x450.jpg",375,250,true]},"author_info":{"info":["Jorge Matheus"]},"category_info":"<a href=\"https:\/\/infoecos.com.ar\/index.php\/category\/c1nota5\/\" rel=\"category tag\">C1 nota 5<\/a>","tag_info":"C1 nota 5","comment_count":"0","_links":{"self":[{"href":"https:\/\/infoecos.com.ar\/index.php\/wp-json\/wp\/v2\/posts\/88361","targetHints":{"allow":["GET"]}}],"collection":[{"href":"https:\/\/infoecos.com.ar\/index.php\/wp-json\/wp\/v2\/posts"}],"about":[{"href":"https:\/\/infoecos.com.ar\/index.php\/wp-json\/wp\/v2\/types\/post"}],"author":[{"embeddable":true,"href":"https:\/\/infoecos.com.ar\/index.php\/wp-json\/wp\/v2\/users\/2"}],"replies":[{"embeddable":true,"href":"https:\/\/infoecos.com.ar\/index.php\/wp-json\/wp\/v2\/comments?post=88361"}],"version-history":[{"count":1,"href":"https:\/\/infoecos.com.ar\/index.php\/wp-json\/wp\/v2\/posts\/88361\/revisions"}],"predecessor-version":[{"id":88365,"href":"https:\/\/infoecos.com.ar\/index.php\/wp-json\/wp\/v2\/posts\/88361\/revisions\/88365"}],"wp:featuredmedia":[{"embeddable":true,"href":"https:\/\/infoecos.com.ar\/index.php\/wp-json\/wp\/v2\/media\/88362"}],"wp:attachment":[{"href":"https:\/\/infoecos.com.ar\/index.php\/wp-json\/wp\/v2\/media?parent=88361"}],"wp:term":[{"taxonomy":"category","embeddable":true,"href":"https:\/\/infoecos.com.ar\/index.php\/wp-json\/wp\/v2\/categories?post=88361"},{"taxonomy":"post_tag","embeddable":true,"href":"https:\/\/infoecos.com.ar\/index.php\/wp-json\/wp\/v2\/tags?post=88361"}],"curies":[{"name":"wp","href":"https:\/\/api.w.org\/{rel}","templated":true}]}}