{"id":88370,"date":"2021-10-18T16:49:21","date_gmt":"2021-10-18T19:49:21","guid":{"rendered":"http:\/\/infoecos.com.ar\/?p=88370"},"modified":"2021-10-20T07:16:22","modified_gmt":"2021-10-20T10:16:22","slug":"el-municipio-de-pehuajo-tambien-recibio-una-ambulancia-0-km-con-equipamiento-de-ultima-generacion","status":"publish","type":"post","link":"https:\/\/infoecos.com.ar\/index.php\/el-municipio-de-pehuajo-tambien-recibio-una-ambulancia-0-km-con-equipamiento-de-ultima-generacion\/","title":{"rendered":"El municipio de Pehuaj\u00f3 tambi\u00e9n recibi\u00f3 una ambulancia 0 km con equipamiento de \u00faltima generaci\u00f3n"},"content":{"rendered":"\n<p>En el marco de la visita a Pehuaj\u00f3, del Ministro de Salud de la Provincia de Buenos Aires, Nicol\u00e1s&nbsp;Kreplak y del candidato a Diputado Nacional, Daniel Goll\u00e1n, el Intendente municipal, Pablo Zurro present\u00f3 una nueva ambulancia 0 km de ultima generaci\u00f3n, totalmente equipada para el traslado de pacientes tanto dentro del partido de Pehuaj\u00f3 como hacia efectores de salud de otros distritos de la provincia.&nbsp;<\/p>\n\n\n\n<div class=\"wp-block-image is-style-default\"><figure class=\"aligncenter size-medium\"><img loading=\"lazy\" decoding=\"async\" width=\"460\" height=\"307\" src=\"http:\/\/infoecos.com.ar\/wp-content\/uploads\/2021\/10\/pehuajoambulancia-460x307.jpg\" alt=\"\" class=\"wp-image-88371\" srcset=\"https:\/\/infoecos.com.ar\/wp-content\/uploads\/2021\/10\/pehuajoambulancia-460x307.jpg 460w, https:\/\/infoecos.com.ar\/wp-content\/uploads\/2021\/10\/pehuajoambulancia.jpg 639w\" sizes=\"(max-width: 460px) 100vw, 460px\" \/><\/figure><\/div>\n\n\n\n<p>Pablo Zurro, dijo \u00abEstoy muy contento por la entrega de los kits y por la nueva adquisici\u00f3n de la ambulancia. Saber que puedo llamar a Nicol\u00e1s Kreplak a las once de la noche para pedir un avi\u00f3n sanitario y tenerlo en Pehuaj\u00f3, me pone muy feliz, ya que parecer\u00eda que no es importante pero es realmente importante porque nosotros nos dedicamos a la gente y por la gente, y dar una soluci\u00f3n en la salud, es clave para nuestro gobierno. En salud, el apoyo de la Provincia de Buenos Aires es invalorable, se ha visto en estos dos a\u00f1os el esfuerzo que han realizado, el esfuerzo que hemos realizado en el hospital para que cada pehuajense, llegue a hospital y tenga una soluci\u00f3n. Vamos por mucho m\u00e1s\u00bb.<\/p>\n\n\n\n<div class=\"wp-block-image is-style-default\"><figure class=\"aligncenter size-medium\"><img loading=\"lazy\" decoding=\"async\" width=\"460\" height=\"306\" src=\"http:\/\/infoecos.com.ar\/wp-content\/uploads\/2021\/10\/pehuajoambulancia2-460x306.jpg\" alt=\"\" class=\"wp-image-88372\" srcset=\"https:\/\/infoecos.com.ar\/wp-content\/uploads\/2021\/10\/pehuajoambulancia2-460x306.jpg 460w, https:\/\/infoecos.com.ar\/wp-content\/uploads\/2021\/10\/pehuajoambulancia2.jpg 640w\" sizes=\"(max-width: 460px) 100vw, 460px\" \/><\/figure><\/div>\n\n\n\n<p>El Ministro de Salud de la Provincia de Buenos Aires, Nicol\u00e1s Kreplak, manifest\u00f3 que es \u00abUn orgullo poder acompa\u00f1ar al Intendente y a todo su equipo, que la verdad que vienen trabajando muy bien, hicieron un trabajo destacad\u00edsimo en la pandemia para lograr que toda la poblaci\u00f3n haya tenido la atenci\u00f3n necesaria de calidad y que no le haya faltado nada a nadie. Seguimos so\u00f1ando con un sistema de salud m\u00e1s justo que es una de las partes que estamos trabajando y dejando todo para que todo eso se cumpla. Hoy entregamos una unidad de alta complejidad de m\u00e1s de $14 millones de pesos que cuenta con todas las posibilidades para derivar a un paciente en una terapia intensiva\u00bb.<\/p>\n\n\n\n<div class=\"wp-block-image is-style-default\"><figure class=\"aligncenter size-medium\"><img loading=\"lazy\" decoding=\"async\" width=\"460\" height=\"307\" src=\"http:\/\/infoecos.com.ar\/wp-content\/uploads\/2021\/10\/penuajoambulancia4-460x307.jpg\" alt=\"\" class=\"wp-image-88373\" srcset=\"https:\/\/infoecos.com.ar\/wp-content\/uploads\/2021\/10\/penuajoambulancia4-460x307.jpg 460w, https:\/\/infoecos.com.ar\/wp-content\/uploads\/2021\/10\/penuajoambulancia4.jpg 639w\" sizes=\"(max-width: 460px) 100vw, 460px\" \/><\/figure><\/div>\n\n\n\n<p><\/p>\n","protected":false},"excerpt":{"rendered":"<p>\u00abEl apoyo de la provincia de Buenos Aires en materia de salud es invalorables\u00bb, se\u00f1al\u00f3 Pablo Zurro<\/p>\n","protected":false},"author":2,"featured_media":88371,"comment_status":"closed","ping_status":"open","sticky":false,"template":"","format":"standard","meta":{"footnotes":""},"categories":[201],"tags":[5475],"class_list":["post-88370","post","type-post","status-publish","format-standard","has-post-thumbnail","hentry","category-inferior9","tag-destacan-el-trabajo-de-salud-en-bs-as"],"yoast_head":"<!-- This site is optimized with the Yoast SEO plugin v23.4 - https:\/\/yoast.com\/wordpress\/plugins\/seo\/ -->\n<title>El municipio de Pehuaj\u00f3 tambi\u00e9n recibi\u00f3 una ambulancia 0 km con equipamiento de \u00faltima generaci\u00f3n - Infoecos<\/title>\n<meta name=\"robots\" content=\"index, follow, max-snippet:-1, max-image-preview:large, max-video-preview:-1\" \/>\n<link rel=\"canonical\" href=\"https:\/\/infoecos.com.ar\/index.php\/el-municipio-de-pehuajo-tambien-recibio-una-ambulancia-0-km-con-equipamiento-de-ultima-generacion\/\" \/>\n<meta property=\"og:locale\" content=\"es_ES\" \/>\n<meta property=\"og:type\" content=\"article\" \/>\n<meta property=\"og:title\" content=\"El municipio de Pehuaj\u00f3 tambi\u00e9n recibi\u00f3 una ambulancia 0 km con equipamiento de \u00faltima generaci\u00f3n - Infoecos\" \/>\n<meta property=\"og:description\" content=\"&quot;El apoyo de la provincia de Buenos Aires en materia de salud es invalorables&quot;, se\u00f1al\u00f3 Pablo Zurro\" \/>\n<meta property=\"og:url\" content=\"https:\/\/infoecos.com.ar\/index.php\/el-municipio-de-pehuajo-tambien-recibio-una-ambulancia-0-km-con-equipamiento-de-ultima-generacion\/\" \/>\n<meta property=\"og:site_name\" content=\"Infoecos\" \/>\n<meta property=\"article:publisher\" content=\"https:\/\/www.facebook.com\/profile.php?id=100063200290284\" \/>\n<meta property=\"article:published_time\" content=\"2021-10-18T19:49:21+00:00\" \/>\n<meta property=\"article:modified_time\" content=\"2021-10-20T10:16:22+00:00\" \/>\n<meta property=\"og:image\" content=\"https:\/\/infoecos.com.ar\/wp-content\/uploads\/2021\/10\/pehuajoambulancia.jpg\" \/>\n\t<meta property=\"og:image:width\" content=\"639\" \/>\n\t<meta property=\"og:image:height\" content=\"426\" \/>\n\t<meta property=\"og:image:type\" content=\"image\/jpeg\" \/>\n<meta name=\"author\" content=\"Jorge Matheus\" \/>\n<meta name=\"twitter:card\" content=\"summary_large_image\" \/>\n<meta name=\"twitter:creator\" content=\"@infoecos\" \/>\n<meta name=\"twitter:site\" content=\"@infoecos\" \/>\n<meta name=\"twitter:label1\" content=\"Escrito por\" \/>\n\t<meta name=\"twitter:data1\" content=\"Jorge Matheus\" \/>\n\t<meta name=\"twitter:label2\" content=\"Tiempo de lectura\" \/>\n\t<meta name=\"twitter:data2\" content=\"2 minutos\" \/>\n<script type=\"application\/ld+json\" class=\"yoast-schema-graph\">{\"@context\":\"https:\/\/schema.org\",\"@graph\":[{\"@type\":\"Article\",\"@id\":\"https:\/\/infoecos.com.ar\/index.php\/el-municipio-de-pehuajo-tambien-recibio-una-ambulancia-0-km-con-equipamiento-de-ultima-generacion\/#article\",\"isPartOf\":{\"@id\":\"https:\/\/infoecos.com.ar\/index.php\/el-municipio-de-pehuajo-tambien-recibio-una-ambulancia-0-km-con-equipamiento-de-ultima-generacion\/\"},\"author\":{\"name\":\"Jorge Matheus\",\"@id\":\"https:\/\/infoecos.com.ar\/#\/schema\/person\/8f5ace5ce73b4b4aac4b7245aee6f191\"},\"headline\":\"El municipio de Pehuaj\u00f3 tambi\u00e9n recibi\u00f3 una ambulancia 0 km con equipamiento de \u00faltima generaci\u00f3n\",\"datePublished\":\"2021-10-18T19:49:21+00:00\",\"dateModified\":\"2021-10-20T10:16:22+00:00\",\"mainEntityOfPage\":{\"@id\":\"https:\/\/infoecos.com.ar\/index.php\/el-municipio-de-pehuajo-tambien-recibio-una-ambulancia-0-km-con-equipamiento-de-ultima-generacion\/\"},\"wordCount\":347,\"publisher\":{\"@id\":\"https:\/\/infoecos.com.ar\/#organization\"},\"image\":{\"@id\":\"https:\/\/infoecos.com.ar\/index.php\/el-municipio-de-pehuajo-tambien-recibio-una-ambulancia-0-km-con-equipamiento-de-ultima-generacion\/#primaryimage\"},\"thumbnailUrl\":\"https:\/\/infoecos.com.ar\/wp-content\/uploads\/2021\/10\/pehuajoambulancia.jpg\",\"keywords\":[\"DESTACAN EL TRABAJO DE SALUD EN BS.AS\"],\"articleSection\":[\"Bloque inferior - 9\"],\"inLanguage\":\"es\"},{\"@type\":\"WebPage\",\"@id\":\"https:\/\/infoecos.com.ar\/index.php\/el-municipio-de-pehuajo-tambien-recibio-una-ambulancia-0-km-con-equipamiento-de-ultima-generacion\/\",\"url\":\"https:\/\/infoecos.com.ar\/index.php\/el-municipio-de-pehuajo-tambien-recibio-una-ambulancia-0-km-con-equipamiento-de-ultima-generacion\/\",\"name\":\"El municipio de Pehuaj\u00f3 tambi\u00e9n recibi\u00f3 una ambulancia 0 km con equipamiento de \u00faltima generaci\u00f3n - Infoecos\",\"isPartOf\":{\"@id\":\"https:\/\/infoecos.com.ar\/#website\"},\"primaryImageOfPage\":{\"@id\":\"https:\/\/infoecos.com.ar\/index.php\/el-municipio-de-pehuajo-tambien-recibio-una-ambulancia-0-km-con-equipamiento-de-ultima-generacion\/#primaryimage\"},\"image\":{\"@id\":\"https:\/\/infoecos.com.ar\/index.php\/el-municipio-de-pehuajo-tambien-recibio-una-ambulancia-0-km-con-equipamiento-de-ultima-generacion\/#primaryimage\"},\"thumbnailUrl\":\"https:\/\/infoecos.com.ar\/wp-content\/uploads\/2021\/10\/pehuajoambulancia.jpg\",\"datePublished\":\"2021-10-18T19:49:21+00:00\",\"dateModified\":\"2021-10-20T10:16:22+00:00\",\"breadcrumb\":{\"@id\":\"https:\/\/infoecos.com.ar\/index.php\/el-municipio-de-pehuajo-tambien-recibio-una-ambulancia-0-km-con-equipamiento-de-ultima-generacion\/#breadcrumb\"},\"inLanguage\":\"es\",\"potentialAction\":[{\"@type\":\"ReadAction\",\"target\":[\"https:\/\/infoecos.com.ar\/index.php\/el-municipio-de-pehuajo-tambien-recibio-una-ambulancia-0-km-con-equipamiento-de-ultima-generacion\/\"]}]},{\"@type\":\"ImageObject\",\"inLanguage\":\"es\",\"@id\":\"https:\/\/infoecos.com.ar\/index.php\/el-municipio-de-pehuajo-tambien-recibio-una-ambulancia-0-km-con-equipamiento-de-ultima-generacion\/#primaryimage\",\"url\":\"https:\/\/infoecos.com.ar\/wp-content\/uploads\/2021\/10\/pehuajoambulancia.jpg\",\"contentUrl\":\"https:\/\/infoecos.com.ar\/wp-content\/uploads\/2021\/10\/pehuajoambulancia.jpg\",\"width\":639,\"height\":426},{\"@type\":\"BreadcrumbList\",\"@id\":\"https:\/\/infoecos.com.ar\/index.php\/el-municipio-de-pehuajo-tambien-recibio-una-ambulancia-0-km-con-equipamiento-de-ultima-generacion\/#breadcrumb\",\"itemListElement\":[{\"@type\":\"ListItem\",\"position\":1,\"name\":\"Portada\",\"item\":\"https:\/\/infoecos.com.ar\/\"},{\"@type\":\"ListItem\",\"position\":2,\"name\":\"El municipio de Pehuaj\u00f3 tambi\u00e9n recibi\u00f3 una ambulancia 0 km con equipamiento de \u00faltima generaci\u00f3n\"}]},{\"@type\":\"WebSite\",\"@id\":\"https:\/\/infoecos.com.ar\/#website\",\"url\":\"https:\/\/infoecos.com.ar\/\",\"name\":\"Infoecos\",\"description\":\"Noticias de trenque lauquen y la zona\",\"publisher\":{\"@id\":\"https:\/\/infoecos.com.ar\/#organization\"},\"alternateName\":\"Noticias\",\"potentialAction\":[{\"@type\":\"SearchAction\",\"target\":{\"@type\":\"EntryPoint\",\"urlTemplate\":\"https:\/\/infoecos.com.ar\/?s={search_term_string}\"},\"query-input\":{\"@type\":\"PropertyValueSpecification\",\"valueRequired\":true,\"valueName\":\"search_term_string\"}}],\"inLanguage\":\"es\"},{\"@type\":\"Organization\",\"@id\":\"https:\/\/infoecos.com.ar\/#organization\",\"name\":\"Infoecos\",\"alternateName\":\"Noticias\",\"url\":\"https:\/\/infoecos.com.ar\/\",\"logo\":{\"@type\":\"ImageObject\",\"inLanguage\":\"es\",\"@id\":\"https:\/\/infoecos.com.ar\/#\/schema\/logo\/image\/\",\"url\":\"https:\/\/infoecos.com.ar\/wp-content\/uploads\/2024\/03\/cropped-logo.png\",\"contentUrl\":\"https:\/\/infoecos.com.ar\/wp-content\/uploads\/2024\/03\/cropped-logo.png\",\"width\":374,\"height\":90,\"caption\":\"Infoecos\"},\"image\":{\"@id\":\"https:\/\/infoecos.com.ar\/#\/schema\/logo\/image\/\"},\"sameAs\":[\"https:\/\/www.facebook.com\/profile.php?id=100063200290284\",\"https:\/\/x.com\/infoecos\"]},{\"@type\":\"Person\",\"@id\":\"https:\/\/infoecos.com.ar\/#\/schema\/person\/8f5ace5ce73b4b4aac4b7245aee6f191\",\"name\":\"Jorge Matheus\",\"url\":\"https:\/\/infoecos.com.ar\/index.php\/author\/jomatheus\/\"}]}<\/script>\n<!-- \/ Yoast SEO plugin. -->","yoast_head_json":{"title":"El municipio de Pehuaj\u00f3 tambi\u00e9n recibi\u00f3 una ambulancia 0 km con equipamiento de \u00faltima generaci\u00f3n - Infoecos","robots":{"index":"index","follow":"follow","max-snippet":"max-snippet:-1","max-image-preview":"max-image-preview:large","max-video-preview":"max-video-preview:-1"},"canonical":"https:\/\/infoecos.com.ar\/index.php\/el-municipio-de-pehuajo-tambien-recibio-una-ambulancia-0-km-con-equipamiento-de-ultima-generacion\/","og_locale":"es_ES","og_type":"article","og_title":"El municipio de Pehuaj\u00f3 tambi\u00e9n recibi\u00f3 una ambulancia 0 km con equipamiento de \u00faltima generaci\u00f3n - Infoecos","og_description":"\"El apoyo de la provincia de Buenos Aires en materia de salud es invalorables\", se\u00f1al\u00f3 Pablo Zurro","og_url":"https:\/\/infoecos.com.ar\/index.php\/el-municipio-de-pehuajo-tambien-recibio-una-ambulancia-0-km-con-equipamiento-de-ultima-generacion\/","og_site_name":"Infoecos","article_publisher":"https:\/\/www.facebook.com\/profile.php?id=100063200290284","article_published_time":"2021-10-18T19:49:21+00:00","article_modified_time":"2021-10-20T10:16:22+00:00","og_image":[{"width":639,"height":426,"url":"https:\/\/infoecos.com.ar\/wp-content\/uploads\/2021\/10\/pehuajoambulancia.jpg","type":"image\/jpeg"}],"author":"Jorge Matheus","twitter_card":"summary_large_image","twitter_creator":"@infoecos","twitter_site":"@infoecos","twitter_misc":{"Escrito por":"Jorge Matheus","Tiempo de lectura":"2 minutos"},"schema":{"@context":"https:\/\/schema.org","@graph":[{"@type":"Article","@id":"https:\/\/infoecos.com.ar\/index.php\/el-municipio-de-pehuajo-tambien-recibio-una-ambulancia-0-km-con-equipamiento-de-ultima-generacion\/#article","isPartOf":{"@id":"https:\/\/infoecos.com.ar\/index.php\/el-municipio-de-pehuajo-tambien-recibio-una-ambulancia-0-km-con-equipamiento-de-ultima-generacion\/"},"author":{"name":"Jorge Matheus","@id":"https:\/\/infoecos.com.ar\/#\/schema\/person\/8f5ace5ce73b4b4aac4b7245aee6f191"},"headline":"El municipio de Pehuaj\u00f3 tambi\u00e9n recibi\u00f3 una ambulancia 0 km con equipamiento de \u00faltima generaci\u00f3n","datePublished":"2021-10-18T19:49:21+00:00","dateModified":"2021-10-20T10:16:22+00:00","mainEntityOfPage":{"@id":"https:\/\/infoecos.com.ar\/index.php\/el-municipio-de-pehuajo-tambien-recibio-una-ambulancia-0-km-con-equipamiento-de-ultima-generacion\/"},"wordCount":347,"publisher":{"@id":"https:\/\/infoecos.com.ar\/#organization"},"image":{"@id":"https:\/\/infoecos.com.ar\/index.php\/el-municipio-de-pehuajo-tambien-recibio-una-ambulancia-0-km-con-equipamiento-de-ultima-generacion\/#primaryimage"},"thumbnailUrl":"https:\/\/infoecos.com.ar\/wp-content\/uploads\/2021\/10\/pehuajoambulancia.jpg","keywords":["DESTACAN EL TRABAJO DE SALUD EN BS.AS"],"articleSection":["Bloque inferior - 9"],"inLanguage":"es"},{"@type":"WebPage","@id":"https:\/\/infoecos.com.ar\/index.php\/el-municipio-de-pehuajo-tambien-recibio-una-ambulancia-0-km-con-equipamiento-de-ultima-generacion\/","url":"https:\/\/infoecos.com.ar\/index.php\/el-municipio-de-pehuajo-tambien-recibio-una-ambulancia-0-km-con-equipamiento-de-ultima-generacion\/","name":"El municipio de Pehuaj\u00f3 tambi\u00e9n recibi\u00f3 una ambulancia 0 km con equipamiento de \u00faltima generaci\u00f3n - Infoecos","isPartOf":{"@id":"https:\/\/infoecos.com.ar\/#website"},"primaryImageOfPage":{"@id":"https:\/\/infoecos.com.ar\/index.php\/el-municipio-de-pehuajo-tambien-recibio-una-ambulancia-0-km-con-equipamiento-de-ultima-generacion\/#primaryimage"},"image":{"@id":"https:\/\/infoecos.com.ar\/index.php\/el-municipio-de-pehuajo-tambien-recibio-una-ambulancia-0-km-con-equipamiento-de-ultima-generacion\/#primaryimage"},"thumbnailUrl":"https:\/\/infoecos.com.ar\/wp-content\/uploads\/2021\/10\/pehuajoambulancia.jpg","datePublished":"2021-10-18T19:49:21+00:00","dateModified":"2021-10-20T10:16:22+00:00","breadcrumb":{"@id":"https:\/\/infoecos.com.ar\/index.php\/el-municipio-de-pehuajo-tambien-recibio-una-ambulancia-0-km-con-equipamiento-de-ultima-generacion\/#breadcrumb"},"inLanguage":"es","potentialAction":[{"@type":"ReadAction","target":["https:\/\/infoecos.com.ar\/index.php\/el-municipio-de-pehuajo-tambien-recibio-una-ambulancia-0-km-con-equipamiento-de-ultima-generacion\/"]}]},{"@type":"ImageObject","inLanguage":"es","@id":"https:\/\/infoecos.com.ar\/index.php\/el-municipio-de-pehuajo-tambien-recibio-una-ambulancia-0-km-con-equipamiento-de-ultima-generacion\/#primaryimage","url":"https:\/\/infoecos.com.ar\/wp-content\/uploads\/2021\/10\/pehuajoambulancia.jpg","contentUrl":"https:\/\/infoecos.com.ar\/wp-content\/uploads\/2021\/10\/pehuajoambulancia.jpg","width":639,"height":426},{"@type":"BreadcrumbList","@id":"https:\/\/infoecos.com.ar\/index.php\/el-municipio-de-pehuajo-tambien-recibio-una-ambulancia-0-km-con-equipamiento-de-ultima-generacion\/#breadcrumb","itemListElement":[{"@type":"ListItem","position":1,"name":"Portada","item":"https:\/\/infoecos.com.ar\/"},{"@type":"ListItem","position":2,"name":"El municipio de Pehuaj\u00f3 tambi\u00e9n recibi\u00f3 una ambulancia 0 km con equipamiento de \u00faltima generaci\u00f3n"}]},{"@type":"WebSite","@id":"https:\/\/infoecos.com.ar\/#website","url":"https:\/\/infoecos.com.ar\/","name":"Infoecos","description":"Noticias de trenque lauquen y la zona","publisher":{"@id":"https:\/\/infoecos.com.ar\/#organization"},"alternateName":"Noticias","potentialAction":[{"@type":"SearchAction","target":{"@type":"EntryPoint","urlTemplate":"https:\/\/infoecos.com.ar\/?s={search_term_string}"},"query-input":{"@type":"PropertyValueSpecification","valueRequired":true,"valueName":"search_term_string"}}],"inLanguage":"es"},{"@type":"Organization","@id":"https:\/\/infoecos.com.ar\/#organization","name":"Infoecos","alternateName":"Noticias","url":"https:\/\/infoecos.com.ar\/","logo":{"@type":"ImageObject","inLanguage":"es","@id":"https:\/\/infoecos.com.ar\/#\/schema\/logo\/image\/","url":"https:\/\/infoecos.com.ar\/wp-content\/uploads\/2024\/03\/cropped-logo.png","contentUrl":"https:\/\/infoecos.com.ar\/wp-content\/uploads\/2024\/03\/cropped-logo.png","width":374,"height":90,"caption":"Infoecos"},"image":{"@id":"https:\/\/infoecos.com.ar\/#\/schema\/logo\/image\/"},"sameAs":["https:\/\/www.facebook.com\/profile.php?id=100063200290284","https:\/\/x.com\/infoecos"]},{"@type":"Person","@id":"https:\/\/infoecos.com.ar\/#\/schema\/person\/8f5ace5ce73b4b4aac4b7245aee6f191","name":"Jorge Matheus","url":"https:\/\/infoecos.com.ar\/index.php\/author\/jomatheus\/"}]}},"featured_image_urls":{"full":["https:\/\/infoecos.com.ar\/wp-content\/uploads\/2021\/10\/pehuajoambulancia.jpg",639,426,false],"thumbnail":["https:\/\/infoecos.com.ar\/wp-content\/uploads\/2021\/10\/pehuajoambulancia-150x150.jpg",150,150,true],"medium":["https:\/\/infoecos.com.ar\/wp-content\/uploads\/2021\/10\/pehuajoambulancia-460x307.jpg",460,307,true],"medium_large":["https:\/\/infoecos.com.ar\/wp-content\/uploads\/2021\/10\/pehuajoambulancia.jpg",639,426,false],"large":["https:\/\/infoecos.com.ar\/wp-content\/uploads\/2021\/10\/pehuajoambulancia.jpg",639,426,false],"1536x1536":["https:\/\/infoecos.com.ar\/wp-content\/uploads\/2021\/10\/pehuajoambulancia.jpg",639,426,false],"2048x2048":["https:\/\/infoecos.com.ar\/wp-content\/uploads\/2021\/10\/pehuajoambulancia.jpg",639,426,false],"covernews-slider-full":["https:\/\/infoecos.com.ar\/wp-content\/uploads\/2021\/10\/pehuajoambulancia.jpg",639,426,false],"covernews-slider-center":["https:\/\/infoecos.com.ar\/wp-content\/uploads\/2021\/10\/pehuajoambulancia.jpg",639,426,false],"covernews-featured":["https:\/\/infoecos.com.ar\/wp-content\/uploads\/2021\/10\/pehuajoambulancia.jpg",639,426,false],"covernews-medium":["https:\/\/infoecos.com.ar\/wp-content\/uploads\/2021\/10\/pehuajoambulancia-639x380.jpg",540,321,true],"covernews-medium-square":["https:\/\/infoecos.com.ar\/wp-content\/uploads\/2021\/10\/pehuajoambulancia.jpg",375,250,false]},"author_info":{"info":["Jorge Matheus"]},"category_info":"<a href=\"https:\/\/infoecos.com.ar\/index.php\/category\/inferior9\/\" rel=\"category tag\">Bloque inferior - 9<\/a>","tag_info":"Bloque inferior - 9","comment_count":"0","_links":{"self":[{"href":"https:\/\/infoecos.com.ar\/index.php\/wp-json\/wp\/v2\/posts\/88370"}],"collection":[{"href":"https:\/\/infoecos.com.ar\/index.php\/wp-json\/wp\/v2\/posts"}],"about":[{"href":"https:\/\/infoecos.com.ar\/index.php\/wp-json\/wp\/v2\/types\/post"}],"author":[{"embeddable":true,"href":"https:\/\/infoecos.com.ar\/index.php\/wp-json\/wp\/v2\/users\/2"}],"replies":[{"embeddable":true,"href":"https:\/\/infoecos.com.ar\/index.php\/wp-json\/wp\/v2\/comments?post=88370"}],"version-history":[{"count":2,"href":"https:\/\/infoecos.com.ar\/index.php\/wp-json\/wp\/v2\/posts\/88370\/revisions"}],"predecessor-version":[{"id":88438,"href":"https:\/\/infoecos.com.ar\/index.php\/wp-json\/wp\/v2\/posts\/88370\/revisions\/88438"}],"wp:featuredmedia":[{"embeddable":true,"href":"https:\/\/infoecos.com.ar\/index.php\/wp-json\/wp\/v2\/media\/88371"}],"wp:attachment":[{"href":"https:\/\/infoecos.com.ar\/index.php\/wp-json\/wp\/v2\/media?parent=88370"}],"wp:term":[{"taxonomy":"category","embeddable":true,"href":"https:\/\/infoecos.com.ar\/index.php\/wp-json\/wp\/v2\/categories?post=88370"},{"taxonomy":"post_tag","embeddable":true,"href":"https:\/\/infoecos.com.ar\/index.php\/wp-json\/wp\/v2\/tags?post=88370"}],"curies":[{"name":"wp","href":"https:\/\/api.w.org\/{rel}","templated":true}]}}