{"id":88375,"date":"2021-10-18T17:02:17","date_gmt":"2021-10-18T20:02:17","guid":{"rendered":"http:\/\/infoecos.com.ar\/?p=88375"},"modified":"2021-10-20T07:15:20","modified_gmt":"2021-10-20T10:15:20","slug":"agredida-por-un-motociclista-sufrio-heridas-una-inspectora-de-contralor-municipal-de-trenque-lauquen","status":"publish","type":"post","link":"https:\/\/infoecos.com.ar\/index.php\/agredida-por-un-motociclista-sufrio-heridas-una-inspectora-de-contralor-municipal-de-trenque-lauquen\/","title":{"rendered":"Agredida por un motociclista sufri\u00f3 heridas una inspectora de Contralor Municipal de Trenque Lauquen"},"content":{"rendered":"\n<p>Una inspectora de Contralor Municipal de Trenque Lauquen, sufri\u00f3 lesiones de car\u00e1cter leve, cuando intent\u00f3 identificar al conductor de una motocicleta 110 cent\u00edmetros c\u00fabicos.<\/p>\n\n\n\n<p>La informaci\u00f3n proporcionada por las autoridades policiales da cuenta que el hecho se produjo a las 5.50 del domingo en la calle Hern\u00e1ndez, entre Lagos y Francisco Moreno.<\/p>\n\n\n\n<div class=\"wp-block-image is-style-default\"><figure class=\"aligncenter size-medium\"><img decoding=\"async\" src=\"http:\/\/infoecos.com.ar\/wp-content\/uploads\/unnamed-4-99-460x307.jpg\" alt=\"\" class=\"wp-image-36733\"\/><figcaption>Trenque Lauquen Contralor Municipal<\/figcaption><\/figure><\/div>\n\n\n\n<p>La inspectora, junto a uno de sus compa\u00f1eros hicieron se\u00f1as a qui\u00e9n conduc\u00eda la moto para que detenga su marcha. La reacci\u00f3n del mismo fue embestirla, lo que produjo que la integrante de Contralor Municipal cayera, lesion\u00e1ndes una de sus manos. En la maniobra el desaprensivo y violento conductor tambi\u00e9n cay\u00f3. <\/p>\n\n\n\n<p>Qued\u00f3 imputado en el delito de Lesiones Leves, interviniendo el titular de la UFI n\u00famero 5, doctor Manuel Iglesias.<br><br>Se le labro una infracci\u00f3n de tr\u00e1nsito y se secuestro el rodado, el cual quedo a disposici\u00f3n de la Justicia de Faltas Municipal. Es una persona del g\u00e9nero masculino, mayor de 27 a\u00f1os de edad, y est\u00e1 considerado un infractor reincidente.-<\/p>\n","protected":false},"excerpt":{"rendered":"<p>La inspectora, junto a uno de sus compa\u00f1eros hicieron se\u00f1as a qui\u00e9n conduc\u00eda la moto para que detenga su marcha. La reacci\u00f3n del mismo fue embestirla<\/p>\n","protected":false},"author":2,"featured_media":36733,"comment_status":"closed","ping_status":"open","sticky":false,"template":"","format":"standard","meta":{"footnotes":""},"categories":[200],"tags":[5476],"class_list":["post-88375","post","type-post","status-publish","format-standard","has-post-thumbnail","hentry","category-inferior8","tag-en-la-madrugada-del-domingo"],"yoast_head":"<!-- This site is optimized with the Yoast SEO plugin v23.4 - https:\/\/yoast.com\/wordpress\/plugins\/seo\/ -->\n<title>Agredida por un motociclista sufri\u00f3 heridas una inspectora de Contralor Municipal de Trenque Lauquen - Infoecos<\/title>\n<meta name=\"robots\" content=\"index, follow, max-snippet:-1, max-image-preview:large, max-video-preview:-1\" \/>\n<link rel=\"canonical\" href=\"https:\/\/infoecos.com.ar\/index.php\/agredida-por-un-motociclista-sufrio-heridas-una-inspectora-de-contralor-municipal-de-trenque-lauquen\/\" \/>\n<meta property=\"og:locale\" content=\"es_ES\" \/>\n<meta property=\"og:type\" content=\"article\" \/>\n<meta property=\"og:title\" content=\"Agredida por un motociclista sufri\u00f3 heridas una inspectora de Contralor Municipal de Trenque Lauquen - Infoecos\" \/>\n<meta property=\"og:description\" content=\"La inspectora, junto a uno de sus compa\u00f1eros hicieron se\u00f1as a qui\u00e9n conduc\u00eda la moto para que detenga su marcha. La reacci\u00f3n del mismo fue embestirla\" \/>\n<meta property=\"og:url\" content=\"https:\/\/infoecos.com.ar\/index.php\/agredida-por-un-motociclista-sufrio-heridas-una-inspectora-de-contralor-municipal-de-trenque-lauquen\/\" \/>\n<meta property=\"og:site_name\" content=\"Infoecos\" \/>\n<meta property=\"article:publisher\" content=\"https:\/\/www.facebook.com\/profile.php?id=100063200290284\" \/>\n<meta property=\"article:published_time\" content=\"2021-10-18T20:02:17+00:00\" \/>\n<meta property=\"article:modified_time\" content=\"2021-10-20T10:15:20+00:00\" \/>\n<meta property=\"og:image\" content=\"https:\/\/infoecos.com.ar\/wp-content\/uploads\/unnamed-4-99.jpg\" \/>\n\t<meta property=\"og:image:width\" content=\"1024\" \/>\n\t<meta property=\"og:image:height\" content=\"683\" \/>\n\t<meta property=\"og:image:type\" content=\"image\/jpeg\" \/>\n<meta name=\"author\" content=\"Jorge Matheus\" \/>\n<meta name=\"twitter:card\" content=\"summary_large_image\" \/>\n<meta name=\"twitter:creator\" content=\"@infoecos\" \/>\n<meta name=\"twitter:site\" content=\"@infoecos\" \/>\n<meta name=\"twitter:label1\" content=\"Escrito por\" \/>\n\t<meta name=\"twitter:data1\" content=\"Jorge Matheus\" \/>\n\t<meta name=\"twitter:label2\" content=\"Tiempo de lectura\" \/>\n\t<meta name=\"twitter:data2\" content=\"1 minuto\" \/>\n<script type=\"application\/ld+json\" class=\"yoast-schema-graph\">{\"@context\":\"https:\/\/schema.org\",\"@graph\":[{\"@type\":\"Article\",\"@id\":\"https:\/\/infoecos.com.ar\/index.php\/agredida-por-un-motociclista-sufrio-heridas-una-inspectora-de-contralor-municipal-de-trenque-lauquen\/#article\",\"isPartOf\":{\"@id\":\"https:\/\/infoecos.com.ar\/index.php\/agredida-por-un-motociclista-sufrio-heridas-una-inspectora-de-contralor-municipal-de-trenque-lauquen\/\"},\"author\":{\"name\":\"Jorge Matheus\",\"@id\":\"https:\/\/infoecos.com.ar\/#\/schema\/person\/8f5ace5ce73b4b4aac4b7245aee6f191\"},\"headline\":\"Agredida por un motociclista sufri\u00f3 heridas una inspectora de Contralor Municipal de Trenque Lauquen\",\"datePublished\":\"2021-10-18T20:02:17+00:00\",\"dateModified\":\"2021-10-20T10:15:20+00:00\",\"mainEntityOfPage\":{\"@id\":\"https:\/\/infoecos.com.ar\/index.php\/agredida-por-un-motociclista-sufrio-heridas-una-inspectora-de-contralor-municipal-de-trenque-lauquen\/\"},\"wordCount\":195,\"publisher\":{\"@id\":\"https:\/\/infoecos.com.ar\/#organization\"},\"image\":{\"@id\":\"https:\/\/infoecos.com.ar\/index.php\/agredida-por-un-motociclista-sufrio-heridas-una-inspectora-de-contralor-municipal-de-trenque-lauquen\/#primaryimage\"},\"thumbnailUrl\":\"\",\"keywords\":[\"en la madrugada del domingo\"],\"articleSection\":[\"Bloque inferior - 8\"],\"inLanguage\":\"es\"},{\"@type\":\"WebPage\",\"@id\":\"https:\/\/infoecos.com.ar\/index.php\/agredida-por-un-motociclista-sufrio-heridas-una-inspectora-de-contralor-municipal-de-trenque-lauquen\/\",\"url\":\"https:\/\/infoecos.com.ar\/index.php\/agredida-por-un-motociclista-sufrio-heridas-una-inspectora-de-contralor-municipal-de-trenque-lauquen\/\",\"name\":\"Agredida por un motociclista sufri\u00f3 heridas una inspectora de Contralor Municipal de Trenque Lauquen - Infoecos\",\"isPartOf\":{\"@id\":\"https:\/\/infoecos.com.ar\/#website\"},\"primaryImageOfPage\":{\"@id\":\"https:\/\/infoecos.com.ar\/index.php\/agredida-por-un-motociclista-sufrio-heridas-una-inspectora-de-contralor-municipal-de-trenque-lauquen\/#primaryimage\"},\"image\":{\"@id\":\"https:\/\/infoecos.com.ar\/index.php\/agredida-por-un-motociclista-sufrio-heridas-una-inspectora-de-contralor-municipal-de-trenque-lauquen\/#primaryimage\"},\"thumbnailUrl\":\"\",\"datePublished\":\"2021-10-18T20:02:17+00:00\",\"dateModified\":\"2021-10-20T10:15:20+00:00\",\"breadcrumb\":{\"@id\":\"https:\/\/infoecos.com.ar\/index.php\/agredida-por-un-motociclista-sufrio-heridas-una-inspectora-de-contralor-municipal-de-trenque-lauquen\/#breadcrumb\"},\"inLanguage\":\"es\",\"potentialAction\":[{\"@type\":\"ReadAction\",\"target\":[\"https:\/\/infoecos.com.ar\/index.php\/agredida-por-un-motociclista-sufrio-heridas-una-inspectora-de-contralor-municipal-de-trenque-lauquen\/\"]}]},{\"@type\":\"ImageObject\",\"inLanguage\":\"es\",\"@id\":\"https:\/\/infoecos.com.ar\/index.php\/agredida-por-un-motociclista-sufrio-heridas-una-inspectora-de-contralor-municipal-de-trenque-lauquen\/#primaryimage\",\"url\":\"\",\"contentUrl\":\"\"},{\"@type\":\"BreadcrumbList\",\"@id\":\"https:\/\/infoecos.com.ar\/index.php\/agredida-por-un-motociclista-sufrio-heridas-una-inspectora-de-contralor-municipal-de-trenque-lauquen\/#breadcrumb\",\"itemListElement\":[{\"@type\":\"ListItem\",\"position\":1,\"name\":\"Portada\",\"item\":\"https:\/\/infoecos.com.ar\/\"},{\"@type\":\"ListItem\",\"position\":2,\"name\":\"Agredida por un motociclista sufri\u00f3 heridas una inspectora de Contralor Municipal de Trenque Lauquen\"}]},{\"@type\":\"WebSite\",\"@id\":\"https:\/\/infoecos.com.ar\/#website\",\"url\":\"https:\/\/infoecos.com.ar\/\",\"name\":\"Infoecos\",\"description\":\"Noticias de trenque lauquen y la zona\",\"publisher\":{\"@id\":\"https:\/\/infoecos.com.ar\/#organization\"},\"alternateName\":\"Noticias\",\"potentialAction\":[{\"@type\":\"SearchAction\",\"target\":{\"@type\":\"EntryPoint\",\"urlTemplate\":\"https:\/\/infoecos.com.ar\/?s={search_term_string}\"},\"query-input\":{\"@type\":\"PropertyValueSpecification\",\"valueRequired\":true,\"valueName\":\"search_term_string\"}}],\"inLanguage\":\"es\"},{\"@type\":\"Organization\",\"@id\":\"https:\/\/infoecos.com.ar\/#organization\",\"name\":\"Infoecos\",\"alternateName\":\"Noticias\",\"url\":\"https:\/\/infoecos.com.ar\/\",\"logo\":{\"@type\":\"ImageObject\",\"inLanguage\":\"es\",\"@id\":\"https:\/\/infoecos.com.ar\/#\/schema\/logo\/image\/\",\"url\":\"https:\/\/infoecos.com.ar\/wp-content\/uploads\/2024\/03\/cropped-logo.png\",\"contentUrl\":\"https:\/\/infoecos.com.ar\/wp-content\/uploads\/2024\/03\/cropped-logo.png\",\"width\":374,\"height\":90,\"caption\":\"Infoecos\"},\"image\":{\"@id\":\"https:\/\/infoecos.com.ar\/#\/schema\/logo\/image\/\"},\"sameAs\":[\"https:\/\/www.facebook.com\/profile.php?id=100063200290284\",\"https:\/\/x.com\/infoecos\"]},{\"@type\":\"Person\",\"@id\":\"https:\/\/infoecos.com.ar\/#\/schema\/person\/8f5ace5ce73b4b4aac4b7245aee6f191\",\"name\":\"Jorge Matheus\",\"url\":\"https:\/\/infoecos.com.ar\/index.php\/author\/jomatheus\/\"}]}<\/script>\n<!-- \/ Yoast SEO plugin. -->","yoast_head_json":{"title":"Agredida por un motociclista sufri\u00f3 heridas una inspectora de Contralor Municipal de Trenque Lauquen - Infoecos","robots":{"index":"index","follow":"follow","max-snippet":"max-snippet:-1","max-image-preview":"max-image-preview:large","max-video-preview":"max-video-preview:-1"},"canonical":"https:\/\/infoecos.com.ar\/index.php\/agredida-por-un-motociclista-sufrio-heridas-una-inspectora-de-contralor-municipal-de-trenque-lauquen\/","og_locale":"es_ES","og_type":"article","og_title":"Agredida por un motociclista sufri\u00f3 heridas una inspectora de Contralor Municipal de Trenque Lauquen - Infoecos","og_description":"La inspectora, junto a uno de sus compa\u00f1eros hicieron se\u00f1as a qui\u00e9n conduc\u00eda la moto para que detenga su marcha. La reacci\u00f3n del mismo fue embestirla","og_url":"https:\/\/infoecos.com.ar\/index.php\/agredida-por-un-motociclista-sufrio-heridas-una-inspectora-de-contralor-municipal-de-trenque-lauquen\/","og_site_name":"Infoecos","article_publisher":"https:\/\/www.facebook.com\/profile.php?id=100063200290284","article_published_time":"2021-10-18T20:02:17+00:00","article_modified_time":"2021-10-20T10:15:20+00:00","og_image":[{"width":1024,"height":683,"url":"https:\/\/infoecos.com.ar\/wp-content\/uploads\/unnamed-4-99.jpg","type":"image\/jpeg"}],"author":"Jorge Matheus","twitter_card":"summary_large_image","twitter_creator":"@infoecos","twitter_site":"@infoecos","twitter_misc":{"Escrito por":"Jorge Matheus","Tiempo de lectura":"1 minuto"},"schema":{"@context":"https:\/\/schema.org","@graph":[{"@type":"Article","@id":"https:\/\/infoecos.com.ar\/index.php\/agredida-por-un-motociclista-sufrio-heridas-una-inspectora-de-contralor-municipal-de-trenque-lauquen\/#article","isPartOf":{"@id":"https:\/\/infoecos.com.ar\/index.php\/agredida-por-un-motociclista-sufrio-heridas-una-inspectora-de-contralor-municipal-de-trenque-lauquen\/"},"author":{"name":"Jorge Matheus","@id":"https:\/\/infoecos.com.ar\/#\/schema\/person\/8f5ace5ce73b4b4aac4b7245aee6f191"},"headline":"Agredida por un motociclista sufri\u00f3 heridas una inspectora de Contralor Municipal de Trenque Lauquen","datePublished":"2021-10-18T20:02:17+00:00","dateModified":"2021-10-20T10:15:20+00:00","mainEntityOfPage":{"@id":"https:\/\/infoecos.com.ar\/index.php\/agredida-por-un-motociclista-sufrio-heridas-una-inspectora-de-contralor-municipal-de-trenque-lauquen\/"},"wordCount":195,"publisher":{"@id":"https:\/\/infoecos.com.ar\/#organization"},"image":{"@id":"https:\/\/infoecos.com.ar\/index.php\/agredida-por-un-motociclista-sufrio-heridas-una-inspectora-de-contralor-municipal-de-trenque-lauquen\/#primaryimage"},"thumbnailUrl":"","keywords":["en la madrugada del domingo"],"articleSection":["Bloque inferior - 8"],"inLanguage":"es"},{"@type":"WebPage","@id":"https:\/\/infoecos.com.ar\/index.php\/agredida-por-un-motociclista-sufrio-heridas-una-inspectora-de-contralor-municipal-de-trenque-lauquen\/","url":"https:\/\/infoecos.com.ar\/index.php\/agredida-por-un-motociclista-sufrio-heridas-una-inspectora-de-contralor-municipal-de-trenque-lauquen\/","name":"Agredida por un motociclista sufri\u00f3 heridas una inspectora de Contralor Municipal de Trenque Lauquen - Infoecos","isPartOf":{"@id":"https:\/\/infoecos.com.ar\/#website"},"primaryImageOfPage":{"@id":"https:\/\/infoecos.com.ar\/index.php\/agredida-por-un-motociclista-sufrio-heridas-una-inspectora-de-contralor-municipal-de-trenque-lauquen\/#primaryimage"},"image":{"@id":"https:\/\/infoecos.com.ar\/index.php\/agredida-por-un-motociclista-sufrio-heridas-una-inspectora-de-contralor-municipal-de-trenque-lauquen\/#primaryimage"},"thumbnailUrl":"","datePublished":"2021-10-18T20:02:17+00:00","dateModified":"2021-10-20T10:15:20+00:00","breadcrumb":{"@id":"https:\/\/infoecos.com.ar\/index.php\/agredida-por-un-motociclista-sufrio-heridas-una-inspectora-de-contralor-municipal-de-trenque-lauquen\/#breadcrumb"},"inLanguage":"es","potentialAction":[{"@type":"ReadAction","target":["https:\/\/infoecos.com.ar\/index.php\/agredida-por-un-motociclista-sufrio-heridas-una-inspectora-de-contralor-municipal-de-trenque-lauquen\/"]}]},{"@type":"ImageObject","inLanguage":"es","@id":"https:\/\/infoecos.com.ar\/index.php\/agredida-por-un-motociclista-sufrio-heridas-una-inspectora-de-contralor-municipal-de-trenque-lauquen\/#primaryimage","url":"","contentUrl":""},{"@type":"BreadcrumbList","@id":"https:\/\/infoecos.com.ar\/index.php\/agredida-por-un-motociclista-sufrio-heridas-una-inspectora-de-contralor-municipal-de-trenque-lauquen\/#breadcrumb","itemListElement":[{"@type":"ListItem","position":1,"name":"Portada","item":"https:\/\/infoecos.com.ar\/"},{"@type":"ListItem","position":2,"name":"Agredida por un motociclista sufri\u00f3 heridas una inspectora de Contralor Municipal de Trenque Lauquen"}]},{"@type":"WebSite","@id":"https:\/\/infoecos.com.ar\/#website","url":"https:\/\/infoecos.com.ar\/","name":"Infoecos","description":"Noticias de trenque lauquen y la zona","publisher":{"@id":"https:\/\/infoecos.com.ar\/#organization"},"alternateName":"Noticias","potentialAction":[{"@type":"SearchAction","target":{"@type":"EntryPoint","urlTemplate":"https:\/\/infoecos.com.ar\/?s={search_term_string}"},"query-input":{"@type":"PropertyValueSpecification","valueRequired":true,"valueName":"search_term_string"}}],"inLanguage":"es"},{"@type":"Organization","@id":"https:\/\/infoecos.com.ar\/#organization","name":"Infoecos","alternateName":"Noticias","url":"https:\/\/infoecos.com.ar\/","logo":{"@type":"ImageObject","inLanguage":"es","@id":"https:\/\/infoecos.com.ar\/#\/schema\/logo\/image\/","url":"https:\/\/infoecos.com.ar\/wp-content\/uploads\/2024\/03\/cropped-logo.png","contentUrl":"https:\/\/infoecos.com.ar\/wp-content\/uploads\/2024\/03\/cropped-logo.png","width":374,"height":90,"caption":"Infoecos"},"image":{"@id":"https:\/\/infoecos.com.ar\/#\/schema\/logo\/image\/"},"sameAs":["https:\/\/www.facebook.com\/profile.php?id=100063200290284","https:\/\/x.com\/infoecos"]},{"@type":"Person","@id":"https:\/\/infoecos.com.ar\/#\/schema\/person\/8f5ace5ce73b4b4aac4b7245aee6f191","name":"Jorge Matheus","url":"https:\/\/infoecos.com.ar\/index.php\/author\/jomatheus\/"}]}},"featured_image_urls":{"full":"","thumbnail":"","medium":"","medium_large":"","large":"","1536x1536":"","2048x2048":"","covernews-slider-full":"","covernews-slider-center":"","covernews-featured":"","covernews-medium":"","covernews-medium-square":""},"author_info":{"info":["Jorge Matheus"]},"category_info":"<a href=\"https:\/\/infoecos.com.ar\/index.php\/category\/inferior8\/\" rel=\"category tag\">Bloque inferior - 8<\/a>","tag_info":"Bloque inferior - 8","comment_count":"0","_links":{"self":[{"href":"https:\/\/infoecos.com.ar\/index.php\/wp-json\/wp\/v2\/posts\/88375"}],"collection":[{"href":"https:\/\/infoecos.com.ar\/index.php\/wp-json\/wp\/v2\/posts"}],"about":[{"href":"https:\/\/infoecos.com.ar\/index.php\/wp-json\/wp\/v2\/types\/post"}],"author":[{"embeddable":true,"href":"https:\/\/infoecos.com.ar\/index.php\/wp-json\/wp\/v2\/users\/2"}],"replies":[{"embeddable":true,"href":"https:\/\/infoecos.com.ar\/index.php\/wp-json\/wp\/v2\/comments?post=88375"}],"version-history":[{"count":1,"href":"https:\/\/infoecos.com.ar\/index.php\/wp-json\/wp\/v2\/posts\/88375\/revisions"}],"predecessor-version":[{"id":88376,"href":"https:\/\/infoecos.com.ar\/index.php\/wp-json\/wp\/v2\/posts\/88375\/revisions\/88376"}],"wp:featuredmedia":[{"embeddable":true,"href":"https:\/\/infoecos.com.ar\/index.php\/wp-json\/"}],"wp:attachment":[{"href":"https:\/\/infoecos.com.ar\/index.php\/wp-json\/wp\/v2\/media?parent=88375"}],"wp:term":[{"taxonomy":"category","embeddable":true,"href":"https:\/\/infoecos.com.ar\/index.php\/wp-json\/wp\/v2\/categories?post=88375"},{"taxonomy":"post_tag","embeddable":true,"href":"https:\/\/infoecos.com.ar\/index.php\/wp-json\/wp\/v2\/tags?post=88375"}],"curies":[{"name":"wp","href":"https:\/\/api.w.org\/{rel}","templated":true}]}}