{"id":88395,"date":"2021-10-19T11:30:39","date_gmt":"2021-10-19T14:30:39","guid":{"rendered":"http:\/\/infoecos.com.ar\/?p=88395"},"modified":"2021-10-20T07:14:15","modified_gmt":"2021-10-20T10:14:15","slug":"la-ley-de-etiquetado-frontal-se-debatira-el-26-de-octubre","status":"publish","type":"post","link":"https:\/\/infoecos.com.ar\/index.php\/la-ley-de-etiquetado-frontal-se-debatira-el-26-de-octubre\/","title":{"rendered":"La Ley de Etiquetado Frontal se debatir\u00e1 el 26 de Octubre"},"content":{"rendered":"\n<p class=\"wp-block-paragraph\">El oficialismo y la oposici\u00f3n se pusieron de acuerdo para debatir la Ley de Etiquetado Frontal en la C\u00e1mara de Diputados de la Naci\u00f3n. La sesi\u00f3n ser\u00e1 el pr\u00f3ximo 26 de octubre.<\/p>\n\n\n\n<p class=\"wp-block-paragraph\">El consenso para tratar el proyecto, que obliga a las empresas de alimentos a informar los nutrientes cr\u00edticos en los envases de los productos, comenz\u00f3 hace una semana. Cuando los legisladores de Juntos por el Cambio se negaron a dar el qu\u00f3rum, el Frente de Todos&nbsp;puso en marcha un plan de negociaci\u00f3n para para poder llegar a fin de mes con el proyecto convertido en ley.<\/p>\n\n\n\n<div class=\"wp-block-image is-style-default\"><figure class=\"aligncenter size-medium\"><img decoding=\"async\" src=\"http:\/\/infoecos.com.ar\/wp-content\/uploads\/DYN718-SDARC-202927-460x259.jpg\" alt=\"\" class=\"wp-image-56788\"\/><figcaption>C\u00e1mara de Diputados de la Naci\u00f3n<\/figcaption><\/figure><\/div>\n\n\n\n<p class=\"wp-block-paragraph\">Bajo ese panorama, una de las autoras del proyecto, la diputada del Frente de Todos, Florencia Lambreabe, adelant\u00f3: \u201ctenemos por suerte una nueva fecha para tratar esta ley que es un derecho fundamental para la gente. Se acord\u00f3 el 26 de octubre para lograr que finalmente salga o salga\u201d, dijo en declaraciones radiales.<\/p>\n\n\n\n<p class=\"wp-block-paragraph\">Aunque sostuvo que la propuesta espera \u201ccontar con la mayor cantidad de votos\u201d, la legisladora aclar\u00f3 que no sabe qu\u00e9 puede ocurrir en la sesi\u00f3n dado que Juntos por el Cambio \u201cno tiene una opini\u00f3n unificada\u201d y varios legisladores de ese bloque \u201ctodav\u00eda no se han pronunciado\u201d, advirti\u00f3.<\/p>\n\n\n\n<p class=\"wp-block-paragraph\">Dicho esto, Lampreabe subray\u00f3: \u201cLa ley de etiquetado frontal es b\u00e1sica y elemental\u201d, al tiempo que consider\u00f3 que si hay un punto donde encontrar consensos \u201ctiene que ver con aportar a una alimentaci\u00f3n saludable y de calidad para todos los argentinos y argentinas\u201d.<\/p>\n","protected":false},"excerpt":{"rendered":"<p>El consenso para tratar el proyecto, que obliga a las empresas de alimentos a informar los nutrientes cr\u00edticos en los envases de los productos, comenz\u00f3 hace una semana<\/p>\n","protected":false},"author":2,"featured_media":56788,"comment_status":"closed","ping_status":"open","sticky":false,"template":"","format":"standard","meta":{"footnotes":""},"categories":[26],"tags":[5479],"class_list":["post-88395","post","type-post","status-publish","format-standard","has-post-thumbnail","hentry","category-inferior6","tag-hay-consenso-entre-oficialismo-y-oposicion"],"featured_image_urls":{"full":"","thumbnail":"","medium":"","medium_large":"","large":"","1536x1536":"","2048x2048":"","covernews-slider-full":"","covernews-slider-center":"","covernews-featured":"","covernews-medium":"","covernews-medium-square":""},"author_info":{"info":["Jorge Matheus"]},"category_info":"<a href=\"https:\/\/infoecos.com.ar\/index.php\/category\/inferior6\/\" rel=\"category tag\">Bloque inferior - 6<\/a>","tag_info":"Bloque inferior - 6","comment_count":"0","_links":{"self":[{"href":"https:\/\/infoecos.com.ar\/index.php\/wp-json\/wp\/v2\/posts\/88395","targetHints":{"allow":["GET"]}}],"collection":[{"href":"https:\/\/infoecos.com.ar\/index.php\/wp-json\/wp\/v2\/posts"}],"about":[{"href":"https:\/\/infoecos.com.ar\/index.php\/wp-json\/wp\/v2\/types\/post"}],"author":[{"embeddable":true,"href":"https:\/\/infoecos.com.ar\/index.php\/wp-json\/wp\/v2\/users\/2"}],"replies":[{"embeddable":true,"href":"https:\/\/infoecos.com.ar\/index.php\/wp-json\/wp\/v2\/comments?post=88395"}],"version-history":[{"count":2,"href":"https:\/\/infoecos.com.ar\/index.php\/wp-json\/wp\/v2\/posts\/88395\/revisions"}],"predecessor-version":[{"id":88525,"href":"https:\/\/infoecos.com.ar\/index.php\/wp-json\/wp\/v2\/posts\/88395\/revisions\/88525"}],"wp:attachment":[{"href":"https:\/\/infoecos.com.ar\/index.php\/wp-json\/wp\/v2\/media?parent=88395"}],"wp:term":[{"taxonomy":"category","embeddable":true,"href":"https:\/\/infoecos.com.ar\/index.php\/wp-json\/wp\/v2\/categories?post=88395"},{"taxonomy":"post_tag","embeddable":true,"href":"https:\/\/infoecos.com.ar\/index.php\/wp-json\/wp\/v2\/tags?post=88395"}],"curies":[{"name":"wp","href":"https:\/\/api.w.org\/{rel}","templated":true}]}}