{"id":88400,"date":"2021-10-19T12:36:11","date_gmt":"2021-10-19T15:36:11","guid":{"rendered":"http:\/\/infoecos.com.ar\/?p=88400"},"modified":"2021-10-19T12:36:12","modified_gmt":"2021-10-19T15:36:12","slug":"se-celebra-el-dia-mundial-de-lucha-contra-el-cancer-de-mama","status":"publish","type":"post","link":"https:\/\/infoecos.com.ar\/index.php\/se-celebra-el-dia-mundial-de-lucha-contra-el-cancer-de-mama\/","title":{"rendered":"Se celebra el D\u00eda Mundial de Lucha Contra el C\u00e1ncer de Mama"},"content":{"rendered":"\n<p class=\"wp-block-paragraph\">\u00a0Se celebra el D\u00eda Mundial de Lucha Contra el C\u00e1ncer de Mama, instituido por la Organizaci\u00f3n Mundial de la Salud para concientizar sobre la importancia de la detecci\u00f3n temprana de esta enfermedad, una de las principales causas de mortalidad femenina.<\/p>\n\n\n\n<div class=\"wp-block-image is-style-default\"><figure class=\"aligncenter size-large\"><img loading=\"lazy\" decoding=\"async\" width=\"282\" height=\"179\" src=\"http:\/\/infoecos.com.ar\/wp-content\/uploads\/2021\/10\/diadelcancerdemama.jpg\" alt=\"\" class=\"wp-image-88401\"\/><\/figure><\/div>\n\n\n\n<p class=\"wp-block-paragraph\">El c\u00e1ncer de mama se ubica como uno de los principales tipos de c\u00e1ncer en el n\u00famero de nuevos casos diagnosticados y solo es superado por el c\u00e1ncer de pulm\u00f3n como la causa m\u00e1s prevalente de muerte por c\u00e1ncer en las mujeres.<\/p>\n\n\n\n<p class=\"wp-block-paragraph\">De acuerdo a La Sociedad Americana de C\u00e1ncer, los siguientes s\u00edntomas son asociados con el c\u00e1ncer de mama.&nbsp;<\/p>\n\n\n\n<ul class=\"wp-block-list\"><li>Presencia de un bulto o aumento en la densidad o endurecimiento del seno<\/li><li>Inflamaci\u00f3n, hendiduras (como piel de naranja), enrojecimiento o dolor en la piel<\/li><li>Cambios en el contorno o en la apariencia del pez\u00f3n<\/li><li>Secreci\u00f3n a trav\u00e9s del pez\u00f3n<\/li><\/ul>\n\n\n\n<p class=\"wp-block-paragraph\">Si los s\u00edntomas persisten es necesario consultar con un m\u00e9dico especialista. Es importante mencionar que estos s\u00edntomas pueden ser causados por otros factores no necesariamente asociados con el c\u00e1ncer. La mayor\u00eda de casos de c\u00e1ncer de mama son detectados a trav\u00e9s de la mamograf\u00eda, antes de que alg\u00fan s\u00edntoma aparezca.<\/p>\n\n\n\n<p class=\"wp-block-paragraph\">Por lo tanto es necesario mantener una revisi\u00f3n constante.<\/p>\n\n\n\n<p class=\"wp-block-paragraph\">Las tres formas principales para detectar el c\u00e1ncer de mama son: auto examen, examen cl\u00ednico y mamograf\u00eda. Dado que ning\u00fan m\u00e9todo es 100% efectivo, se sugiere que los tres se usen regularmente.<\/p>\n\n\n\n<p class=\"wp-block-paragraph\"><\/p>\n","protected":false},"excerpt":{"rendered":"<p>El c\u00e1ncer de mama se ubica como uno de los principales tipos de c\u00e1ncer en el n\u00famero de nuevos casos diagnosticados y solo es superado por el c\u00e1ncer de pulm\u00f3n<\/p>\n","protected":false},"author":2,"featured_media":88401,"comment_status":"closed","ping_status":"open","sticky":false,"template":"","format":"standard","meta":{"footnotes":""},"categories":[50],"tags":[5054],"class_list":["post-88400","post","type-post","status-publish","format-standard","has-post-thumbnail","hentry","category-c1nota4","tag-iecos-efemerides"],"featured_image_urls":{"full":["https:\/\/infoecos.com.ar\/wp-content\/uploads\/2021\/10\/diadelcancerdemama.jpg",282,179,false],"thumbnail":["https:\/\/infoecos.com.ar\/wp-content\/uploads\/2021\/10\/diadelcancerdemama-150x150.jpg",150,150,true],"medium":["https:\/\/infoecos.com.ar\/wp-content\/uploads\/2021\/10\/diadelcancerdemama.jpg",282,179,false],"medium_large":["https:\/\/infoecos.com.ar\/wp-content\/uploads\/2021\/10\/diadelcancerdemama.jpg",282,179,false],"large":["https:\/\/infoecos.com.ar\/wp-content\/uploads\/2021\/10\/diadelcancerdemama.jpg",282,179,false],"1536x1536":["https:\/\/infoecos.com.ar\/wp-content\/uploads\/2021\/10\/diadelcancerdemama.jpg",282,179,false],"2048x2048":["https:\/\/infoecos.com.ar\/wp-content\/uploads\/2021\/10\/diadelcancerdemama.jpg",282,179,false],"covernews-slider-full":["https:\/\/infoecos.com.ar\/wp-content\/uploads\/2021\/10\/diadelcancerdemama.jpg",282,179,false],"covernews-slider-center":["https:\/\/infoecos.com.ar\/wp-content\/uploads\/2021\/10\/diadelcancerdemama.jpg",282,179,false],"covernews-featured":["https:\/\/infoecos.com.ar\/wp-content\/uploads\/2021\/10\/diadelcancerdemama.jpg",282,179,false],"covernews-medium":["https:\/\/infoecos.com.ar\/wp-content\/uploads\/2021\/10\/diadelcancerdemama.jpg",282,179,false],"covernews-medium-square":["https:\/\/infoecos.com.ar\/wp-content\/uploads\/2021\/10\/diadelcancerdemama.jpg",282,179,false]},"author_info":{"info":["Jorge Matheus"]},"category_info":"<a href=\"https:\/\/infoecos.com.ar\/index.php\/category\/c1nota4\/\" rel=\"category tag\">C1 N4<\/a>","tag_info":"C1 N4","comment_count":"0","_links":{"self":[{"href":"https:\/\/infoecos.com.ar\/index.php\/wp-json\/wp\/v2\/posts\/88400","targetHints":{"allow":["GET"]}}],"collection":[{"href":"https:\/\/infoecos.com.ar\/index.php\/wp-json\/wp\/v2\/posts"}],"about":[{"href":"https:\/\/infoecos.com.ar\/index.php\/wp-json\/wp\/v2\/types\/post"}],"author":[{"embeddable":true,"href":"https:\/\/infoecos.com.ar\/index.php\/wp-json\/wp\/v2\/users\/2"}],"replies":[{"embeddable":true,"href":"https:\/\/infoecos.com.ar\/index.php\/wp-json\/wp\/v2\/comments?post=88400"}],"version-history":[{"count":1,"href":"https:\/\/infoecos.com.ar\/index.php\/wp-json\/wp\/v2\/posts\/88400\/revisions"}],"predecessor-version":[{"id":88402,"href":"https:\/\/infoecos.com.ar\/index.php\/wp-json\/wp\/v2\/posts\/88400\/revisions\/88402"}],"wp:featuredmedia":[{"embeddable":true,"href":"https:\/\/infoecos.com.ar\/index.php\/wp-json\/wp\/v2\/media\/88401"}],"wp:attachment":[{"href":"https:\/\/infoecos.com.ar\/index.php\/wp-json\/wp\/v2\/media?parent=88400"}],"wp:term":[{"taxonomy":"category","embeddable":true,"href":"https:\/\/infoecos.com.ar\/index.php\/wp-json\/wp\/v2\/categories?post=88400"},{"taxonomy":"post_tag","embeddable":true,"href":"https:\/\/infoecos.com.ar\/index.php\/wp-json\/wp\/v2\/tags?post=88400"}],"curies":[{"name":"wp","href":"https:\/\/api.w.org\/{rel}","templated":true}]}}