{"id":88413,"date":"2021-10-19T12:57:24","date_gmt":"2021-10-19T15:57:24","guid":{"rendered":"http:\/\/infoecos.com.ar\/?p=88413"},"modified":"2021-10-20T04:39:35","modified_gmt":"2021-10-20T07:39:35","slug":"otro-dia-sin-casos-positivos-en-el-distrito-de-trenque-lauquen","status":"publish","type":"post","link":"https:\/\/infoecos.com.ar\/index.php\/otro-dia-sin-casos-positivos-en-el-distrito-de-trenque-lauquen\/","title":{"rendered":"Otro d\u00eda sin casos positivos en el distrito de Trenque Lauquen"},"content":{"rendered":"\n<p>Por cuarto d\u00eda consecutivo no hay nuevos casos positivos de Covid-19 quedando un solo caso activo en el distrito, inform\u00f3 este martes la subsecretar\u00eda de Salud municipal de Trenque Lauquen, que adem\u00e1s report\u00f3 102 casos descartados, 21 casos sospechosos y 22 personas en aislamiento.<\/p>\n\n\n\n<p>El caso activo se encuentra en su domicilio y corresponde a 30 de Agosto, en donde tambi\u00e9n est\u00e1n las 22 personas en aislamiento, mientras que de los 19 casos sospechosos, 12 son de Trenque Lauquen y siete 7 de Treinta de Agosto.<\/p>\n\n\n\n<div class=\"wp-block-image is-style-default\"><figure class=\"aligncenter size-medium\"><img loading=\"lazy\" decoding=\"async\" width=\"460\" height=\"434\" src=\"http:\/\/infoecos.com.ar\/wp-content\/uploads\/2021\/10\/reportemartes-460x434.jpg\" alt=\"\" class=\"wp-image-88414\" srcset=\"https:\/\/infoecos.com.ar\/wp-content\/uploads\/2021\/10\/reportemartes-460x434.jpg 460w, https:\/\/infoecos.com.ar\/wp-content\/uploads\/2021\/10\/reportemartes-768x725.jpg 768w, https:\/\/infoecos.com.ar\/wp-content\/uploads\/2021\/10\/reportemartes.jpg 800w\" sizes=\"(max-width: 460px) 100vw, 460px\" \/><\/figure><\/div>\n\n\n\n<p>El n\u00famero de personas recuperadas entre marzo de 2020 y la fecha se mantiene en 10.278, en tanto que el de casos descartados ascendi\u00f3 a 23.026, incluidos los \u00faltimos 102: 94 de la ciudad cabecera, uno de 30 de Agosto, cinco de Beruti y dos  de Girod\u00edas.<\/p>\n\n\n\n<p>Aunque en los \u00faltimos 14 d\u00edas se haya registrado un \u00fanico caso positivo y el n\u00famero de casos activos se redujo a la m\u00ednima expresi\u00f3n, desde la cartera sanitaria municipal se recomienda no relajarse en los cuidados preventivos b\u00e1sicos para poder mantener \u2013y mejorar a\u00fan m\u00e1s- la situaci\u00f3n epidemiol\u00f3gica del distrito que permite disfrutar de flexibilidades y posibilidades de desarrollar actividades hasta hace poco vedadas.<\/p>\n","protected":false},"excerpt":{"rendered":"<p>El caso activo se encuentra en su domicilio y corresponde a 30 de Agosto, en donde tambi\u00e9n est\u00e1n las 22 personas en aislamiento, mientras que de los 19 casos sospechosos, 12 son de Trenque Lauquen y siete 7 de Treinta de Agosto<\/p>\n","protected":false},"author":2,"featured_media":48389,"comment_status":"closed","ping_status":"open","sticky":false,"template":"","format":"standard","meta":{"footnotes":""},"categories":[1614],"tags":[2112],"class_list":["post-88413","post","type-post","status-publish","format-standard","has-post-thumbnail","hentry","category-c2nota7","tag-buenas-noticias"],"yoast_head":"<!-- This site is optimized with the Yoast SEO plugin v23.4 - https:\/\/yoast.com\/wordpress\/plugins\/seo\/ -->\n<title>Otro d\u00eda sin casos positivos en el distrito de Trenque Lauquen - Infoecos<\/title>\n<meta name=\"robots\" content=\"index, follow, max-snippet:-1, max-image-preview:large, max-video-preview:-1\" \/>\n<link rel=\"canonical\" href=\"https:\/\/infoecos.com.ar\/index.php\/otro-dia-sin-casos-positivos-en-el-distrito-de-trenque-lauquen\/\" \/>\n<meta property=\"og:locale\" content=\"es_ES\" \/>\n<meta property=\"og:type\" content=\"article\" \/>\n<meta property=\"og:title\" content=\"Otro d\u00eda sin casos positivos en el distrito de Trenque Lauquen - Infoecos\" \/>\n<meta property=\"og:description\" content=\"El caso activo se encuentra en su domicilio y corresponde a 30 de Agosto, en donde tambi\u00e9n est\u00e1n las 22 personas en aislamiento, mientras que de los 19 casos sospechosos, 12 son de Trenque Lauquen y siete 7 de Treinta de Agosto\" \/>\n<meta property=\"og:url\" content=\"https:\/\/infoecos.com.ar\/index.php\/otro-dia-sin-casos-positivos-en-el-distrito-de-trenque-lauquen\/\" \/>\n<meta property=\"og:site_name\" content=\"Infoecos\" \/>\n<meta property=\"article:publisher\" content=\"https:\/\/www.facebook.com\/profile.php?id=100063200290284\" \/>\n<meta property=\"article:published_time\" content=\"2021-10-19T15:57:24+00:00\" \/>\n<meta property=\"article:modified_time\" content=\"2021-10-20T07:39:35+00:00\" \/>\n<meta property=\"og:image\" content=\"https:\/\/infoecos.com.ar\/wp-content\/uploads\/Acceso-23062017-1.jpg\" \/>\n\t<meta property=\"og:image:width\" content=\"1024\" \/>\n\t<meta property=\"og:image:height\" content=\"683\" \/>\n\t<meta property=\"og:image:type\" content=\"image\/jpeg\" \/>\n<meta name=\"author\" content=\"Jorge Matheus\" \/>\n<meta name=\"twitter:card\" content=\"summary_large_image\" \/>\n<meta name=\"twitter:creator\" content=\"@infoecos\" \/>\n<meta name=\"twitter:site\" content=\"@infoecos\" \/>\n<meta name=\"twitter:label1\" content=\"Escrito por\" \/>\n\t<meta name=\"twitter:data1\" content=\"Jorge Matheus\" \/>\n\t<meta name=\"twitter:label2\" content=\"Tiempo de lectura\" \/>\n\t<meta name=\"twitter:data2\" content=\"1 minuto\" \/>\n<script type=\"application\/ld+json\" class=\"yoast-schema-graph\">{\"@context\":\"https:\/\/schema.org\",\"@graph\":[{\"@type\":\"Article\",\"@id\":\"https:\/\/infoecos.com.ar\/index.php\/otro-dia-sin-casos-positivos-en-el-distrito-de-trenque-lauquen\/#article\",\"isPartOf\":{\"@id\":\"https:\/\/infoecos.com.ar\/index.php\/otro-dia-sin-casos-positivos-en-el-distrito-de-trenque-lauquen\/\"},\"author\":{\"name\":\"Jorge Matheus\",\"@id\":\"https:\/\/infoecos.com.ar\/#\/schema\/person\/8f5ace5ce73b4b4aac4b7245aee6f191\"},\"headline\":\"Otro d\u00eda sin casos positivos en el distrito de Trenque Lauquen\",\"datePublished\":\"2021-10-19T15:57:24+00:00\",\"dateModified\":\"2021-10-20T07:39:35+00:00\",\"mainEntityOfPage\":{\"@id\":\"https:\/\/infoecos.com.ar\/index.php\/otro-dia-sin-casos-positivos-en-el-distrito-de-trenque-lauquen\/\"},\"wordCount\":211,\"publisher\":{\"@id\":\"https:\/\/infoecos.com.ar\/#organization\"},\"image\":{\"@id\":\"https:\/\/infoecos.com.ar\/index.php\/otro-dia-sin-casos-positivos-en-el-distrito-de-trenque-lauquen\/#primaryimage\"},\"thumbnailUrl\":\"\",\"keywords\":[\"BUENAS NOTICIAS\"],\"articleSection\":[\"C2 N7\"],\"inLanguage\":\"es\"},{\"@type\":\"WebPage\",\"@id\":\"https:\/\/infoecos.com.ar\/index.php\/otro-dia-sin-casos-positivos-en-el-distrito-de-trenque-lauquen\/\",\"url\":\"https:\/\/infoecos.com.ar\/index.php\/otro-dia-sin-casos-positivos-en-el-distrito-de-trenque-lauquen\/\",\"name\":\"Otro d\u00eda sin casos positivos en el distrito de Trenque Lauquen - Infoecos\",\"isPartOf\":{\"@id\":\"https:\/\/infoecos.com.ar\/#website\"},\"primaryImageOfPage\":{\"@id\":\"https:\/\/infoecos.com.ar\/index.php\/otro-dia-sin-casos-positivos-en-el-distrito-de-trenque-lauquen\/#primaryimage\"},\"image\":{\"@id\":\"https:\/\/infoecos.com.ar\/index.php\/otro-dia-sin-casos-positivos-en-el-distrito-de-trenque-lauquen\/#primaryimage\"},\"thumbnailUrl\":\"\",\"datePublished\":\"2021-10-19T15:57:24+00:00\",\"dateModified\":\"2021-10-20T07:39:35+00:00\",\"breadcrumb\":{\"@id\":\"https:\/\/infoecos.com.ar\/index.php\/otro-dia-sin-casos-positivos-en-el-distrito-de-trenque-lauquen\/#breadcrumb\"},\"inLanguage\":\"es\",\"potentialAction\":[{\"@type\":\"ReadAction\",\"target\":[\"https:\/\/infoecos.com.ar\/index.php\/otro-dia-sin-casos-positivos-en-el-distrito-de-trenque-lauquen\/\"]}]},{\"@type\":\"ImageObject\",\"inLanguage\":\"es\",\"@id\":\"https:\/\/infoecos.com.ar\/index.php\/otro-dia-sin-casos-positivos-en-el-distrito-de-trenque-lauquen\/#primaryimage\",\"url\":\"\",\"contentUrl\":\"\"},{\"@type\":\"BreadcrumbList\",\"@id\":\"https:\/\/infoecos.com.ar\/index.php\/otro-dia-sin-casos-positivos-en-el-distrito-de-trenque-lauquen\/#breadcrumb\",\"itemListElement\":[{\"@type\":\"ListItem\",\"position\":1,\"name\":\"Portada\",\"item\":\"https:\/\/infoecos.com.ar\/\"},{\"@type\":\"ListItem\",\"position\":2,\"name\":\"Otro d\u00eda sin casos positivos en el distrito de Trenque Lauquen\"}]},{\"@type\":\"WebSite\",\"@id\":\"https:\/\/infoecos.com.ar\/#website\",\"url\":\"https:\/\/infoecos.com.ar\/\",\"name\":\"Infoecos\",\"description\":\"Noticias de trenque lauquen y la zona\",\"publisher\":{\"@id\":\"https:\/\/infoecos.com.ar\/#organization\"},\"alternateName\":\"Noticias\",\"potentialAction\":[{\"@type\":\"SearchAction\",\"target\":{\"@type\":\"EntryPoint\",\"urlTemplate\":\"https:\/\/infoecos.com.ar\/?s={search_term_string}\"},\"query-input\":{\"@type\":\"PropertyValueSpecification\",\"valueRequired\":true,\"valueName\":\"search_term_string\"}}],\"inLanguage\":\"es\"},{\"@type\":\"Organization\",\"@id\":\"https:\/\/infoecos.com.ar\/#organization\",\"name\":\"Infoecos\",\"alternateName\":\"Noticias\",\"url\":\"https:\/\/infoecos.com.ar\/\",\"logo\":{\"@type\":\"ImageObject\",\"inLanguage\":\"es\",\"@id\":\"https:\/\/infoecos.com.ar\/#\/schema\/logo\/image\/\",\"url\":\"https:\/\/infoecos.com.ar\/wp-content\/uploads\/2024\/03\/cropped-logo.png\",\"contentUrl\":\"https:\/\/infoecos.com.ar\/wp-content\/uploads\/2024\/03\/cropped-logo.png\",\"width\":374,\"height\":90,\"caption\":\"Infoecos\"},\"image\":{\"@id\":\"https:\/\/infoecos.com.ar\/#\/schema\/logo\/image\/\"},\"sameAs\":[\"https:\/\/www.facebook.com\/profile.php?id=100063200290284\",\"https:\/\/x.com\/infoecos\"]},{\"@type\":\"Person\",\"@id\":\"https:\/\/infoecos.com.ar\/#\/schema\/person\/8f5ace5ce73b4b4aac4b7245aee6f191\",\"name\":\"Jorge Matheus\",\"url\":\"https:\/\/infoecos.com.ar\/index.php\/author\/jomatheus\/\"}]}<\/script>\n<!-- \/ Yoast SEO plugin. -->","yoast_head_json":{"title":"Otro d\u00eda sin casos positivos en el distrito de Trenque Lauquen - Infoecos","robots":{"index":"index","follow":"follow","max-snippet":"max-snippet:-1","max-image-preview":"max-image-preview:large","max-video-preview":"max-video-preview:-1"},"canonical":"https:\/\/infoecos.com.ar\/index.php\/otro-dia-sin-casos-positivos-en-el-distrito-de-trenque-lauquen\/","og_locale":"es_ES","og_type":"article","og_title":"Otro d\u00eda sin casos positivos en el distrito de Trenque Lauquen - Infoecos","og_description":"El caso activo se encuentra en su domicilio y corresponde a 30 de Agosto, en donde tambi\u00e9n est\u00e1n las 22 personas en aislamiento, mientras que de los 19 casos sospechosos, 12 son de Trenque Lauquen y siete 7 de Treinta de Agosto","og_url":"https:\/\/infoecos.com.ar\/index.php\/otro-dia-sin-casos-positivos-en-el-distrito-de-trenque-lauquen\/","og_site_name":"Infoecos","article_publisher":"https:\/\/www.facebook.com\/profile.php?id=100063200290284","article_published_time":"2021-10-19T15:57:24+00:00","article_modified_time":"2021-10-20T07:39:35+00:00","og_image":[{"width":1024,"height":683,"url":"https:\/\/infoecos.com.ar\/wp-content\/uploads\/Acceso-23062017-1.jpg","type":"image\/jpeg"}],"author":"Jorge Matheus","twitter_card":"summary_large_image","twitter_creator":"@infoecos","twitter_site":"@infoecos","twitter_misc":{"Escrito por":"Jorge Matheus","Tiempo de lectura":"1 minuto"},"schema":{"@context":"https:\/\/schema.org","@graph":[{"@type":"Article","@id":"https:\/\/infoecos.com.ar\/index.php\/otro-dia-sin-casos-positivos-en-el-distrito-de-trenque-lauquen\/#article","isPartOf":{"@id":"https:\/\/infoecos.com.ar\/index.php\/otro-dia-sin-casos-positivos-en-el-distrito-de-trenque-lauquen\/"},"author":{"name":"Jorge Matheus","@id":"https:\/\/infoecos.com.ar\/#\/schema\/person\/8f5ace5ce73b4b4aac4b7245aee6f191"},"headline":"Otro d\u00eda sin casos positivos en el distrito de Trenque Lauquen","datePublished":"2021-10-19T15:57:24+00:00","dateModified":"2021-10-20T07:39:35+00:00","mainEntityOfPage":{"@id":"https:\/\/infoecos.com.ar\/index.php\/otro-dia-sin-casos-positivos-en-el-distrito-de-trenque-lauquen\/"},"wordCount":211,"publisher":{"@id":"https:\/\/infoecos.com.ar\/#organization"},"image":{"@id":"https:\/\/infoecos.com.ar\/index.php\/otro-dia-sin-casos-positivos-en-el-distrito-de-trenque-lauquen\/#primaryimage"},"thumbnailUrl":"","keywords":["BUENAS NOTICIAS"],"articleSection":["C2 N7"],"inLanguage":"es"},{"@type":"WebPage","@id":"https:\/\/infoecos.com.ar\/index.php\/otro-dia-sin-casos-positivos-en-el-distrito-de-trenque-lauquen\/","url":"https:\/\/infoecos.com.ar\/index.php\/otro-dia-sin-casos-positivos-en-el-distrito-de-trenque-lauquen\/","name":"Otro d\u00eda sin casos positivos en el distrito de Trenque Lauquen - Infoecos","isPartOf":{"@id":"https:\/\/infoecos.com.ar\/#website"},"primaryImageOfPage":{"@id":"https:\/\/infoecos.com.ar\/index.php\/otro-dia-sin-casos-positivos-en-el-distrito-de-trenque-lauquen\/#primaryimage"},"image":{"@id":"https:\/\/infoecos.com.ar\/index.php\/otro-dia-sin-casos-positivos-en-el-distrito-de-trenque-lauquen\/#primaryimage"},"thumbnailUrl":"","datePublished":"2021-10-19T15:57:24+00:00","dateModified":"2021-10-20T07:39:35+00:00","breadcrumb":{"@id":"https:\/\/infoecos.com.ar\/index.php\/otro-dia-sin-casos-positivos-en-el-distrito-de-trenque-lauquen\/#breadcrumb"},"inLanguage":"es","potentialAction":[{"@type":"ReadAction","target":["https:\/\/infoecos.com.ar\/index.php\/otro-dia-sin-casos-positivos-en-el-distrito-de-trenque-lauquen\/"]}]},{"@type":"ImageObject","inLanguage":"es","@id":"https:\/\/infoecos.com.ar\/index.php\/otro-dia-sin-casos-positivos-en-el-distrito-de-trenque-lauquen\/#primaryimage","url":"","contentUrl":""},{"@type":"BreadcrumbList","@id":"https:\/\/infoecos.com.ar\/index.php\/otro-dia-sin-casos-positivos-en-el-distrito-de-trenque-lauquen\/#breadcrumb","itemListElement":[{"@type":"ListItem","position":1,"name":"Portada","item":"https:\/\/infoecos.com.ar\/"},{"@type":"ListItem","position":2,"name":"Otro d\u00eda sin casos positivos en el distrito de Trenque Lauquen"}]},{"@type":"WebSite","@id":"https:\/\/infoecos.com.ar\/#website","url":"https:\/\/infoecos.com.ar\/","name":"Infoecos","description":"Noticias de trenque lauquen y la zona","publisher":{"@id":"https:\/\/infoecos.com.ar\/#organization"},"alternateName":"Noticias","potentialAction":[{"@type":"SearchAction","target":{"@type":"EntryPoint","urlTemplate":"https:\/\/infoecos.com.ar\/?s={search_term_string}"},"query-input":{"@type":"PropertyValueSpecification","valueRequired":true,"valueName":"search_term_string"}}],"inLanguage":"es"},{"@type":"Organization","@id":"https:\/\/infoecos.com.ar\/#organization","name":"Infoecos","alternateName":"Noticias","url":"https:\/\/infoecos.com.ar\/","logo":{"@type":"ImageObject","inLanguage":"es","@id":"https:\/\/infoecos.com.ar\/#\/schema\/logo\/image\/","url":"https:\/\/infoecos.com.ar\/wp-content\/uploads\/2024\/03\/cropped-logo.png","contentUrl":"https:\/\/infoecos.com.ar\/wp-content\/uploads\/2024\/03\/cropped-logo.png","width":374,"height":90,"caption":"Infoecos"},"image":{"@id":"https:\/\/infoecos.com.ar\/#\/schema\/logo\/image\/"},"sameAs":["https:\/\/www.facebook.com\/profile.php?id=100063200290284","https:\/\/x.com\/infoecos"]},{"@type":"Person","@id":"https:\/\/infoecos.com.ar\/#\/schema\/person\/8f5ace5ce73b4b4aac4b7245aee6f191","name":"Jorge Matheus","url":"https:\/\/infoecos.com.ar\/index.php\/author\/jomatheus\/"}]}},"featured_image_urls":{"full":"","thumbnail":"","medium":"","medium_large":"","large":"","1536x1536":"","2048x2048":"","covernews-slider-full":"","covernews-slider-center":"","covernews-featured":"","covernews-medium":"","covernews-medium-square":""},"author_info":{"info":["Jorge Matheus"]},"category_info":"<a href=\"https:\/\/infoecos.com.ar\/index.php\/category\/c2nota7\/\" rel=\"category tag\">C2 N7<\/a>","tag_info":"C2 N7","comment_count":"0","_links":{"self":[{"href":"https:\/\/infoecos.com.ar\/index.php\/wp-json\/wp\/v2\/posts\/88413"}],"collection":[{"href":"https:\/\/infoecos.com.ar\/index.php\/wp-json\/wp\/v2\/posts"}],"about":[{"href":"https:\/\/infoecos.com.ar\/index.php\/wp-json\/wp\/v2\/types\/post"}],"author":[{"embeddable":true,"href":"https:\/\/infoecos.com.ar\/index.php\/wp-json\/wp\/v2\/users\/2"}],"replies":[{"embeddable":true,"href":"https:\/\/infoecos.com.ar\/index.php\/wp-json\/wp\/v2\/comments?post=88413"}],"version-history":[{"count":1,"href":"https:\/\/infoecos.com.ar\/index.php\/wp-json\/wp\/v2\/posts\/88413\/revisions"}],"predecessor-version":[{"id":88415,"href":"https:\/\/infoecos.com.ar\/index.php\/wp-json\/wp\/v2\/posts\/88413\/revisions\/88415"}],"wp:featuredmedia":[{"embeddable":true,"href":"https:\/\/infoecos.com.ar\/index.php\/wp-json\/"}],"wp:attachment":[{"href":"https:\/\/infoecos.com.ar\/index.php\/wp-json\/wp\/v2\/media?parent=88413"}],"wp:term":[{"taxonomy":"category","embeddable":true,"href":"https:\/\/infoecos.com.ar\/index.php\/wp-json\/wp\/v2\/categories?post=88413"},{"taxonomy":"post_tag","embeddable":true,"href":"https:\/\/infoecos.com.ar\/index.php\/wp-json\/wp\/v2\/tags?post=88413"}],"curies":[{"name":"wp","href":"https:\/\/api.w.org\/{rel}","templated":true}]}}