{"id":88418,"date":"2021-10-19T13:20:29","date_gmt":"2021-10-19T16:20:29","guid":{"rendered":"http:\/\/infoecos.com.ar\/?p=88418"},"modified":"2021-10-20T05:27:05","modified_gmt":"2021-10-20T08:27:05","slug":"en-abril-de-2022-se-reiniciara-la-obra-del-jardin-de-infantes-913-de-pehuajo","status":"publish","type":"post","link":"https:\/\/infoecos.com.ar\/index.php\/en-abril-de-2022-se-reiniciara-la-obra-del-jardin-de-infantes-913-de-pehuajo\/","title":{"rendered":"En Abril de 2022 se reiniciar\u00e1 la obra del Jard\u00edn de Infantes 913 de Pehuaj\u00f3"},"content":{"rendered":"\n<p class=\"wp-block-paragraph\">El ministro de Educaci\u00f3n de la Naci\u00f3n, Jaime Perczyk, recibi\u00f3 al intendente del distrito de Pehuaj\u00f3, Pablo Zurro, para concretar la firma del acta de compromiso para reiniciar, en abril de 2022, la obra del Jard\u00edn de Infantes N\u00b0 913. <\/p>\n\n\n\n<div class=\"wp-block-image is-style-default\"><figure class=\"aligncenter size-medium\"><img loading=\"lazy\" decoding=\"async\" width=\"460\" height=\"307\" src=\"http:\/\/infoecos.com.ar\/wp-content\/uploads\/2021\/10\/WhatsApp-Image-2021-10-18-at-17.19.12-460x307.jpeg\" alt=\"\" class=\"wp-image-88419\" srcset=\"https:\/\/infoecos.com.ar\/wp-content\/uploads\/2021\/10\/WhatsApp-Image-2021-10-18-at-17.19.12-460x307.jpeg 460w, https:\/\/infoecos.com.ar\/wp-content\/uploads\/2021\/10\/WhatsApp-Image-2021-10-18-at-17.19.12-920x613.jpeg 920w, https:\/\/infoecos.com.ar\/wp-content\/uploads\/2021\/10\/WhatsApp-Image-2021-10-18-at-17.19.12-768x512.jpeg 768w, https:\/\/infoecos.com.ar\/wp-content\/uploads\/2021\/10\/WhatsApp-Image-2021-10-18-at-17.19.12-1024x682.jpeg 1024w, https:\/\/infoecos.com.ar\/wp-content\/uploads\/2021\/10\/WhatsApp-Image-2021-10-18-at-17.19.12-675x450.jpeg 675w, https:\/\/infoecos.com.ar\/wp-content\/uploads\/2021\/10\/WhatsApp-Image-2021-10-18-at-17.19.12.jpeg 1280w\" sizes=\"auto, (max-width: 460px) 100vw, 460px\" \/><\/figure><\/div>\n\n\n\n<p class=\"wp-block-paragraph\">Durante la reuni\u00f3n, que tuvo lugar en el Palacio Sarmiento, tambi\u00e9n se acord\u00f3 distribuir computadoras y subsidios para las cooperadoras de 18 establecimientos educativos del partido.<\/p>\n","protected":false},"excerpt":{"rendered":"<p>El ministro de Educaci\u00f3n de la Naci\u00f3n, Jaime Perczyk, recibi\u00f3 al intendente del distrito de Pehuaj\u00f3, Pablo Zurro<\/p>\n","protected":false},"author":2,"featured_media":88419,"comment_status":"closed","ping_status":"open","sticky":false,"template":"","format":"standard","meta":{"footnotes":""},"categories":[1323],"tags":[],"class_list":["post-88418","post","type-post","status-publish","format-standard","has-post-thumbnail","hentry","category-c2nota5"],"featured_image_urls":{"full":["https:\/\/infoecos.com.ar\/wp-content\/uploads\/2021\/10\/WhatsApp-Image-2021-10-18-at-17.19.12.jpeg",1280,853,false],"thumbnail":["https:\/\/infoecos.com.ar\/wp-content\/uploads\/2021\/10\/WhatsApp-Image-2021-10-18-at-17.19.12-150x150.jpeg",150,150,true],"medium":["https:\/\/infoecos.com.ar\/wp-content\/uploads\/2021\/10\/WhatsApp-Image-2021-10-18-at-17.19.12-460x307.jpeg",460,307,true],"medium_large":["https:\/\/infoecos.com.ar\/wp-content\/uploads\/2021\/10\/WhatsApp-Image-2021-10-18-at-17.19.12-768x512.jpeg",640,427,true],"large":["https:\/\/infoecos.com.ar\/wp-content\/uploads\/2021\/10\/WhatsApp-Image-2021-10-18-at-17.19.12-920x613.jpeg",640,426,true],"1536x1536":["https:\/\/infoecos.com.ar\/wp-content\/uploads\/2021\/10\/WhatsApp-Image-2021-10-18-at-17.19.12.jpeg",1280,853,false],"2048x2048":["https:\/\/infoecos.com.ar\/wp-content\/uploads\/2021\/10\/WhatsApp-Image-2021-10-18-at-17.19.12.jpeg",1280,853,false],"covernews-slider-full":["https:\/\/infoecos.com.ar\/wp-content\/uploads\/2021\/10\/WhatsApp-Image-2021-10-18-at-17.19.12.jpeg",1073,715,false],"covernews-slider-center":["https:\/\/infoecos.com.ar\/wp-content\/uploads\/2021\/10\/WhatsApp-Image-2021-10-18-at-17.19.12-936x853.jpeg",549,500,true],"covernews-featured":["https:\/\/infoecos.com.ar\/wp-content\/uploads\/2021\/10\/WhatsApp-Image-2021-10-18-at-17.19.12-1024x682.jpeg",1024,682,true],"covernews-medium":["https:\/\/infoecos.com.ar\/wp-content\/uploads\/2021\/10\/WhatsApp-Image-2021-10-18-at-17.19.12-720x380.jpeg",540,285,true],"covernews-medium-square":["https:\/\/infoecos.com.ar\/wp-content\/uploads\/2021\/10\/WhatsApp-Image-2021-10-18-at-17.19.12-675x450.jpeg",375,250,true]},"author_info":{"info":["Jorge Matheus"]},"category_info":"<a href=\"https:\/\/infoecos.com.ar\/index.php\/category\/c2nota5\/\" rel=\"category tag\">C2 N5<\/a>","tag_info":"C2 N5","comment_count":"0","_links":{"self":[{"href":"https:\/\/infoecos.com.ar\/index.php\/wp-json\/wp\/v2\/posts\/88418","targetHints":{"allow":["GET"]}}],"collection":[{"href":"https:\/\/infoecos.com.ar\/index.php\/wp-json\/wp\/v2\/posts"}],"about":[{"href":"https:\/\/infoecos.com.ar\/index.php\/wp-json\/wp\/v2\/types\/post"}],"author":[{"embeddable":true,"href":"https:\/\/infoecos.com.ar\/index.php\/wp-json\/wp\/v2\/users\/2"}],"replies":[{"embeddable":true,"href":"https:\/\/infoecos.com.ar\/index.php\/wp-json\/wp\/v2\/comments?post=88418"}],"version-history":[{"count":1,"href":"https:\/\/infoecos.com.ar\/index.php\/wp-json\/wp\/v2\/posts\/88418\/revisions"}],"predecessor-version":[{"id":88420,"href":"https:\/\/infoecos.com.ar\/index.php\/wp-json\/wp\/v2\/posts\/88418\/revisions\/88420"}],"wp:featuredmedia":[{"embeddable":true,"href":"https:\/\/infoecos.com.ar\/index.php\/wp-json\/wp\/v2\/media\/88419"}],"wp:attachment":[{"href":"https:\/\/infoecos.com.ar\/index.php\/wp-json\/wp\/v2\/media?parent=88418"}],"wp:term":[{"taxonomy":"category","embeddable":true,"href":"https:\/\/infoecos.com.ar\/index.php\/wp-json\/wp\/v2\/categories?post=88418"},{"taxonomy":"post_tag","embeddable":true,"href":"https:\/\/infoecos.com.ar\/index.php\/wp-json\/wp\/v2\/tags?post=88418"}],"curies":[{"name":"wp","href":"https:\/\/api.w.org\/{rel}","templated":true}]}}