{"id":88444,"date":"2021-10-19T15:26:39","date_gmt":"2021-10-19T18:26:39","guid":{"rendered":"http:\/\/infoecos.com.ar\/?p=88444"},"modified":"2021-10-20T07:13:09","modified_gmt":"2021-10-20T10:13:09","slug":"jorge-fernandez-se-muestra-activo-reuniendose-con-todos-los-funcionarios-de-los-gobiernos-nacional-y-provincial","status":"publish","type":"post","link":"https:\/\/infoecos.com.ar\/index.php\/jorge-fernandez-se-muestra-activo-reuniendose-con-todos-los-funcionarios-de-los-gobiernos-nacional-y-provincial\/","title":{"rendered":"Jorge Fern\u00e1ndez se muestra activo re\u00fani\u00e9ndose con todos los funcionarios de los gobiernos nacional y provincial"},"content":{"rendered":"\n<p class=\"wp-block-paragraph\">El candidato a concejal del Frente de Todos, Jorge Fern\u00e1ndez, se mueve al nivel de un intendente en los \u00faltimos d\u00edas. El dirigente que se present\u00f3 en las PASO y logr\u00f3 una buena respuesta de la comunidad del distrito de Lincoln, est\u00e1 viajando semanalmente a la Ciudad Aut\u00f3noma de Buenos Aires. Se ha reunido con la mayor\u00eda de los ministros del gabinete nacional, entre ellos Juli\u00e1n Dom\u00ednguez, An\u00edbal Fern\u00e1ndez y Gabriel Katodopodis. Con los mismos ha conversado sobre distintas realizaciones importantes para el distrito que gobern\u00f3 durante muchos a\u00f1os.<\/p>\n\n\n\n<div class=\"wp-block-image is-style-default\"><figure class=\"aligncenter size-medium\"><img loading=\"lazy\" decoding=\"async\" width=\"345\" height=\"460\" src=\"http:\/\/infoecos.com.ar\/wp-content\/uploads\/2021\/10\/JAF-con-Collia-345x460.jpeg\" alt=\"\" class=\"wp-image-88445\" srcset=\"https:\/\/infoecos.com.ar\/wp-content\/uploads\/2021\/10\/JAF-con-Collia-345x460.jpeg 345w, https:\/\/infoecos.com.ar\/wp-content\/uploads\/2021\/10\/JAF-con-Collia-690x920.jpeg 690w, https:\/\/infoecos.com.ar\/wp-content\/uploads\/2021\/10\/JAF-con-Collia.jpeg 768w\" sizes=\"auto, (max-width: 345px) 100vw, 345px\" \/><\/figure><\/div>\n\n\n\n<p class=\"wp-block-paragraph\">En estos \u00faltimas horas se reuni\u00f3 con Alejandro Collia, subsecretario del ministerio de Salud de la Naci\u00f3n.<\/p>\n\n\n\n<p class=\"wp-block-paragraph\">Fern\u00e1ndez indic\u00f3 en su cuenta de la red Facebook que El candidato a concejal por el Frente de Todos Lincoln, Jorge Fern\u00e1ndez, mantuvo una reuni\u00f3n con Alejandro Federico Collia, Subsecretario del Ministerio de Salud de la Naci\u00f3n.<\/p>\n\n\n\n<p class=\"wp-block-paragraph\">\u00abDialogamos sobre la situaci\u00f3n actual del Hospital y de cada una de las Unidades Sanitarias de todo el partido de Lincoln. Evaluamos la positividad del programa VACUNATE que en Lincoln lleva el 90 por ciento de las personas registradas y del programa RemediAR tan beneficioso para nuestro pueblo\u201d, inform\u00f3 el ex mandatario comunal.<\/p>\n\n\n\n<p class=\"wp-block-paragraph\">En este a\u00f1o candidato a concejal en primer t\u00e9rmino por el Frente de Todos, Fern\u00e1ndez coment\u00f3 que convers\u00f3 con Collia sobre la manera m\u00e1s correcta en la implementaci\u00f3n de cada uno de los programas del Ministerio de Salud, no s\u00f3lo en el nosocomio de la ciudad cabecera, sino en cada una de las salas perif\u00e9ricas barriales, los Centros Integradores Comunitarios y en las Unidades Sanitarias de los pueblos\u201d. \u201cPriorizamos la necesidad de abrir dentro de los municipios Departamentos de Atenci\u00f3n Primaria de la Salud Mental\u201d, apunt\u00f3. <\/p>\n\n\n\n<p class=\"wp-block-paragraph\">Luego recordaron cuando Fern\u00e1ndez era jefe Comunal y Collia (que en ese momento era ministro de Salud) lleg\u00f3 al Distrito para inaugurar la Planta de Ox\u00edgeno Industrial. \u201cEn esa oportunidad nos hizo la sugerencia de construir una estructura f\u00edsica para el \u00e1rea de Psiquiatr\u00eda en el Hospital, obra que estaba construida hasta los dinteles y el gobierno actual del Intendente Serenal lo demoli\u00f3\u201d, subray\u00f3.<\/p>\n\n\n\n<p class=\"wp-block-paragraph\">\u201cTambi\u00e9n le record\u00e9 que ese mismo d\u00eda nos sugiri\u00f3 la instalaci\u00f3n de un Tom\u00f3grafo y un Resonador Magn\u00e9tico obra que, por suerte, pudimos dejar realizada\u201d, finaliz\u00f3 el candidato a concejal del Frente de Todos Lincoln.<\/p>\n","protected":false},"excerpt":{"rendered":"<p>En estos \u00faltimas horas se reuni\u00f3 con Alejandro Collia, subsecretario del ministerio de Salud de la Naci\u00f3n<\/p>\n","protected":false},"author":2,"featured_media":88445,"comment_status":"closed","ping_status":"open","sticky":false,"template":"","format":"standard","meta":{"footnotes":""},"categories":[44],"tags":[5486],"class_list":["post-88444","post","type-post","status-publish","format-standard","has-post-thumbnail","hentry","category-inferior5","tag-encabeza-la-lista-del-fdt-en-lincoln"],"featured_image_urls":{"full":["https:\/\/infoecos.com.ar\/wp-content\/uploads\/2021\/10\/JAF-con-Collia.jpeg",768,1024,false],"thumbnail":["https:\/\/infoecos.com.ar\/wp-content\/uploads\/2021\/10\/JAF-con-Collia-150x150.jpeg",150,150,true],"medium":["https:\/\/infoecos.com.ar\/wp-content\/uploads\/2021\/10\/JAF-con-Collia-345x460.jpeg",345,460,true],"medium_large":["https:\/\/infoecos.com.ar\/wp-content\/uploads\/2021\/10\/JAF-con-Collia.jpeg",640,853,false],"large":["https:\/\/infoecos.com.ar\/wp-content\/uploads\/2021\/10\/JAF-con-Collia-690x920.jpeg",640,853,true],"1536x1536":["https:\/\/infoecos.com.ar\/wp-content\/uploads\/2021\/10\/JAF-con-Collia.jpeg",768,1024,false],"2048x2048":["https:\/\/infoecos.com.ar\/wp-content\/uploads\/2021\/10\/JAF-con-Collia.jpeg",768,1024,false],"covernews-slider-full":["https:\/\/infoecos.com.ar\/wp-content\/uploads\/2021\/10\/JAF-con-Collia-768x1020.jpeg",538,715,true],"covernews-slider-center":["https:\/\/infoecos.com.ar\/wp-content\/uploads\/2021\/10\/JAF-con-Collia-768x897.jpeg",428,500,true],"covernews-featured":["https:\/\/infoecos.com.ar\/wp-content\/uploads\/2021\/10\/JAF-con-Collia.jpeg",768,1024,false],"covernews-medium":["https:\/\/infoecos.com.ar\/wp-content\/uploads\/2021\/10\/JAF-con-Collia-720x380.jpeg",540,285,true],"covernews-medium-square":["https:\/\/infoecos.com.ar\/wp-content\/uploads\/2021\/10\/JAF-con-Collia-675x450.jpeg",375,250,true]},"author_info":{"info":["Jorge Matheus"]},"category_info":"<a href=\"https:\/\/infoecos.com.ar\/index.php\/category\/inferior5\/\" rel=\"category tag\">Bloque inferior - 5<\/a>","tag_info":"Bloque inferior - 5","comment_count":"0","_links":{"self":[{"href":"https:\/\/infoecos.com.ar\/index.php\/wp-json\/wp\/v2\/posts\/88444","targetHints":{"allow":["GET"]}}],"collection":[{"href":"https:\/\/infoecos.com.ar\/index.php\/wp-json\/wp\/v2\/posts"}],"about":[{"href":"https:\/\/infoecos.com.ar\/index.php\/wp-json\/wp\/v2\/types\/post"}],"author":[{"embeddable":true,"href":"https:\/\/infoecos.com.ar\/index.php\/wp-json\/wp\/v2\/users\/2"}],"replies":[{"embeddable":true,"href":"https:\/\/infoecos.com.ar\/index.php\/wp-json\/wp\/v2\/comments?post=88444"}],"version-history":[{"count":1,"href":"https:\/\/infoecos.com.ar\/index.php\/wp-json\/wp\/v2\/posts\/88444\/revisions"}],"predecessor-version":[{"id":88446,"href":"https:\/\/infoecos.com.ar\/index.php\/wp-json\/wp\/v2\/posts\/88444\/revisions\/88446"}],"wp:featuredmedia":[{"embeddable":true,"href":"https:\/\/infoecos.com.ar\/index.php\/wp-json\/wp\/v2\/media\/88445"}],"wp:attachment":[{"href":"https:\/\/infoecos.com.ar\/index.php\/wp-json\/wp\/v2\/media?parent=88444"}],"wp:term":[{"taxonomy":"category","embeddable":true,"href":"https:\/\/infoecos.com.ar\/index.php\/wp-json\/wp\/v2\/categories?post=88444"},{"taxonomy":"post_tag","embeddable":true,"href":"https:\/\/infoecos.com.ar\/index.php\/wp-json\/wp\/v2\/tags?post=88444"}],"curies":[{"name":"wp","href":"https:\/\/api.w.org\/{rel}","templated":true}]}}