{"id":88452,"date":"2021-10-20T03:21:33","date_gmt":"2021-10-20T06:21:33","guid":{"rendered":"http:\/\/infoecos.com.ar\/?p=88452"},"modified":"2021-10-20T03:21:34","modified_gmt":"2021-10-20T06:21:34","slug":"se-celebra-este-miercoles-el-dia-nacional-del-pediatra","status":"publish","type":"post","link":"https:\/\/infoecos.com.ar\/index.php\/se-celebra-este-miercoles-el-dia-nacional-del-pediatra\/","title":{"rendered":"Se celebra este mi\u00e9rcoles el D\u00eda Nacional del Pediatra"},"content":{"rendered":"\n<p class=\"wp-block-paragraph\"><strong>El 20 de Octubre de 1973:<\/strong><\/p>\n\n\n\n<p class=\"wp-block-paragraph\">Se celebra el D\u00eda Nacional del Pediatra.<\/p>\n\n\n\n<p class=\"wp-block-paragraph\">Esta fecha se instaur\u00f3 en el a\u00f1o 1973 durante el Congreso Mundial de Pediatr\u00eda celebrado en nuestro pa\u00eds, en conmemoraci\u00f3n a la fundaci\u00f3n de la Sociedad Argentina de Pediatr\u00eda (SAP), la cual se realiz\u00f3 el 20 de octubre de 1911.<\/p>\n\n\n\n<div class=\"wp-block-image is-style-default\"><figure class=\"aligncenter size-medium\"><img loading=\"lazy\" decoding=\"async\" width=\"460\" height=\"272\" src=\"http:\/\/infoecos.com.ar\/wp-content\/uploads\/2021\/10\/pediatra-460x272.jpg\" alt=\"\" class=\"wp-image-88453\" srcset=\"https:\/\/infoecos.com.ar\/wp-content\/uploads\/2021\/10\/pediatra-460x272.jpg 460w, https:\/\/infoecos.com.ar\/wp-content\/uploads\/2021\/10\/pediatra-920x545.jpg 920w, https:\/\/infoecos.com.ar\/wp-content\/uploads\/2021\/10\/pediatra-768x455.jpg 768w, https:\/\/infoecos.com.ar\/wp-content\/uploads\/2021\/10\/pediatra.jpg 990w\" sizes=\"auto, (max-width: 460px) 100vw, 460px\" \/><\/figure><\/div>\n\n\n\n<p class=\"wp-block-paragraph\">La pediatr\u00eda es una de las profesiones m\u00e9dicas m\u00e1s importantes para la sociedad por su atenci\u00f3n a ni\u00f1os y ni\u00f1as. De hecho, tambi\u00e9n cumplen una funci\u00f3n esencial para el acompa\u00f1amiento de cada una de las familias.<\/p>\n\n\n\n<p class=\"wp-block-paragraph\">La pediatr\u00eda se define como especialidad m\u00e9dica desde el nacimiento hasta la adolescencia, en la que se distinguen 5 periodos:<\/p>\n\n\n\n<ul class=\"wp-block-list\"><li>Reci\u00e9n nacido (hasta las 4 semanas).<\/li><li>Lactante (1 hasta 12 meses de vida).<\/li><li>Preescolar (de 1 a 6 a\u00f1os).<\/li><li>Escolar (de 6 a 12 a\u00f1os).<\/li><li>Adolescente (de 12 a 18 a\u00f1os).<\/li><\/ul>\n","protected":false},"excerpt":{"rendered":"<p>Esta fecha se instaur\u00f3 en el a\u00f1o 1973 durante el Congreso Mundial de Pediatr\u00eda celebrado en nuestro pa\u00eds, en conmemoraci\u00f3n a la fundaci\u00f3n de la Sociedad Argentina de Pediatr\u00eda (SAP)<\/p>\n","protected":false},"author":2,"featured_media":88453,"comment_status":"closed","ping_status":"open","sticky":false,"template":"","format":"standard","meta":{"footnotes":""},"categories":[50],"tags":[5054],"class_list":["post-88452","post","type-post","status-publish","format-standard","has-post-thumbnail","hentry","category-c1nota4","tag-iecos-efemerides"],"featured_image_urls":{"full":["https:\/\/infoecos.com.ar\/wp-content\/uploads\/2021\/10\/pediatra.jpg",990,586,false],"thumbnail":["https:\/\/infoecos.com.ar\/wp-content\/uploads\/2021\/10\/pediatra-150x150.jpg",150,150,true],"medium":["https:\/\/infoecos.com.ar\/wp-content\/uploads\/2021\/10\/pediatra-460x272.jpg",460,272,true],"medium_large":["https:\/\/infoecos.com.ar\/wp-content\/uploads\/2021\/10\/pediatra-768x455.jpg",640,379,true],"large":["https:\/\/infoecos.com.ar\/wp-content\/uploads\/2021\/10\/pediatra-920x545.jpg",640,379,true],"1536x1536":["https:\/\/infoecos.com.ar\/wp-content\/uploads\/2021\/10\/pediatra.jpg",990,586,false],"2048x2048":["https:\/\/infoecos.com.ar\/wp-content\/uploads\/2021\/10\/pediatra.jpg",990,586,false],"covernews-slider-full":["https:\/\/infoecos.com.ar\/wp-content\/uploads\/2021\/10\/pediatra.jpg",990,586,false],"covernews-slider-center":["https:\/\/infoecos.com.ar\/wp-content\/uploads\/2021\/10\/pediatra-936x586.jpg",800,500,true],"covernews-featured":["https:\/\/infoecos.com.ar\/wp-content\/uploads\/2021\/10\/pediatra.jpg",990,586,false],"covernews-medium":["https:\/\/infoecos.com.ar\/wp-content\/uploads\/2021\/10\/pediatra-720x380.jpg",540,285,true],"covernews-medium-square":["https:\/\/infoecos.com.ar\/wp-content\/uploads\/2021\/10\/pediatra-675x450.jpg",375,250,true]},"author_info":{"info":["Jorge Matheus"]},"category_info":"<a href=\"https:\/\/infoecos.com.ar\/index.php\/category\/c1nota4\/\" rel=\"category tag\">C1 N4<\/a>","tag_info":"C1 N4","comment_count":"0","_links":{"self":[{"href":"https:\/\/infoecos.com.ar\/index.php\/wp-json\/wp\/v2\/posts\/88452","targetHints":{"allow":["GET"]}}],"collection":[{"href":"https:\/\/infoecos.com.ar\/index.php\/wp-json\/wp\/v2\/posts"}],"about":[{"href":"https:\/\/infoecos.com.ar\/index.php\/wp-json\/wp\/v2\/types\/post"}],"author":[{"embeddable":true,"href":"https:\/\/infoecos.com.ar\/index.php\/wp-json\/wp\/v2\/users\/2"}],"replies":[{"embeddable":true,"href":"https:\/\/infoecos.com.ar\/index.php\/wp-json\/wp\/v2\/comments?post=88452"}],"version-history":[{"count":1,"href":"https:\/\/infoecos.com.ar\/index.php\/wp-json\/wp\/v2\/posts\/88452\/revisions"}],"predecessor-version":[{"id":88454,"href":"https:\/\/infoecos.com.ar\/index.php\/wp-json\/wp\/v2\/posts\/88452\/revisions\/88454"}],"wp:featuredmedia":[{"embeddable":true,"href":"https:\/\/infoecos.com.ar\/index.php\/wp-json\/wp\/v2\/media\/88453"}],"wp:attachment":[{"href":"https:\/\/infoecos.com.ar\/index.php\/wp-json\/wp\/v2\/media?parent=88452"}],"wp:term":[{"taxonomy":"category","embeddable":true,"href":"https:\/\/infoecos.com.ar\/index.php\/wp-json\/wp\/v2\/categories?post=88452"},{"taxonomy":"post_tag","embeddable":true,"href":"https:\/\/infoecos.com.ar\/index.php\/wp-json\/wp\/v2\/tags?post=88452"}],"curies":[{"name":"wp","href":"https:\/\/api.w.org\/{rel}","templated":true}]}}