{"id":88545,"date":"2021-10-21T05:08:43","date_gmt":"2021-10-21T08:08:43","guid":{"rendered":"http:\/\/infoecos.com.ar\/?p=88545"},"modified":"2021-10-21T05:27:38","modified_gmt":"2021-10-21T08:27:38","slug":"sesionara-el-senado-de-la-provincia-y-aprobaria-el-pliego-de-alejandro-formento-para-director-del-banco-provincia","status":"publish","type":"post","link":"https:\/\/infoecos.com.ar\/index.php\/sesionara-el-senado-de-la-provincia-y-aprobaria-el-pliego-de-alejandro-formento-para-director-del-banco-provincia\/","title":{"rendered":"Sesionar\u00e1 el Senado bonaerense y aprobar\u00eda el pliego de Alejandro Formento para Director del Banco provincia"},"content":{"rendered":"\n<p class=\"wp-block-paragraph\">Sesionar\u00e1 este jueves el Senado de la provincia de Buenos Aires. Tema excluyente, seg\u00fan se ha mencionado, la votaci\u00f3n del pliego de Alejandro Formento para ocupar un lugar en el directorio del Banco de la Provincia de Buenos Aires. Se asegura que hay acuerdo entre el oficialismo y la oposici\u00f3n para que ello ocurra.<\/p>\n\n\n\n<div class=\"wp-block-image is-style-default\"><figure class=\"aligncenter size-medium\"><img decoding=\"async\" src=\"http:\/\/infoecos.com.ar\/wp-content\/uploads\/senado1-460x305.jpg\" alt=\"Provincia de Buenos Aires - Senado\" class=\"wp-image-23179\"\/><figcaption>Provincia de Buenos Aires &#8211; Senado<\/figcaption><\/figure><\/div>\n\n\n\n<p class=\"wp-block-paragraph\">La entidad financiera provincial no tiene qu\u00f3rum en su nivel de decisi\u00f3n. Solo han quedado tres directores, luego que Juliana Di Tullio pasara a ocupar el lugar que dej\u00f3 vacante en el senado nacional, el actual ministro de Defensa, Jorge Taiana. De los tres, uno de ellos tiene mandato hasta el diciembre del corriente a\u00f1o. Se trata de Diego Rodrigo, ex senador provincial por la cuarta secci\u00f3n electoral. El directorio de la entidad debe estar integrado por ocho miembros.<\/p>\n\n\n\n<p class=\"wp-block-paragraph\">Actualmente se sientan en el directorio, Humberto Andr\u00e9s Vivaldo, Sebasti\u00e1n Galmarini, el mencionado Rodrigo y Juan Cuattromo en su condici\u00f3n de presidente. <\/p>\n\n\n\n<p class=\"wp-block-paragraph\">Alejandro Formento es actualmente el presidente de Provincia Microcr\u00e9ditos. <\/p>\n\n\n\n<p class=\"wp-block-paragraph\"><\/p>\n\n\n\n<p class=\"wp-block-paragraph\"><\/p>\n\n\n\n<p class=\"wp-block-paragraph\"><\/p>\n\n\n\n<p class=\"wp-block-paragraph\"><\/p>\n","protected":false},"excerpt":{"rendered":"<p>La entidad financiera provincial no tiene qu\u00f3rum en su nivel de decisi\u00f3n. Solo han quedado tres directores<\/p>\n","protected":false},"author":2,"featured_media":56995,"comment_status":"closed","ping_status":"open","sticky":false,"template":"","format":"standard","meta":{"footnotes":""},"categories":[28],"tags":[5504],"class_list":["post-88545","post","type-post","status-publish","format-standard","has-post-thumbnail","hentry","category-c1nota1","tag-hoy-desde-las-14-horas"],"featured_image_urls":{"full":"","thumbnail":"","medium":"","medium_large":"","large":"","1536x1536":"","2048x2048":"","covernews-slider-full":"","covernews-slider-center":"","covernews-featured":"","covernews-medium":"","covernews-medium-square":""},"author_info":{"info":["Jorge Matheus"]},"category_info":"<a href=\"https:\/\/infoecos.com.ar\/index.php\/category\/c1nota1\/\" rel=\"category tag\">C1 N1<\/a>","tag_info":"C1 N1","comment_count":"0","_links":{"self":[{"href":"https:\/\/infoecos.com.ar\/index.php\/wp-json\/wp\/v2\/posts\/88545","targetHints":{"allow":["GET"]}}],"collection":[{"href":"https:\/\/infoecos.com.ar\/index.php\/wp-json\/wp\/v2\/posts"}],"about":[{"href":"https:\/\/infoecos.com.ar\/index.php\/wp-json\/wp\/v2\/types\/post"}],"author":[{"embeddable":true,"href":"https:\/\/infoecos.com.ar\/index.php\/wp-json\/wp\/v2\/users\/2"}],"replies":[{"embeddable":true,"href":"https:\/\/infoecos.com.ar\/index.php\/wp-json\/wp\/v2\/comments?post=88545"}],"version-history":[{"count":2,"href":"https:\/\/infoecos.com.ar\/index.php\/wp-json\/wp\/v2\/posts\/88545\/revisions"}],"predecessor-version":[{"id":88549,"href":"https:\/\/infoecos.com.ar\/index.php\/wp-json\/wp\/v2\/posts\/88545\/revisions\/88549"}],"wp:attachment":[{"href":"https:\/\/infoecos.com.ar\/index.php\/wp-json\/wp\/v2\/media?parent=88545"}],"wp:term":[{"taxonomy":"category","embeddable":true,"href":"https:\/\/infoecos.com.ar\/index.php\/wp-json\/wp\/v2\/categories?post=88545"},{"taxonomy":"post_tag","embeddable":true,"href":"https:\/\/infoecos.com.ar\/index.php\/wp-json\/wp\/v2\/tags?post=88545"}],"curies":[{"name":"wp","href":"https:\/\/api.w.org\/{rel}","templated":true}]}}