{"id":88547,"date":"2021-10-21T05:16:09","date_gmt":"2021-10-21T08:16:09","guid":{"rendered":"http:\/\/infoecos.com.ar\/?p=88547"},"modified":"2021-10-21T05:16:19","modified_gmt":"2021-10-21T08:16:19","slug":"desde-ayer-prohibidos-los-actos-publicos-de-gestion","status":"publish","type":"post","link":"https:\/\/infoecos.com.ar\/index.php\/desde-ayer-prohibidos-los-actos-publicos-de-gestion\/","title":{"rendered":"Desde ayer prohibidos los actos p\u00fablicos de gesti\u00f3n"},"content":{"rendered":"\n<p class=\"wp-block-paragraph\">Desde ayer est\u00e1n prohibidos los actos p\u00fablicos de gesti\u00f3n en el marco de las\u00a0elecciones legislativas\u00a0que se llevar\u00e1n a cabo el 14 de noviembre. <\/p>\n\n\n\n<p class=\"wp-block-paragraph\">Lo record\u00f3 la C\u00e1mara Nacional Electoral a trav\u00e9s de su cuenta de Twitter. <\/p>\n\n\n\n<figure class=\"wp-block-embed is-type-rich is-provider-twitter wp-block-embed-twitter\"><div class=\"wp-block-embed__wrapper\">\n<blockquote class=\"twitter-tweet\" data-width=\"550\" data-dnt=\"true\"><p lang=\"es\" dir=\"ltr\"><a href=\"https:\/\/twitter.com\/hashtag\/EleccionesArgentina?src=hash&amp;ref_src=twsrc%5Etfw\">#EleccionesArgentina<\/a> Cronograma Electoral <a href=\"https:\/\/t.co\/DUWWrpAz3k\">pic.twitter.com\/DUWWrpAz3k<\/a><\/p>&mdash; C\u00e1mara Electoral (@CamaraElectoral) <a href=\"https:\/\/twitter.com\/CamaraElectoral\/status\/1450816575670456321?ref_src=twsrc%5Etfw\">October 20, 2021<\/a><\/blockquote><script async src=\"https:\/\/platform.twitter.com\/widgets.js\" charset=\"utf-8\"><\/script>\n<\/div><\/figure>\n\n\n\n<p class=\"wp-block-paragraph\">Tanto los gobiernos nacional, provincial y municipal deber\u00e1n atenerse a la normativa. <\/p>\n","protected":false},"excerpt":{"rendered":"<p>En el marco de las elecciones legislativas que se llevar\u00e1n a cabo el 14 de noviembre. <\/p>\n","protected":false},"author":2,"featured_media":81973,"comment_status":"closed","ping_status":"open","sticky":false,"template":"","format":"standard","meta":{"footnotes":""},"categories":[29],"tags":[5505],"class_list":["post-88547","post","type-post","status-publish","format-standard","has-post-thumbnail","hentry","category-c2nota1","tag-lo-recordo-la-camara-nacional-electoral"],"featured_image_urls":{"full":["https:\/\/infoecos.com.ar\/wp-content\/uploads\/2021\/07\/eleccionesurnas.png",1278,549,false],"thumbnail":["https:\/\/infoecos.com.ar\/wp-content\/uploads\/2021\/07\/eleccionesurnas-150x150.png",150,150,true],"medium":["https:\/\/infoecos.com.ar\/wp-content\/uploads\/2021\/07\/eleccionesurnas-460x198.png",460,198,true],"medium_large":["https:\/\/infoecos.com.ar\/wp-content\/uploads\/2021\/07\/eleccionesurnas-768x330.png",640,275,true],"large":["https:\/\/infoecos.com.ar\/wp-content\/uploads\/2021\/07\/eleccionesurnas-920x395.png",640,275,true],"1536x1536":["https:\/\/infoecos.com.ar\/wp-content\/uploads\/2021\/07\/eleccionesurnas.png",1278,549,false],"2048x2048":["https:\/\/infoecos.com.ar\/wp-content\/uploads\/2021\/07\/eleccionesurnas.png",1278,549,false],"covernews-slider-full":["https:\/\/infoecos.com.ar\/wp-content\/uploads\/2021\/07\/eleccionesurnas.png",1115,479,false],"covernews-slider-center":["https:\/\/infoecos.com.ar\/wp-content\/uploads\/2021\/07\/eleccionesurnas-936x549.png",800,469,true],"covernews-featured":["https:\/\/infoecos.com.ar\/wp-content\/uploads\/2021\/07\/eleccionesurnas-1024x440.png",1024,440,true],"covernews-medium":["https:\/\/infoecos.com.ar\/wp-content\/uploads\/2021\/07\/eleccionesurnas-720x380.png",540,285,true],"covernews-medium-square":["https:\/\/infoecos.com.ar\/wp-content\/uploads\/2021\/07\/eleccionesurnas-675x450.png",375,250,true]},"author_info":{"info":["Jorge Matheus"]},"category_info":"<a href=\"https:\/\/infoecos.com.ar\/index.php\/category\/c2nota1\/\" rel=\"category tag\">C2 nota 1<\/a>","tag_info":"C2 nota 1","comment_count":"0","_links":{"self":[{"href":"https:\/\/infoecos.com.ar\/index.php\/wp-json\/wp\/v2\/posts\/88547","targetHints":{"allow":["GET"]}}],"collection":[{"href":"https:\/\/infoecos.com.ar\/index.php\/wp-json\/wp\/v2\/posts"}],"about":[{"href":"https:\/\/infoecos.com.ar\/index.php\/wp-json\/wp\/v2\/types\/post"}],"author":[{"embeddable":true,"href":"https:\/\/infoecos.com.ar\/index.php\/wp-json\/wp\/v2\/users\/2"}],"replies":[{"embeddable":true,"href":"https:\/\/infoecos.com.ar\/index.php\/wp-json\/wp\/v2\/comments?post=88547"}],"version-history":[{"count":1,"href":"https:\/\/infoecos.com.ar\/index.php\/wp-json\/wp\/v2\/posts\/88547\/revisions"}],"predecessor-version":[{"id":88548,"href":"https:\/\/infoecos.com.ar\/index.php\/wp-json\/wp\/v2\/posts\/88547\/revisions\/88548"}],"wp:featuredmedia":[{"embeddable":true,"href":"https:\/\/infoecos.com.ar\/index.php\/wp-json\/wp\/v2\/media\/81973"}],"wp:attachment":[{"href":"https:\/\/infoecos.com.ar\/index.php\/wp-json\/wp\/v2\/media?parent=88547"}],"wp:term":[{"taxonomy":"category","embeddable":true,"href":"https:\/\/infoecos.com.ar\/index.php\/wp-json\/wp\/v2\/categories?post=88547"},{"taxonomy":"post_tag","embeddable":true,"href":"https:\/\/infoecos.com.ar\/index.php\/wp-json\/wp\/v2\/tags?post=88547"}],"curies":[{"name":"wp","href":"https:\/\/api.w.org\/{rel}","templated":true}]}}