{"id":88554,"date":"2021-10-21T06:09:30","date_gmt":"2021-10-21T09:09:30","guid":{"rendered":"http:\/\/infoecos.com.ar\/?p=88554"},"modified":"2021-10-25T02:43:32","modified_gmt":"2021-10-25T05:43:32","slug":"el-municipio-informo-que-se-esta-culminando-la-primera-etapa-de-la-obra-de-cloacas-en-la-ampliacion-urbana","status":"publish","type":"post","link":"https:\/\/infoecos.com.ar\/index.php\/el-municipio-informo-que-se-esta-culminando-la-primera-etapa-de-la-obra-de-cloacas-en-la-ampliacion-urbana\/","title":{"rendered":"El municipio inform\u00f3 que se est\u00e1 culminando la primera etapa de la obra de cloacas en la Ampliaci\u00f3n Urbana"},"content":{"rendered":"\n<p class=\"wp-block-paragraph\">Se est\u00e1 culminando la primera etapa de la obra de cloacas que el municipio lleva adelante en ocho manzanas de la Ampliaci\u00f3n Urbana donde pr\u00f3ximamente se comenzar\u00e1 a ejecutar el colector cloacal que abastecer\u00e1 a todo ese sector.<\/p>\n\n\n\n<div class=\"wp-block-image is-style-default\"><figure class=\"aligncenter size-medium\"><img loading=\"lazy\" decoding=\"async\" width=\"345\" height=\"460\" src=\"http:\/\/infoecos.com.ar\/wp-content\/uploads\/2021\/10\/Cloacas-en-la-Ampliacion-4-345x460.jpeg\" alt=\"\" class=\"wp-image-88555\" srcset=\"https:\/\/infoecos.com.ar\/wp-content\/uploads\/2021\/10\/Cloacas-en-la-Ampliacion-4-345x460.jpeg 345w, https:\/\/infoecos.com.ar\/wp-content\/uploads\/2021\/10\/Cloacas-en-la-Ampliacion-4-690x920.jpeg 690w, https:\/\/infoecos.com.ar\/wp-content\/uploads\/2021\/10\/Cloacas-en-la-Ampliacion-4-768x1024.jpeg 768w, https:\/\/infoecos.com.ar\/wp-content\/uploads\/2021\/10\/Cloacas-en-la-Ampliacion-4.jpeg 960w\" sizes=\"auto, (max-width: 345px) 100vw, 345px\" \/><\/figure><\/div>\n\n\n\n<p class=\"wp-block-paragraph\">Personal municipal trabaja en el \u00e1rea conocida como loteo de Alastuey, en el predio comprendido por las calles Antonio Mart\u00ednez y Pettin\u00e1, N\u00e9stor Kirchner y Eva Per\u00f3n.<\/p>\n\n\n\n<div class=\"wp-block-image is-style-default\"><figure class=\"aligncenter size-medium\"><img loading=\"lazy\" decoding=\"async\" width=\"345\" height=\"460\" src=\"http:\/\/infoecos.com.ar\/wp-content\/uploads\/2021\/10\/Cloacas-en-la-Ampliacion-6-345x460.jpeg\" alt=\"\" class=\"wp-image-88556\" srcset=\"https:\/\/infoecos.com.ar\/wp-content\/uploads\/2021\/10\/Cloacas-en-la-Ampliacion-6-345x460.jpeg 345w, https:\/\/infoecos.com.ar\/wp-content\/uploads\/2021\/10\/Cloacas-en-la-Ampliacion-6-690x920.jpeg 690w, https:\/\/infoecos.com.ar\/wp-content\/uploads\/2021\/10\/Cloacas-en-la-Ampliacion-6-768x1024.jpeg 768w, https:\/\/infoecos.com.ar\/wp-content\/uploads\/2021\/10\/Cloacas-en-la-Ampliacion-6.jpeg 960w\" sizes=\"auto, (max-width: 345px) 100vw, 345px\" \/><\/figure><\/div>\n\n\n\n<p class=\"wp-block-paragraph\">Se termin\u00f3 de realizar y adecuar el tendido de ca\u00f1er\u00edas para el ramal de cloacas, colocaci\u00f3n e inspecci\u00f3n de las c\u00e1maras cloacales para el correcto funcionamiento del sistema y se trabaja en la nivelaci\u00f3n del terreno para, en una segunda etapa, comenzar con la ejecuci\u00f3n del colector cloacal y la correspondiente estaci\u00f3n de bombeo.<\/p>\n\n\n\n<div class=\"wp-block-image is-style-default\"><figure class=\"aligncenter size-medium\"><img loading=\"lazy\" decoding=\"async\" width=\"345\" height=\"460\" src=\"http:\/\/infoecos.com.ar\/wp-content\/uploads\/2021\/10\/Cloacas-en-la-Ampliacion-5-345x460.jpeg\" alt=\"\" class=\"wp-image-88557\" srcset=\"https:\/\/infoecos.com.ar\/wp-content\/uploads\/2021\/10\/Cloacas-en-la-Ampliacion-5-345x460.jpeg 345w, https:\/\/infoecos.com.ar\/wp-content\/uploads\/2021\/10\/Cloacas-en-la-Ampliacion-5-690x920.jpeg 690w, https:\/\/infoecos.com.ar\/wp-content\/uploads\/2021\/10\/Cloacas-en-la-Ampliacion-5-768x1024.jpeg 768w, https:\/\/infoecos.com.ar\/wp-content\/uploads\/2021\/10\/Cloacas-en-la-Ampliacion-5.jpeg 960w\" sizes=\"auto, (max-width: 345px) 100vw, 345px\" \/><\/figure><\/div>\n\n\n\n<p class=\"wp-block-paragraph\">Esta obra de infraestructura b\u00e1sica que permitir\u00e1 brindar este servicio a los vecinos se ejecutar\u00e1 sobre la calle N\u00e9stor Kirchner y abastecer\u00e1 a un amplio sector de la Ampliaci\u00f3n Urbana.<\/p>\n","protected":false},"excerpt":{"rendered":"<p>Personal municipal trabaja en el \u00e1rea conocida como loteo de Alastuey, en el predio comprendido por las calles Antonio Mart\u00ednez y Pettin\u00e1, N\u00e9stor Kirchner y Eva Per\u00f3n<\/p>\n","protected":false},"author":2,"featured_media":88556,"comment_status":"closed","ping_status":"open","sticky":false,"template":"","format":"standard","meta":{"footnotes":""},"categories":[1332],"tags":[5507],"class_list":["post-88554","post","type-post","status-publish","format-standard","has-post-thumbnail","hentry","category-inferior12","tag-en-ocho-manzanas"],"featured_image_urls":{"full":["https:\/\/infoecos.com.ar\/wp-content\/uploads\/2021\/10\/Cloacas-en-la-Ampliacion-6.jpeg",960,1280,false],"thumbnail":["https:\/\/infoecos.com.ar\/wp-content\/uploads\/2021\/10\/Cloacas-en-la-Ampliacion-6-150x150.jpeg",150,150,true],"medium":["https:\/\/infoecos.com.ar\/wp-content\/uploads\/2021\/10\/Cloacas-en-la-Ampliacion-6-345x460.jpeg",345,460,true],"medium_large":["https:\/\/infoecos.com.ar\/wp-content\/uploads\/2021\/10\/Cloacas-en-la-Ampliacion-6-768x1024.jpeg",640,853,true],"large":["https:\/\/infoecos.com.ar\/wp-content\/uploads\/2021\/10\/Cloacas-en-la-Ampliacion-6-690x920.jpeg",640,853,true],"1536x1536":["https:\/\/infoecos.com.ar\/wp-content\/uploads\/2021\/10\/Cloacas-en-la-Ampliacion-6.jpeg",960,1280,false],"2048x2048":["https:\/\/infoecos.com.ar\/wp-content\/uploads\/2021\/10\/Cloacas-en-la-Ampliacion-6.jpeg",960,1280,false],"covernews-slider-full":["https:\/\/infoecos.com.ar\/wp-content\/uploads\/2021\/10\/Cloacas-en-la-Ampliacion-6-960x1020.jpeg",673,715,true],"covernews-slider-center":["https:\/\/infoecos.com.ar\/wp-content\/uploads\/2021\/10\/Cloacas-en-la-Ampliacion-6-936x897.jpeg",522,500,true],"covernews-featured":["https:\/\/infoecos.com.ar\/wp-content\/uploads\/2021\/10\/Cloacas-en-la-Ampliacion-6.jpeg",960,1280,false],"covernews-medium":["https:\/\/infoecos.com.ar\/wp-content\/uploads\/2021\/10\/Cloacas-en-la-Ampliacion-6-720x380.jpeg",540,285,true],"covernews-medium-square":["https:\/\/infoecos.com.ar\/wp-content\/uploads\/2021\/10\/Cloacas-en-la-Ampliacion-6-675x450.jpeg",375,250,true]},"author_info":{"info":["Jorge Matheus"]},"category_info":"<a href=\"https:\/\/infoecos.com.ar\/index.php\/category\/inferior12\/\" rel=\"category tag\">Bloque inferior - 12<\/a>","tag_info":"Bloque inferior - 12","comment_count":"0","_links":{"self":[{"href":"https:\/\/infoecos.com.ar\/index.php\/wp-json\/wp\/v2\/posts\/88554","targetHints":{"allow":["GET"]}}],"collection":[{"href":"https:\/\/infoecos.com.ar\/index.php\/wp-json\/wp\/v2\/posts"}],"about":[{"href":"https:\/\/infoecos.com.ar\/index.php\/wp-json\/wp\/v2\/types\/post"}],"author":[{"embeddable":true,"href":"https:\/\/infoecos.com.ar\/index.php\/wp-json\/wp\/v2\/users\/2"}],"replies":[{"embeddable":true,"href":"https:\/\/infoecos.com.ar\/index.php\/wp-json\/wp\/v2\/comments?post=88554"}],"version-history":[{"count":1,"href":"https:\/\/infoecos.com.ar\/index.php\/wp-json\/wp\/v2\/posts\/88554\/revisions"}],"predecessor-version":[{"id":88558,"href":"https:\/\/infoecos.com.ar\/index.php\/wp-json\/wp\/v2\/posts\/88554\/revisions\/88558"}],"wp:featuredmedia":[{"embeddable":true,"href":"https:\/\/infoecos.com.ar\/index.php\/wp-json\/wp\/v2\/media\/88556"}],"wp:attachment":[{"href":"https:\/\/infoecos.com.ar\/index.php\/wp-json\/wp\/v2\/media?parent=88554"}],"wp:term":[{"taxonomy":"category","embeddable":true,"href":"https:\/\/infoecos.com.ar\/index.php\/wp-json\/wp\/v2\/categories?post=88554"},{"taxonomy":"post_tag","embeddable":true,"href":"https:\/\/infoecos.com.ar\/index.php\/wp-json\/wp\/v2\/tags?post=88554"}],"curies":[{"name":"wp","href":"https:\/\/api.w.org\/{rel}","templated":true}]}}