{"id":88585,"date":"2021-10-21T14:44:20","date_gmt":"2021-10-21T17:44:20","guid":{"rendered":"http:\/\/infoecos.com.ar\/?p=88585"},"modified":"2021-10-22T06:16:46","modified_gmt":"2021-10-22T09:16:46","slug":"embistio-a-su-ex-pareja-hace-un-mes-se-fue-a-vivir-a-bolivar-y-lo-detuvieron-en-estas-horas","status":"publish","type":"post","link":"https:\/\/infoecos.com.ar\/index.php\/embistio-a-su-ex-pareja-hace-un-mes-se-fue-a-vivir-a-bolivar-y-lo-detuvieron-en-estas-horas\/","title":{"rendered":"Embisti\u00f3 a su ex pareja hace un mes, se fue a vivir a Bol\u00edvar y lo detuvieron en estas horas"},"content":{"rendered":"\n<p>Un transportista de la ciudad de Pehuaj\u00f3 embisti\u00f3 con un cami\u00f3n Fiat Iveco al auto en que se conduc\u00eda su ex pareja, que era acompa\u00f1ada por tres personas m\u00e1s, entre ellos un mayor y dos menores de edad.<\/p>\n\n\n\n<div class=\"wp-block-image is-style-default\"><figure class=\"aligncenter size-large is-resized\"><img loading=\"lazy\" decoding=\"async\" src=\"http:\/\/infoecos.com.ar\/wp-content\/uploads\/2021\/10\/222.png\" alt=\"\" class=\"wp-image-88586\" width=\"518\" height=\"250\"\/><\/figure><\/div>\n\n\n\n<p>El autor de esta acci\u00f3n rayana en el intento de homicidio identificado como Leandro Sebasti\u00e1n Balcarcel, fue detenido en estos d\u00edas. Oportunamente el titular de la UFI Nro 6 del Departamento Judicial de Trenque Lauquen libr\u00f3 ordenes de detenci\u00f3n no habi\u00e9ndose podido dar con \u00e9l. El hecho se produjo el 13 de septiembre, por lo que a partir de ah\u00ed se inici\u00f3 una intensa tarea de investigaci\u00f3n. En horas de la ma\u00f1ana de este jueves se pudo cumplir con el objetivo fijado por las autoridades judiciales y policiales.<\/p>\n\n\n\n<p>Balcarcel produjo en su ex mujer y quienes se movilizaban en el auto lesiones y politraumatismos varios. A partir de ello se ausent\u00f3 del lugar de los hechos y de su domicilio, como as\u00ed tambi\u00e9n de los lugares que frecuentaba.  <\/p>\n\n\n\n<div class=\"wp-block-image is-style-default\"><figure class=\"aligncenter size-large is-resized\"><img loading=\"lazy\" decoding=\"async\" src=\"http:\/\/infoecos.com.ar\/wp-content\/uploads\/2021\/10\/111.png\" alt=\"\" class=\"wp-image-88587\" width=\"541\" height=\"254\"\/><\/figure><\/div>\n\n\n\n<p>Los integrantes de la DDI, durante un mes reunieron testimonios y material f\u00edlmico que permitieron acreditar su participaci\u00f3n en el suceso. Se procedi\u00f3 a analizar comunicaciones y tambi\u00e9n se efectuaron tareas de campo en Pehuaj\u00f3, Carlos Tejedor y Bol\u00edvar. En la \u00faltima de las ciudades se hab\u00eda establecido, aunque fue detenido en la misma ciudad de Pehuaj\u00f3. La DDI cont\u00f3 con la colaboraci\u00f3n de personal de la Comisar\u00eda de Carlos Tejedor, de la Comisar\u00eda de la Mujer y la Familia de Carlos Tejedor. <\/p>\n\n\n\n<p>La informaci\u00f3n difundida por radiomagicadigital.com consigna que Balcarce ser\u00e1 trasladado este viernes a Trenque Lauquen para ser indagado por las autoridades judiciales.<\/p>\n\n\n\n<p><\/p>\n","protected":false},"excerpt":{"rendered":"<p>Oportunamente el titular de la UFI Nro 6 del Departamento Judicial de Trenque Lauquen libr\u00f3 ordenes de detenci\u00f3n no habi\u00e9ndose podido dar con \u00e9l<\/p>\n","protected":false},"author":2,"featured_media":88586,"comment_status":"closed","ping_status":"open","sticky":false,"template":"","format":"standard","meta":{"footnotes":""},"categories":[198],"tags":[5513],"class_list":["post-88585","post","type-post","status-publish","format-standard","has-post-thumbnail","hentry","category-c1nota5","tag-brutal-violencia-de-genero"],"yoast_head":"<!-- This site is optimized with the Yoast SEO plugin v23.4 - https:\/\/yoast.com\/wordpress\/plugins\/seo\/ -->\n<title>Embisti\u00f3 a su ex pareja hace un mes, se fue a vivir a Bol\u00edvar y lo detuvieron en estas horas - Infoecos<\/title>\n<meta name=\"robots\" content=\"index, follow, max-snippet:-1, max-image-preview:large, max-video-preview:-1\" \/>\n<link rel=\"canonical\" href=\"https:\/\/infoecos.com.ar\/index.php\/embistio-a-su-ex-pareja-hace-un-mes-se-fue-a-vivir-a-bolivar-y-lo-detuvieron-en-estas-horas\/\" \/>\n<meta property=\"og:locale\" content=\"es_ES\" \/>\n<meta property=\"og:type\" content=\"article\" \/>\n<meta property=\"og:title\" content=\"Embisti\u00f3 a su ex pareja hace un mes, se fue a vivir a Bol\u00edvar y lo detuvieron en estas horas - Infoecos\" \/>\n<meta property=\"og:description\" content=\"Oportunamente el titular de la UFI Nro 6 del Departamento Judicial de Trenque Lauquen libr\u00f3 ordenes de detenci\u00f3n no habi\u00e9ndose podido dar con \u00e9l\" \/>\n<meta property=\"og:url\" content=\"https:\/\/infoecos.com.ar\/index.php\/embistio-a-su-ex-pareja-hace-un-mes-se-fue-a-vivir-a-bolivar-y-lo-detuvieron-en-estas-horas\/\" \/>\n<meta property=\"og:site_name\" content=\"Infoecos\" \/>\n<meta property=\"article:publisher\" content=\"https:\/\/www.facebook.com\/profile.php?id=100063200290284\" \/>\n<meta property=\"article:published_time\" content=\"2021-10-21T17:44:20+00:00\" \/>\n<meta property=\"article:modified_time\" content=\"2021-10-22T09:16:46+00:00\" \/>\n<meta property=\"og:image\" content=\"https:\/\/infoecos.com.ar\/wp-content\/uploads\/2021\/10\/222.png\" \/>\n\t<meta property=\"og:image:width\" content=\"300\" \/>\n\t<meta property=\"og:image:height\" content=\"145\" \/>\n\t<meta property=\"og:image:type\" content=\"image\/png\" \/>\n<meta name=\"author\" content=\"Jorge Matheus\" \/>\n<meta name=\"twitter:card\" content=\"summary_large_image\" \/>\n<meta name=\"twitter:creator\" content=\"@infoecos\" \/>\n<meta name=\"twitter:site\" content=\"@infoecos\" \/>\n<meta name=\"twitter:label1\" content=\"Escrito por\" \/>\n\t<meta name=\"twitter:data1\" content=\"Jorge Matheus\" \/>\n\t<meta name=\"twitter:label2\" content=\"Tiempo de lectura\" \/>\n\t<meta name=\"twitter:data2\" content=\"1 minuto\" \/>\n<script type=\"application\/ld+json\" class=\"yoast-schema-graph\">{\"@context\":\"https:\/\/schema.org\",\"@graph\":[{\"@type\":\"Article\",\"@id\":\"https:\/\/infoecos.com.ar\/index.php\/embistio-a-su-ex-pareja-hace-un-mes-se-fue-a-vivir-a-bolivar-y-lo-detuvieron-en-estas-horas\/#article\",\"isPartOf\":{\"@id\":\"https:\/\/infoecos.com.ar\/index.php\/embistio-a-su-ex-pareja-hace-un-mes-se-fue-a-vivir-a-bolivar-y-lo-detuvieron-en-estas-horas\/\"},\"author\":{\"name\":\"Jorge Matheus\",\"@id\":\"https:\/\/infoecos.com.ar\/#\/schema\/person\/8f5ace5ce73b4b4aac4b7245aee6f191\"},\"headline\":\"Embisti\u00f3 a su ex pareja hace un mes, se fue a vivir a Bol\u00edvar y lo detuvieron en estas horas\",\"datePublished\":\"2021-10-21T17:44:20+00:00\",\"dateModified\":\"2021-10-22T09:16:46+00:00\",\"mainEntityOfPage\":{\"@id\":\"https:\/\/infoecos.com.ar\/index.php\/embistio-a-su-ex-pareja-hace-un-mes-se-fue-a-vivir-a-bolivar-y-lo-detuvieron-en-estas-horas\/\"},\"wordCount\":312,\"publisher\":{\"@id\":\"https:\/\/infoecos.com.ar\/#organization\"},\"image\":{\"@id\":\"https:\/\/infoecos.com.ar\/index.php\/embistio-a-su-ex-pareja-hace-un-mes-se-fue-a-vivir-a-bolivar-y-lo-detuvieron-en-estas-horas\/#primaryimage\"},\"thumbnailUrl\":\"https:\/\/infoecos.com.ar\/wp-content\/uploads\/2021\/10\/222.png\",\"keywords\":[\"BRUTAL VIOLENCIA DE G\u00c9NERO\"],\"articleSection\":[\"C1 nota 5\"],\"inLanguage\":\"es\"},{\"@type\":\"WebPage\",\"@id\":\"https:\/\/infoecos.com.ar\/index.php\/embistio-a-su-ex-pareja-hace-un-mes-se-fue-a-vivir-a-bolivar-y-lo-detuvieron-en-estas-horas\/\",\"url\":\"https:\/\/infoecos.com.ar\/index.php\/embistio-a-su-ex-pareja-hace-un-mes-se-fue-a-vivir-a-bolivar-y-lo-detuvieron-en-estas-horas\/\",\"name\":\"Embisti\u00f3 a su ex pareja hace un mes, se fue a vivir a Bol\u00edvar y lo detuvieron en estas horas - Infoecos\",\"isPartOf\":{\"@id\":\"https:\/\/infoecos.com.ar\/#website\"},\"primaryImageOfPage\":{\"@id\":\"https:\/\/infoecos.com.ar\/index.php\/embistio-a-su-ex-pareja-hace-un-mes-se-fue-a-vivir-a-bolivar-y-lo-detuvieron-en-estas-horas\/#primaryimage\"},\"image\":{\"@id\":\"https:\/\/infoecos.com.ar\/index.php\/embistio-a-su-ex-pareja-hace-un-mes-se-fue-a-vivir-a-bolivar-y-lo-detuvieron-en-estas-horas\/#primaryimage\"},\"thumbnailUrl\":\"https:\/\/infoecos.com.ar\/wp-content\/uploads\/2021\/10\/222.png\",\"datePublished\":\"2021-10-21T17:44:20+00:00\",\"dateModified\":\"2021-10-22T09:16:46+00:00\",\"breadcrumb\":{\"@id\":\"https:\/\/infoecos.com.ar\/index.php\/embistio-a-su-ex-pareja-hace-un-mes-se-fue-a-vivir-a-bolivar-y-lo-detuvieron-en-estas-horas\/#breadcrumb\"},\"inLanguage\":\"es\",\"potentialAction\":[{\"@type\":\"ReadAction\",\"target\":[\"https:\/\/infoecos.com.ar\/index.php\/embistio-a-su-ex-pareja-hace-un-mes-se-fue-a-vivir-a-bolivar-y-lo-detuvieron-en-estas-horas\/\"]}]},{\"@type\":\"ImageObject\",\"inLanguage\":\"es\",\"@id\":\"https:\/\/infoecos.com.ar\/index.php\/embistio-a-su-ex-pareja-hace-un-mes-se-fue-a-vivir-a-bolivar-y-lo-detuvieron-en-estas-horas\/#primaryimage\",\"url\":\"https:\/\/infoecos.com.ar\/wp-content\/uploads\/2021\/10\/222.png\",\"contentUrl\":\"https:\/\/infoecos.com.ar\/wp-content\/uploads\/2021\/10\/222.png\",\"width\":300,\"height\":145},{\"@type\":\"BreadcrumbList\",\"@id\":\"https:\/\/infoecos.com.ar\/index.php\/embistio-a-su-ex-pareja-hace-un-mes-se-fue-a-vivir-a-bolivar-y-lo-detuvieron-en-estas-horas\/#breadcrumb\",\"itemListElement\":[{\"@type\":\"ListItem\",\"position\":1,\"name\":\"Portada\",\"item\":\"https:\/\/infoecos.com.ar\/\"},{\"@type\":\"ListItem\",\"position\":2,\"name\":\"Embisti\u00f3 a su ex pareja hace un mes, se fue a vivir a Bol\u00edvar y lo detuvieron en estas horas\"}]},{\"@type\":\"WebSite\",\"@id\":\"https:\/\/infoecos.com.ar\/#website\",\"url\":\"https:\/\/infoecos.com.ar\/\",\"name\":\"Infoecos\",\"description\":\"Noticias de trenque lauquen y la zona\",\"publisher\":{\"@id\":\"https:\/\/infoecos.com.ar\/#organization\"},\"alternateName\":\"Noticias\",\"potentialAction\":[{\"@type\":\"SearchAction\",\"target\":{\"@type\":\"EntryPoint\",\"urlTemplate\":\"https:\/\/infoecos.com.ar\/?s={search_term_string}\"},\"query-input\":{\"@type\":\"PropertyValueSpecification\",\"valueRequired\":true,\"valueName\":\"search_term_string\"}}],\"inLanguage\":\"es\"},{\"@type\":\"Organization\",\"@id\":\"https:\/\/infoecos.com.ar\/#organization\",\"name\":\"Infoecos\",\"alternateName\":\"Noticias\",\"url\":\"https:\/\/infoecos.com.ar\/\",\"logo\":{\"@type\":\"ImageObject\",\"inLanguage\":\"es\",\"@id\":\"https:\/\/infoecos.com.ar\/#\/schema\/logo\/image\/\",\"url\":\"https:\/\/infoecos.com.ar\/wp-content\/uploads\/2024\/03\/cropped-logo.png\",\"contentUrl\":\"https:\/\/infoecos.com.ar\/wp-content\/uploads\/2024\/03\/cropped-logo.png\",\"width\":374,\"height\":90,\"caption\":\"Infoecos\"},\"image\":{\"@id\":\"https:\/\/infoecos.com.ar\/#\/schema\/logo\/image\/\"},\"sameAs\":[\"https:\/\/www.facebook.com\/profile.php?id=100063200290284\",\"https:\/\/x.com\/infoecos\"]},{\"@type\":\"Person\",\"@id\":\"https:\/\/infoecos.com.ar\/#\/schema\/person\/8f5ace5ce73b4b4aac4b7245aee6f191\",\"name\":\"Jorge Matheus\",\"url\":\"https:\/\/infoecos.com.ar\/index.php\/author\/jomatheus\/\"}]}<\/script>\n<!-- \/ Yoast SEO plugin. -->","yoast_head_json":{"title":"Embisti\u00f3 a su ex pareja hace un mes, se fue a vivir a Bol\u00edvar y lo detuvieron en estas horas - Infoecos","robots":{"index":"index","follow":"follow","max-snippet":"max-snippet:-1","max-image-preview":"max-image-preview:large","max-video-preview":"max-video-preview:-1"},"canonical":"https:\/\/infoecos.com.ar\/index.php\/embistio-a-su-ex-pareja-hace-un-mes-se-fue-a-vivir-a-bolivar-y-lo-detuvieron-en-estas-horas\/","og_locale":"es_ES","og_type":"article","og_title":"Embisti\u00f3 a su ex pareja hace un mes, se fue a vivir a Bol\u00edvar y lo detuvieron en estas horas - Infoecos","og_description":"Oportunamente el titular de la UFI Nro 6 del Departamento Judicial de Trenque Lauquen libr\u00f3 ordenes de detenci\u00f3n no habi\u00e9ndose podido dar con \u00e9l","og_url":"https:\/\/infoecos.com.ar\/index.php\/embistio-a-su-ex-pareja-hace-un-mes-se-fue-a-vivir-a-bolivar-y-lo-detuvieron-en-estas-horas\/","og_site_name":"Infoecos","article_publisher":"https:\/\/www.facebook.com\/profile.php?id=100063200290284","article_published_time":"2021-10-21T17:44:20+00:00","article_modified_time":"2021-10-22T09:16:46+00:00","og_image":[{"width":300,"height":145,"url":"https:\/\/infoecos.com.ar\/wp-content\/uploads\/2021\/10\/222.png","type":"image\/png"}],"author":"Jorge Matheus","twitter_card":"summary_large_image","twitter_creator":"@infoecos","twitter_site":"@infoecos","twitter_misc":{"Escrito por":"Jorge Matheus","Tiempo de lectura":"1 minuto"},"schema":{"@context":"https:\/\/schema.org","@graph":[{"@type":"Article","@id":"https:\/\/infoecos.com.ar\/index.php\/embistio-a-su-ex-pareja-hace-un-mes-se-fue-a-vivir-a-bolivar-y-lo-detuvieron-en-estas-horas\/#article","isPartOf":{"@id":"https:\/\/infoecos.com.ar\/index.php\/embistio-a-su-ex-pareja-hace-un-mes-se-fue-a-vivir-a-bolivar-y-lo-detuvieron-en-estas-horas\/"},"author":{"name":"Jorge Matheus","@id":"https:\/\/infoecos.com.ar\/#\/schema\/person\/8f5ace5ce73b4b4aac4b7245aee6f191"},"headline":"Embisti\u00f3 a su ex pareja hace un mes, se fue a vivir a Bol\u00edvar y lo detuvieron en estas horas","datePublished":"2021-10-21T17:44:20+00:00","dateModified":"2021-10-22T09:16:46+00:00","mainEntityOfPage":{"@id":"https:\/\/infoecos.com.ar\/index.php\/embistio-a-su-ex-pareja-hace-un-mes-se-fue-a-vivir-a-bolivar-y-lo-detuvieron-en-estas-horas\/"},"wordCount":312,"publisher":{"@id":"https:\/\/infoecos.com.ar\/#organization"},"image":{"@id":"https:\/\/infoecos.com.ar\/index.php\/embistio-a-su-ex-pareja-hace-un-mes-se-fue-a-vivir-a-bolivar-y-lo-detuvieron-en-estas-horas\/#primaryimage"},"thumbnailUrl":"https:\/\/infoecos.com.ar\/wp-content\/uploads\/2021\/10\/222.png","keywords":["BRUTAL VIOLENCIA DE G\u00c9NERO"],"articleSection":["C1 nota 5"],"inLanguage":"es"},{"@type":"WebPage","@id":"https:\/\/infoecos.com.ar\/index.php\/embistio-a-su-ex-pareja-hace-un-mes-se-fue-a-vivir-a-bolivar-y-lo-detuvieron-en-estas-horas\/","url":"https:\/\/infoecos.com.ar\/index.php\/embistio-a-su-ex-pareja-hace-un-mes-se-fue-a-vivir-a-bolivar-y-lo-detuvieron-en-estas-horas\/","name":"Embisti\u00f3 a su ex pareja hace un mes, se fue a vivir a Bol\u00edvar y lo detuvieron en estas horas - Infoecos","isPartOf":{"@id":"https:\/\/infoecos.com.ar\/#website"},"primaryImageOfPage":{"@id":"https:\/\/infoecos.com.ar\/index.php\/embistio-a-su-ex-pareja-hace-un-mes-se-fue-a-vivir-a-bolivar-y-lo-detuvieron-en-estas-horas\/#primaryimage"},"image":{"@id":"https:\/\/infoecos.com.ar\/index.php\/embistio-a-su-ex-pareja-hace-un-mes-se-fue-a-vivir-a-bolivar-y-lo-detuvieron-en-estas-horas\/#primaryimage"},"thumbnailUrl":"https:\/\/infoecos.com.ar\/wp-content\/uploads\/2021\/10\/222.png","datePublished":"2021-10-21T17:44:20+00:00","dateModified":"2021-10-22T09:16:46+00:00","breadcrumb":{"@id":"https:\/\/infoecos.com.ar\/index.php\/embistio-a-su-ex-pareja-hace-un-mes-se-fue-a-vivir-a-bolivar-y-lo-detuvieron-en-estas-horas\/#breadcrumb"},"inLanguage":"es","potentialAction":[{"@type":"ReadAction","target":["https:\/\/infoecos.com.ar\/index.php\/embistio-a-su-ex-pareja-hace-un-mes-se-fue-a-vivir-a-bolivar-y-lo-detuvieron-en-estas-horas\/"]}]},{"@type":"ImageObject","inLanguage":"es","@id":"https:\/\/infoecos.com.ar\/index.php\/embistio-a-su-ex-pareja-hace-un-mes-se-fue-a-vivir-a-bolivar-y-lo-detuvieron-en-estas-horas\/#primaryimage","url":"https:\/\/infoecos.com.ar\/wp-content\/uploads\/2021\/10\/222.png","contentUrl":"https:\/\/infoecos.com.ar\/wp-content\/uploads\/2021\/10\/222.png","width":300,"height":145},{"@type":"BreadcrumbList","@id":"https:\/\/infoecos.com.ar\/index.php\/embistio-a-su-ex-pareja-hace-un-mes-se-fue-a-vivir-a-bolivar-y-lo-detuvieron-en-estas-horas\/#breadcrumb","itemListElement":[{"@type":"ListItem","position":1,"name":"Portada","item":"https:\/\/infoecos.com.ar\/"},{"@type":"ListItem","position":2,"name":"Embisti\u00f3 a su ex pareja hace un mes, se fue a vivir a Bol\u00edvar y lo detuvieron en estas horas"}]},{"@type":"WebSite","@id":"https:\/\/infoecos.com.ar\/#website","url":"https:\/\/infoecos.com.ar\/","name":"Infoecos","description":"Noticias de trenque lauquen y la zona","publisher":{"@id":"https:\/\/infoecos.com.ar\/#organization"},"alternateName":"Noticias","potentialAction":[{"@type":"SearchAction","target":{"@type":"EntryPoint","urlTemplate":"https:\/\/infoecos.com.ar\/?s={search_term_string}"},"query-input":{"@type":"PropertyValueSpecification","valueRequired":true,"valueName":"search_term_string"}}],"inLanguage":"es"},{"@type":"Organization","@id":"https:\/\/infoecos.com.ar\/#organization","name":"Infoecos","alternateName":"Noticias","url":"https:\/\/infoecos.com.ar\/","logo":{"@type":"ImageObject","inLanguage":"es","@id":"https:\/\/infoecos.com.ar\/#\/schema\/logo\/image\/","url":"https:\/\/infoecos.com.ar\/wp-content\/uploads\/2024\/03\/cropped-logo.png","contentUrl":"https:\/\/infoecos.com.ar\/wp-content\/uploads\/2024\/03\/cropped-logo.png","width":374,"height":90,"caption":"Infoecos"},"image":{"@id":"https:\/\/infoecos.com.ar\/#\/schema\/logo\/image\/"},"sameAs":["https:\/\/www.facebook.com\/profile.php?id=100063200290284","https:\/\/x.com\/infoecos"]},{"@type":"Person","@id":"https:\/\/infoecos.com.ar\/#\/schema\/person\/8f5ace5ce73b4b4aac4b7245aee6f191","name":"Jorge Matheus","url":"https:\/\/infoecos.com.ar\/index.php\/author\/jomatheus\/"}]}},"featured_image_urls":{"full":["https:\/\/infoecos.com.ar\/wp-content\/uploads\/2021\/10\/222.png",300,145,false],"thumbnail":["https:\/\/infoecos.com.ar\/wp-content\/uploads\/2021\/10\/222-150x145.png",150,145,true],"medium":["https:\/\/infoecos.com.ar\/wp-content\/uploads\/2021\/10\/222.png",300,145,false],"medium_large":["https:\/\/infoecos.com.ar\/wp-content\/uploads\/2021\/10\/222.png",300,145,false],"large":["https:\/\/infoecos.com.ar\/wp-content\/uploads\/2021\/10\/222.png",300,145,false],"1536x1536":["https:\/\/infoecos.com.ar\/wp-content\/uploads\/2021\/10\/222.png",300,145,false],"2048x2048":["https:\/\/infoecos.com.ar\/wp-content\/uploads\/2021\/10\/222.png",300,145,false],"covernews-slider-full":["https:\/\/infoecos.com.ar\/wp-content\/uploads\/2021\/10\/222.png",300,145,false],"covernews-slider-center":["https:\/\/infoecos.com.ar\/wp-content\/uploads\/2021\/10\/222.png",300,145,false],"covernews-featured":["https:\/\/infoecos.com.ar\/wp-content\/uploads\/2021\/10\/222.png",300,145,false],"covernews-medium":["https:\/\/infoecos.com.ar\/wp-content\/uploads\/2021\/10\/222.png",300,145,false],"covernews-medium-square":["https:\/\/infoecos.com.ar\/wp-content\/uploads\/2021\/10\/222.png",300,145,false]},"author_info":{"info":["Jorge Matheus"]},"category_info":"<a href=\"https:\/\/infoecos.com.ar\/index.php\/category\/c1nota5\/\" rel=\"category tag\">C1 nota 5<\/a>","tag_info":"C1 nota 5","comment_count":"0","_links":{"self":[{"href":"https:\/\/infoecos.com.ar\/index.php\/wp-json\/wp\/v2\/posts\/88585"}],"collection":[{"href":"https:\/\/infoecos.com.ar\/index.php\/wp-json\/wp\/v2\/posts"}],"about":[{"href":"https:\/\/infoecos.com.ar\/index.php\/wp-json\/wp\/v2\/types\/post"}],"author":[{"embeddable":true,"href":"https:\/\/infoecos.com.ar\/index.php\/wp-json\/wp\/v2\/users\/2"}],"replies":[{"embeddable":true,"href":"https:\/\/infoecos.com.ar\/index.php\/wp-json\/wp\/v2\/comments?post=88585"}],"version-history":[{"count":1,"href":"https:\/\/infoecos.com.ar\/index.php\/wp-json\/wp\/v2\/posts\/88585\/revisions"}],"predecessor-version":[{"id":88588,"href":"https:\/\/infoecos.com.ar\/index.php\/wp-json\/wp\/v2\/posts\/88585\/revisions\/88588"}],"wp:featuredmedia":[{"embeddable":true,"href":"https:\/\/infoecos.com.ar\/index.php\/wp-json\/wp\/v2\/media\/88586"}],"wp:attachment":[{"href":"https:\/\/infoecos.com.ar\/index.php\/wp-json\/wp\/v2\/media?parent=88585"}],"wp:term":[{"taxonomy":"category","embeddable":true,"href":"https:\/\/infoecos.com.ar\/index.php\/wp-json\/wp\/v2\/categories?post=88585"},{"taxonomy":"post_tag","embeddable":true,"href":"https:\/\/infoecos.com.ar\/index.php\/wp-json\/wp\/v2\/tags?post=88585"}],"curies":[{"name":"wp","href":"https:\/\/api.w.org\/{rel}","templated":true}]}}