{"id":88595,"date":"2021-10-22T05:02:15","date_gmt":"2021-10-22T08:02:15","guid":{"rendered":"http:\/\/infoecos.com.ar\/?p=88595"},"modified":"2021-10-25T02:40:10","modified_gmt":"2021-10-25T05:40:10","slug":"aprobaron-el-pliego-de-alejandro-formento-como-director-del-banco-provincia","status":"publish","type":"post","link":"https:\/\/infoecos.com.ar\/index.php\/aprobaron-el-pliego-de-alejandro-formento-como-director-del-banco-provincia\/","title":{"rendered":"Aprobaron el pliego de Alejandro Formento como Director del Banco Provincia"},"content":{"rendered":"\n<p class=\"wp-block-paragraph\">El Senado de la provincia de Buenos Aires aprob\u00f3 el Programa de Reactivaci\u00f3n del Turismo Bonaerense, que incluye un conjunto de medidas destinadas a apuntalar uno de los sectores m\u00e1s golpeados por la pandemia.<\/p>\n\n\n\n<p class=\"wp-block-paragraph\">El proyecto, que gir\u00f3 a la C\u00e1mara de Diputados, prev\u00e9 profundizar la eximici\u00f3n del pago del impuesto inmobiliario a las empresas que brindan servicios de hospedaje durante el per\u00edodo comprendido entre marzo de 2020 y septiembre de 2021.<\/p>\n\n\n\n<div class=\"wp-block-image is-style-default\"><figure class=\"aligncenter size-medium\"><img loading=\"lazy\" decoding=\"async\" width=\"460\" height=\"307\" src=\"http:\/\/infoecos.com.ar\/wp-content\/uploads\/2021\/10\/senadodebuenosaires-460x307.jpg\" alt=\"\" class=\"wp-image-88596\" srcset=\"https:\/\/infoecos.com.ar\/wp-content\/uploads\/2021\/10\/senadodebuenosaires-460x307.jpg 460w, https:\/\/infoecos.com.ar\/wp-content\/uploads\/2021\/10\/senadodebuenosaires-920x613.jpg 920w, https:\/\/infoecos.com.ar\/wp-content\/uploads\/2021\/10\/senadodebuenosaires-768x512.jpg 768w, https:\/\/infoecos.com.ar\/wp-content\/uploads\/2021\/10\/senadodebuenosaires-1024x682.jpg 1024w, https:\/\/infoecos.com.ar\/wp-content\/uploads\/2021\/10\/senadodebuenosaires-675x450.jpg 675w, https:\/\/infoecos.com.ar\/wp-content\/uploads\/2021\/10\/senadodebuenosaires.jpg 1400w\" sizes=\"auto, (max-width: 460px) 100vw, 460px\" \/><\/figure><\/div>\n\n\n\n<p class=\"wp-block-paragraph\">El efecto de la exenci\u00f3n es la generaci\u00f3n de un cr\u00e9dito fiscal, que anula deudas e intereses de las cuotas no pagadas y genera un saldo disponible por los montos abonados.<\/p>\n\n\n\n<p class=\"wp-block-paragraph\">Adem\u00e1s, la Provincia garantiza el viaje de fin de curso para todos los j\u00f3venes del \u00faltimo a\u00f1o de secundaria en escuelas de gesti\u00f3n estatal y privada y otorga apoyo econ\u00f3mico para el desarrollo de las tradicionales fiestas populares y eventos culturales y art\u00edsticos en todo el territorio bonaerense.<\/p>\n\n\n\n<p class=\"wp-block-paragraph\">El Cuerpo tambi\u00e9n aprob\u00f3 por unanimidad el pliego enviado por el gobernador Axel Kicillof para designar a Alejandro Formento como director en el Banco Provincia.<\/p>\n\n\n\n<div class=\"wp-block-image is-style-default\"><figure class=\"aligncenter size-medium\"><img loading=\"lazy\" decoding=\"async\" width=\"460\" height=\"307\" src=\"http:\/\/infoecos.com.ar\/wp-content\/uploads\/2021\/10\/senadodebuenosaires1-460x307.jpg\" alt=\"\" class=\"wp-image-88597\" srcset=\"https:\/\/infoecos.com.ar\/wp-content\/uploads\/2021\/10\/senadodebuenosaires1-460x307.jpg 460w, https:\/\/infoecos.com.ar\/wp-content\/uploads\/2021\/10\/senadodebuenosaires1-920x613.jpg 920w, https:\/\/infoecos.com.ar\/wp-content\/uploads\/2021\/10\/senadodebuenosaires1-768x512.jpg 768w, https:\/\/infoecos.com.ar\/wp-content\/uploads\/2021\/10\/senadodebuenosaires1-1024x683.jpg 1024w, https:\/\/infoecos.com.ar\/wp-content\/uploads\/2021\/10\/senadodebuenosaires1-675x450.jpg 675w, https:\/\/infoecos.com.ar\/wp-content\/uploads\/2021\/10\/senadodebuenosaires1.jpg 1392w\" sizes=\"auto, (max-width: 460px) 100vw, 460px\" \/><\/figure><\/div>\n\n\n\n<p class=\"wp-block-paragraph\">De este modo, reemplazar\u00e1 a Juliana Di Tullio, quien asumi\u00f3 como senadora nacional en reemplazo de Jorge Taiana, y de este modo, la entidad recupera el qu\u00f3rum para funcionar.<\/p>\n\n\n\n<p class=\"wp-block-paragraph\">Por otro lado, la C\u00e1mara Alta provincial design\u00f3 por unanimidad a su nuevo secretario administrativo, Mart\u00edn Di Bella, quien reemplazar\u00e1 a Roberto Feletti, actual secretario de Comercio Interior de la Naci\u00f3n.<\/p>\n\n\n\n<div class=\"wp-block-image is-style-default\"><figure class=\"aligncenter size-medium\"><img loading=\"lazy\" decoding=\"async\" width=\"460\" height=\"307\" src=\"http:\/\/infoecos.com.ar\/wp-content\/uploads\/2021\/10\/senadodebuenosaires2-460x307.jpg\" alt=\"\" class=\"wp-image-88598\" srcset=\"https:\/\/infoecos.com.ar\/wp-content\/uploads\/2021\/10\/senadodebuenosaires2-460x307.jpg 460w, https:\/\/infoecos.com.ar\/wp-content\/uploads\/2021\/10\/senadodebuenosaires2-920x613.jpg 920w, https:\/\/infoecos.com.ar\/wp-content\/uploads\/2021\/10\/senadodebuenosaires2-768x512.jpg 768w, https:\/\/infoecos.com.ar\/wp-content\/uploads\/2021\/10\/senadodebuenosaires2-1024x682.jpg 1024w, https:\/\/infoecos.com.ar\/wp-content\/uploads\/2021\/10\/senadodebuenosaires2-675x450.jpg 675w, https:\/\/infoecos.com.ar\/wp-content\/uploads\/2021\/10\/senadodebuenosaires2.jpg 1400w\" sizes=\"auto, (max-width: 460px) 100vw, 460px\" \/><figcaption>Di Bella, Mart\u00edn<\/figcaption><\/figure><\/div>\n\n\n\n<p class=\"wp-block-paragraph\">Di Bella, quien prest\u00f3 juramento para desempe\u00f1ar el cargo, es ex titular de ARBA y ocup\u00f3 funciones como subsecretario de Hacienda, Director Provincial de Programas de Desarrollo de la Unidad Coordinadora de Organismos Internacionales (UCO), Director Provincial de Programaci\u00f3n y Gesti\u00f3n Municipal y Director Provincial de Gesti\u00f3n y Seguimiento Presupuestario&nbsp; de la&nbsp; Subsecretar\u00eda de Asuntos Municipales, entre otros.<\/p>\n\n\n\n<p class=\"wp-block-paragraph\">\u201cCon la pandemia tuvimos que adaptarnos a distintos formatos, y Roberto Feletti fue parte de los que cuid\u00f3 a los trabajadores, de los que acompa\u00f1\u00f3 y de los que hizo funcionar este Senado junto a nuestro secretario legislativo, y nos permiti\u00f3 poder seguir a pesar de la pandemia\u201d, reconoci\u00f3 la presidenta del Cuerpo, Ver\u00f3nica Magario.<\/p>\n\n\n\n<div class=\"wp-block-image is-style-default\"><figure class=\"aligncenter size-medium\"><img loading=\"lazy\" decoding=\"async\" width=\"460\" height=\"273\" src=\"http:\/\/infoecos.com.ar\/wp-content\/uploads\/2021\/10\/formentoalejandro-460x273.jpg\" alt=\"\" class=\"wp-image-88599\" srcset=\"https:\/\/infoecos.com.ar\/wp-content\/uploads\/2021\/10\/formentoalejandro-460x273.jpg 460w, https:\/\/infoecos.com.ar\/wp-content\/uploads\/2021\/10\/formentoalejandro.jpg 668w\" sizes=\"auto, (max-width: 460px) 100vw, 460px\" \/><\/figure><\/div>\n\n\n\n<p class=\"wp-block-paragraph\">En esa l\u00ednea, los jefes de los dos bloques del Senado destacaron la labor del ex secretario administrativo.<\/p>\n\n\n\n<p class=\"wp-block-paragraph\">Por \u00faltimo, el senador Omar Plaini record\u00f3 la gesta del 17 de octubre de 1945, a d\u00edas de celebrarse el D\u00eda de la Lealtad peronista.<\/p>\n","protected":false},"excerpt":{"rendered":"<p>El Senado de la provincia de Buenos Aires tambi\u00e9n aprob\u00f3 el Programa de Reactivaci\u00f3n del Turismo Bonaerense, que incluye un conjunto de medidas destinadas a apuntalar uno de los sectores m\u00e1s golpeados por la pandemia<\/p>\n","protected":false},"author":2,"featured_media":88597,"comment_status":"closed","ping_status":"open","sticky":false,"template":"","format":"standard","meta":{"footnotes":""},"categories":[200],"tags":[],"class_list":["post-88595","post","type-post","status-publish","format-standard","has-post-thumbnail","hentry","category-inferior8"],"featured_image_urls":{"full":["https:\/\/infoecos.com.ar\/wp-content\/uploads\/2021\/10\/senadodebuenosaires1.jpg",1392,928,false],"thumbnail":["https:\/\/infoecos.com.ar\/wp-content\/uploads\/2021\/10\/senadodebuenosaires1-150x150.jpg",150,150,true],"medium":["https:\/\/infoecos.com.ar\/wp-content\/uploads\/2021\/10\/senadodebuenosaires1-460x307.jpg",460,307,true],"medium_large":["https:\/\/infoecos.com.ar\/wp-content\/uploads\/2021\/10\/senadodebuenosaires1-768x512.jpg",640,427,true],"large":["https:\/\/infoecos.com.ar\/wp-content\/uploads\/2021\/10\/senadodebuenosaires1-920x613.jpg",640,426,true],"1536x1536":["https:\/\/infoecos.com.ar\/wp-content\/uploads\/2021\/10\/senadodebuenosaires1.jpg",1392,928,false],"2048x2048":["https:\/\/infoecos.com.ar\/wp-content\/uploads\/2021\/10\/senadodebuenosaires1.jpg",1392,928,false],"covernews-slider-full":["https:\/\/infoecos.com.ar\/wp-content\/uploads\/2021\/10\/senadodebuenosaires1.jpg",1073,715,false],"covernews-slider-center":["https:\/\/infoecos.com.ar\/wp-content\/uploads\/2021\/10\/senadodebuenosaires1-936x897.jpg",522,500,true],"covernews-featured":["https:\/\/infoecos.com.ar\/wp-content\/uploads\/2021\/10\/senadodebuenosaires1-1024x683.jpg",1024,683,true],"covernews-medium":["https:\/\/infoecos.com.ar\/wp-content\/uploads\/2021\/10\/senadodebuenosaires1-720x380.jpg",540,285,true],"covernews-medium-square":["https:\/\/infoecos.com.ar\/wp-content\/uploads\/2021\/10\/senadodebuenosaires1-675x450.jpg",375,250,true]},"author_info":{"info":["Jorge Matheus"]},"category_info":"<a href=\"https:\/\/infoecos.com.ar\/index.php\/category\/inferior8\/\" rel=\"category tag\">Bloque inferior - 8<\/a>","tag_info":"Bloque inferior - 8","comment_count":"0","_links":{"self":[{"href":"https:\/\/infoecos.com.ar\/index.php\/wp-json\/wp\/v2\/posts\/88595","targetHints":{"allow":["GET"]}}],"collection":[{"href":"https:\/\/infoecos.com.ar\/index.php\/wp-json\/wp\/v2\/posts"}],"about":[{"href":"https:\/\/infoecos.com.ar\/index.php\/wp-json\/wp\/v2\/types\/post"}],"author":[{"embeddable":true,"href":"https:\/\/infoecos.com.ar\/index.php\/wp-json\/wp\/v2\/users\/2"}],"replies":[{"embeddable":true,"href":"https:\/\/infoecos.com.ar\/index.php\/wp-json\/wp\/v2\/comments?post=88595"}],"version-history":[{"count":1,"href":"https:\/\/infoecos.com.ar\/index.php\/wp-json\/wp\/v2\/posts\/88595\/revisions"}],"predecessor-version":[{"id":88600,"href":"https:\/\/infoecos.com.ar\/index.php\/wp-json\/wp\/v2\/posts\/88595\/revisions\/88600"}],"wp:featuredmedia":[{"embeddable":true,"href":"https:\/\/infoecos.com.ar\/index.php\/wp-json\/wp\/v2\/media\/88597"}],"wp:attachment":[{"href":"https:\/\/infoecos.com.ar\/index.php\/wp-json\/wp\/v2\/media?parent=88595"}],"wp:term":[{"taxonomy":"category","embeddable":true,"href":"https:\/\/infoecos.com.ar\/index.php\/wp-json\/wp\/v2\/categories?post=88595"},{"taxonomy":"post_tag","embeddable":true,"href":"https:\/\/infoecos.com.ar\/index.php\/wp-json\/wp\/v2\/tags?post=88595"}],"curies":[{"name":"wp","href":"https:\/\/api.w.org\/{rel}","templated":true}]}}