{"id":88610,"date":"2021-10-22T05:23:50","date_gmt":"2021-10-22T08:23:50","guid":{"rendered":"http:\/\/infoecos.com.ar\/?p=88610"},"modified":"2021-10-25T02:39:43","modified_gmt":"2021-10-25T05:39:43","slug":"las-clases-en-todo-el-pais-a-excepcion-de-caba-y-corrientes-comenzaran-el-2-de-marzo","status":"publish","type":"post","link":"https:\/\/infoecos.com.ar\/index.php\/las-clases-en-todo-el-pais-a-excepcion-de-caba-y-corrientes-comenzaran-el-2-de-marzo\/","title":{"rendered":"Las clases en todo el pa\u00eds, a excepci\u00f3n de CABA y Corrientes, comenzar\u00e1n el 2 de marzo"},"content":{"rendered":"\n<p>Ministras y ministros de las 24 jurisdicciones educativas celebraron la 112\u00b0 asamblea del Consejo Federal de Educaci\u00f3n (CFE) presidida por el ministro de Educaci\u00f3n nacional, Jaime Perczyk. En esta reuni\u00f3n, se acord\u00f3 el&nbsp;<strong>2 de marzo<\/strong>&nbsp;como fecha de inicio para el ciclo lectivo 2022 en todo el pa\u00eds -a excepci\u00f3n de CABA que comienza el 21 de febrero y Corrientes el 14 de febrero.<\/p>\n\n\n\n<p>Se estableci\u00f3 que, al menos, se dicten 190 d\u00edas de clases con la posibilidad de que cada jurisdicci\u00f3n defina sumar d\u00edas y horas para priorizar los aprendizajes afectados por la pandemia de COVID-19 y la recuperaci\u00f3n de los tiempos escolares. <\/p>\n\n\n\n<p>Se fijaron 15 d\u00edas de vacaciones durante el mes de julio para que cada una de las jurisdicciones los seleccione a fin de promover el turismo local y entre provincias.<\/p>\n\n\n\n<div class=\"wp-block-image is-style-default\"><figure class=\"aligncenter size-medium\"><img loading=\"lazy\" decoding=\"async\" width=\"460\" height=\"308\" src=\"http:\/\/infoecos.com.ar\/wp-content\/uploads\/2021\/10\/educacionministro-460x308.jpg\" alt=\"\" class=\"wp-image-88611\" srcset=\"https:\/\/infoecos.com.ar\/wp-content\/uploads\/2021\/10\/educacionministro-460x308.jpg 460w, https:\/\/infoecos.com.ar\/wp-content\/uploads\/2021\/10\/educacionministro-920x615.jpg 920w, https:\/\/infoecos.com.ar\/wp-content\/uploads\/2021\/10\/educacionministro-768x513.jpg 768w, https:\/\/infoecos.com.ar\/wp-content\/uploads\/2021\/10\/educacionministro-1536x1027.jpg 1536w, https:\/\/infoecos.com.ar\/wp-content\/uploads\/2021\/10\/educacionministro-2048x1369.jpg 2048w, https:\/\/infoecos.com.ar\/wp-content\/uploads\/2021\/10\/educacionministro-1024x685.jpg 1024w, https:\/\/infoecos.com.ar\/wp-content\/uploads\/2021\/10\/educacionministro-675x450.jpg 675w\" sizes=\"(max-width: 460px) 100vw, 460px\" \/><\/figure><\/div>\n","protected":false},"excerpt":{"rendered":"<p>Ministras y ministros de las 24 jurisdicciones educativas celebraron la 112\u00b0 asamblea del Consejo Federal&#8230;<\/p>\n","protected":false},"author":2,"featured_media":88611,"comment_status":"closed","ping_status":"open","sticky":false,"template":"","format":"standard","meta":{"footnotes":""},"categories":[199],"tags":[5512],"class_list":["post-88610","post","type-post","status-publish","format-standard","has-post-thumbnail","hentry","category-inferior7","tag-se-reunio-el-consejo-federal-de-educacion"],"yoast_head":"<!-- This site is optimized with the Yoast SEO plugin v23.4 - https:\/\/yoast.com\/wordpress\/plugins\/seo\/ -->\n<title>Las clases en todo el pa\u00eds, a excepci\u00f3n de CABA y Corrientes, comenzar\u00e1n el 2 de marzo - Infoecos<\/title>\n<meta name=\"robots\" content=\"index, follow, max-snippet:-1, max-image-preview:large, max-video-preview:-1\" \/>\n<link rel=\"canonical\" href=\"https:\/\/infoecos.com.ar\/index.php\/las-clases-en-todo-el-pais-a-excepcion-de-caba-y-corrientes-comenzaran-el-2-de-marzo\/\" \/>\n<meta property=\"og:locale\" content=\"es_ES\" \/>\n<meta property=\"og:type\" content=\"article\" \/>\n<meta property=\"og:title\" content=\"Las clases en todo el pa\u00eds, a excepci\u00f3n de CABA y Corrientes, comenzar\u00e1n el 2 de marzo - Infoecos\" \/>\n<meta property=\"og:description\" content=\"Ministras y ministros de las 24 jurisdicciones educativas celebraron la 112\u00b0 asamblea del Consejo Federal...\" \/>\n<meta property=\"og:url\" content=\"https:\/\/infoecos.com.ar\/index.php\/las-clases-en-todo-el-pais-a-excepcion-de-caba-y-corrientes-comenzaran-el-2-de-marzo\/\" \/>\n<meta property=\"og:site_name\" content=\"Infoecos\" \/>\n<meta property=\"article:publisher\" content=\"https:\/\/www.facebook.com\/profile.php?id=100063200290284\" \/>\n<meta property=\"article:published_time\" content=\"2021-10-22T08:23:50+00:00\" \/>\n<meta property=\"article:modified_time\" content=\"2021-10-25T05:39:43+00:00\" \/>\n<meta property=\"og:image\" content=\"https:\/\/infoecos.com.ar\/wp-content\/uploads\/2021\/10\/educacionministro-scaled.jpg\" \/>\n\t<meta property=\"og:image:width\" content=\"2560\" \/>\n\t<meta property=\"og:image:height\" content=\"1711\" \/>\n\t<meta property=\"og:image:type\" content=\"image\/jpeg\" \/>\n<meta name=\"author\" content=\"Jorge Matheus\" \/>\n<meta name=\"twitter:card\" content=\"summary_large_image\" \/>\n<meta name=\"twitter:creator\" content=\"@infoecos\" \/>\n<meta name=\"twitter:site\" content=\"@infoecos\" \/>\n<meta name=\"twitter:label1\" content=\"Escrito por\" \/>\n\t<meta name=\"twitter:data1\" content=\"Jorge Matheus\" \/>\n\t<meta name=\"twitter:label2\" content=\"Tiempo de lectura\" \/>\n\t<meta name=\"twitter:data2\" content=\"1 minuto\" \/>\n<script type=\"application\/ld+json\" class=\"yoast-schema-graph\">{\"@context\":\"https:\/\/schema.org\",\"@graph\":[{\"@type\":\"Article\",\"@id\":\"https:\/\/infoecos.com.ar\/index.php\/las-clases-en-todo-el-pais-a-excepcion-de-caba-y-corrientes-comenzaran-el-2-de-marzo\/#article\",\"isPartOf\":{\"@id\":\"https:\/\/infoecos.com.ar\/index.php\/las-clases-en-todo-el-pais-a-excepcion-de-caba-y-corrientes-comenzaran-el-2-de-marzo\/\"},\"author\":{\"name\":\"Jorge Matheus\",\"@id\":\"https:\/\/infoecos.com.ar\/#\/schema\/person\/8f5ace5ce73b4b4aac4b7245aee6f191\"},\"headline\":\"Las clases en todo el pa\u00eds, a excepci\u00f3n de CABA y Corrientes, comenzar\u00e1n el 2 de marzo\",\"datePublished\":\"2021-10-22T08:23:50+00:00\",\"dateModified\":\"2021-10-25T05:39:43+00:00\",\"mainEntityOfPage\":{\"@id\":\"https:\/\/infoecos.com.ar\/index.php\/las-clases-en-todo-el-pais-a-excepcion-de-caba-y-corrientes-comenzaran-el-2-de-marzo\/\"},\"wordCount\":158,\"publisher\":{\"@id\":\"https:\/\/infoecos.com.ar\/#organization\"},\"image\":{\"@id\":\"https:\/\/infoecos.com.ar\/index.php\/las-clases-en-todo-el-pais-a-excepcion-de-caba-y-corrientes-comenzaran-el-2-de-marzo\/#primaryimage\"},\"thumbnailUrl\":\"https:\/\/infoecos.com.ar\/wp-content\/uploads\/2021\/10\/educacionministro-scaled.jpg\",\"keywords\":[\"SE REUNI\u00d3 EL CONSEJO FEDERAL DE EDUCACI\u00d3N\"],\"articleSection\":[\"Bloque inferior - 7\"],\"inLanguage\":\"es\"},{\"@type\":\"WebPage\",\"@id\":\"https:\/\/infoecos.com.ar\/index.php\/las-clases-en-todo-el-pais-a-excepcion-de-caba-y-corrientes-comenzaran-el-2-de-marzo\/\",\"url\":\"https:\/\/infoecos.com.ar\/index.php\/las-clases-en-todo-el-pais-a-excepcion-de-caba-y-corrientes-comenzaran-el-2-de-marzo\/\",\"name\":\"Las clases en todo el pa\u00eds, a excepci\u00f3n de CABA y Corrientes, comenzar\u00e1n el 2 de marzo - Infoecos\",\"isPartOf\":{\"@id\":\"https:\/\/infoecos.com.ar\/#website\"},\"primaryImageOfPage\":{\"@id\":\"https:\/\/infoecos.com.ar\/index.php\/las-clases-en-todo-el-pais-a-excepcion-de-caba-y-corrientes-comenzaran-el-2-de-marzo\/#primaryimage\"},\"image\":{\"@id\":\"https:\/\/infoecos.com.ar\/index.php\/las-clases-en-todo-el-pais-a-excepcion-de-caba-y-corrientes-comenzaran-el-2-de-marzo\/#primaryimage\"},\"thumbnailUrl\":\"https:\/\/infoecos.com.ar\/wp-content\/uploads\/2021\/10\/educacionministro-scaled.jpg\",\"datePublished\":\"2021-10-22T08:23:50+00:00\",\"dateModified\":\"2021-10-25T05:39:43+00:00\",\"breadcrumb\":{\"@id\":\"https:\/\/infoecos.com.ar\/index.php\/las-clases-en-todo-el-pais-a-excepcion-de-caba-y-corrientes-comenzaran-el-2-de-marzo\/#breadcrumb\"},\"inLanguage\":\"es\",\"potentialAction\":[{\"@type\":\"ReadAction\",\"target\":[\"https:\/\/infoecos.com.ar\/index.php\/las-clases-en-todo-el-pais-a-excepcion-de-caba-y-corrientes-comenzaran-el-2-de-marzo\/\"]}]},{\"@type\":\"ImageObject\",\"inLanguage\":\"es\",\"@id\":\"https:\/\/infoecos.com.ar\/index.php\/las-clases-en-todo-el-pais-a-excepcion-de-caba-y-corrientes-comenzaran-el-2-de-marzo\/#primaryimage\",\"url\":\"https:\/\/infoecos.com.ar\/wp-content\/uploads\/2021\/10\/educacionministro-scaled.jpg\",\"contentUrl\":\"https:\/\/infoecos.com.ar\/wp-content\/uploads\/2021\/10\/educacionministro-scaled.jpg\",\"width\":2560,\"height\":1711},{\"@type\":\"BreadcrumbList\",\"@id\":\"https:\/\/infoecos.com.ar\/index.php\/las-clases-en-todo-el-pais-a-excepcion-de-caba-y-corrientes-comenzaran-el-2-de-marzo\/#breadcrumb\",\"itemListElement\":[{\"@type\":\"ListItem\",\"position\":1,\"name\":\"Portada\",\"item\":\"https:\/\/infoecos.com.ar\/\"},{\"@type\":\"ListItem\",\"position\":2,\"name\":\"Las clases en todo el pa\u00eds, a excepci\u00f3n de CABA y Corrientes, comenzar\u00e1n el 2 de marzo\"}]},{\"@type\":\"WebSite\",\"@id\":\"https:\/\/infoecos.com.ar\/#website\",\"url\":\"https:\/\/infoecos.com.ar\/\",\"name\":\"Infoecos\",\"description\":\"Noticias de trenque lauquen y la zona\",\"publisher\":{\"@id\":\"https:\/\/infoecos.com.ar\/#organization\"},\"alternateName\":\"Noticias\",\"potentialAction\":[{\"@type\":\"SearchAction\",\"target\":{\"@type\":\"EntryPoint\",\"urlTemplate\":\"https:\/\/infoecos.com.ar\/?s={search_term_string}\"},\"query-input\":{\"@type\":\"PropertyValueSpecification\",\"valueRequired\":true,\"valueName\":\"search_term_string\"}}],\"inLanguage\":\"es\"},{\"@type\":\"Organization\",\"@id\":\"https:\/\/infoecos.com.ar\/#organization\",\"name\":\"Infoecos\",\"alternateName\":\"Noticias\",\"url\":\"https:\/\/infoecos.com.ar\/\",\"logo\":{\"@type\":\"ImageObject\",\"inLanguage\":\"es\",\"@id\":\"https:\/\/infoecos.com.ar\/#\/schema\/logo\/image\/\",\"url\":\"https:\/\/infoecos.com.ar\/wp-content\/uploads\/2024\/03\/cropped-logo.png\",\"contentUrl\":\"https:\/\/infoecos.com.ar\/wp-content\/uploads\/2024\/03\/cropped-logo.png\",\"width\":374,\"height\":90,\"caption\":\"Infoecos\"},\"image\":{\"@id\":\"https:\/\/infoecos.com.ar\/#\/schema\/logo\/image\/\"},\"sameAs\":[\"https:\/\/www.facebook.com\/profile.php?id=100063200290284\",\"https:\/\/x.com\/infoecos\"]},{\"@type\":\"Person\",\"@id\":\"https:\/\/infoecos.com.ar\/#\/schema\/person\/8f5ace5ce73b4b4aac4b7245aee6f191\",\"name\":\"Jorge Matheus\",\"url\":\"https:\/\/infoecos.com.ar\/index.php\/author\/jomatheus\/\"}]}<\/script>\n<!-- \/ Yoast SEO plugin. -->","yoast_head_json":{"title":"Las clases en todo el pa\u00eds, a excepci\u00f3n de CABA y Corrientes, comenzar\u00e1n el 2 de marzo - Infoecos","robots":{"index":"index","follow":"follow","max-snippet":"max-snippet:-1","max-image-preview":"max-image-preview:large","max-video-preview":"max-video-preview:-1"},"canonical":"https:\/\/infoecos.com.ar\/index.php\/las-clases-en-todo-el-pais-a-excepcion-de-caba-y-corrientes-comenzaran-el-2-de-marzo\/","og_locale":"es_ES","og_type":"article","og_title":"Las clases en todo el pa\u00eds, a excepci\u00f3n de CABA y Corrientes, comenzar\u00e1n el 2 de marzo - Infoecos","og_description":"Ministras y ministros de las 24 jurisdicciones educativas celebraron la 112\u00b0 asamblea del Consejo Federal...","og_url":"https:\/\/infoecos.com.ar\/index.php\/las-clases-en-todo-el-pais-a-excepcion-de-caba-y-corrientes-comenzaran-el-2-de-marzo\/","og_site_name":"Infoecos","article_publisher":"https:\/\/www.facebook.com\/profile.php?id=100063200290284","article_published_time":"2021-10-22T08:23:50+00:00","article_modified_time":"2021-10-25T05:39:43+00:00","og_image":[{"width":2560,"height":1711,"url":"https:\/\/infoecos.com.ar\/wp-content\/uploads\/2021\/10\/educacionministro-scaled.jpg","type":"image\/jpeg"}],"author":"Jorge Matheus","twitter_card":"summary_large_image","twitter_creator":"@infoecos","twitter_site":"@infoecos","twitter_misc":{"Escrito por":"Jorge Matheus","Tiempo de lectura":"1 minuto"},"schema":{"@context":"https:\/\/schema.org","@graph":[{"@type":"Article","@id":"https:\/\/infoecos.com.ar\/index.php\/las-clases-en-todo-el-pais-a-excepcion-de-caba-y-corrientes-comenzaran-el-2-de-marzo\/#article","isPartOf":{"@id":"https:\/\/infoecos.com.ar\/index.php\/las-clases-en-todo-el-pais-a-excepcion-de-caba-y-corrientes-comenzaran-el-2-de-marzo\/"},"author":{"name":"Jorge Matheus","@id":"https:\/\/infoecos.com.ar\/#\/schema\/person\/8f5ace5ce73b4b4aac4b7245aee6f191"},"headline":"Las clases en todo el pa\u00eds, a excepci\u00f3n de CABA y Corrientes, comenzar\u00e1n el 2 de marzo","datePublished":"2021-10-22T08:23:50+00:00","dateModified":"2021-10-25T05:39:43+00:00","mainEntityOfPage":{"@id":"https:\/\/infoecos.com.ar\/index.php\/las-clases-en-todo-el-pais-a-excepcion-de-caba-y-corrientes-comenzaran-el-2-de-marzo\/"},"wordCount":158,"publisher":{"@id":"https:\/\/infoecos.com.ar\/#organization"},"image":{"@id":"https:\/\/infoecos.com.ar\/index.php\/las-clases-en-todo-el-pais-a-excepcion-de-caba-y-corrientes-comenzaran-el-2-de-marzo\/#primaryimage"},"thumbnailUrl":"https:\/\/infoecos.com.ar\/wp-content\/uploads\/2021\/10\/educacionministro-scaled.jpg","keywords":["SE REUNI\u00d3 EL CONSEJO FEDERAL DE EDUCACI\u00d3N"],"articleSection":["Bloque inferior - 7"],"inLanguage":"es"},{"@type":"WebPage","@id":"https:\/\/infoecos.com.ar\/index.php\/las-clases-en-todo-el-pais-a-excepcion-de-caba-y-corrientes-comenzaran-el-2-de-marzo\/","url":"https:\/\/infoecos.com.ar\/index.php\/las-clases-en-todo-el-pais-a-excepcion-de-caba-y-corrientes-comenzaran-el-2-de-marzo\/","name":"Las clases en todo el pa\u00eds, a excepci\u00f3n de CABA y Corrientes, comenzar\u00e1n el 2 de marzo - Infoecos","isPartOf":{"@id":"https:\/\/infoecos.com.ar\/#website"},"primaryImageOfPage":{"@id":"https:\/\/infoecos.com.ar\/index.php\/las-clases-en-todo-el-pais-a-excepcion-de-caba-y-corrientes-comenzaran-el-2-de-marzo\/#primaryimage"},"image":{"@id":"https:\/\/infoecos.com.ar\/index.php\/las-clases-en-todo-el-pais-a-excepcion-de-caba-y-corrientes-comenzaran-el-2-de-marzo\/#primaryimage"},"thumbnailUrl":"https:\/\/infoecos.com.ar\/wp-content\/uploads\/2021\/10\/educacionministro-scaled.jpg","datePublished":"2021-10-22T08:23:50+00:00","dateModified":"2021-10-25T05:39:43+00:00","breadcrumb":{"@id":"https:\/\/infoecos.com.ar\/index.php\/las-clases-en-todo-el-pais-a-excepcion-de-caba-y-corrientes-comenzaran-el-2-de-marzo\/#breadcrumb"},"inLanguage":"es","potentialAction":[{"@type":"ReadAction","target":["https:\/\/infoecos.com.ar\/index.php\/las-clases-en-todo-el-pais-a-excepcion-de-caba-y-corrientes-comenzaran-el-2-de-marzo\/"]}]},{"@type":"ImageObject","inLanguage":"es","@id":"https:\/\/infoecos.com.ar\/index.php\/las-clases-en-todo-el-pais-a-excepcion-de-caba-y-corrientes-comenzaran-el-2-de-marzo\/#primaryimage","url":"https:\/\/infoecos.com.ar\/wp-content\/uploads\/2021\/10\/educacionministro-scaled.jpg","contentUrl":"https:\/\/infoecos.com.ar\/wp-content\/uploads\/2021\/10\/educacionministro-scaled.jpg","width":2560,"height":1711},{"@type":"BreadcrumbList","@id":"https:\/\/infoecos.com.ar\/index.php\/las-clases-en-todo-el-pais-a-excepcion-de-caba-y-corrientes-comenzaran-el-2-de-marzo\/#breadcrumb","itemListElement":[{"@type":"ListItem","position":1,"name":"Portada","item":"https:\/\/infoecos.com.ar\/"},{"@type":"ListItem","position":2,"name":"Las clases en todo el pa\u00eds, a excepci\u00f3n de CABA y Corrientes, comenzar\u00e1n el 2 de marzo"}]},{"@type":"WebSite","@id":"https:\/\/infoecos.com.ar\/#website","url":"https:\/\/infoecos.com.ar\/","name":"Infoecos","description":"Noticias de trenque lauquen y la zona","publisher":{"@id":"https:\/\/infoecos.com.ar\/#organization"},"alternateName":"Noticias","potentialAction":[{"@type":"SearchAction","target":{"@type":"EntryPoint","urlTemplate":"https:\/\/infoecos.com.ar\/?s={search_term_string}"},"query-input":{"@type":"PropertyValueSpecification","valueRequired":true,"valueName":"search_term_string"}}],"inLanguage":"es"},{"@type":"Organization","@id":"https:\/\/infoecos.com.ar\/#organization","name":"Infoecos","alternateName":"Noticias","url":"https:\/\/infoecos.com.ar\/","logo":{"@type":"ImageObject","inLanguage":"es","@id":"https:\/\/infoecos.com.ar\/#\/schema\/logo\/image\/","url":"https:\/\/infoecos.com.ar\/wp-content\/uploads\/2024\/03\/cropped-logo.png","contentUrl":"https:\/\/infoecos.com.ar\/wp-content\/uploads\/2024\/03\/cropped-logo.png","width":374,"height":90,"caption":"Infoecos"},"image":{"@id":"https:\/\/infoecos.com.ar\/#\/schema\/logo\/image\/"},"sameAs":["https:\/\/www.facebook.com\/profile.php?id=100063200290284","https:\/\/x.com\/infoecos"]},{"@type":"Person","@id":"https:\/\/infoecos.com.ar\/#\/schema\/person\/8f5ace5ce73b4b4aac4b7245aee6f191","name":"Jorge Matheus","url":"https:\/\/infoecos.com.ar\/index.php\/author\/jomatheus\/"}]}},"featured_image_urls":{"full":["https:\/\/infoecos.com.ar\/wp-content\/uploads\/2021\/10\/educacionministro-scaled.jpg",2560,1711,false],"thumbnail":["https:\/\/infoecos.com.ar\/wp-content\/uploads\/2021\/10\/educacionministro-150x150.jpg",150,150,true],"medium":["https:\/\/infoecos.com.ar\/wp-content\/uploads\/2021\/10\/educacionministro-460x308.jpg",460,308,true],"medium_large":["https:\/\/infoecos.com.ar\/wp-content\/uploads\/2021\/10\/educacionministro-768x513.jpg",640,428,true],"large":["https:\/\/infoecos.com.ar\/wp-content\/uploads\/2021\/10\/educacionministro-920x615.jpg",640,428,true],"1536x1536":["https:\/\/infoecos.com.ar\/wp-content\/uploads\/2021\/10\/educacionministro-1536x1027.jpg",1536,1027,true],"2048x2048":["https:\/\/infoecos.com.ar\/wp-content\/uploads\/2021\/10\/educacionministro-2048x1369.jpg",2048,1369,true],"covernews-slider-full":["https:\/\/infoecos.com.ar\/wp-content\/uploads\/2021\/10\/educacionministro-1536x1020.jpg",1077,715,true],"covernews-slider-center":["https:\/\/infoecos.com.ar\/wp-content\/uploads\/2021\/10\/educacionministro-936x897.jpg",522,500,true],"covernews-featured":["https:\/\/infoecos.com.ar\/wp-content\/uploads\/2021\/10\/educacionministro-1024x685.jpg",1024,685,true],"covernews-medium":["https:\/\/infoecos.com.ar\/wp-content\/uploads\/2021\/10\/educacionministro-720x380.jpg",540,285,true],"covernews-medium-square":["https:\/\/infoecos.com.ar\/wp-content\/uploads\/2021\/10\/educacionministro-675x450.jpg",375,250,true]},"author_info":{"info":["Jorge Matheus"]},"category_info":"<a href=\"https:\/\/infoecos.com.ar\/index.php\/category\/inferior7\/\" rel=\"category tag\">Bloque inferior - 7<\/a>","tag_info":"Bloque inferior - 7","comment_count":"0","_links":{"self":[{"href":"https:\/\/infoecos.com.ar\/index.php\/wp-json\/wp\/v2\/posts\/88610"}],"collection":[{"href":"https:\/\/infoecos.com.ar\/index.php\/wp-json\/wp\/v2\/posts"}],"about":[{"href":"https:\/\/infoecos.com.ar\/index.php\/wp-json\/wp\/v2\/types\/post"}],"author":[{"embeddable":true,"href":"https:\/\/infoecos.com.ar\/index.php\/wp-json\/wp\/v2\/users\/2"}],"replies":[{"embeddable":true,"href":"https:\/\/infoecos.com.ar\/index.php\/wp-json\/wp\/v2\/comments?post=88610"}],"version-history":[{"count":2,"href":"https:\/\/infoecos.com.ar\/index.php\/wp-json\/wp\/v2\/posts\/88610\/revisions"}],"predecessor-version":[{"id":88743,"href":"https:\/\/infoecos.com.ar\/index.php\/wp-json\/wp\/v2\/posts\/88610\/revisions\/88743"}],"wp:featuredmedia":[{"embeddable":true,"href":"https:\/\/infoecos.com.ar\/index.php\/wp-json\/wp\/v2\/media\/88611"}],"wp:attachment":[{"href":"https:\/\/infoecos.com.ar\/index.php\/wp-json\/wp\/v2\/media?parent=88610"}],"wp:term":[{"taxonomy":"category","embeddable":true,"href":"https:\/\/infoecos.com.ar\/index.php\/wp-json\/wp\/v2\/categories?post=88610"},{"taxonomy":"post_tag","embeddable":true,"href":"https:\/\/infoecos.com.ar\/index.php\/wp-json\/wp\/v2\/tags?post=88610"}],"curies":[{"name":"wp","href":"https:\/\/api.w.org\/{rel}","templated":true}]}}