{"id":88613,"date":"2021-10-22T05:42:02","date_gmt":"2021-10-22T08:42:02","guid":{"rendered":"http:\/\/infoecos.com.ar\/?p=88613"},"modified":"2021-10-22T05:42:12","modified_gmt":"2021-10-22T08:42:12","slug":"dia-nacional-del-derecho-a-la-identidad","status":"publish","type":"post","link":"https:\/\/infoecos.com.ar\/index.php\/dia-nacional-del-derecho-a-la-identidad\/","title":{"rendered":"D\u00eda Nacional del Derecho a la Identidad"},"content":{"rendered":"\n<p class=\"wp-block-paragraph\"><strong>El 22 de Octubre de 1930<\/strong><\/p>\n\n\n\n<p class=\"wp-block-paragraph\">Nace en Buenos Aires la docente y activista de los derechos humanos Estela de Carlotto (Enriqueta Estela Barnes de Carlotto), presidenta de Abuelas de Plaza de Mayo y madre de Laura Carlotto, desaparecida en 1977, madre del nieto a quien busc\u00f3 durante m\u00e1s de tres d\u00e9cadas. <\/p>\n\n\n\n<div class=\"wp-block-image is-style-default\"><figure class=\"aligncenter size-medium\"><img loading=\"lazy\" decoding=\"async\" width=\"460\" height=\"259\" src=\"http:\/\/infoecos.com.ar\/wp-content\/uploads\/2021\/10\/CARLOTTOESTELA-460x259.jpg\" alt=\"\" class=\"wp-image-88615\" srcset=\"https:\/\/infoecos.com.ar\/wp-content\/uploads\/2021\/10\/CARLOTTOESTELA-460x259.jpg 460w, https:\/\/infoecos.com.ar\/wp-content\/uploads\/2021\/10\/CARLOTTOESTELA.jpg 640w\" sizes=\"auto, (max-width: 460px) 100vw, 460px\" \/><\/figure><\/div>\n\n\n\n<p class=\"wp-block-paragraph\">En 2014, Ignacio Montoya Carlotto, nacido en 1978, fue el nieto n\u00famero 114 identificado por las Abuelas de Plaza de Mayo.<\/p>\n\n\n\n<p class=\"wp-block-paragraph\"><strong>El 22 de Octubre de 2014<\/strong><\/p>\n\n\n\n<p class=\"wp-block-paragraph\">Se conmemora el D\u00eda Nacional del Derecho a la Identidad, instituido en 2004 en homenaje a las Abuelas de Plaza de Mayo por su lucha por recuperar la verdadera identidad de los ni\u00f1os robados a sus padres durante la \u00faltima dictadura c\u00edvico militar.<\/p>\n\n\n\n<div class=\"wp-block-image is-style-default\"><figure class=\"aligncenter size-large is-resized\"><img loading=\"lazy\" decoding=\"async\" src=\"http:\/\/infoecos.com.ar\/wp-content\/uploads\/2021\/10\/ABUELASPLAZADEMAYO-1.jpg\" alt=\"\" class=\"wp-image-88616\" width=\"501\" height=\"350\"\/><\/figure><\/div>\n\n\n\n<p class=\"wp-block-paragraph\">Un grupo de mujeres se junta para reclamar, ya no solamente por sus hijos desaparecidos, sino tambi\u00e9n por los nietos secuestrados y que nacieron durante el cautiverio de mujeres embarazadas en centros clandestinos de detenci\u00f3n. <\/p>\n\n\n\n<p class=\"wp-block-paragraph\">La lucha de Abuelas de Plaza de Mayo es iniciada por doce mujeres, entre ellas, Mar\u00eda Isabel \u00abChicha\u00bb Chorobik de Mariani y Alicia \u00abLicha\u00bb de De la Cuadra, a quienes se sumaron otras mujeres. <\/p>\n\n\n\n<p class=\"wp-block-paragraph\">A la fecha, 130 nietos fueron recuperados y\u00a0<a href=\"https:\/\/www.pagina12.com.ar\/258622-abuelas-de-plaza-de-mayo-asegura-que-el-coronavirus-no-frena\">la b\u00fasqueda contin\u00faa<\/a>. En 2004, una ley del Congreso reconoce al 22 de octubre como el D\u00eda Nacional del Derecho a la Identidad.<\/p>\n","protected":false},"excerpt":{"rendered":"<p>Tambi\u00e9n, pero en 1930 nace Estela de Carlotto presidenta de Abuelas de Plaza de Mayo<\/p>\n","protected":false},"author":2,"featured_media":88616,"comment_status":"closed","ping_status":"open","sticky":false,"template":"","format":"standard","meta":{"footnotes":""},"categories":[50],"tags":[5054],"class_list":["post-88613","post","type-post","status-publish","format-standard","has-post-thumbnail","hentry","category-c1nota4","tag-iecos-efemerides"],"featured_image_urls":{"full":["https:\/\/infoecos.com.ar\/wp-content\/uploads\/2021\/10\/ABUELASPLAZADEMAYO-1.jpg",269,188,false],"thumbnail":["https:\/\/infoecos.com.ar\/wp-content\/uploads\/2021\/10\/ABUELASPLAZADEMAYO-1-150x150.jpg",150,150,true],"medium":["https:\/\/infoecos.com.ar\/wp-content\/uploads\/2021\/10\/ABUELASPLAZADEMAYO-1.jpg",269,188,false],"medium_large":["https:\/\/infoecos.com.ar\/wp-content\/uploads\/2021\/10\/ABUELASPLAZADEMAYO-1.jpg",269,188,false],"large":["https:\/\/infoecos.com.ar\/wp-content\/uploads\/2021\/10\/ABUELASPLAZADEMAYO-1.jpg",269,188,false],"1536x1536":["https:\/\/infoecos.com.ar\/wp-content\/uploads\/2021\/10\/ABUELASPLAZADEMAYO-1.jpg",269,188,false],"2048x2048":["https:\/\/infoecos.com.ar\/wp-content\/uploads\/2021\/10\/ABUELASPLAZADEMAYO-1.jpg",269,188,false],"covernews-slider-full":["https:\/\/infoecos.com.ar\/wp-content\/uploads\/2021\/10\/ABUELASPLAZADEMAYO-1.jpg",269,188,false],"covernews-slider-center":["https:\/\/infoecos.com.ar\/wp-content\/uploads\/2021\/10\/ABUELASPLAZADEMAYO-1.jpg",269,188,false],"covernews-featured":["https:\/\/infoecos.com.ar\/wp-content\/uploads\/2021\/10\/ABUELASPLAZADEMAYO-1.jpg",269,188,false],"covernews-medium":["https:\/\/infoecos.com.ar\/wp-content\/uploads\/2021\/10\/ABUELASPLAZADEMAYO-1.jpg",269,188,false],"covernews-medium-square":["https:\/\/infoecos.com.ar\/wp-content\/uploads\/2021\/10\/ABUELASPLAZADEMAYO-1.jpg",269,188,false]},"author_info":{"info":["Jorge Matheus"]},"category_info":"<a href=\"https:\/\/infoecos.com.ar\/index.php\/category\/c1nota4\/\" rel=\"category tag\">C1 N4<\/a>","tag_info":"C1 N4","comment_count":"0","_links":{"self":[{"href":"https:\/\/infoecos.com.ar\/index.php\/wp-json\/wp\/v2\/posts\/88613","targetHints":{"allow":["GET"]}}],"collection":[{"href":"https:\/\/infoecos.com.ar\/index.php\/wp-json\/wp\/v2\/posts"}],"about":[{"href":"https:\/\/infoecos.com.ar\/index.php\/wp-json\/wp\/v2\/types\/post"}],"author":[{"embeddable":true,"href":"https:\/\/infoecos.com.ar\/index.php\/wp-json\/wp\/v2\/users\/2"}],"replies":[{"embeddable":true,"href":"https:\/\/infoecos.com.ar\/index.php\/wp-json\/wp\/v2\/comments?post=88613"}],"version-history":[{"count":1,"href":"https:\/\/infoecos.com.ar\/index.php\/wp-json\/wp\/v2\/posts\/88613\/revisions"}],"predecessor-version":[{"id":88617,"href":"https:\/\/infoecos.com.ar\/index.php\/wp-json\/wp\/v2\/posts\/88613\/revisions\/88617"}],"wp:featuredmedia":[{"embeddable":true,"href":"https:\/\/infoecos.com.ar\/index.php\/wp-json\/wp\/v2\/media\/88616"}],"wp:attachment":[{"href":"https:\/\/infoecos.com.ar\/index.php\/wp-json\/wp\/v2\/media?parent=88613"}],"wp:term":[{"taxonomy":"category","embeddable":true,"href":"https:\/\/infoecos.com.ar\/index.php\/wp-json\/wp\/v2\/categories?post=88613"},{"taxonomy":"post_tag","embeddable":true,"href":"https:\/\/infoecos.com.ar\/index.php\/wp-json\/wp\/v2\/tags?post=88613"}],"curies":[{"name":"wp","href":"https:\/\/api.w.org\/{rel}","templated":true}]}}