{"id":88633,"date":"2021-10-22T08:10:46","date_gmt":"2021-10-22T11:10:46","guid":{"rendered":"http:\/\/infoecos.com.ar\/?p=88633"},"modified":"2021-10-22T08:10:47","modified_gmt":"2021-10-22T11:10:47","slug":"actividades-culturales-en-trenque-lauquen-desde-este-viernes-al-miercoles-proximo","status":"publish","type":"post","link":"https:\/\/infoecos.com.ar\/index.php\/actividades-culturales-en-trenque-lauquen-desde-este-viernes-al-miercoles-proximo\/","title":{"rendered":"Actividades culturales en Trenque Lauquen desde este viernes al mi\u00e9rcoles pr\u00f3ximo"},"content":{"rendered":"\n<p class=\"wp-block-paragraph\">El \u00e1rea de comunicaci\u00f3n del gobierno municipal de Trenque Lauquen retom\u00f3 un servicio interesante e importante para la comunidad, donde los medios de comunicaci\u00f3n servimos de intermediarios para que se amplifique en la comunidad. Se trata de la Agenda Cultural. <\/p>\n\n\n\n<div class=\"wp-block-image is-style-default\"><figure class=\"aligncenter size-medium\"><img decoding=\"async\" src=\"http:\/\/infoecos.com.ar\/wp-content\/uploads\/Acceso-23062017-1-460x307.jpg\" alt=\"\" class=\"wp-image-48389\"\/><figcaption>Trenque Lauquen &#8211; Acceso <\/figcaption><\/figure><\/div>\n\n\n\n<p class=\"wp-block-paragraph\">La distribuida con el parte de prensa del d\u00eda jueves informa:<\/p>\n\n\n\n<p class=\"has-text-align-center wp-block-paragraph\"><strong>Viernes 22<\/strong><br><strong>20:30 horas, en Caf\u00e9 Gladiolo<\/strong>: \u201cCaf\u00e9 cient\u00edfico . Disertar\u00e1 el arque\u00f3logo Nahuel Scheifler sobre su trabajo de investigaci\u00f3n en Trenque Lauquen.<br><strong>Reservas: 2392 632695<\/strong><br><strong>23:00 horas, en Klow Bar<\/strong>: Nico Reyes y Marcelo Rivas , show musical de covers.<br><strong>Reservas 2392 \u2013 411523\/ 611005.<\/strong><br><\/p>\n\n\n\n<p class=\"has-text-align-center wp-block-paragraph\"><strong>S\u00e1bado 23<\/strong><br><strong>20:30 horas, en Cearte:<\/strong> \u201cPoes\u00edas y canciones\u201d, a cargo del grupo de teatro \u201cVamos de Nuevo\u201d de la ciudad de Bol\u00edvar. Poes\u00edas y Canciones que abordan diferentes tem\u00e1ticas  con un eje vertebral: el amor en sus diferentes manifestaciones. Direcci\u00f3n Carlos Teij\u00f3n. <strong> Boleter\u00eda abierta de 18:00 a 20:00 horas<\/strong>.<br><\/p>\n\n\n\n<p class=\"has-text-align-center wp-block-paragraph\"><strong>Todos los s\u00e1bados, desde este s\u00e1bado 23<\/strong><br><strong>De 18:00 a 19:00 horas, en Club Deportivo Barrio Alegre<\/strong>: \u201cBarrio Alegre Activo\u201d. Actividad para mayores de 50 a\u00f1os autovalentes. Profesor Mart\u00edn Navarro Moreno.<br><strong>Informes e inscripci\u00f3n: 2392 40 2933<\/strong><br><strong>13:00 horas en Cine Barrio Alegre<\/strong> \u201cCup by Flavio Mendoza\u201d.<br><strong>Valor de la entrada $700<\/strong>.  <strong>Contacto 2392 522634<\/strong><br><strong>Horarios y Funciones de Cine Barrio Alegre<\/strong><br><\/p>\n\n\n\n<p class=\"has-text-align-center wp-block-paragraph\"><strong>S\u00e1bado 23:<\/strong><br><strong>21:30 hs:<\/strong> \u201cHalloween Kills\u201d<br><\/p>\n\n\n\n<p class=\"has-text-align-center wp-block-paragraph\"><strong>Domingo 24:<\/strong><br><strong>15:00 y 18:30 horas<\/strong> \u201cLos Locos Adams II\u201d<br><strong>21:30 horas.<\/strong> Halloween Kills<br><\/p>\n\n\n\n<p class=\"has-text-align-center wp-block-paragraph\"><strong>Domingo 24<\/strong><br><strong>20:00 horas, en Club Argentino<\/strong>: Segunda fase del Torneo Pre Federal de B\u00e1squet (ex provincial de clubes). Se enfrentar\u00e1n Football Club Argentino de Trenque Lauquen vs Independiente de Z\u00e1rate<br><\/p>\n\n\n\n<p class=\"has-text-align-center wp-block-paragraph\"><strong>Lunes 25<\/strong><br><strong>18:30 horas, en Cine Barrio Alegre<\/strong>, Karmawal (espacio INCA)<br><strong>21:30 horas<\/strong>, Halloween Kills.<br><\/p>\n\n\n\n<p class=\"has-text-align-center wp-block-paragraph\"><strong>Martes 26<\/strong><br><strong>21:30 horas<\/strong>. Halloween kills.<br><\/p>\n\n\n\n<p class=\"has-text-align-center wp-block-paragraph\"><strong>Mi\u00e9rcoles 27<\/strong><br><strong>20:30 horas, en Caf\u00e9 Gladiolo<\/strong> : segundo encuentro del ciclo sobre Cultura Vasca<br>Entrada libre y gratuita. <strong>Reservas: 2392 637484 .<\/strong><br><\/p>\n\n\n\n<p class=\"has-text-align-center wp-block-paragraph\"><strong>Museos de la ciudad<\/strong><br><\/p>\n\n\n\n<p class=\"has-text-align-center wp-block-paragraph\"><strong>Museo Hist\u00f3rico Regional<\/strong><br><strong>Martes a s\u00e1bados de 9:00 a 11:00 horas y de 14:00 a 18:00 horas<\/strong> Museo C\u00edvico Almafuerte<br><strong>Martes a s\u00e1bados de 9:00 a 11:00 horas y de 14:00 a 18:00 horas<\/strong><br><\/p>\n\n\n\n<p class=\"has-text-align-center wp-block-paragraph\"><strong>Museo de Arte Mural \u201cRodolfo Campod\u00f3nico\u201d<\/strong><br><strong>S\u00e1bados, domingos y feriados de 10:00 a 12:00 horas y de 15:00 a 19:00 horas<\/strong><br><\/p>\n\n\n\n<p class=\"has-text-align-center wp-block-paragraph\"><strong>Museo de los Carruajes<\/strong><br><strong>S\u00e1bados, domingos y feriados de 10:00 a 12:00 horas y de 15:00 a 19:00 horas<\/strong><br><\/p>\n\n\n\n<p class=\"has-text-align-center wp-block-paragraph\"><strong>Museo Ferroviario<\/strong><br><strong>S\u00e1bados, domingos y feriados de 10:00 a 12:00 horas y de 15:00 a 19:00 horas<\/strong><br><\/p>\n\n\n\n<p class=\"has-text-align-center wp-block-paragraph\"><strong>Museo Criollo Artigas<br>S\u00e1bados, domingos y feriados de 10:00 a 12:00 horas y de 15:00 a 19:00 horas<\/strong><br><\/p>\n\n\n\n<p class=\"has-text-align-center wp-block-paragraph\"><strong>Museo de la A.M.A.T<\/strong><br><strong>Contacto por visitas: Eduardo Coursovoisier 2392448538<\/strong><br><strong>Espacio de arte y cultura \u201cCasa de Fuego\u201d<\/strong>, (Mitre 391. Trenque Lauquen)<br><\/p>\n\n\n\n<p class=\"has-text-align-center wp-block-paragraph\"><strong>Talleres:<\/strong><br><strong>Talleres de Alfarer\u00eda Territorial (Arte Cer\u00e1mico)<\/strong><br>\uf0b7 Adultos: Martes de 9 a 12 \/ 14 a 19. Horarios abiertos<br>\uf0b7 Ni\u00f1os: Mi\u00e9rcoles 10 a 11.30 hs y 17:30 a 19 hs<br>\uf0fc Coordina Agustina Brizuela 2392 559979<br><\/p>\n\n\n\n<p class=\"has-text-align-center wp-block-paragraph\"><strong>Talleres de Alfarer\u00eda Territorial<\/strong><br>S\u00e1bados de Noviembre por la tarde. (horarios coordinado con alumnos)<br>\uf0fc Coordina Natalia Tripodi 2392519393.<br>Talleres de Alfarer\u00eda Territorial<br>\uf0b7 Ni\u00f1os Viernes 17:30 a 18:30<br>\uf0b7 Adultos Viernes 20:15 a 21:15<br>\uf0fc Coordina Esteban Galindo 0223 4482900<br><\/p>\n\n\n\n<p class=\"has-text-align-center wp-block-paragraph\"><strong>Taller de Candombe<\/strong><br>Viernes de 18:30 a 20hs<br>\uf0fc Coordina Pablo Mingoya 2392401625<br><\/p>\n\n\n\n<p class=\"has-text-align-center wp-block-paragraph\"><strong>Taller de Armonizaci\u00f3n con instrumentos ancestrales<\/strong><br>S\u00e1bado de 10 a 11 hs (cada 15 d\u00edas)<br>\uf0fc Coordina Alejandra Pinc\u00e9n 2392 580840<br><\/p>\n\n\n\n<p class=\"has-text-align-center wp-block-paragraph\"><strong>Taller TREE Ejercicios para liberar el stress<\/strong><br>S\u00e1bado de 11 a 12 hs<br>\uf0fc Coordina Carolina G\u00f3mez<br><\/p>\n\n\n\n<p class=\"has-text-align-center wp-block-paragraph\"><strong>Cine Santa Rosa de Lima de 30 de Agosto<\/strong><br><\/p>\n\n\n\n<p class=\"has-text-align-center wp-block-paragraph\"><strong>S\u00e1bado 23 :<\/strong><br>19:30 horas: Los Locos Adams II<br><strong>Domingo 24:<\/strong><br>22:00 horas : Los Locos Adams II<\/p>\n","protected":false},"excerpt":{"rendered":"<p>Este viernes en Caf\u00e9 Gladiolo: Caf\u00e9 Cient\u00edfico. Disertar\u00e1 el arque\u00f3logo Nahuel Scheifer. A las 23 horas en Klown Bar: Nico Reyes y Marcelo Rivas<\/p>\n","protected":false},"author":2,"featured_media":48389,"comment_status":"closed","ping_status":"open","sticky":false,"template":"","format":"standard","meta":{"footnotes":""},"categories":[28],"tags":[5515],"class_list":["post-88633","post","type-post","status-publish","format-standard","has-post-thumbnail","hentry","category-c1nota1","tag-servicio-brindado-por-el-municipio"],"featured_image_urls":{"full":"","thumbnail":"","medium":"","medium_large":"","large":"","1536x1536":"","2048x2048":"","covernews-slider-full":"","covernews-slider-center":"","covernews-featured":"","covernews-medium":"","covernews-medium-square":""},"author_info":{"info":["Jorge Matheus"]},"category_info":"<a href=\"https:\/\/infoecos.com.ar\/index.php\/category\/c1nota1\/\" rel=\"category tag\">C1 N1<\/a>","tag_info":"C1 N1","comment_count":"0","_links":{"self":[{"href":"https:\/\/infoecos.com.ar\/index.php\/wp-json\/wp\/v2\/posts\/88633","targetHints":{"allow":["GET"]}}],"collection":[{"href":"https:\/\/infoecos.com.ar\/index.php\/wp-json\/wp\/v2\/posts"}],"about":[{"href":"https:\/\/infoecos.com.ar\/index.php\/wp-json\/wp\/v2\/types\/post"}],"author":[{"embeddable":true,"href":"https:\/\/infoecos.com.ar\/index.php\/wp-json\/wp\/v2\/users\/2"}],"replies":[{"embeddable":true,"href":"https:\/\/infoecos.com.ar\/index.php\/wp-json\/wp\/v2\/comments?post=88633"}],"version-history":[{"count":1,"href":"https:\/\/infoecos.com.ar\/index.php\/wp-json\/wp\/v2\/posts\/88633\/revisions"}],"predecessor-version":[{"id":88634,"href":"https:\/\/infoecos.com.ar\/index.php\/wp-json\/wp\/v2\/posts\/88633\/revisions\/88634"}],"wp:attachment":[{"href":"https:\/\/infoecos.com.ar\/index.php\/wp-json\/wp\/v2\/media?parent=88633"}],"wp:term":[{"taxonomy":"category","embeddable":true,"href":"https:\/\/infoecos.com.ar\/index.php\/wp-json\/wp\/v2\/categories?post=88633"},{"taxonomy":"post_tag","embeddable":true,"href":"https:\/\/infoecos.com.ar\/index.php\/wp-json\/wp\/v2\/tags?post=88633"}],"curies":[{"name":"wp","href":"https:\/\/api.w.org\/{rel}","templated":true}]}}